{"id":9161,"date":"2024-09-28T11:20:14","date_gmt":"2024-09-28T11:20:14","guid":{"rendered":"https:\/\/reveil-info.net\/?p=9161"},"modified":"2024-09-28T11:20:14","modified_gmt":"2024-09-28T11:20:14","slug":"lutte-contre-le-terrorisme-et-securite-interieure-le-ministre-de-la-securite-a-la-police-et-a-la-gendarmerie","status":"publish","type":"post","link":"https:\/\/reveil-info.net\/?p=9161","title":{"rendered":"Lutte contre le terrorisme et s\u00e9curit\u00e9 int\u00e9rieure: le ministre de la s\u00e9curit\u00e9 \u00e0 la Police et \u00e0 la Gendarmerie"},"content":{"rendered":"<p>Lutte contre le terrorisme et s\u00e9curit\u00e9 int\u00e9rieure : Le Ministre Mahamadou SANA prend langue avec les Commandements de la Police et de la Gendarmerie nationales<\/p>\n<p><img loading=\"lazy\" decoding=\"async\" class=\"alignnone size-medium wp-image-9167\" src=\"https:\/\/reveil-info.net\/wp-content\/uploads\/2024\/09\/FB_IMG_17275220727117348-300x198.jpg\" alt=\"\" width=\"300\" height=\"198\" srcset=\"https:\/\/reveil-info.net\/wp-content\/uploads\/2024\/09\/FB_IMG_17275220727117348-300x198.jpg 300w, https:\/\/reveil-info.net\/wp-content\/uploads\/2024\/09\/FB_IMG_17275220727117348.jpg 720w\" sizes=\"auto, (max-width: 300px) 100vw, 300px\" \/><\/p>\n<p>Le Ministre de la S\u00e9curit\u00e9, le Commissaire divisionnaire de Police Mahamadou SANA, s\u2019est rendu successivement, le vendredi 27 septembre 2024, \u00e0 la Direction g\u00e9n\u00e9rale de la Police nationale et \u00e0 l\u2019Etat-Major de la Gendarmerie nationale pour une prise de contact avec les Commandements.<\/p>\n<p>Cette d\u00e9marche du Ministre de la S\u00e9curit\u00e9, le Commissaire divisionnaire de Police Mahamadou SANA visait \u00e0 mener des \u00e9changes et \u00e0 annoncer de nouvelles r\u00e9formes destin\u00e9es \u00e0 r\u00e9organiser et \u00e0 r\u00e9orienter les actions de la Police et de la Gendarmerie nationales pour accro\u00eetre leur efficacit\u00e9.<br \/>\nA la Direction g\u00e9n\u00e9rale de la Police nationale, tout comme \u00e0 la Gendarmerie nationale, le Ministre Mahamadou SANA a salu\u00e9 les efforts des Commandements dans la lutte contre le terrorisme et la s\u00e9curisation des villes. Il a n\u00e9anmoins appel\u00e9 l\u2019ensemble des acteurs \u00e0 ne pas baisser la garde et \u00e0 maintenir une vigilance accrue, tout en insistant sur la n\u00e9cessit\u00e9 de renforcer le renseignement. En outre, il a soulign\u00e9 l&rsquo;importance de l&rsquo;op\u00e9rationnalisation du concept de la strat\u00e9gie nationale de lutte contre le terrorisme, notamment le \u00ab triangle de maintien du lien \u00bb entre les Forces de D\u00e9fense et de S\u00e9curit\u00e9, les populations et le Gouvernement.<\/p>\n<p>Le Ministre Mahamadou SANA a \u00e9galement profit\u00e9 de cette occasion pour annoncer des r\u00e9formes majeures visant \u00e0 am\u00e9liorer l&rsquo;efficacit\u00e9 et la performance des institutions. \u00ab La cha\u00eene de Commandement devrait \u00e9voluer avec des contrats d&rsquo;objectifs. Chaque acteur sera \u00e9valu\u00e9 selon les performances obtenues en tenant compte des missions et des objectifs qui lui ont \u00e9t\u00e9 assign\u00e9s \u00bb, a soutenu le Ministre SANA. De plus, il a \u00e9voqu\u00e9 l&rsquo;entr\u00e9e en vigueur du d\u00e9cret portant r\u00e9partition des zones de comp\u00e9tence entre la Gendarmerie et la Police nationales \u00e0 partir de janvier 2025.<\/p>\n<p>Par ailleurs, le Ministre Mahamadou SANA a encourag\u00e9 les diff\u00e9rentes entit\u00e9s \u00e0 d\u00e9velopper davantage un commandement de proximit\u00e9 et \u00e0 instaurer une cha\u00eene de solidarit\u00e9 envers les agents bless\u00e9s et les familles de ceux qui sont tomb\u00e9s sur le champ d\u2019honneur.<\/p>\n<p>DCRP..<\/p>\n","protected":false},"excerpt":{"rendered":"<p>Lutte contre le terrorisme et s\u00e9curit\u00e9 int\u00e9rieure : Le Ministre Mahamadou SANA prend langue avec<\/p>\n","protected":false},"author":1,"featured_media":9165,"comment_status":"open","ping_status":"open","sticky":false,"template":"","format":"standard","meta":{"footnotes":""},"categories":[39,2],"tags":[],"class_list":["post-9161","post","type-post","status-publish","format-standard","has-post-thumbnail","hentry","category-une","category-actu"],"yoast_head":"<!-- This site is optimized with the Yoast SEO plugin v27.5 - https:\/\/yoast.com\/product\/yoast-seo-wordpress\/ -->\n<title>Lutte contre le terrorisme et s\u00e9curit\u00e9 int\u00e9rieure: le ministre de la s\u00e9curit\u00e9 \u00e0 la Police et \u00e0 la Gendarmerie - R\u00e9veil Info<\/title>\n<meta name=\"robots\" content=\"noindex, follow, max-snippet:-1, max-image-preview:large, max-video-preview:-1\" \/>\n<meta property=\"og:locale\" content=\"fr_FR\" \/>\n<meta property=\"og:type\" content=\"article\" \/>\n<meta property=\"og:title\" content=\"Lutte contre le terrorisme et s\u00e9curit\u00e9 int\u00e9rieure: le ministre de la s\u00e9curit\u00e9 \u00e0 la Police et \u00e0 la Gendarmerie - R\u00e9veil Info\" \/>\n<meta property=\"og:description\" content=\"Lutte contre le terrorisme et s\u00e9curit\u00e9 int\u00e9rieure : Le Ministre Mahamadou SANA prend langue avec\" \/>\n<meta property=\"og:url\" content=\"https:\/\/reveil-info.net\/?p=9161\" \/>\n<meta property=\"og:site_name\" content=\"R\u00e9veil Info\" \/>\n<meta property=\"article:published_time\" content=\"2024-09-28T11:20:14+00:00\" \/>\n<meta property=\"og:image\" content=\"https:\/\/reveil-info.net\/wp-content\/uploads\/2024\/09\/FB_IMG_17275220603057635.jpg\" \/>\n\t<meta property=\"og:image:width\" content=\"720\" \/>\n\t<meta property=\"og:image:height\" content=\"502\" \/>\n\t<meta property=\"og:image:type\" content=\"image\/jpeg\" \/>\n<meta name=\"author\" content=\"R\u00e9veil info\" \/>\n<meta name=\"twitter:card\" content=\"summary_large_image\" \/>\n<meta name=\"twitter:label1\" content=\"\u00c9crit par\" \/>\n\t<meta name=\"twitter:data1\" content=\"R\u00e9veil info\" \/>\n\t<meta name=\"twitter:label2\" content=\"Dur\u00e9e de lecture estim\u00e9e\" \/>\n\t<meta name=\"twitter:data2\" content=\"3 minutes\" \/>\n<script type=\"application\/ld+json\" class=\"yoast-schema-graph\">{\"@context\":\"https:\\\/\\\/schema.org\",\"@graph\":[{\"@type\":\"Article\",\"@id\":\"https:\\\/\\\/reveil-info.net\\\/?p=9161#article\",\"isPartOf\":{\"@id\":\"https:\\\/\\\/reveil-info.net\\\/?p=9161\"},\"author\":{\"name\":\"R\u00e9veil info\",\"@id\":\"https:\\\/\\\/reveil-info.net\\\/#\\\/schema\\\/person\\\/ca0cc8e70088e0a2b5e92556c1ee60f5\"},\"headline\":\"Lutte contre le terrorisme et s\u00e9curit\u00e9 int\u00e9rieure: le ministre de la s\u00e9curit\u00e9 \u00e0 la Police et \u00e0 la Gendarmerie\",\"datePublished\":\"2024-09-28T11:20:14+00:00\",\"mainEntityOfPage\":{\"@id\":\"https:\\\/\\\/reveil-info.net\\\/?p=9161\"},\"wordCount\":393,\"commentCount\":0,\"publisher\":{\"@id\":\"https:\\\/\\\/reveil-info.net\\\/#organization\"},\"image\":{\"@id\":\"https:\\\/\\\/reveil-info.net\\\/?p=9161#primaryimage\"},\"thumbnailUrl\":\"https:\\\/\\\/reveil-info.net\\\/wp-content\\\/uploads\\\/2024\\\/09\\\/FB_IMG_17275220603057635.jpg\",\"articleSection\":[\"A la une\",\"Actualit\u00e9\"],\"inLanguage\":\"fr-FR\",\"potentialAction\":[{\"@type\":\"CommentAction\",\"name\":\"Comment\",\"target\":[\"https:\\\/\\\/reveil-info.net\\\/?p=9161#respond\"]}]},{\"@type\":\"WebPage\",\"@id\":\"https:\\\/\\\/reveil-info.net\\\/?p=9161\",\"url\":\"https:\\\/\\\/reveil-info.net\\\/?p=9161\",\"name\":\"Lutte contre le terrorisme et s\u00e9curit\u00e9 int\u00e9rieure: le ministre de la s\u00e9curit\u00e9 \u00e0 la Police et \u00e0 la Gendarmerie - R\u00e9veil Info\",\"isPartOf\":{\"@id\":\"https:\\\/\\\/reveil-info.net\\\/#website\"},\"primaryImageOfPage\":{\"@id\":\"https:\\\/\\\/reveil-info.net\\\/?p=9161#primaryimage\"},\"image\":{\"@id\":\"https:\\\/\\\/reveil-info.net\\\/?p=9161#primaryimage\"},\"thumbnailUrl\":\"https:\\\/\\\/reveil-info.net\\\/wp-content\\\/uploads\\\/2024\\\/09\\\/FB_IMG_17275220603057635.jpg\",\"datePublished\":\"2024-09-28T11:20:14+00:00\",\"breadcrumb\":{\"@id\":\"https:\\\/\\\/reveil-info.net\\\/?p=9161#breadcrumb\"},\"inLanguage\":\"fr-FR\",\"potentialAction\":[{\"@type\":\"ReadAction\",\"target\":[\"https:\\\/\\\/reveil-info.net\\\/?p=9161\"]}]},{\"@type\":\"ImageObject\",\"inLanguage\":\"fr-FR\",\"@id\":\"https:\\\/\\\/reveil-info.net\\\/?p=9161#primaryimage\",\"url\":\"https:\\\/\\\/reveil-info.net\\\/wp-content\\\/uploads\\\/2024\\\/09\\\/FB_IMG_17275220603057635.jpg\",\"contentUrl\":\"https:\\\/\\\/reveil-info.net\\\/wp-content\\\/uploads\\\/2024\\\/09\\\/FB_IMG_17275220603057635.jpg\",\"width\":720,\"height\":502},{\"@type\":\"BreadcrumbList\",\"@id\":\"https:\\\/\\\/reveil-info.net\\\/?p=9161#breadcrumb\",\"itemListElement\":[{\"@type\":\"ListItem\",\"position\":1,\"name\":\"Home\",\"item\":\"https:\\\/\\\/reveil-info.net\\\/\"},{\"@type\":\"ListItem\",\"position\":2,\"name\":\"Lutte contre le terrorisme et s\u00e9curit\u00e9 int\u00e9rieure: le ministre de la s\u00e9curit\u00e9 \u00e0 la Police et \u00e0 la Gendarmerie\"}]},{\"@type\":\"WebSite\",\"@id\":\"https:\\\/\\\/reveil-info.net\\\/#website\",\"url\":\"https:\\\/\\\/reveil-info.net\\\/\",\"name\":\"R\u00e9veil Info\",\"description\":\"Le devoir d&#039;informer!\",\"publisher\":{\"@id\":\"https:\\\/\\\/reveil-info.net\\\/#organization\"},\"potentialAction\":[{\"@type\":\"SearchAction\",\"target\":{\"@type\":\"EntryPoint\",\"urlTemplate\":\"https:\\\/\\\/reveil-info.net\\\/?s={search_term_string}\"},\"query-input\":{\"@type\":\"PropertyValueSpecification\",\"valueRequired\":true,\"valueName\":\"search_term_string\"}}],\"inLanguage\":\"fr-FR\"},{\"@type\":\"Organization\",\"@id\":\"https:\\\/\\\/reveil-info.net\\\/#organization\",\"name\":\"R\u00e9veil Info\",\"url\":\"https:\\\/\\\/reveil-info.net\\\/\",\"logo\":{\"@type\":\"ImageObject\",\"inLanguage\":\"fr-FR\",\"@id\":\"https:\\\/\\\/reveil-info.net\\\/#\\\/schema\\\/logo\\\/image\\\/\",\"url\":\"https:\\\/\\\/reveil-info.net\\\/wp-content\\\/uploads\\\/2024\\\/07\\\/bnddd1.jpg\",\"contentUrl\":\"https:\\\/\\\/reveil-info.net\\\/wp-content\\\/uploads\\\/2024\\\/07\\\/bnddd1.jpg\",\"width\":903,\"height\":125,\"caption\":\"R\u00e9veil Info\"},\"image\":{\"@id\":\"https:\\\/\\\/reveil-info.net\\\/#\\\/schema\\\/logo\\\/image\\\/\"}},{\"@type\":\"Person\",\"@id\":\"https:\\\/\\\/reveil-info.net\\\/#\\\/schema\\\/person\\\/ca0cc8e70088e0a2b5e92556c1ee60f5\",\"name\":\"R\u00e9veil info\",\"image\":{\"@type\":\"ImageObject\",\"inLanguage\":\"fr-FR\",\"@id\":\"https:\\\/\\\/secure.gravatar.com\\\/avatar\\\/e4ad5bb743c8b6cb174d9df6c7d30a8a16f6889731241345fc6444e6485f02af?s=96&d=mm&r=g\",\"url\":\"https:\\\/\\\/secure.gravatar.com\\\/avatar\\\/e4ad5bb743c8b6cb174d9df6c7d30a8a16f6889731241345fc6444e6485f02af?s=96&d=mm&r=g\",\"contentUrl\":\"https:\\\/\\\/secure.gravatar.com\\\/avatar\\\/e4ad5bb743c8b6cb174d9df6c7d30a8a16f6889731241345fc6444e6485f02af?s=96&d=mm&r=g\",\"caption\":\"R\u00e9veil info\"},\"sameAs\":[\"https:\\\/\\\/reveil-info.net\"],\"url\":\"https:\\\/\\\/reveil-info.net\\\/?author=1\"}]}<\/script>\n<!-- \/ Yoast SEO plugin. -->","yoast_head_json":{"title":"Lutte contre le terrorisme et s\u00e9curit\u00e9 int\u00e9rieure: le ministre de la s\u00e9curit\u00e9 \u00e0 la Police et \u00e0 la Gendarmerie - R\u00e9veil Info","robots":{"index":"noindex","follow":"follow","max-snippet":"max-snippet:-1","max-image-preview":"max-image-preview:large","max-video-preview":"max-video-preview:-1"},"og_locale":"fr_FR","og_type":"article","og_title":"Lutte contre le terrorisme et s\u00e9curit\u00e9 int\u00e9rieure: le ministre de la s\u00e9curit\u00e9 \u00e0 la Police et \u00e0 la Gendarmerie - R\u00e9veil Info","og_description":"Lutte contre le terrorisme et s\u00e9curit\u00e9 int\u00e9rieure : Le Ministre Mahamadou SANA prend langue avec","og_url":"https:\/\/reveil-info.net\/?p=9161","og_site_name":"R\u00e9veil Info","article_published_time":"2024-09-28T11:20:14+00:00","og_image":[{"width":720,"height":502,"url":"https:\/\/reveil-info.net\/wp-content\/uploads\/2024\/09\/FB_IMG_17275220603057635.jpg","type":"image\/jpeg"}],"author":"R\u00e9veil info","twitter_card":"summary_large_image","twitter_misc":{"\u00c9crit par":"R\u00e9veil info","Dur\u00e9e de lecture estim\u00e9e":"3 minutes"},"schema":{"@context":"https:\/\/schema.org","@graph":[{"@type":"Article","@id":"https:\/\/reveil-info.net\/?p=9161#article","isPartOf":{"@id":"https:\/\/reveil-info.net\/?p=9161"},"author":{"name":"R\u00e9veil info","@id":"https:\/\/reveil-info.net\/#\/schema\/person\/ca0cc8e70088e0a2b5e92556c1ee60f5"},"headline":"Lutte contre le terrorisme et s\u00e9curit\u00e9 int\u00e9rieure: le ministre de la s\u00e9curit\u00e9 \u00e0 la Police et \u00e0 la Gendarmerie","datePublished":"2024-09-28T11:20:14+00:00","mainEntityOfPage":{"@id":"https:\/\/reveil-info.net\/?p=9161"},"wordCount":393,"commentCount":0,"publisher":{"@id":"https:\/\/reveil-info.net\/#organization"},"image":{"@id":"https:\/\/reveil-info.net\/?p=9161#primaryimage"},"thumbnailUrl":"https:\/\/reveil-info.net\/wp-content\/uploads\/2024\/09\/FB_IMG_17275220603057635.jpg","articleSection":["A la une","Actualit\u00e9"],"inLanguage":"fr-FR","potentialAction":[{"@type":"CommentAction","name":"Comment","target":["https:\/\/reveil-info.net\/?p=9161#respond"]}]},{"@type":"WebPage","@id":"https:\/\/reveil-info.net\/?p=9161","url":"https:\/\/reveil-info.net\/?p=9161","name":"Lutte contre le terrorisme et s\u00e9curit\u00e9 int\u00e9rieure: le ministre de la s\u00e9curit\u00e9 \u00e0 la Police et \u00e0 la Gendarmerie - R\u00e9veil Info","isPartOf":{"@id":"https:\/\/reveil-info.net\/#website"},"primaryImageOfPage":{"@id":"https:\/\/reveil-info.net\/?p=9161#primaryimage"},"image":{"@id":"https:\/\/reveil-info.net\/?p=9161#primaryimage"},"thumbnailUrl":"https:\/\/reveil-info.net\/wp-content\/uploads\/2024\/09\/FB_IMG_17275220603057635.jpg","datePublished":"2024-09-28T11:20:14+00:00","breadcrumb":{"@id":"https:\/\/reveil-info.net\/?p=9161#breadcrumb"},"inLanguage":"fr-FR","potentialAction":[{"@type":"ReadAction","target":["https:\/\/reveil-info.net\/?p=9161"]}]},{"@type":"ImageObject","inLanguage":"fr-FR","@id":"https:\/\/reveil-info.net\/?p=9161#primaryimage","url":"https:\/\/reveil-info.net\/wp-content\/uploads\/2024\/09\/FB_IMG_17275220603057635.jpg","contentUrl":"https:\/\/reveil-info.net\/wp-content\/uploads\/2024\/09\/FB_IMG_17275220603057635.jpg","width":720,"height":502},{"@type":"BreadcrumbList","@id":"https:\/\/reveil-info.net\/?p=9161#breadcrumb","itemListElement":[{"@type":"ListItem","position":1,"name":"Home","item":"https:\/\/reveil-info.net\/"},{"@type":"ListItem","position":2,"name":"Lutte contre le terrorisme et s\u00e9curit\u00e9 int\u00e9rieure: le ministre de la s\u00e9curit\u00e9 \u00e0 la Police et \u00e0 la Gendarmerie"}]},{"@type":"WebSite","@id":"https:\/\/reveil-info.net\/#website","url":"https:\/\/reveil-info.net\/","name":"R\u00e9veil Info","description":"Le devoir d&#039;informer!","publisher":{"@id":"https:\/\/reveil-info.net\/#organization"},"potentialAction":[{"@type":"SearchAction","target":{"@type":"EntryPoint","urlTemplate":"https:\/\/reveil-info.net\/?s={search_term_string}"},"query-input":{"@type":"PropertyValueSpecification","valueRequired":true,"valueName":"search_term_string"}}],"inLanguage":"fr-FR"},{"@type":"Organization","@id":"https:\/\/reveil-info.net\/#organization","name":"R\u00e9veil Info","url":"https:\/\/reveil-info.net\/","logo":{"@type":"ImageObject","inLanguage":"fr-FR","@id":"https:\/\/reveil-info.net\/#\/schema\/logo\/image\/","url":"https:\/\/reveil-info.net\/wp-content\/uploads\/2024\/07\/bnddd1.jpg","contentUrl":"https:\/\/reveil-info.net\/wp-content\/uploads\/2024\/07\/bnddd1.jpg","width":903,"height":125,"caption":"R\u00e9veil Info"},"image":{"@id":"https:\/\/reveil-info.net\/#\/schema\/logo\/image\/"}},{"@type":"Person","@id":"https:\/\/reveil-info.net\/#\/schema\/person\/ca0cc8e70088e0a2b5e92556c1ee60f5","name":"R\u00e9veil info","image":{"@type":"ImageObject","inLanguage":"fr-FR","@id":"https:\/\/secure.gravatar.com\/avatar\/e4ad5bb743c8b6cb174d9df6c7d30a8a16f6889731241345fc6444e6485f02af?s=96&d=mm&r=g","url":"https:\/\/secure.gravatar.com\/avatar\/e4ad5bb743c8b6cb174d9df6c7d30a8a16f6889731241345fc6444e6485f02af?s=96&d=mm&r=g","contentUrl":"https:\/\/secure.gravatar.com\/avatar\/e4ad5bb743c8b6cb174d9df6c7d30a8a16f6889731241345fc6444e6485f02af?s=96&d=mm&r=g","caption":"R\u00e9veil info"},"sameAs":["https:\/\/reveil-info.net"],"url":"https:\/\/reveil-info.net\/?author=1"}]}},"jetpack_featured_media_url":"https:\/\/reveil-info.net\/wp-content\/uploads\/2024\/09\/FB_IMG_17275220603057635.jpg","featured_image_urls":{"full":["https:\/\/reveil-info.net\/wp-content\/uploads\/2024\/09\/FB_IMG_17275220603057635.jpg",720,502,false],"thumbnail":["https:\/\/reveil-info.net\/wp-content\/uploads\/2024\/09\/FB_IMG_17275220603057635-150x150.jpg",150,150,true],"medium":["https:\/\/reveil-info.net\/wp-content\/uploads\/2024\/09\/FB_IMG_17275220603057635-300x209.jpg",300,209,true],"medium_large":["https:\/\/reveil-info.net\/wp-content\/uploads\/2024\/09\/FB_IMG_17275220603057635.jpg",640,446,false],"large":["https:\/\/reveil-info.net\/wp-content\/uploads\/2024\/09\/FB_IMG_17275220603057635.jpg",640,446,false],"1536x1536":["https:\/\/reveil-info.net\/wp-content\/uploads\/2024\/09\/FB_IMG_17275220603057635.jpg",720,502,false],"2048x2048":["https:\/\/reveil-info.net\/wp-content\/uploads\/2024\/09\/FB_IMG_17275220603057635.jpg",720,502,false],"chromenews-featured":["https:\/\/reveil-info.net\/wp-content\/uploads\/2024\/09\/FB_IMG_17275220603057635.jpg",720,502,false],"chromenews-large":["https:\/\/reveil-info.net\/wp-content\/uploads\/2024\/09\/FB_IMG_17275220603057635.jpg",720,502,false],"chromenews-medium":["https:\/\/reveil-info.net\/wp-content\/uploads\/2024\/09\/FB_IMG_17275220603057635-590x410.jpg",590,410,true]},"author_info":{"display_name":"R\u00e9veil info","author_link":"https:\/\/reveil-info.net\/?author=1"},"category_info":"<a href=\"https:\/\/reveil-info.net\/?cat=39\" rel=\"category\">A la une<\/a> <a href=\"https:\/\/reveil-info.net\/?cat=2\" rel=\"category\">Actualit\u00e9<\/a>","tag_info":"Actualit\u00e9","comment_count":"0","_links":{"self":[{"href":"https:\/\/reveil-info.net\/index.php?rest_route=\/wp\/v2\/posts\/9161","targetHints":{"allow":["GET"]}}],"collection":[{"href":"https:\/\/reveil-info.net\/index.php?rest_route=\/wp\/v2\/posts"}],"about":[{"href":"https:\/\/reveil-info.net\/index.php?rest_route=\/wp\/v2\/types\/post"}],"author":[{"embeddable":true,"href":"https:\/\/reveil-info.net\/index.php?rest_route=\/wp\/v2\/users\/1"}],"replies":[{"embeddable":true,"href":"https:\/\/reveil-info.net\/index.php?rest_route=%2Fwp%2Fv2%2Fcomments&post=9161"}],"version-history":[{"count":5,"href":"https:\/\/reveil-info.net\/index.php?rest_route=\/wp\/v2\/posts\/9161\/revisions"}],"predecessor-version":[{"id":9168,"href":"https:\/\/reveil-info.net\/index.php?rest_route=\/wp\/v2\/posts\/9161\/revisions\/9168"}],"wp:featuredmedia":[{"embeddable":true,"href":"https:\/\/reveil-info.net\/index.php?rest_route=\/wp\/v2\/media\/9165"}],"wp:attachment":[{"href":"https:\/\/reveil-info.net\/index.php?rest_route=%2Fwp%2Fv2%2Fmedia&parent=9161"}],"wp:term":[{"taxonomy":"category","embeddable":true,"href":"https:\/\/reveil-info.net\/index.php?rest_route=%2Fwp%2Fv2%2Fcategories&post=9161"},{"taxonomy":"post_tag","embeddable":true,"href":"https:\/\/reveil-info.net\/index.php?rest_route=%2Fwp%2Fv2%2Ftags&post=9161"}],"curies":[{"name":"wp","href":"https:\/\/api.w.org\/{rel}","templated":true}]}}