{"id":9140,"date":"2024-09-26T09:33:11","date_gmt":"2024-09-26T09:33:11","guid":{"rendered":"https:\/\/reveil-info.net\/?p=9140"},"modified":"2024-09-26T09:33:11","modified_gmt":"2024-09-26T09:33:11","slug":"mali-le-president-de-la-transition-accorde-la-grace-presidentielle-a-390-detenus","status":"publish","type":"post","link":"https:\/\/reveil-info.net\/?p=9140","title":{"rendered":"Mali : Le pr\u00e9sident de la Transition accorde la gr\u00e2ce pr\u00e9sidentielle \u00e0 390 d\u00e9tenus"},"content":{"rendered":"<p style=\"text-align: justify;\">Ce mercredi 25 septembre 2024, un communiqu\u00e9 sign\u00e9 par le ministre de la Justice et des Droits de l&rsquo;Homme, Garde des Sceaux, Mamoudou Kassogu\u00e9, a annonc\u00e9 la lib\u00e9ration de trois cent quatre-vingt-dix (390) d\u00e9tenus des \u00e9tablissements p\u00e9nitentiaires. Cette d\u00e9cision fait suite \u00e0 la signature du d\u00e9cret n\u00b02024-0536\/PT-RM du 21 septembre 2024, accordant des gr\u00e2ces collectives, par le pr\u00e9sident de la Transition, le Colonel Assimi Go\u00efta. Le document pr\u00e9cise qu&rsquo;il s&rsquo;agit d&rsquo;une \u00ab\u00a0mesure de cl\u00e9mence accord\u00e9e aux d\u00e9tenus \u00e0 l&rsquo;occasion de la f\u00eate nationale d&rsquo;ind\u00e9pendance, ayant fait l&rsquo;objet d&rsquo;une condamnation d\u00e9finitive et ayant fait preuve de leur amendement ainsi que de bonnes pr\u00e9dispositions \u00e0 la r\u00e9insertion\u00a0\u00bb. Le ministre de la Justice a expliqu\u00e9 que les int\u00e9ress\u00e9s ont b\u00e9n\u00e9fici\u00e9, selon leur situation p\u00e9nale, de remises partielles ou totales sur le reliquat de leur peine, ajoutant que cette lib\u00e9ration concerne tous les \u00e9tablissements p\u00e9nitentiaires du Mali. \u00ab\u00a0Aux termes de l&rsquo;article 65 de la Constitution du 22 juillet 2023 et de l&rsquo;article 2 de la loi n\u00b082-117\/AN-RM du 23 d\u00e9cembre 1982 d\u00e9terminant les conditions d&rsquo;exercice du droit de gr\u00e2ce, cette d\u00e9cision est motiv\u00e9e par des raisons hautement humanitaires\u00a0\u00bb, souligne le communiqu\u00e9.<\/p>\n<p style=\"text-align: justify;\">Le ministre Kassogu\u00e9 a rassur\u00e9 les populations que ces mesures ne sauraient porter pr\u00e9judice aux droits des tiers, conform\u00e9ment \u00e0 l&rsquo;article 3 de la loi pr\u00e9cit\u00e9e, et a r\u00e9affirm\u00e9 l&rsquo;engagement du gouvernement \u00e0 \u0153uvrer inlassablement pour assurer la promotion et la protection des droits humains, ainsi que la pr\u00e9servation de la dignit\u00e9 humaine en milieu p\u00e9nitentiaire, a indiqu\u00e9 le communiqu\u00e9.<\/p>\n<p style=\"text-align: justify;\"><strong>Zana\/Malijet.com<\/strong><\/p>\n","protected":false},"excerpt":{"rendered":"<p>Ce mercredi 25 septembre 2024, un communiqu\u00e9 sign\u00e9 par le ministre de la Justice et<\/p>\n","protected":false},"author":1,"featured_media":9143,"comment_status":"open","ping_status":"open","sticky":false,"template":"","format":"standard","meta":{"footnotes":""},"categories":[39,2],"tags":[],"class_list":["post-9140","post","type-post","status-publish","format-standard","has-post-thumbnail","hentry","category-une","category-actu"],"yoast_head":"<!-- This site is optimized with the Yoast SEO plugin v27.5 - https:\/\/yoast.com\/product\/yoast-seo-wordpress\/ -->\n<title>Mali : Le pr\u00e9sident de la Transition accorde la gr\u00e2ce pr\u00e9sidentielle \u00e0 390 d\u00e9tenus - R\u00e9veil Info<\/title>\n<meta name=\"robots\" content=\"noindex, follow, max-snippet:-1, max-image-preview:large, max-video-preview:-1\" \/>\n<meta property=\"og:locale\" content=\"fr_FR\" \/>\n<meta property=\"og:type\" content=\"article\" \/>\n<meta property=\"og:title\" content=\"Mali : Le pr\u00e9sident de la Transition accorde la gr\u00e2ce pr\u00e9sidentielle \u00e0 390 d\u00e9tenus - R\u00e9veil Info\" \/>\n<meta property=\"og:description\" content=\"Ce mercredi 25 septembre 2024, un communiqu\u00e9 sign\u00e9 par le ministre de la Justice et\" \/>\n<meta property=\"og:url\" content=\"https:\/\/reveil-info.net\/?p=9140\" \/>\n<meta property=\"og:site_name\" content=\"R\u00e9veil Info\" \/>\n<meta property=\"article:published_time\" content=\"2024-09-26T09:33:11+00:00\" \/>\n<meta property=\"og:image\" content=\"https:\/\/reveil-info.net\/wp-content\/uploads\/2024\/09\/malijet_66f4528b238cb_assimi-signe.jpeg\" \/>\n\t<meta property=\"og:image:width\" content=\"600\" \/>\n\t<meta property=\"og:image:height\" content=\"338\" \/>\n\t<meta property=\"og:image:type\" content=\"image\/jpeg\" \/>\n<meta name=\"author\" content=\"R\u00e9veil info\" \/>\n<meta name=\"twitter:card\" content=\"summary_large_image\" \/>\n<meta name=\"twitter:label1\" content=\"\u00c9crit par\" \/>\n\t<meta name=\"twitter:data1\" content=\"R\u00e9veil info\" \/>\n\t<meta name=\"twitter:label2\" content=\"Dur\u00e9e de lecture estim\u00e9e\" \/>\n\t<meta name=\"twitter:data2\" content=\"2 minutes\" \/>\n<script type=\"application\/ld+json\" class=\"yoast-schema-graph\">{\"@context\":\"https:\\\/\\\/schema.org\",\"@graph\":[{\"@type\":\"Article\",\"@id\":\"https:\\\/\\\/reveil-info.net\\\/?p=9140#article\",\"isPartOf\":{\"@id\":\"https:\\\/\\\/reveil-info.net\\\/?p=9140\"},\"author\":{\"name\":\"R\u00e9veil info\",\"@id\":\"https:\\\/\\\/reveil-info.net\\\/#\\\/schema\\\/person\\\/ca0cc8e70088e0a2b5e92556c1ee60f5\"},\"headline\":\"Mali : Le pr\u00e9sident de la Transition accorde la gr\u00e2ce pr\u00e9sidentielle \u00e0 390 d\u00e9tenus\",\"datePublished\":\"2024-09-26T09:33:11+00:00\",\"mainEntityOfPage\":{\"@id\":\"https:\\\/\\\/reveil-info.net\\\/?p=9140\"},\"wordCount\":301,\"commentCount\":0,\"publisher\":{\"@id\":\"https:\\\/\\\/reveil-info.net\\\/#organization\"},\"image\":{\"@id\":\"https:\\\/\\\/reveil-info.net\\\/?p=9140#primaryimage\"},\"thumbnailUrl\":\"https:\\\/\\\/reveil-info.net\\\/wp-content\\\/uploads\\\/2024\\\/09\\\/malijet_66f4528b238cb_assimi-signe.jpeg\",\"articleSection\":[\"A la une\",\"Actualit\u00e9\"],\"inLanguage\":\"fr-FR\",\"potentialAction\":[{\"@type\":\"CommentAction\",\"name\":\"Comment\",\"target\":[\"https:\\\/\\\/reveil-info.net\\\/?p=9140#respond\"]}]},{\"@type\":\"WebPage\",\"@id\":\"https:\\\/\\\/reveil-info.net\\\/?p=9140\",\"url\":\"https:\\\/\\\/reveil-info.net\\\/?p=9140\",\"name\":\"Mali : Le pr\u00e9sident de la Transition accorde la gr\u00e2ce pr\u00e9sidentielle \u00e0 390 d\u00e9tenus - R\u00e9veil Info\",\"isPartOf\":{\"@id\":\"https:\\\/\\\/reveil-info.net\\\/#website\"},\"primaryImageOfPage\":{\"@id\":\"https:\\\/\\\/reveil-info.net\\\/?p=9140#primaryimage\"},\"image\":{\"@id\":\"https:\\\/\\\/reveil-info.net\\\/?p=9140#primaryimage\"},\"thumbnailUrl\":\"https:\\\/\\\/reveil-info.net\\\/wp-content\\\/uploads\\\/2024\\\/09\\\/malijet_66f4528b238cb_assimi-signe.jpeg\",\"datePublished\":\"2024-09-26T09:33:11+00:00\",\"breadcrumb\":{\"@id\":\"https:\\\/\\\/reveil-info.net\\\/?p=9140#breadcrumb\"},\"inLanguage\":\"fr-FR\",\"potentialAction\":[{\"@type\":\"ReadAction\",\"target\":[\"https:\\\/\\\/reveil-info.net\\\/?p=9140\"]}]},{\"@type\":\"ImageObject\",\"inLanguage\":\"fr-FR\",\"@id\":\"https:\\\/\\\/reveil-info.net\\\/?p=9140#primaryimage\",\"url\":\"https:\\\/\\\/reveil-info.net\\\/wp-content\\\/uploads\\\/2024\\\/09\\\/malijet_66f4528b238cb_assimi-signe.jpeg\",\"contentUrl\":\"https:\\\/\\\/reveil-info.net\\\/wp-content\\\/uploads\\\/2024\\\/09\\\/malijet_66f4528b238cb_assimi-signe.jpeg\",\"width\":600,\"height\":338},{\"@type\":\"BreadcrumbList\",\"@id\":\"https:\\\/\\\/reveil-info.net\\\/?p=9140#breadcrumb\",\"itemListElement\":[{\"@type\":\"ListItem\",\"position\":1,\"name\":\"Home\",\"item\":\"https:\\\/\\\/reveil-info.net\\\/\"},{\"@type\":\"ListItem\",\"position\":2,\"name\":\"Mali : Le pr\u00e9sident de la Transition accorde la gr\u00e2ce pr\u00e9sidentielle \u00e0 390 d\u00e9tenus\"}]},{\"@type\":\"WebSite\",\"@id\":\"https:\\\/\\\/reveil-info.net\\\/#website\",\"url\":\"https:\\\/\\\/reveil-info.net\\\/\",\"name\":\"R\u00e9veil Info\",\"description\":\"Le devoir d&#039;informer!\",\"publisher\":{\"@id\":\"https:\\\/\\\/reveil-info.net\\\/#organization\"},\"potentialAction\":[{\"@type\":\"SearchAction\",\"target\":{\"@type\":\"EntryPoint\",\"urlTemplate\":\"https:\\\/\\\/reveil-info.net\\\/?s={search_term_string}\"},\"query-input\":{\"@type\":\"PropertyValueSpecification\",\"valueRequired\":true,\"valueName\":\"search_term_string\"}}],\"inLanguage\":\"fr-FR\"},{\"@type\":\"Organization\",\"@id\":\"https:\\\/\\\/reveil-info.net\\\/#organization\",\"name\":\"R\u00e9veil Info\",\"url\":\"https:\\\/\\\/reveil-info.net\\\/\",\"logo\":{\"@type\":\"ImageObject\",\"inLanguage\":\"fr-FR\",\"@id\":\"https:\\\/\\\/reveil-info.net\\\/#\\\/schema\\\/logo\\\/image\\\/\",\"url\":\"https:\\\/\\\/reveil-info.net\\\/wp-content\\\/uploads\\\/2024\\\/07\\\/bnddd1.jpg\",\"contentUrl\":\"https:\\\/\\\/reveil-info.net\\\/wp-content\\\/uploads\\\/2024\\\/07\\\/bnddd1.jpg\",\"width\":903,\"height\":125,\"caption\":\"R\u00e9veil Info\"},\"image\":{\"@id\":\"https:\\\/\\\/reveil-info.net\\\/#\\\/schema\\\/logo\\\/image\\\/\"}},{\"@type\":\"Person\",\"@id\":\"https:\\\/\\\/reveil-info.net\\\/#\\\/schema\\\/person\\\/ca0cc8e70088e0a2b5e92556c1ee60f5\",\"name\":\"R\u00e9veil info\",\"image\":{\"@type\":\"ImageObject\",\"inLanguage\":\"fr-FR\",\"@id\":\"https:\\\/\\\/secure.gravatar.com\\\/avatar\\\/e4ad5bb743c8b6cb174d9df6c7d30a8a16f6889731241345fc6444e6485f02af?s=96&d=mm&r=g\",\"url\":\"https:\\\/\\\/secure.gravatar.com\\\/avatar\\\/e4ad5bb743c8b6cb174d9df6c7d30a8a16f6889731241345fc6444e6485f02af?s=96&d=mm&r=g\",\"contentUrl\":\"https:\\\/\\\/secure.gravatar.com\\\/avatar\\\/e4ad5bb743c8b6cb174d9df6c7d30a8a16f6889731241345fc6444e6485f02af?s=96&d=mm&r=g\",\"caption\":\"R\u00e9veil info\"},\"sameAs\":[\"https:\\\/\\\/reveil-info.net\"],\"url\":\"https:\\\/\\\/reveil-info.net\\\/?author=1\"}]}<\/script>\n<!-- \/ Yoast SEO plugin. -->","yoast_head_json":{"title":"Mali : Le pr\u00e9sident de la Transition accorde la gr\u00e2ce pr\u00e9sidentielle \u00e0 390 d\u00e9tenus - R\u00e9veil Info","robots":{"index":"noindex","follow":"follow","max-snippet":"max-snippet:-1","max-image-preview":"max-image-preview:large","max-video-preview":"max-video-preview:-1"},"og_locale":"fr_FR","og_type":"article","og_title":"Mali : Le pr\u00e9sident de la Transition accorde la gr\u00e2ce pr\u00e9sidentielle \u00e0 390 d\u00e9tenus - R\u00e9veil Info","og_description":"Ce mercredi 25 septembre 2024, un communiqu\u00e9 sign\u00e9 par le ministre de la Justice et","og_url":"https:\/\/reveil-info.net\/?p=9140","og_site_name":"R\u00e9veil Info","article_published_time":"2024-09-26T09:33:11+00:00","og_image":[{"width":600,"height":338,"url":"https:\/\/reveil-info.net\/wp-content\/uploads\/2024\/09\/malijet_66f4528b238cb_assimi-signe.jpeg","type":"image\/jpeg"}],"author":"R\u00e9veil info","twitter_card":"summary_large_image","twitter_misc":{"\u00c9crit par":"R\u00e9veil info","Dur\u00e9e de lecture estim\u00e9e":"2 minutes"},"schema":{"@context":"https:\/\/schema.org","@graph":[{"@type":"Article","@id":"https:\/\/reveil-info.net\/?p=9140#article","isPartOf":{"@id":"https:\/\/reveil-info.net\/?p=9140"},"author":{"name":"R\u00e9veil info","@id":"https:\/\/reveil-info.net\/#\/schema\/person\/ca0cc8e70088e0a2b5e92556c1ee60f5"},"headline":"Mali : Le pr\u00e9sident de la Transition accorde la gr\u00e2ce pr\u00e9sidentielle \u00e0 390 d\u00e9tenus","datePublished":"2024-09-26T09:33:11+00:00","mainEntityOfPage":{"@id":"https:\/\/reveil-info.net\/?p=9140"},"wordCount":301,"commentCount":0,"publisher":{"@id":"https:\/\/reveil-info.net\/#organization"},"image":{"@id":"https:\/\/reveil-info.net\/?p=9140#primaryimage"},"thumbnailUrl":"https:\/\/reveil-info.net\/wp-content\/uploads\/2024\/09\/malijet_66f4528b238cb_assimi-signe.jpeg","articleSection":["A la une","Actualit\u00e9"],"inLanguage":"fr-FR","potentialAction":[{"@type":"CommentAction","name":"Comment","target":["https:\/\/reveil-info.net\/?p=9140#respond"]}]},{"@type":"WebPage","@id":"https:\/\/reveil-info.net\/?p=9140","url":"https:\/\/reveil-info.net\/?p=9140","name":"Mali : Le pr\u00e9sident de la Transition accorde la gr\u00e2ce pr\u00e9sidentielle \u00e0 390 d\u00e9tenus - R\u00e9veil Info","isPartOf":{"@id":"https:\/\/reveil-info.net\/#website"},"primaryImageOfPage":{"@id":"https:\/\/reveil-info.net\/?p=9140#primaryimage"},"image":{"@id":"https:\/\/reveil-info.net\/?p=9140#primaryimage"},"thumbnailUrl":"https:\/\/reveil-info.net\/wp-content\/uploads\/2024\/09\/malijet_66f4528b238cb_assimi-signe.jpeg","datePublished":"2024-09-26T09:33:11+00:00","breadcrumb":{"@id":"https:\/\/reveil-info.net\/?p=9140#breadcrumb"},"inLanguage":"fr-FR","potentialAction":[{"@type":"ReadAction","target":["https:\/\/reveil-info.net\/?p=9140"]}]},{"@type":"ImageObject","inLanguage":"fr-FR","@id":"https:\/\/reveil-info.net\/?p=9140#primaryimage","url":"https:\/\/reveil-info.net\/wp-content\/uploads\/2024\/09\/malijet_66f4528b238cb_assimi-signe.jpeg","contentUrl":"https:\/\/reveil-info.net\/wp-content\/uploads\/2024\/09\/malijet_66f4528b238cb_assimi-signe.jpeg","width":600,"height":338},{"@type":"BreadcrumbList","@id":"https:\/\/reveil-info.net\/?p=9140#breadcrumb","itemListElement":[{"@type":"ListItem","position":1,"name":"Home","item":"https:\/\/reveil-info.net\/"},{"@type":"ListItem","position":2,"name":"Mali : Le pr\u00e9sident de la Transition accorde la gr\u00e2ce pr\u00e9sidentielle \u00e0 390 d\u00e9tenus"}]},{"@type":"WebSite","@id":"https:\/\/reveil-info.net\/#website","url":"https:\/\/reveil-info.net\/","name":"R\u00e9veil Info","description":"Le devoir d&#039;informer!","publisher":{"@id":"https:\/\/reveil-info.net\/#organization"},"potentialAction":[{"@type":"SearchAction","target":{"@type":"EntryPoint","urlTemplate":"https:\/\/reveil-info.net\/?s={search_term_string}"},"query-input":{"@type":"PropertyValueSpecification","valueRequired":true,"valueName":"search_term_string"}}],"inLanguage":"fr-FR"},{"@type":"Organization","@id":"https:\/\/reveil-info.net\/#organization","name":"R\u00e9veil Info","url":"https:\/\/reveil-info.net\/","logo":{"@type":"ImageObject","inLanguage":"fr-FR","@id":"https:\/\/reveil-info.net\/#\/schema\/logo\/image\/","url":"https:\/\/reveil-info.net\/wp-content\/uploads\/2024\/07\/bnddd1.jpg","contentUrl":"https:\/\/reveil-info.net\/wp-content\/uploads\/2024\/07\/bnddd1.jpg","width":903,"height":125,"caption":"R\u00e9veil Info"},"image":{"@id":"https:\/\/reveil-info.net\/#\/schema\/logo\/image\/"}},{"@type":"Person","@id":"https:\/\/reveil-info.net\/#\/schema\/person\/ca0cc8e70088e0a2b5e92556c1ee60f5","name":"R\u00e9veil info","image":{"@type":"ImageObject","inLanguage":"fr-FR","@id":"https:\/\/secure.gravatar.com\/avatar\/e4ad5bb743c8b6cb174d9df6c7d30a8a16f6889731241345fc6444e6485f02af?s=96&d=mm&r=g","url":"https:\/\/secure.gravatar.com\/avatar\/e4ad5bb743c8b6cb174d9df6c7d30a8a16f6889731241345fc6444e6485f02af?s=96&d=mm&r=g","contentUrl":"https:\/\/secure.gravatar.com\/avatar\/e4ad5bb743c8b6cb174d9df6c7d30a8a16f6889731241345fc6444e6485f02af?s=96&d=mm&r=g","caption":"R\u00e9veil info"},"sameAs":["https:\/\/reveil-info.net"],"url":"https:\/\/reveil-info.net\/?author=1"}]}},"jetpack_featured_media_url":"https:\/\/reveil-info.net\/wp-content\/uploads\/2024\/09\/malijet_66f4528b238cb_assimi-signe.jpeg","featured_image_urls":{"full":["https:\/\/reveil-info.net\/wp-content\/uploads\/2024\/09\/malijet_66f4528b238cb_assimi-signe.jpeg",600,338,false],"thumbnail":["https:\/\/reveil-info.net\/wp-content\/uploads\/2024\/09\/malijet_66f4528b238cb_assimi-signe-150x150.jpeg",150,150,true],"medium":["https:\/\/reveil-info.net\/wp-content\/uploads\/2024\/09\/malijet_66f4528b238cb_assimi-signe-300x169.jpeg",300,169,true],"medium_large":["https:\/\/reveil-info.net\/wp-content\/uploads\/2024\/09\/malijet_66f4528b238cb_assimi-signe.jpeg",600,338,false],"large":["https:\/\/reveil-info.net\/wp-content\/uploads\/2024\/09\/malijet_66f4528b238cb_assimi-signe.jpeg",600,338,false],"1536x1536":["https:\/\/reveil-info.net\/wp-content\/uploads\/2024\/09\/malijet_66f4528b238cb_assimi-signe.jpeg",600,338,false],"2048x2048":["https:\/\/reveil-info.net\/wp-content\/uploads\/2024\/09\/malijet_66f4528b238cb_assimi-signe.jpeg",600,338,false],"chromenews-featured":["https:\/\/reveil-info.net\/wp-content\/uploads\/2024\/09\/malijet_66f4528b238cb_assimi-signe.jpeg",600,338,false],"chromenews-large":["https:\/\/reveil-info.net\/wp-content\/uploads\/2024\/09\/malijet_66f4528b238cb_assimi-signe.jpeg",600,338,false],"chromenews-medium":["https:\/\/reveil-info.net\/wp-content\/uploads\/2024\/09\/malijet_66f4528b238cb_assimi-signe-590x338.jpeg",590,338,true]},"author_info":{"display_name":"R\u00e9veil info","author_link":"https:\/\/reveil-info.net\/?author=1"},"category_info":"<a href=\"https:\/\/reveil-info.net\/?cat=39\" rel=\"category\">A la une<\/a> <a href=\"https:\/\/reveil-info.net\/?cat=2\" rel=\"category\">Actualit\u00e9<\/a>","tag_info":"Actualit\u00e9","comment_count":"0","_links":{"self":[{"href":"https:\/\/reveil-info.net\/index.php?rest_route=\/wp\/v2\/posts\/9140","targetHints":{"allow":["GET"]}}],"collection":[{"href":"https:\/\/reveil-info.net\/index.php?rest_route=\/wp\/v2\/posts"}],"about":[{"href":"https:\/\/reveil-info.net\/index.php?rest_route=\/wp\/v2\/types\/post"}],"author":[{"embeddable":true,"href":"https:\/\/reveil-info.net\/index.php?rest_route=\/wp\/v2\/users\/1"}],"replies":[{"embeddable":true,"href":"https:\/\/reveil-info.net\/index.php?rest_route=%2Fwp%2Fv2%2Fcomments&post=9140"}],"version-history":[{"count":3,"href":"https:\/\/reveil-info.net\/index.php?rest_route=\/wp\/v2\/posts\/9140\/revisions"}],"predecessor-version":[{"id":9144,"href":"https:\/\/reveil-info.net\/index.php?rest_route=\/wp\/v2\/posts\/9140\/revisions\/9144"}],"wp:featuredmedia":[{"embeddable":true,"href":"https:\/\/reveil-info.net\/index.php?rest_route=\/wp\/v2\/media\/9143"}],"wp:attachment":[{"href":"https:\/\/reveil-info.net\/index.php?rest_route=%2Fwp%2Fv2%2Fmedia&parent=9140"}],"wp:term":[{"taxonomy":"category","embeddable":true,"href":"https:\/\/reveil-info.net\/index.php?rest_route=%2Fwp%2Fv2%2Fcategories&post=9140"},{"taxonomy":"post_tag","embeddable":true,"href":"https:\/\/reveil-info.net\/index.php?rest_route=%2Fwp%2Fv2%2Ftags&post=9140"}],"curies":[{"name":"wp","href":"https:\/\/api.w.org\/{rel}","templated":true}]}}