{"id":7519,"date":"2024-08-30T15:45:02","date_gmt":"2024-08-30T15:45:02","guid":{"rendered":"https:\/\/reveil-info.net\/?p=7519"},"modified":"2024-08-30T15:45:02","modified_gmt":"2024-08-30T15:45:02","slug":"gestion-collective-des-droits-le-pm-au-bbda","status":"publish","type":"post","link":"https:\/\/reveil-info.net\/?p=7519","title":{"rendered":"Gestion collective des Droits: le PM au BBDA"},"content":{"rendered":"<p>\u00ab Votre structure est un mod\u00e8le d\u2019efficacit\u00e9 et de professionnalisme \u00bb a dit du BBDA le Premier Ministre.<\/p>\n<p>Le Premier ministre, le Dr Apollinaire Joachimson KYELEM DE TAMBELA accompagn\u00e9 du Ministre d\u2019Etat, Ministre de la Communication, de la Culture des Arts et du Tourisme, Rimtalba Jean Emmanuel OUEDRAOGO a effectu\u00e9 une immersion au Bureau Burkinab\u00e8 du Droit d\u2019Auteur (BBDA) le vendredi 30 ao\u00fbt 2024.<\/p>\n<p><img loading=\"lazy\" decoding=\"async\" class=\"alignnone size-medium wp-image-7522\" src=\"https:\/\/reveil-info.net\/wp-content\/uploads\/2024\/08\/FB_IMG_17250323376900584-300x200.jpg\" alt=\"\" width=\"300\" height=\"200\" srcset=\"https:\/\/reveil-info.net\/wp-content\/uploads\/2024\/08\/FB_IMG_17250323376900584-300x200.jpg 300w, https:\/\/reveil-info.net\/wp-content\/uploads\/2024\/08\/FB_IMG_17250323376900584.jpg 720w\" sizes=\"auto, (max-width: 300px) 100vw, 300px\" \/><\/p>\n<p>\u00ab C\u2019est avec un immense plaisir que je viens de visiter le Bureau Burkinab\u00e8 du Droit d\u2019Auteur (BBDA). Merci pour l\u2019accueil chaleureux dont j\u2019ai b\u00e9n\u00e9fici\u00e9. Merci \u00e9galement pour cette exp\u00e9rience enrichissante. Cette visite, en effet, a \u00e9t\u00e9 une r\u00e9v\u00e9lation pour moi, car j\u2019ai beaucoup appris sur votre mission de ^protection et de gestion collective des droits des cr\u00e9ateurs d\u2019\u0153uvres litt\u00e9raires et artistiques et des titulaires des droits voisins qu\u2019ils soient burkinab\u00e8 ou \u00e9trangers. Votre travail est essentiel et inspirant. Votre structure est un mod\u00e8le d\u2019efficacit\u00e9 et de professionnalisme. Je souhaite plein succ\u00e8s au BBDA dans ses futurs projets \u00bb a \u00e9crit dans le livre d\u2019or du BBDA, le Dr KYELEM DE TAMBELA \u00e0 l\u2019issue de la visite des locaux.<\/p>\n<p>Le Premier Ministre et sa d\u00e9l\u00e9gation ont pu mieux comprendre le processus de r\u00e9partition des droits en visitant notamment le service des op\u00e9rateurs de saisie, le service promotion culturelle et \u0153uvres sociales et celui des adh\u00e9sions.<\/p>\n<p>Il a termin\u00e9 sa visite en transmettant des messages forts aux artistes pr\u00e9sents au BBDA \u00e0 l\u2019occasion de la r\u00e9partition des droits du mois d\u2019ao\u00fbt. Il a rappel\u00e9 aux cr\u00e9ateurs que leur travail, bien que parfois sous-estim\u00e9, joue un r\u00f4le d\u00e9terminant dans la bonne marche de la soci\u00e9t\u00e9.<\/p>\n<p><img loading=\"lazy\" decoding=\"async\" class=\"alignnone size-medium wp-image-7524\" src=\"https:\/\/reveil-info.net\/wp-content\/uploads\/2024\/08\/FB_IMG_17250323598035830-300x216.jpg\" alt=\"\" width=\"300\" height=\"216\" srcset=\"https:\/\/reveil-info.net\/wp-content\/uploads\/2024\/08\/FB_IMG_17250323598035830-300x216.jpg 300w, https:\/\/reveil-info.net\/wp-content\/uploads\/2024\/08\/FB_IMG_17250323598035830.jpg 720w\" sizes=\"auto, (max-width: 300px) 100vw, 300px\" \/><\/p>\n<p>\u00ab Le v\u00e9ritable accomplissement de l&rsquo;artiste ne r\u00e9side pas dans la recherche de l&rsquo;argent, mais dans l&rsquo;impact durable de son \u0153uvre sur la soci\u00e9t\u00e9. Certaines grandes figures artistiques, bien que m\u00e9connues de leur vivant, ont fini par \u00eatre reconnues pour leur contribution \u00e0 l&rsquo;histoire, mettant en avant l&rsquo;importance de travailler par conviction. Travaillez dans cet esprit et vous ferez partie de l&rsquo;histoire \u00bb a-t-il dit.<\/p>\n<p>Le Premier ministre, le Dr Apollinaire Joachimson KYELEM DE TAMBELA a surtout encourag\u00e9 et les a invit\u00e9s \u00e0 faire preuve de pers\u00e9v\u00e9rance, de d\u00e9termination et d\u2019humilit\u00e9. Avant de les exhorter \u00e0 \u00eatre de v\u00e9ritable ambassadeurs dans la promotion et la recherche de la paix. \u00ab Vous devez accompagner le Gouvernement burkinab\u00e8 dans la lutte pour la sauvegarde de l\u2019int\u00e9gr\u00e9 de notre territoire \u00e0 travers les messages que vous v\u00e9hiculer dans vos \u0153uvres \u00bb a t-il surtout insist\u00e9.<\/p>\n<p>Le Directeur g\u00e9n\u00e9ral du BBDA le Dr Hamed dit Patindeba Patric LEGA a saisi cette opportunit\u00e9 pour plaider la cause des cr\u00e9ateurs. Il s\u2019est appesantit sur les ambitions qu\u2019il nourrit pour l\u2019institution.<\/p>\n<p>\u00ab Le BBDA a besoin de l\u2019accompagnement de l\u2019autorit\u00e9. Certaines cat\u00e9gories d\u2019utilisateurs d\u2019\u0153uvres sont r\u00e9ticentes au paiement de leurs redevances et la crise s\u00e9curitaire emp\u00eache d\u2019atteindre certaines localit\u00e9s.<\/p>\n<p>Nous avons besoin de votre accompagnement pour relever des d\u00e9fis du num\u00e9rique dans le domaine de la gestion collective. Nous avons aussi besoin de ressources financi\u00e8res pour la construction du nouveau si\u00e8ge du BBDA pour l\u2019am\u00e9lioration des conditions de travail du personnel et des acteurs culturels. Nous avons aussi besoin de financement pour la mise en \u0153uvre d\u2019un syst\u00e8me de pr\u00e9voyance sociale au profit des membres etc. \u00bb a plaid\u00e9 le Dr. LEGA.<\/p>\n<p>En souvenir de son passage au BBDA et pour son engagement en faveur du droit d&rsquo;auteur, le DG a remis au chef du Gouvernement burkinab\u00e8 un pr\u00e9sent.<\/p>\n<p>Service de la Communication et du Plaidoyer<\/p>\n","protected":false},"excerpt":{"rendered":"<p>\u00ab Votre structure est un mod\u00e8le d\u2019efficacit\u00e9 et de professionnalisme \u00bb a dit du BBDA<\/p>\n","protected":false},"author":1,"featured_media":7526,"comment_status":"open","ping_status":"open","sticky":false,"template":"","format":"standard","meta":{"footnotes":""},"categories":[2],"tags":[],"class_list":["post-7519","post","type-post","status-publish","format-standard","has-post-thumbnail","hentry","category-actu"],"yoast_head":"<!-- This site is optimized with the Yoast SEO plugin v27.5 - https:\/\/yoast.com\/product\/yoast-seo-wordpress\/ -->\n<title>Gestion collective des Droits: le PM au BBDA - R\u00e9veil Info<\/title>\n<meta name=\"robots\" content=\"noindex, follow, max-snippet:-1, max-image-preview:large, max-video-preview:-1\" \/>\n<meta property=\"og:locale\" content=\"fr_FR\" \/>\n<meta property=\"og:type\" content=\"article\" \/>\n<meta property=\"og:title\" content=\"Gestion collective des Droits: le PM au BBDA - R\u00e9veil Info\" \/>\n<meta property=\"og:description\" content=\"\u00ab Votre structure est un mod\u00e8le d\u2019efficacit\u00e9 et de professionnalisme \u00bb a dit du BBDA\" \/>\n<meta property=\"og:url\" content=\"https:\/\/reveil-info.net\/?p=7519\" \/>\n<meta property=\"og:site_name\" content=\"R\u00e9veil Info\" \/>\n<meta property=\"article:published_time\" content=\"2024-08-30T15:45:02+00:00\" \/>\n<meta property=\"og:image\" content=\"https:\/\/reveil-info.net\/wp-content\/uploads\/2024\/08\/FB_IMG_17250323376900584-1.jpg\" \/>\n\t<meta property=\"og:image:width\" content=\"720\" \/>\n\t<meta property=\"og:image:height\" content=\"480\" \/>\n\t<meta property=\"og:image:type\" content=\"image\/jpeg\" \/>\n<meta name=\"author\" content=\"R\u00e9veil info\" \/>\n<meta name=\"twitter:card\" content=\"summary_large_image\" \/>\n<meta name=\"twitter:label1\" content=\"\u00c9crit par\" \/>\n\t<meta name=\"twitter:data1\" content=\"R\u00e9veil info\" \/>\n\t<meta name=\"twitter:label2\" content=\"Dur\u00e9e de lecture estim\u00e9e\" \/>\n\t<meta name=\"twitter:data2\" content=\"4 minutes\" \/>\n<script type=\"application\/ld+json\" class=\"yoast-schema-graph\">{\"@context\":\"https:\\\/\\\/schema.org\",\"@graph\":[{\"@type\":\"Article\",\"@id\":\"https:\\\/\\\/reveil-info.net\\\/?p=7519#article\",\"isPartOf\":{\"@id\":\"https:\\\/\\\/reveil-info.net\\\/?p=7519\"},\"author\":{\"name\":\"R\u00e9veil info\",\"@id\":\"https:\\\/\\\/reveil-info.net\\\/#\\\/schema\\\/person\\\/ca0cc8e70088e0a2b5e92556c1ee60f5\"},\"headline\":\"Gestion collective des Droits: le PM au BBDA\",\"datePublished\":\"2024-08-30T15:45:02+00:00\",\"mainEntityOfPage\":{\"@id\":\"https:\\\/\\\/reveil-info.net\\\/?p=7519\"},\"wordCount\":650,\"commentCount\":0,\"publisher\":{\"@id\":\"https:\\\/\\\/reveil-info.net\\\/#organization\"},\"image\":{\"@id\":\"https:\\\/\\\/reveil-info.net\\\/?p=7519#primaryimage\"},\"thumbnailUrl\":\"https:\\\/\\\/reveil-info.net\\\/wp-content\\\/uploads\\\/2024\\\/08\\\/FB_IMG_17250323376900584-1.jpg\",\"articleSection\":[\"Actualit\u00e9\"],\"inLanguage\":\"fr-FR\",\"potentialAction\":[{\"@type\":\"CommentAction\",\"name\":\"Comment\",\"target\":[\"https:\\\/\\\/reveil-info.net\\\/?p=7519#respond\"]}]},{\"@type\":\"WebPage\",\"@id\":\"https:\\\/\\\/reveil-info.net\\\/?p=7519\",\"url\":\"https:\\\/\\\/reveil-info.net\\\/?p=7519\",\"name\":\"Gestion collective des Droits: le PM au BBDA - R\u00e9veil Info\",\"isPartOf\":{\"@id\":\"https:\\\/\\\/reveil-info.net\\\/#website\"},\"primaryImageOfPage\":{\"@id\":\"https:\\\/\\\/reveil-info.net\\\/?p=7519#primaryimage\"},\"image\":{\"@id\":\"https:\\\/\\\/reveil-info.net\\\/?p=7519#primaryimage\"},\"thumbnailUrl\":\"https:\\\/\\\/reveil-info.net\\\/wp-content\\\/uploads\\\/2024\\\/08\\\/FB_IMG_17250323376900584-1.jpg\",\"datePublished\":\"2024-08-30T15:45:02+00:00\",\"breadcrumb\":{\"@id\":\"https:\\\/\\\/reveil-info.net\\\/?p=7519#breadcrumb\"},\"inLanguage\":\"fr-FR\",\"potentialAction\":[{\"@type\":\"ReadAction\",\"target\":[\"https:\\\/\\\/reveil-info.net\\\/?p=7519\"]}]},{\"@type\":\"ImageObject\",\"inLanguage\":\"fr-FR\",\"@id\":\"https:\\\/\\\/reveil-info.net\\\/?p=7519#primaryimage\",\"url\":\"https:\\\/\\\/reveil-info.net\\\/wp-content\\\/uploads\\\/2024\\\/08\\\/FB_IMG_17250323376900584-1.jpg\",\"contentUrl\":\"https:\\\/\\\/reveil-info.net\\\/wp-content\\\/uploads\\\/2024\\\/08\\\/FB_IMG_17250323376900584-1.jpg\",\"width\":720,\"height\":480},{\"@type\":\"BreadcrumbList\",\"@id\":\"https:\\\/\\\/reveil-info.net\\\/?p=7519#breadcrumb\",\"itemListElement\":[{\"@type\":\"ListItem\",\"position\":1,\"name\":\"Home\",\"item\":\"https:\\\/\\\/reveil-info.net\\\/\"},{\"@type\":\"ListItem\",\"position\":2,\"name\":\"Gestion collective des Droits: le PM au BBDA\"}]},{\"@type\":\"WebSite\",\"@id\":\"https:\\\/\\\/reveil-info.net\\\/#website\",\"url\":\"https:\\\/\\\/reveil-info.net\\\/\",\"name\":\"R\u00e9veil Info\",\"description\":\"Le devoir d&#039;informer!\",\"publisher\":{\"@id\":\"https:\\\/\\\/reveil-info.net\\\/#organization\"},\"potentialAction\":[{\"@type\":\"SearchAction\",\"target\":{\"@type\":\"EntryPoint\",\"urlTemplate\":\"https:\\\/\\\/reveil-info.net\\\/?s={search_term_string}\"},\"query-input\":{\"@type\":\"PropertyValueSpecification\",\"valueRequired\":true,\"valueName\":\"search_term_string\"}}],\"inLanguage\":\"fr-FR\"},{\"@type\":\"Organization\",\"@id\":\"https:\\\/\\\/reveil-info.net\\\/#organization\",\"name\":\"R\u00e9veil Info\",\"url\":\"https:\\\/\\\/reveil-info.net\\\/\",\"logo\":{\"@type\":\"ImageObject\",\"inLanguage\":\"fr-FR\",\"@id\":\"https:\\\/\\\/reveil-info.net\\\/#\\\/schema\\\/logo\\\/image\\\/\",\"url\":\"https:\\\/\\\/reveil-info.net\\\/wp-content\\\/uploads\\\/2024\\\/07\\\/bnddd1.jpg\",\"contentUrl\":\"https:\\\/\\\/reveil-info.net\\\/wp-content\\\/uploads\\\/2024\\\/07\\\/bnddd1.jpg\",\"width\":903,\"height\":125,\"caption\":\"R\u00e9veil Info\"},\"image\":{\"@id\":\"https:\\\/\\\/reveil-info.net\\\/#\\\/schema\\\/logo\\\/image\\\/\"}},{\"@type\":\"Person\",\"@id\":\"https:\\\/\\\/reveil-info.net\\\/#\\\/schema\\\/person\\\/ca0cc8e70088e0a2b5e92556c1ee60f5\",\"name\":\"R\u00e9veil info\",\"image\":{\"@type\":\"ImageObject\",\"inLanguage\":\"fr-FR\",\"@id\":\"https:\\\/\\\/secure.gravatar.com\\\/avatar\\\/e4ad5bb743c8b6cb174d9df6c7d30a8a16f6889731241345fc6444e6485f02af?s=96&d=mm&r=g\",\"url\":\"https:\\\/\\\/secure.gravatar.com\\\/avatar\\\/e4ad5bb743c8b6cb174d9df6c7d30a8a16f6889731241345fc6444e6485f02af?s=96&d=mm&r=g\",\"contentUrl\":\"https:\\\/\\\/secure.gravatar.com\\\/avatar\\\/e4ad5bb743c8b6cb174d9df6c7d30a8a16f6889731241345fc6444e6485f02af?s=96&d=mm&r=g\",\"caption\":\"R\u00e9veil info\"},\"sameAs\":[\"https:\\\/\\\/reveil-info.net\"],\"url\":\"https:\\\/\\\/reveil-info.net\\\/?author=1\"}]}<\/script>\n<!-- \/ Yoast SEO plugin. -->","yoast_head_json":{"title":"Gestion collective des Droits: le PM au BBDA - R\u00e9veil Info","robots":{"index":"noindex","follow":"follow","max-snippet":"max-snippet:-1","max-image-preview":"max-image-preview:large","max-video-preview":"max-video-preview:-1"},"og_locale":"fr_FR","og_type":"article","og_title":"Gestion collective des Droits: le PM au BBDA - R\u00e9veil Info","og_description":"\u00ab Votre structure est un mod\u00e8le d\u2019efficacit\u00e9 et de professionnalisme \u00bb a dit du BBDA","og_url":"https:\/\/reveil-info.net\/?p=7519","og_site_name":"R\u00e9veil Info","article_published_time":"2024-08-30T15:45:02+00:00","og_image":[{"width":720,"height":480,"url":"https:\/\/reveil-info.net\/wp-content\/uploads\/2024\/08\/FB_IMG_17250323376900584-1.jpg","type":"image\/jpeg"}],"author":"R\u00e9veil info","twitter_card":"summary_large_image","twitter_misc":{"\u00c9crit par":"R\u00e9veil info","Dur\u00e9e de lecture estim\u00e9e":"4 minutes"},"schema":{"@context":"https:\/\/schema.org","@graph":[{"@type":"Article","@id":"https:\/\/reveil-info.net\/?p=7519#article","isPartOf":{"@id":"https:\/\/reveil-info.net\/?p=7519"},"author":{"name":"R\u00e9veil info","@id":"https:\/\/reveil-info.net\/#\/schema\/person\/ca0cc8e70088e0a2b5e92556c1ee60f5"},"headline":"Gestion collective des Droits: le PM au BBDA","datePublished":"2024-08-30T15:45:02+00:00","mainEntityOfPage":{"@id":"https:\/\/reveil-info.net\/?p=7519"},"wordCount":650,"commentCount":0,"publisher":{"@id":"https:\/\/reveil-info.net\/#organization"},"image":{"@id":"https:\/\/reveil-info.net\/?p=7519#primaryimage"},"thumbnailUrl":"https:\/\/reveil-info.net\/wp-content\/uploads\/2024\/08\/FB_IMG_17250323376900584-1.jpg","articleSection":["Actualit\u00e9"],"inLanguage":"fr-FR","potentialAction":[{"@type":"CommentAction","name":"Comment","target":["https:\/\/reveil-info.net\/?p=7519#respond"]}]},{"@type":"WebPage","@id":"https:\/\/reveil-info.net\/?p=7519","url":"https:\/\/reveil-info.net\/?p=7519","name":"Gestion collective des Droits: le PM au BBDA - R\u00e9veil Info","isPartOf":{"@id":"https:\/\/reveil-info.net\/#website"},"primaryImageOfPage":{"@id":"https:\/\/reveil-info.net\/?p=7519#primaryimage"},"image":{"@id":"https:\/\/reveil-info.net\/?p=7519#primaryimage"},"thumbnailUrl":"https:\/\/reveil-info.net\/wp-content\/uploads\/2024\/08\/FB_IMG_17250323376900584-1.jpg","datePublished":"2024-08-30T15:45:02+00:00","breadcrumb":{"@id":"https:\/\/reveil-info.net\/?p=7519#breadcrumb"},"inLanguage":"fr-FR","potentialAction":[{"@type":"ReadAction","target":["https:\/\/reveil-info.net\/?p=7519"]}]},{"@type":"ImageObject","inLanguage":"fr-FR","@id":"https:\/\/reveil-info.net\/?p=7519#primaryimage","url":"https:\/\/reveil-info.net\/wp-content\/uploads\/2024\/08\/FB_IMG_17250323376900584-1.jpg","contentUrl":"https:\/\/reveil-info.net\/wp-content\/uploads\/2024\/08\/FB_IMG_17250323376900584-1.jpg","width":720,"height":480},{"@type":"BreadcrumbList","@id":"https:\/\/reveil-info.net\/?p=7519#breadcrumb","itemListElement":[{"@type":"ListItem","position":1,"name":"Home","item":"https:\/\/reveil-info.net\/"},{"@type":"ListItem","position":2,"name":"Gestion collective des Droits: le PM au BBDA"}]},{"@type":"WebSite","@id":"https:\/\/reveil-info.net\/#website","url":"https:\/\/reveil-info.net\/","name":"R\u00e9veil Info","description":"Le devoir d&#039;informer!","publisher":{"@id":"https:\/\/reveil-info.net\/#organization"},"potentialAction":[{"@type":"SearchAction","target":{"@type":"EntryPoint","urlTemplate":"https:\/\/reveil-info.net\/?s={search_term_string}"},"query-input":{"@type":"PropertyValueSpecification","valueRequired":true,"valueName":"search_term_string"}}],"inLanguage":"fr-FR"},{"@type":"Organization","@id":"https:\/\/reveil-info.net\/#organization","name":"R\u00e9veil Info","url":"https:\/\/reveil-info.net\/","logo":{"@type":"ImageObject","inLanguage":"fr-FR","@id":"https:\/\/reveil-info.net\/#\/schema\/logo\/image\/","url":"https:\/\/reveil-info.net\/wp-content\/uploads\/2024\/07\/bnddd1.jpg","contentUrl":"https:\/\/reveil-info.net\/wp-content\/uploads\/2024\/07\/bnddd1.jpg","width":903,"height":125,"caption":"R\u00e9veil Info"},"image":{"@id":"https:\/\/reveil-info.net\/#\/schema\/logo\/image\/"}},{"@type":"Person","@id":"https:\/\/reveil-info.net\/#\/schema\/person\/ca0cc8e70088e0a2b5e92556c1ee60f5","name":"R\u00e9veil info","image":{"@type":"ImageObject","inLanguage":"fr-FR","@id":"https:\/\/secure.gravatar.com\/avatar\/e4ad5bb743c8b6cb174d9df6c7d30a8a16f6889731241345fc6444e6485f02af?s=96&d=mm&r=g","url":"https:\/\/secure.gravatar.com\/avatar\/e4ad5bb743c8b6cb174d9df6c7d30a8a16f6889731241345fc6444e6485f02af?s=96&d=mm&r=g","contentUrl":"https:\/\/secure.gravatar.com\/avatar\/e4ad5bb743c8b6cb174d9df6c7d30a8a16f6889731241345fc6444e6485f02af?s=96&d=mm&r=g","caption":"R\u00e9veil info"},"sameAs":["https:\/\/reveil-info.net"],"url":"https:\/\/reveil-info.net\/?author=1"}]}},"jetpack_featured_media_url":"https:\/\/reveil-info.net\/wp-content\/uploads\/2024\/08\/FB_IMG_17250323376900584-1.jpg","featured_image_urls":{"full":["https:\/\/reveil-info.net\/wp-content\/uploads\/2024\/08\/FB_IMG_17250323376900584-1.jpg",720,480,false],"thumbnail":["https:\/\/reveil-info.net\/wp-content\/uploads\/2024\/08\/FB_IMG_17250323376900584-1-150x150.jpg",150,150,true],"medium":["https:\/\/reveil-info.net\/wp-content\/uploads\/2024\/08\/FB_IMG_17250323376900584-1-300x200.jpg",300,200,true],"medium_large":["https:\/\/reveil-info.net\/wp-content\/uploads\/2024\/08\/FB_IMG_17250323376900584-1.jpg",640,427,false],"large":["https:\/\/reveil-info.net\/wp-content\/uploads\/2024\/08\/FB_IMG_17250323376900584-1.jpg",640,427,false],"1536x1536":["https:\/\/reveil-info.net\/wp-content\/uploads\/2024\/08\/FB_IMG_17250323376900584-1.jpg",720,480,false],"2048x2048":["https:\/\/reveil-info.net\/wp-content\/uploads\/2024\/08\/FB_IMG_17250323376900584-1.jpg",720,480,false],"chromenews-featured":["https:\/\/reveil-info.net\/wp-content\/uploads\/2024\/08\/FB_IMG_17250323376900584-1.jpg",720,480,false],"chromenews-large":["https:\/\/reveil-info.net\/wp-content\/uploads\/2024\/08\/FB_IMG_17250323376900584-1.jpg",720,480,false],"chromenews-medium":["https:\/\/reveil-info.net\/wp-content\/uploads\/2024\/08\/FB_IMG_17250323376900584-1-590x410.jpg",590,410,true]},"author_info":{"display_name":"R\u00e9veil info","author_link":"https:\/\/reveil-info.net\/?author=1"},"category_info":"<a href=\"https:\/\/reveil-info.net\/?cat=2\" rel=\"category\">Actualit\u00e9<\/a>","tag_info":"Actualit\u00e9","comment_count":"0","_links":{"self":[{"href":"https:\/\/reveil-info.net\/index.php?rest_route=\/wp\/v2\/posts\/7519","targetHints":{"allow":["GET"]}}],"collection":[{"href":"https:\/\/reveil-info.net\/index.php?rest_route=\/wp\/v2\/posts"}],"about":[{"href":"https:\/\/reveil-info.net\/index.php?rest_route=\/wp\/v2\/types\/post"}],"author":[{"embeddable":true,"href":"https:\/\/reveil-info.net\/index.php?rest_route=\/wp\/v2\/users\/1"}],"replies":[{"embeddable":true,"href":"https:\/\/reveil-info.net\/index.php?rest_route=%2Fwp%2Fv2%2Fcomments&post=7519"}],"version-history":[{"count":5,"href":"https:\/\/reveil-info.net\/index.php?rest_route=\/wp\/v2\/posts\/7519\/revisions"}],"predecessor-version":[{"id":7527,"href":"https:\/\/reveil-info.net\/index.php?rest_route=\/wp\/v2\/posts\/7519\/revisions\/7527"}],"wp:featuredmedia":[{"embeddable":true,"href":"https:\/\/reveil-info.net\/index.php?rest_route=\/wp\/v2\/media\/7526"}],"wp:attachment":[{"href":"https:\/\/reveil-info.net\/index.php?rest_route=%2Fwp%2Fv2%2Fmedia&parent=7519"}],"wp:term":[{"taxonomy":"category","embeddable":true,"href":"https:\/\/reveil-info.net\/index.php?rest_route=%2Fwp%2Fv2%2Fcategories&post=7519"},{"taxonomy":"post_tag","embeddable":true,"href":"https:\/\/reveil-info.net\/index.php?rest_route=%2Fwp%2Fv2%2Ftags&post=7519"}],"curies":[{"name":"wp","href":"https:\/\/api.w.org\/{rel}","templated":true}]}}