{"id":7398,"date":"2024-08-29T10:08:42","date_gmt":"2024-08-29T10:08:42","guid":{"rendered":"https:\/\/reveil-info.net\/?p=7398"},"modified":"2024-08-29T10:08:42","modified_gmt":"2024-08-29T10:08:42","slug":"i-have-a-dream-le-discours-livre-par-martin-luther-king-en-1963","status":"publish","type":"post","link":"https:\/\/reveil-info.net\/?p=7398","title":{"rendered":"\u00ab\u00a0I have a dream\u00a0\u00bb :  Le discours livr\u00e9 par Martin Luther King en 1963"},"content":{"rendered":"<p style=\"text-align: justify;\"><strong>Martin Luther King a prononc\u00e9 son discours, sur les marches du Lincoln Memorial, lors de la Marche sur Washington pour l&#8217;emploi et la libert\u00e9, le 28 ao\u00fbt 1963.\u00a0<\/strong><strong>Le discours a d\u00e9but\u00e9 par une r\u00e9f\u00e9rence \u00e0 la Proclamation d&rsquo;\u00e9mancipation qui a lib\u00e9r\u00e9 plusieurs millions d&rsquo;esclaves en 1863<\/strong><strong>.<\/strong><\/p>\n<p style=\"text-align: justify;\"><strong>\u00a0<\/strong>\u00ab\u00a0Je suis heureux de me joindre \u00e0 vous aujourd\u2019hui pour participer \u00e0 ce que l\u2019histoire appellera la plus grande d\u00e9monstration pour la libert\u00e9 dans les annales de notre nation. Il y a un si\u00e8cle de cela, un grand Am\u00e9ricain qui nous couvre aujourd\u2019hui de son ombre symbolique signait notre Proclamation d\u2019\u00c9mancipation. Ce d\u00e9cret capital se dresse, comme un grand phare illuminant d\u2019esp\u00e9rance les millions d\u2019esclaves marqu\u00e9s au feu d\u2019une br\u00fblante injustice. Ce d\u00e9cret est venu comme une aube joyeuse terminer la longue nuit de leur captivit\u00e9. Mais, cent ans plus tard, le Noir n\u2019est toujours pas libre. Cent ans plus tard, la vie du Noir est encore terriblement handicap\u00e9e par les menottes de la s\u00e9gr\u00e9gation et les cha\u00eenes de la discrimination. Cent ans plus tard, le Noir vit \u00e0 l\u2019\u00e9cart sur son \u00eelot de pauvret\u00e9 au milieu d\u2019un vaste oc\u00e9an de prosp\u00e9rit\u00e9 mat\u00e9rielle. Cent ans plus tard, le Noir languit encore dans les coins de la soci\u00e9t\u00e9 am\u00e9ricaine et se trouve exil\u00e9 dans son propre pays. C\u2019est pourquoi nous sommes venus ici aujourd\u2019hui d\u00e9noncer une condition humaine honteuse. En un certain sens, nous sommes venus dans notre capitale nationale pour encaisser un ch\u00e8que. Quand les architectes de notre R\u00e9publique ont magnifiquement r\u00e9dig\u00e9 notre Constitution de la D\u00e9claration d\u2019Ind\u00e9pendance, ils signaient un ch\u00e8que dont tout Am\u00e9ricain devait h\u00e9riter. Ce ch\u00e8que \u00e9tait une promesse qu\u2019\u00e0 tous les hommes, oui, aux Noirs comme aux Blancs, seraient garantis les droits inali\u00e9nables de la vie, de la libert\u00e9 et de la qu\u00eate du bonheur. Il est \u00e9vident aujourd\u2019hui que l\u2019Am\u00e9rique a manqu\u00e9 \u00e0 ses promesses \u00e0 l\u2019\u00e9gard de ses citoyens de couleur. Au lieu d\u2019honorer son obligation sacr\u00e9e, l\u2019Am\u00e9rique a d\u00e9livr\u00e9 au peuple Noir un ch\u00e8que en bois, qui est revenu avec l\u2019inscription \u201c provisions insuffisantes \u201d. Mais nous refusons de croire qu\u2019il n\u2019y a pas de quoi honorer ce ch\u00e8que dans les vastes coffres de la chance, en notre pays. Aussi, sommes-nous venus encaisser ce ch\u00e8que, un ch\u00e8que qui nous donnera sur simple pr\u00e9sentation les richesses de la libert\u00e9 et la s\u00e9curit\u00e9 de la justice. Nous sommes \u00e9galement venus en ce lieu sacrifi\u00e9 pour rappeler \u00e0 l\u2019Am\u00e9rique les exigeantes urgences de l\u2019heure pr\u00e9sente. Ce n\u2019est pas le moment de s\u2019offrir le luxe de laisser ti\u00e9dir notre ardeur ou de prendre les tranquillisants des demi-mesures. C\u2019est l\u2019heure de tenir les promesses de la d\u00e9mocratie. C\u2019est l\u2019heure d\u2019\u00e9merger des vall\u00e9es obscures et d\u00e9sol\u00e9es de la s\u00e9gr\u00e9gation pour fouler le sentier ensoleill\u00e9 de la justice raciale. C\u2019est l\u2019heure d\u2019arracher notre nation des sables mouvant de l\u2019injustice raciale et de l\u2019\u00e9tablir sur le roc de la fraternit\u00e9. C\u2019est l\u2019heure de faire de la justice une r\u00e9alit\u00e9 pour tous les enfants de Dieu. Il serait fatal pour la nation de fermer les yeux sur l\u2019urgence du moment. Cet \u00e9touffant \u00e9t\u00e9 du l\u00e9gitime m\u00e9contentement des Noirs ne se terminera pas sans qu\u2019advienne un automne vivifiant de libert\u00e9 et d\u2019\u00e9galit\u00e9. 1963 n\u2019est pas une fin, c\u2019est un commencement. Ceux qui esp\u00e8rent que le Noir avait seulement besoin de se d\u00e9fouler et qu\u2019il se montrera d\u00e9sormais satisfait, auront un rude r\u00e9veil, si la nation retourne \u00e0 son train-train habituel. Il n\u2019y aura ni repos ni tranquillit\u00e9 en Am\u00e9rique jusqu\u2019\u00e0 ce qu\u2019on ait accord\u00e9 au peuple Noir ses droits de citoyen. Les tourbillons de la r\u00e9volte ne cesseront d\u2019\u00e9branler les fondations de notre nation jusqu\u2019\u00e0 ce que le jour \u00e9clatant de la justice apparaisse. Mais il y a quelque chose que je dois dire \u00e0 mon peuple, debout sur le seuil accueillant qui donne acc\u00e8s au palais de la justice : en proc\u00e9dant \u00e0 la conqu\u00eate de notre place l\u00e9gitime, nous ne devons pas nous rendre coupables d\u2019agissements r\u00e9pr\u00e9hensibles. Ne cherchons pas \u00e0 satisfaire notre soif de libert\u00e9 en buvant \u00e0 la coupe de l\u2019amertume et de la haine. Nous devons toujours mener notre lutte sur les hauts plateaux de la dignit\u00e9 et de la discipline. Nous ne devons pas laisser nos revendications cr\u00e9atrices d\u00e9g\u00e9n\u00e9rer en violence physique. Sans cesse, nous devons nous \u00e9lever jusqu\u2019aux hauteurs majestueuses o\u00f9 la force de l\u2019\u00e2me s\u2019unit \u00e0 la force physique. Le merveilleux esprit militant qui a saisi la communaut\u00e9 noire ne doit pas nous entra\u00eener vers la m\u00e9fiance de tous les Blancs, car beaucoup de nos fr\u00e8res blancs, leur pr\u00e9sence ici aujourd\u2019hui en est la preuve, ont compris que leur destin\u00e9e est li\u00e9e \u00e0 la n\u00f4tre. L\u2019assaut que nous avons mont\u00e9 ensemble pour emporter les remparts de l\u2019injustice doit \u00eatre men\u00e9 par une arm\u00e9e bi-raciale. Nous ne pouvons marcher tout seul au combat. Et au cours de notre progression il faut nous engager \u00e0 continuer d\u2019aller de l\u2019avant ensemble. Nous ne pouvons pas revenir en arri\u00e8re. Il y a des gens qui demandent aux militants des Droits Civiques : \u201c Quand serez-vous enfin satisfaits ? \u201d Nous ne serons jamais satisfaits aussi longtemps que le Noir sera la victime d\u2019indicibles horreurs de la brutalit\u00e9 polici\u00e8re. Nous ne pourrons \u00eatre satisfaits aussi longtemps que nos corps, lourds de la fatigue des voyages, ne trouveront pas un abri dans les motels des grandes routes ou les h\u00f4tels des villes. Nous ne pourrons \u00eatre satisfaits aussi longtemps que la libert\u00e9 de mouvement du Noir ne lui permettra gu\u00e8re que d\u2019aller d\u2019un petit ghetto \u00e0 un ghetto plus grand. Nous ne pourrons \u00eatre satisfaits aussi longtemps que nos enfants, m\u00eame devenus grands, ne seront pas trait\u00e9s en adultes et verront leur dignit\u00e9 bafou\u00e9e par les panneaux \u201c R\u00e9serv\u00e9 aux Blancs \u201d. Nous ne pourrons \u00eatre satisfaits aussi longtemps qu\u2019un Noir du Mississippi ne pourra pas voter et qu\u2019un Noir de New-York croira qu\u2019il n\u2019a aucune raison de voter. Non, nous ne sommes pas satisfaits et ne le serons jamais, tant que le droit ne jaillira pas comme l\u2019eau, et la justice comme un torrent intarissable. Je n\u2019ignore pas que certains d\u2019entre vous ont \u00e9t\u00e9 conduis ici par un exc\u00e8s d\u2019\u00e9preuves et de tribulations. D\u2019aucuns sortent \u00e0 peine d\u2019\u00e9troites cellules de prison. D\u2019autres viennent de r\u00e9gions o\u00f9 leur qu\u00eate de libert\u00e9 leur a valu d\u2019\u00eatre battus par les orages de la pers\u00e9cution et secou\u00e9s par les bourrasques de la brutalit\u00e9 polici\u00e8re. Vous avez \u00e9t\u00e9 les h\u00e9ros de la souffrance cr\u00e9atrice. Continuez \u00e0 travailler avec la certitude que la souffrance imm\u00e9rit\u00e9e vous sera r\u00e9demptrice. Retournez dans le Mississippi, retournez en Alabama, retournez en Caroline du Sud, retournez-en Georgie, retournez en Louisiane, retournez dans les taudis et les ghettos des villes du Nord, sachant que de quelque mani\u00e8re que ce soit cette situation peut et va changer. Ne croupissons pas dans la vall\u00e9e du d\u00e9sespoir. Je vous le dis ici et maintenant, mes amis, bien que, oui, bien que nous ayons \u00e0 faire face \u00e0 des difficult\u00e9s aujourd\u2019hui et demain je fais toujours ce r\u00eave : c\u2019est un r\u00eave profond\u00e9ment ancr\u00e9 dans l\u2019id\u00e9al am\u00e9ricain. Je r\u00eave que, un jour, notre pays se l\u00e8vera et vivra pleinement la v\u00e9ritable r\u00e9alit\u00e9 de son credo : \u201c Nous tenons ces v\u00e9rit\u00e9s pour \u00e9videntes par elles-m\u00eames que tous les hommes sont cr\u00e9\u00e9s \u00e9gaux \u201d. Je r\u00eave qu\u2019un jour sur les collines rousses de Georgie les fils d\u2019anciens esclaves et ceux d\u2019anciens propri\u00e9taires d\u2019esclaves pourront s\u2019asseoir ensemble \u00e0 la table de la fraternit\u00e9. Je r\u00eave qu\u2019un jour, m\u00eame l\u2019Etat du Mississippi, un Etat o\u00f9 br\u00fblent les feux de l\u2019injustice et de l\u2019oppression, sera transform\u00e9 en une oasis de libert\u00e9 et de justice. Je r\u00eave que mes quatre petits-enfants vivront un jour dans une nation o\u00f9 ils ne seront pas jug\u00e9s sur la couleur de leur peau, mais sur la valeur de leur caract\u00e8re. Je fais aujourd\u2019hui un r\u00eave ! Je r\u00eave qu\u2019un jour, m\u00eame en Alabama, avec ses abominables racistes, avec son gouverneur \u00e0 la bouche pleine des mots \u201c opposition \u201d et \u201c annulation \u201d des lois f\u00e9d\u00e9rales, que l\u00e0 m\u00eame en Alabama, un jour les petits gar\u00e7ons noirs et les petites filles blanches pourront se donner la main, comme fr\u00e8res et s\u0153urs. Je fais aujourd\u2019hui un r\u00eave ! Je r\u00eave qu\u2019un jour toute la vall\u00e9e sera relev\u00e9e, toute colline et toute montagne seront rabaiss\u00e9es, les endroits escarp\u00e9s seront aplanis et les chemins tortueux redress\u00e9s, la gloire du Seigneur sera r\u00e9v\u00e9l\u00e9e \u00e0 tout \u00eatre fait de chair. Telle est notre esp\u00e9rance. C\u2019est la foi avec laquelle je retourne dans le Sud. Avec cette foi, nous serons capables de distinguer dans la montagne du d\u00e9sespoir une pierre d\u2019esp\u00e9rance. Avec cette foi, nous serons capables de transformer les discordes criardes de notre nation en une superbe symphonie de fraternit\u00e9. Avec cette foi, nous serons capables de travailler ensemble, de prier ensemble, de lutter ensemble, d\u2019aller en prison ensemble, de d\u00e9fendre la cause de la libert\u00e9 ensemble, en sachant qu\u2019un jour, nous serons libres. Ce sera le jour o\u00f9 tous les enfants de Dieu pourront chanter ces paroles qui auront alors un nouveau sens : \u201c Mon pays, c\u2019est toi, douce terre de libert\u00e9, c\u2019est toi que je chante. Terre o\u00f9 sont morts mes p\u00e8res, terre dont les p\u00e8lerins \u00e9taient fiers, que du flanc de chacune de tes montagnes, sonne la cloche de la libert\u00e9 ! \u201d Et, si l\u2019Am\u00e9rique doit \u00eatre une grande nation, que cela devienne vrai. Que la cloche de la libert\u00e9 sonne du haut des merveilleuses collines du New Hampshire ! Que la cloche de la libert\u00e9 sonne du haut des montagnes grandioses de l\u2019Etat de New-York ! Que la cloche de la libert\u00e9 sonne du haut des sommets des Alleghanys de Pennsylvanie ! Que la cloche de la libert\u00e9 sonne du haut des cimes neigeuses des montagnes rocheuses du Colorado ! Que la cloche de la libert\u00e9 sonne depuis les pentes harmonieuses de la Californie ! Mais cela ne suffit pas. Que la cloche de la libert\u00e9 sonne du haut du mont Stone de Georgie ! Que la cloche de la libert\u00e9 sonne du haut du mont Lookout du Tennessee ! Que la cloche de la libert\u00e9 sonne du haut de chaque colline et de chaque butte du Mississippi ! Du flanc de chaque montagne, que sonne la cloche de la libert\u00e9 ! Quand nous permettrons \u00e0 la cloche de la libert\u00e9 de sonner dans chaque village, dans chaque hameau, dans chaque ville et dans chaque Etat, nous pourrons f\u00eater le jour o\u00f9 tous les enfants de Dieu, les Noirs et les Blancs, les Juifs et les non-Juifs, les Protestants et les Catholiques, pourront se donner la main et chanter les paroles du vieux Negro Spiritual : \u201c Enfin libres, enfin libres, gr\u00e2ce en soit rendue au Dieu tout puissant, nous sommes enfin libres ! \u201d.\u00a0\u00bb<\/p>\n<p style=\"text-align: justify;\"><strong>Source\u00a0: Ambassade des Etats Unis au Mali <\/strong><\/p>\n<p style=\"text-align: justify;\"><b>\u00a0<\/b><\/p>\n<p style=\"text-align: justify;\"><b>\u00a0<\/b><\/p>\n","protected":false},"excerpt":{"rendered":"<p>Martin Luther King a prononc\u00e9 son discours, sur les marches du Lincoln Memorial, lors de<\/p>\n","protected":false},"author":1,"featured_media":7401,"comment_status":"open","ping_status":"open","sticky":false,"template":"","format":"standard","meta":{"footnotes":""},"categories":[38],"tags":[],"class_list":["post-7398","post","type-post","status-publish","format-standard","has-post-thumbnail","hentry","category-retour-sur-le-passe"],"yoast_head":"<!-- This site is optimized with the Yoast SEO plugin v27.5 - https:\/\/yoast.com\/product\/yoast-seo-wordpress\/ -->\n<title>\u00ab\u00a0I have a dream\u00a0\u00bb : Le discours livr\u00e9 par Martin Luther King en 1963 - R\u00e9veil Info<\/title>\n<meta name=\"robots\" content=\"noindex, follow, max-snippet:-1, max-image-preview:large, max-video-preview:-1\" \/>\n<meta property=\"og:locale\" content=\"fr_FR\" \/>\n<meta property=\"og:type\" content=\"article\" \/>\n<meta property=\"og:title\" content=\"\u00ab\u00a0I have a dream\u00a0\u00bb : Le discours livr\u00e9 par Martin Luther King en 1963 - R\u00e9veil Info\" \/>\n<meta property=\"og:description\" content=\"Martin Luther King a prononc\u00e9 son discours, sur les marches du Lincoln Memorial, lors de\" \/>\n<meta property=\"og:url\" content=\"https:\/\/reveil-info.net\/?p=7398\" \/>\n<meta property=\"og:site_name\" content=\"R\u00e9veil Info\" \/>\n<meta property=\"article:published_time\" content=\"2024-08-29T10:08:42+00:00\" \/>\n<meta property=\"og:image\" content=\"https:\/\/reveil-info.net\/wp-content\/uploads\/2024\/08\/MLK_march_washington_GettyImages-176910681-6-1068x768-1-e1709704770435.jpg\" \/>\n\t<meta property=\"og:image:width\" content=\"1067\" \/>\n\t<meta property=\"og:image:height\" content=\"580\" \/>\n\t<meta property=\"og:image:type\" content=\"image\/jpeg\" \/>\n<meta name=\"author\" content=\"R\u00e9veil info\" \/>\n<meta name=\"twitter:card\" content=\"summary_large_image\" \/>\n<meta name=\"twitter:label1\" content=\"\u00c9crit par\" \/>\n\t<meta name=\"twitter:data1\" content=\"R\u00e9veil info\" \/>\n\t<meta name=\"twitter:label2\" content=\"Dur\u00e9e de lecture estim\u00e9e\" \/>\n\t<meta name=\"twitter:data2\" content=\"10 minutes\" \/>\n<script type=\"application\/ld+json\" class=\"yoast-schema-graph\">{\"@context\":\"https:\\\/\\\/schema.org\",\"@graph\":[{\"@type\":\"Article\",\"@id\":\"https:\\\/\\\/reveil-info.net\\\/?p=7398#article\",\"isPartOf\":{\"@id\":\"https:\\\/\\\/reveil-info.net\\\/?p=7398\"},\"author\":{\"name\":\"R\u00e9veil info\",\"@id\":\"https:\\\/\\\/reveil-info.net\\\/#\\\/schema\\\/person\\\/ca0cc8e70088e0a2b5e92556c1ee60f5\"},\"headline\":\"\u00ab\u00a0I have a dream\u00a0\u00bb : Le discours livr\u00e9 par Martin Luther King en 1963\",\"datePublished\":\"2024-08-29T10:08:42+00:00\",\"mainEntityOfPage\":{\"@id\":\"https:\\\/\\\/reveil-info.net\\\/?p=7398\"},\"wordCount\":1993,\"commentCount\":0,\"publisher\":{\"@id\":\"https:\\\/\\\/reveil-info.net\\\/#organization\"},\"image\":{\"@id\":\"https:\\\/\\\/reveil-info.net\\\/?p=7398#primaryimage\"},\"thumbnailUrl\":\"https:\\\/\\\/reveil-info.net\\\/wp-content\\\/uploads\\\/2024\\\/08\\\/MLK_march_washington_GettyImages-176910681-6-1068x768-1-e1709704770435.jpg\",\"articleSection\":[\"Retour sur le Pass\u00e9\"],\"inLanguage\":\"fr-FR\",\"potentialAction\":[{\"@type\":\"CommentAction\",\"name\":\"Comment\",\"target\":[\"https:\\\/\\\/reveil-info.net\\\/?p=7398#respond\"]}]},{\"@type\":\"WebPage\",\"@id\":\"https:\\\/\\\/reveil-info.net\\\/?p=7398\",\"url\":\"https:\\\/\\\/reveil-info.net\\\/?p=7398\",\"name\":\"\u00ab\u00a0I have a dream\u00a0\u00bb : Le discours livr\u00e9 par Martin Luther King en 1963 - R\u00e9veil Info\",\"isPartOf\":{\"@id\":\"https:\\\/\\\/reveil-info.net\\\/#website\"},\"primaryImageOfPage\":{\"@id\":\"https:\\\/\\\/reveil-info.net\\\/?p=7398#primaryimage\"},\"image\":{\"@id\":\"https:\\\/\\\/reveil-info.net\\\/?p=7398#primaryimage\"},\"thumbnailUrl\":\"https:\\\/\\\/reveil-info.net\\\/wp-content\\\/uploads\\\/2024\\\/08\\\/MLK_march_washington_GettyImages-176910681-6-1068x768-1-e1709704770435.jpg\",\"datePublished\":\"2024-08-29T10:08:42+00:00\",\"breadcrumb\":{\"@id\":\"https:\\\/\\\/reveil-info.net\\\/?p=7398#breadcrumb\"},\"inLanguage\":\"fr-FR\",\"potentialAction\":[{\"@type\":\"ReadAction\",\"target\":[\"https:\\\/\\\/reveil-info.net\\\/?p=7398\"]}]},{\"@type\":\"ImageObject\",\"inLanguage\":\"fr-FR\",\"@id\":\"https:\\\/\\\/reveil-info.net\\\/?p=7398#primaryimage\",\"url\":\"https:\\\/\\\/reveil-info.net\\\/wp-content\\\/uploads\\\/2024\\\/08\\\/MLK_march_washington_GettyImages-176910681-6-1068x768-1-e1709704770435.jpg\",\"contentUrl\":\"https:\\\/\\\/reveil-info.net\\\/wp-content\\\/uploads\\\/2024\\\/08\\\/MLK_march_washington_GettyImages-176910681-6-1068x768-1-e1709704770435.jpg\",\"width\":1067,\"height\":580,\"caption\":\"TOPSHOT - US civil rights leader Martin Luther King (C) waves to supporters 28 August 1963 on the Mall in Washington DC (Washington Monument in background) during the \\\"March on Washington\\\", where King delivered his famous \\\"I Have a Dream\\\" speech, which mobilized supporters of desegregation and prompted the Civil Rights Act of 1964. King said the march was \\\"the greatest demonstration of freedom in the history of the United States.\\\" Martin Luther King was assassinated on 04 April 1968 in Memphis, Tennessee. James Earl Ray confessed to shooting King and was sentenced to 99 years in prison. King's killing sent shock waves through American society at the time, and is still regarded as a landmark event in recent US history. AFP PHOTO (Photo by AFP) (Photo by -\\\/AFP via Getty Images)\"},{\"@type\":\"BreadcrumbList\",\"@id\":\"https:\\\/\\\/reveil-info.net\\\/?p=7398#breadcrumb\",\"itemListElement\":[{\"@type\":\"ListItem\",\"position\":1,\"name\":\"Home\",\"item\":\"https:\\\/\\\/reveil-info.net\\\/\"},{\"@type\":\"ListItem\",\"position\":2,\"name\":\"\u00ab\u00a0I have a dream\u00a0\u00bb : Le discours livr\u00e9 par Martin Luther King en 1963\"}]},{\"@type\":\"WebSite\",\"@id\":\"https:\\\/\\\/reveil-info.net\\\/#website\",\"url\":\"https:\\\/\\\/reveil-info.net\\\/\",\"name\":\"R\u00e9veil Info\",\"description\":\"Le devoir d&#039;informer!\",\"publisher\":{\"@id\":\"https:\\\/\\\/reveil-info.net\\\/#organization\"},\"potentialAction\":[{\"@type\":\"SearchAction\",\"target\":{\"@type\":\"EntryPoint\",\"urlTemplate\":\"https:\\\/\\\/reveil-info.net\\\/?s={search_term_string}\"},\"query-input\":{\"@type\":\"PropertyValueSpecification\",\"valueRequired\":true,\"valueName\":\"search_term_string\"}}],\"inLanguage\":\"fr-FR\"},{\"@type\":\"Organization\",\"@id\":\"https:\\\/\\\/reveil-info.net\\\/#organization\",\"name\":\"R\u00e9veil Info\",\"url\":\"https:\\\/\\\/reveil-info.net\\\/\",\"logo\":{\"@type\":\"ImageObject\",\"inLanguage\":\"fr-FR\",\"@id\":\"https:\\\/\\\/reveil-info.net\\\/#\\\/schema\\\/logo\\\/image\\\/\",\"url\":\"https:\\\/\\\/reveil-info.net\\\/wp-content\\\/uploads\\\/2024\\\/07\\\/bnddd1.jpg\",\"contentUrl\":\"https:\\\/\\\/reveil-info.net\\\/wp-content\\\/uploads\\\/2024\\\/07\\\/bnddd1.jpg\",\"width\":903,\"height\":125,\"caption\":\"R\u00e9veil Info\"},\"image\":{\"@id\":\"https:\\\/\\\/reveil-info.net\\\/#\\\/schema\\\/logo\\\/image\\\/\"}},{\"@type\":\"Person\",\"@id\":\"https:\\\/\\\/reveil-info.net\\\/#\\\/schema\\\/person\\\/ca0cc8e70088e0a2b5e92556c1ee60f5\",\"name\":\"R\u00e9veil info\",\"image\":{\"@type\":\"ImageObject\",\"inLanguage\":\"fr-FR\",\"@id\":\"https:\\\/\\\/secure.gravatar.com\\\/avatar\\\/e4ad5bb743c8b6cb174d9df6c7d30a8a16f6889731241345fc6444e6485f02af?s=96&d=mm&r=g\",\"url\":\"https:\\\/\\\/secure.gravatar.com\\\/avatar\\\/e4ad5bb743c8b6cb174d9df6c7d30a8a16f6889731241345fc6444e6485f02af?s=96&d=mm&r=g\",\"contentUrl\":\"https:\\\/\\\/secure.gravatar.com\\\/avatar\\\/e4ad5bb743c8b6cb174d9df6c7d30a8a16f6889731241345fc6444e6485f02af?s=96&d=mm&r=g\",\"caption\":\"R\u00e9veil info\"},\"sameAs\":[\"https:\\\/\\\/reveil-info.net\"],\"url\":\"https:\\\/\\\/reveil-info.net\\\/?author=1\"}]}<\/script>\n<!-- \/ Yoast SEO plugin. -->","yoast_head_json":{"title":"\u00ab\u00a0I have a dream\u00a0\u00bb : Le discours livr\u00e9 par Martin Luther King en 1963 - R\u00e9veil Info","robots":{"index":"noindex","follow":"follow","max-snippet":"max-snippet:-1","max-image-preview":"max-image-preview:large","max-video-preview":"max-video-preview:-1"},"og_locale":"fr_FR","og_type":"article","og_title":"\u00ab\u00a0I have a dream\u00a0\u00bb : Le discours livr\u00e9 par Martin Luther King en 1963 - R\u00e9veil Info","og_description":"Martin Luther King a prononc\u00e9 son discours, sur les marches du Lincoln Memorial, lors de","og_url":"https:\/\/reveil-info.net\/?p=7398","og_site_name":"R\u00e9veil Info","article_published_time":"2024-08-29T10:08:42+00:00","og_image":[{"width":1067,"height":580,"url":"https:\/\/reveil-info.net\/wp-content\/uploads\/2024\/08\/MLK_march_washington_GettyImages-176910681-6-1068x768-1-e1709704770435.jpg","type":"image\/jpeg"}],"author":"R\u00e9veil info","twitter_card":"summary_large_image","twitter_misc":{"\u00c9crit par":"R\u00e9veil info","Dur\u00e9e de lecture estim\u00e9e":"10 minutes"},"schema":{"@context":"https:\/\/schema.org","@graph":[{"@type":"Article","@id":"https:\/\/reveil-info.net\/?p=7398#article","isPartOf":{"@id":"https:\/\/reveil-info.net\/?p=7398"},"author":{"name":"R\u00e9veil info","@id":"https:\/\/reveil-info.net\/#\/schema\/person\/ca0cc8e70088e0a2b5e92556c1ee60f5"},"headline":"\u00ab\u00a0I have a dream\u00a0\u00bb : Le discours livr\u00e9 par Martin Luther King en 1963","datePublished":"2024-08-29T10:08:42+00:00","mainEntityOfPage":{"@id":"https:\/\/reveil-info.net\/?p=7398"},"wordCount":1993,"commentCount":0,"publisher":{"@id":"https:\/\/reveil-info.net\/#organization"},"image":{"@id":"https:\/\/reveil-info.net\/?p=7398#primaryimage"},"thumbnailUrl":"https:\/\/reveil-info.net\/wp-content\/uploads\/2024\/08\/MLK_march_washington_GettyImages-176910681-6-1068x768-1-e1709704770435.jpg","articleSection":["Retour sur le Pass\u00e9"],"inLanguage":"fr-FR","potentialAction":[{"@type":"CommentAction","name":"Comment","target":["https:\/\/reveil-info.net\/?p=7398#respond"]}]},{"@type":"WebPage","@id":"https:\/\/reveil-info.net\/?p=7398","url":"https:\/\/reveil-info.net\/?p=7398","name":"\u00ab\u00a0I have a dream\u00a0\u00bb : Le discours livr\u00e9 par Martin Luther King en 1963 - R\u00e9veil Info","isPartOf":{"@id":"https:\/\/reveil-info.net\/#website"},"primaryImageOfPage":{"@id":"https:\/\/reveil-info.net\/?p=7398#primaryimage"},"image":{"@id":"https:\/\/reveil-info.net\/?p=7398#primaryimage"},"thumbnailUrl":"https:\/\/reveil-info.net\/wp-content\/uploads\/2024\/08\/MLK_march_washington_GettyImages-176910681-6-1068x768-1-e1709704770435.jpg","datePublished":"2024-08-29T10:08:42+00:00","breadcrumb":{"@id":"https:\/\/reveil-info.net\/?p=7398#breadcrumb"},"inLanguage":"fr-FR","potentialAction":[{"@type":"ReadAction","target":["https:\/\/reveil-info.net\/?p=7398"]}]},{"@type":"ImageObject","inLanguage":"fr-FR","@id":"https:\/\/reveil-info.net\/?p=7398#primaryimage","url":"https:\/\/reveil-info.net\/wp-content\/uploads\/2024\/08\/MLK_march_washington_GettyImages-176910681-6-1068x768-1-e1709704770435.jpg","contentUrl":"https:\/\/reveil-info.net\/wp-content\/uploads\/2024\/08\/MLK_march_washington_GettyImages-176910681-6-1068x768-1-e1709704770435.jpg","width":1067,"height":580,"caption":"TOPSHOT - US civil rights leader Martin Luther King (C) waves to supporters 28 August 1963 on the Mall in Washington DC (Washington Monument in background) during the \"March on Washington\", where King delivered his famous \"I Have a Dream\" speech, which mobilized supporters of desegregation and prompted the Civil Rights Act of 1964. King said the march was \"the greatest demonstration of freedom in the history of the United States.\" Martin Luther King was assassinated on 04 April 1968 in Memphis, Tennessee. James Earl Ray confessed to shooting King and was sentenced to 99 years in prison. King's killing sent shock waves through American society at the time, and is still regarded as a landmark event in recent US history. AFP PHOTO (Photo by AFP) (Photo by -\/AFP via Getty Images)"},{"@type":"BreadcrumbList","@id":"https:\/\/reveil-info.net\/?p=7398#breadcrumb","itemListElement":[{"@type":"ListItem","position":1,"name":"Home","item":"https:\/\/reveil-info.net\/"},{"@type":"ListItem","position":2,"name":"\u00ab\u00a0I have a dream\u00a0\u00bb : Le discours livr\u00e9 par Martin Luther King en 1963"}]},{"@type":"WebSite","@id":"https:\/\/reveil-info.net\/#website","url":"https:\/\/reveil-info.net\/","name":"R\u00e9veil Info","description":"Le devoir d&#039;informer!","publisher":{"@id":"https:\/\/reveil-info.net\/#organization"},"potentialAction":[{"@type":"SearchAction","target":{"@type":"EntryPoint","urlTemplate":"https:\/\/reveil-info.net\/?s={search_term_string}"},"query-input":{"@type":"PropertyValueSpecification","valueRequired":true,"valueName":"search_term_string"}}],"inLanguage":"fr-FR"},{"@type":"Organization","@id":"https:\/\/reveil-info.net\/#organization","name":"R\u00e9veil Info","url":"https:\/\/reveil-info.net\/","logo":{"@type":"ImageObject","inLanguage":"fr-FR","@id":"https:\/\/reveil-info.net\/#\/schema\/logo\/image\/","url":"https:\/\/reveil-info.net\/wp-content\/uploads\/2024\/07\/bnddd1.jpg","contentUrl":"https:\/\/reveil-info.net\/wp-content\/uploads\/2024\/07\/bnddd1.jpg","width":903,"height":125,"caption":"R\u00e9veil Info"},"image":{"@id":"https:\/\/reveil-info.net\/#\/schema\/logo\/image\/"}},{"@type":"Person","@id":"https:\/\/reveil-info.net\/#\/schema\/person\/ca0cc8e70088e0a2b5e92556c1ee60f5","name":"R\u00e9veil info","image":{"@type":"ImageObject","inLanguage":"fr-FR","@id":"https:\/\/secure.gravatar.com\/avatar\/e4ad5bb743c8b6cb174d9df6c7d30a8a16f6889731241345fc6444e6485f02af?s=96&d=mm&r=g","url":"https:\/\/secure.gravatar.com\/avatar\/e4ad5bb743c8b6cb174d9df6c7d30a8a16f6889731241345fc6444e6485f02af?s=96&d=mm&r=g","contentUrl":"https:\/\/secure.gravatar.com\/avatar\/e4ad5bb743c8b6cb174d9df6c7d30a8a16f6889731241345fc6444e6485f02af?s=96&d=mm&r=g","caption":"R\u00e9veil info"},"sameAs":["https:\/\/reveil-info.net"],"url":"https:\/\/reveil-info.net\/?author=1"}]}},"jetpack_featured_media_url":"https:\/\/reveil-info.net\/wp-content\/uploads\/2024\/08\/MLK_march_washington_GettyImages-176910681-6-1068x768-1-e1709704770435.jpg","featured_image_urls":{"full":["https:\/\/reveil-info.net\/wp-content\/uploads\/2024\/08\/MLK_march_washington_GettyImages-176910681-6-1068x768-1-e1709704770435.jpg",1067,580,false],"thumbnail":["https:\/\/reveil-info.net\/wp-content\/uploads\/2024\/08\/MLK_march_washington_GettyImages-176910681-6-1068x768-1-e1709704770435-150x150.jpg",150,150,true],"medium":["https:\/\/reveil-info.net\/wp-content\/uploads\/2024\/08\/MLK_march_washington_GettyImages-176910681-6-1068x768-1-e1709704770435-300x163.jpg",300,163,true],"medium_large":["https:\/\/reveil-info.net\/wp-content\/uploads\/2024\/08\/MLK_march_washington_GettyImages-176910681-6-1068x768-1-e1709704770435-768x417.jpg",640,348,true],"large":["https:\/\/reveil-info.net\/wp-content\/uploads\/2024\/08\/MLK_march_washington_GettyImages-176910681-6-1068x768-1-e1709704770435-1024x557.jpg",640,348,true],"1536x1536":["https:\/\/reveil-info.net\/wp-content\/uploads\/2024\/08\/MLK_march_washington_GettyImages-176910681-6-1068x768-1-e1709704770435.jpg",1067,580,false],"2048x2048":["https:\/\/reveil-info.net\/wp-content\/uploads\/2024\/08\/MLK_march_washington_GettyImages-176910681-6-1068x768-1-e1709704770435.jpg",1067,580,false],"chromenews-featured":["https:\/\/reveil-info.net\/wp-content\/uploads\/2024\/08\/MLK_march_washington_GettyImages-176910681-6-1068x768-1-e1709704770435-1024x557.jpg",1024,557,true],"chromenews-large":["https:\/\/reveil-info.net\/wp-content\/uploads\/2024\/08\/MLK_march_washington_GettyImages-176910681-6-1068x768-1-e1709704770435-825x575.jpg",825,575,true],"chromenews-medium":["https:\/\/reveil-info.net\/wp-content\/uploads\/2024\/08\/MLK_march_washington_GettyImages-176910681-6-1068x768-1-e1709704770435-590x410.jpg",590,410,true]},"author_info":{"display_name":"R\u00e9veil info","author_link":"https:\/\/reveil-info.net\/?author=1"},"category_info":"<a href=\"https:\/\/reveil-info.net\/?cat=38\" rel=\"category\">Retour sur le Pass\u00e9<\/a>","tag_info":"Retour sur le Pass\u00e9","comment_count":"0","_links":{"self":[{"href":"https:\/\/reveil-info.net\/index.php?rest_route=\/wp\/v2\/posts\/7398","targetHints":{"allow":["GET"]}}],"collection":[{"href":"https:\/\/reveil-info.net\/index.php?rest_route=\/wp\/v2\/posts"}],"about":[{"href":"https:\/\/reveil-info.net\/index.php?rest_route=\/wp\/v2\/types\/post"}],"author":[{"embeddable":true,"href":"https:\/\/reveil-info.net\/index.php?rest_route=\/wp\/v2\/users\/1"}],"replies":[{"embeddable":true,"href":"https:\/\/reveil-info.net\/index.php?rest_route=%2Fwp%2Fv2%2Fcomments&post=7398"}],"version-history":[{"count":3,"href":"https:\/\/reveil-info.net\/index.php?rest_route=\/wp\/v2\/posts\/7398\/revisions"}],"predecessor-version":[{"id":7402,"href":"https:\/\/reveil-info.net\/index.php?rest_route=\/wp\/v2\/posts\/7398\/revisions\/7402"}],"wp:featuredmedia":[{"embeddable":true,"href":"https:\/\/reveil-info.net\/index.php?rest_route=\/wp\/v2\/media\/7401"}],"wp:attachment":[{"href":"https:\/\/reveil-info.net\/index.php?rest_route=%2Fwp%2Fv2%2Fmedia&parent=7398"}],"wp:term":[{"taxonomy":"category","embeddable":true,"href":"https:\/\/reveil-info.net\/index.php?rest_route=%2Fwp%2Fv2%2Fcategories&post=7398"},{"taxonomy":"post_tag","embeddable":true,"href":"https:\/\/reveil-info.net\/index.php?rest_route=%2Fwp%2Fv2%2Ftags&post=7398"}],"curies":[{"name":"wp","href":"https:\/\/api.w.org\/{rel}","templated":true}]}}