{"id":7350,"date":"2024-08-28T16:15:50","date_gmt":"2024-08-28T16:15:50","guid":{"rendered":"https:\/\/reveil-info.net\/?p=7350"},"modified":"2024-08-28T16:15:50","modified_gmt":"2024-08-28T16:15:50","slug":"senegal-conseil-interministeriel-sur-lapprovisionnement-en-eau-potable-releve-des-decisions-du-premier-ministre","status":"publish","type":"post","link":"https:\/\/reveil-info.net\/?p=7350","title":{"rendered":"S\u00e9n\u00e9gal: Conseil interminist\u00e9riel sur l\u2019approvisionnement en eau potable: relev\u00e9 des d\u00e9cisions du Premier Ministre"},"content":{"rendered":"<p><b><span lang=\"FR\" xml:lang=\"FR\">Le Premier Ministre Ousmane SONKO\u00a0<\/span><\/b><span lang=\"FR\" xml:lang=\"FR\">a pr\u00e9sid\u00e9, le mardi 27 ao\u00fbt 2024, \u00e0 la salle de conf\u00e9rences de la Primature, un Conseil Interminist\u00e9riel sur l\u2019approvisionnement en eau potable. \u00a0Voici le relev\u00e9 des d\u00e9cisions qu&rsquo;il a pris \u00e0 cet effet :<\/span><\/p>\n<p><b>A-\u00a0AU TITRE DE LA GOUVERNANCE ET DES REFORMES<\/b><\/p>\n<ol>\n<li><b><span lang=\"fr\" xml:lang=\"fr\">Le Ministre de l\u2019Hydraulique et de l\u2019Assainissement<\/span><\/b><span lang=\"fr\" xml:lang=\"fr\">\u00a0organisera, en relation avec toutes les parties prenantes, au plus tard \u00e0 la fin du mois d\u2019octobre 2024, de larges concertations sur l\u2019Eau et l\u2019Assainissement, en partant du niveau territorial au niveau central, afin de disposer d\u2019un diagnostic fiable et inclusif du secteur et de proposer les strat\u00e9gies appropri\u00e9es pour la prise en charge durable des pr\u00e9occupations ;\u00a0<\/span><\/li>\n<li><b><span lang=\"fr\" xml:lang=\"fr\">Le Ministre de l\u2019Hydraulique et de l\u2019Assainissement, en relation avec le Ministre de l\u2019\u00c9conomie, du Plan et de la Coop\u00e9ration<\/span><\/b><span lang=\"fr\" xml:lang=\"fr\">, devra \u00e9laborer, \u00e0 l\u2019issue de concertations ouvertes et inclusives impliquant l\u2019ensemble des acteurs du secteur, une nouvelle Lettre de Politique sectorielle de D\u00e9veloppement conforme \u00e0 la vision du PROJET en mati\u00e8re d\u2019Eau et d\u2019Assainissement ainsi qu\u2019aux Objectifs du D\u00e9veloppement durable 2030 et \u00e0 l\u2019Agenda\u00a0<\/span><span lang=\"fr\" xml:lang=\"fr\">2063 de l\u2019Union Africaine ;<\/span><\/li>\n<li><b><span lang=\"fr\" xml:lang=\"fr\">Le Ministre de l\u2019Hydraulique et de l\u2019Assainissement<\/span><\/b><span lang=\"fr\" xml:lang=\"fr\">\u00a0proposera au Gouvernement, au plus tard \u00e0 la fin du premier trimestre de l\u2019ann\u00e9e 2025, le Programme national d\u2019Acc\u00e8s s\u00e9curis\u00e9 \u00e0 l\u2019Eau et \u00e0 l\u2019Assainissement align\u00e9 \u00e0 la vision du PROJET ;<\/span><\/li>\n<li><b><span lang=\"fr\" xml:lang=\"fr\">Le Ministre de l\u2019Hydraulique et de l\u2019Assainissement, en relation avec le Secr\u00e9taire G\u00e9n\u00e9ral du Gouvernement<\/span><\/b><span lang=\"fr\" xml:lang=\"fr\">, entreprendra les diligences utiles pour \u00e9laborer, de mani\u00e8re concert\u00e9e et participative, un nouveau projet de Code de l\u2019Eau conforme au Projet, \u00e0 soumettre au Gouvernement au plus tard en d\u00e9cembre 2025 ; \u00a0<\/span><\/li>\n<li><b><span lang=\"fr\" xml:lang=\"fr\">Le Ministre de l\u2019Hydraulique et de l\u2019Assainissement, en relation avec le Secr\u00e9taire G\u00e9n\u00e9ral du Gouvernement,<\/span><\/b><span lang=\"fr\" xml:lang=\"fr\">\u00a0prendra les dispositions n\u00e9cessaires pour soumettre au Gouvernement, au plus tard en d\u00e9cembre 2024, les projets de textes relatifs \u00e0 la cr\u00e9ation, \u00e0 l\u2019organisation et au fonctionnement de la Haute Autorit\u00e9 de R\u00e9gulation du Secteur de l\u2019Eau ;<\/span><\/li>\n<li><b><span lang=\"fr\" xml:lang=\"fr\">Le Ministre de l\u2019Hydraulique et de l\u2019Assainissement<\/span><\/b><span lang=\"fr\" xml:lang=\"fr\">, veillera, conform\u00e9ment au principe d\u2019\u00e9quit\u00e9 territoriale, \u00e0 la desserte en eau potable de l\u2019ensemble des localit\u00e9s riveraines du Lac de Guiers ainsi que des zones travers\u00e9es par les canalisations \u00e0 poser dans le cadre du Grand Transfert d\u2019Eau, et des autres types de transferts d\u2019eau \u00e0 partir de champs captant vers les grandes villes ;<\/span><\/li>\n<li><b><span lang=\"fr\" xml:lang=\"fr\">Le Ministre des Finances et du Budget, en relation avec le Ministre de l\u2019Hydraulique et de l\u2019Assainissement,<\/span><\/b><span lang=\"fr\" xml:lang=\"fr\">\u00a0mettra en \u0153uvre, avec diligence, les mesures de restauration de l\u2019\u00e9quilibre financier du sous-secteur de l\u2019Hydraulique urbaine.<\/span><\/li>\n<\/ol>\n<p>&nbsp;<\/p>\n<p><b><span lang=\"fr\" xml:lang=\"fr\">B-<\/span><\/b><b>\u00a0<\/b><b><span lang=\"fr\" xml:lang=\"fr\">AU TITRE DE L\u2019HYDRAULIQUE RURALE<\/span><\/b><\/p>\n<ol start=\"8\">\n<li><b><span lang=\"fr\" xml:lang=\"fr\">Concernant l\u2019\u00e9tat des lieux<\/span><\/b><span lang=\"fr\" xml:lang=\"fr\">\u00a0:\u00a0<\/span><\/li>\n<\/ol>\n<ol>\n<li><span lang=\"fr\" xml:lang=\"fr\">en d\u00e9pit d\u2019un taux d\u2019acc\u00e8s am\u00e9lior\u00e9 de 96,9% \u00e0 l\u2019eau potable et d\u2019investissement de pr\u00e8s 200 milliards durant les dix derni\u00e8res ann\u00e9es, il est not\u00e9 de fortes disparit\u00e9s entre les communes rurales, les d\u00e9partements et les r\u00e9gions, plus particuli\u00e8rement dans les r\u00e9gions de Kolda, K\u00e9dougou, de S\u00e9dhiou, de Tambacounda et de Ziguinchor, o\u00f9 le taux d\u2019acc\u00e8s \u00e0 l\u2019eau potable est extr\u00eamement faible. Il est \u00e9galement \u00e0 relever une qualit\u00e9 d\u2019eau posant de r\u00e9els probl\u00e8mes de sant\u00e9 publique dans le bassin arachidier et la zone du sud-est du pays.\u00a0<\/span><\/li>\n<li><span lang=\"fr\" xml:lang=\"fr\">Concernant le fonctionnement des infrastructures et le cadre organisationnel, il est \u00e0 relever les insuffisances ci-apr\u00e8s :<\/span>\n<ul>\n<li><span lang=\"fr\" xml:lang=\"fr\">un rendement du r\u00e9seau non satisfaisant pour les fermiers ;<\/span><\/li>\n<li><span lang=\"fr\" xml:lang=\"fr\">des impay\u00e9s de factures dues aux d\u00e9l\u00e9gataires et \u00e0 la SENELEC ;<\/span><\/li>\n<li><span lang=\"fr\" xml:lang=\"fr\">des contraintes institutionnelles limitant l\u2019efficacit\u00e9 op\u00e9rationnelle de l\u2019Office des Forages ruraux (OFOR) ;<\/span><\/li>\n<li><span lang=\"fr\" xml:lang=\"fr\">la v\u00e9tust\u00e9 des ouvrages de production et de stockage avec des besoins importants de r\u00e9habilitation ;<\/span><\/li>\n<li><span lang=\"fr\" xml:lang=\"fr\">l\u2019inadaptation de la grille tarifaire ;<\/span><\/li>\n<li><span lang=\"fr\" xml:lang=\"fr\">des probl\u00e8mes de transparence dans la gestion financi\u00e8re des Associations d\u2018Usagers de Forages (ASUFOR) et l\u2019ing\u00e9rence \u00a0des leaders communautaires dans leur fonctionnement ;<\/span><\/li>\n<li><span lang=\"fr\" xml:lang=\"fr\">les incoh\u00e9rences dans la gestion des interfaces entre les p\u00e9rim\u00e8tres urbains et rural ;<\/span><\/li>\n<\/ul>\n<\/li>\n<\/ol>\n<p><b><span lang=\"fr\" xml:lang=\"fr\">Au regard de toutes ces insuffisances :<\/span><\/b><\/p>\n<ol start=\"9\">\n<li><b><span lang=\"fr\" xml:lang=\"fr\">Le Ministre de l\u2019Hydraulique et de l\u2019Assainissement<\/span><\/b><span lang=\"fr\" xml:lang=\"fr\">\u00a0proc\u00e9dera, d\u2019ici la fin de l\u2019ann\u00e9e 2024, \u00e0 l\u2019\u00e9valuation ind\u00e9pendante actualis\u00e9e de la r\u00e9forme de la gestion du service public de l\u2019eau potable en milieu rural et proposera des mesures d\u2019am\u00e9lioration pour une professionnalisation et une implication accrues des collectivit\u00e9s territoriales et des communaut\u00e9s ;<\/span><\/li>\n<li><b><span lang=\"fr\" xml:lang=\"fr\">Le Ministre de l\u2019Hydraulique et de l\u2019Assainissement<\/span><\/b><span lang=\"fr\" xml:lang=\"fr\">, en relation avec le Ministre des Finances et du Budget, \u00e9laborera et soumettra au Gouvernement, au plus tard \u00e0 fin septembre 2024, un plan d\u2019actions pour le renforcement du cadre institutionnel, organisationnel et financier de l\u2019OFOR ;<\/span><\/li>\n<li><b><span lang=\"fr\" xml:lang=\"fr\">Le Ministre de l\u2019Hydraulique et de l\u2019Assainissement<\/span><\/b><span lang=\"fr\" xml:lang=\"fr\">\u00a0parach\u00e8vera, par le biais de l\u2019OFOR, les engagements relatifs \u00e0 l\u2019incorporation totale du patrimoine dans le p\u00e9rim\u00e8tre d\u2019exploitation des fermiers, tout en veillant au renforcement du dialogue entre les populations et ces derniers pour une meilleure qualit\u00e9 de service et une prise en charge de la Responsabilit\u00e9 sociale d\u2019Entreprise (RSE) ; \u00a0<\/span><\/li>\n<li><b><span lang=\"fr\" xml:lang=\"fr\">Le Ministre de l\u2019Energie, des Mines et du P\u00e9trole, en rapport avec le Ministre de l\u2019Hydraulique et de l\u2019Assainissement<\/span><\/b><span lang=\"fr\" xml:lang=\"fr\">, devra veiller, dans le cadre de la transition \u00e9nerg\u00e9tique, \u00e0 la compl\u00e9tude dans un d\u00e9lai de 48 mois, de la mise en \u0153uvre du Programme de solarisation des forages et veillera d\u00e9sormais, \u00e0 la solarisation syst\u00e9matique de tous les nouveaux forages ;<\/span><\/li>\n<li><b><span lang=\"fr\" xml:lang=\"fr\">Le Ministre de l\u2019Hydraulique et de l\u2019Assainissement<\/span><\/b><span lang=\"fr\" xml:lang=\"fr\">\u00a0conduira une \u00e9tude approfondie, au plus tard \u00e0 la fin du premier semestre 2025, portant sur la mise en place d\u2019une structure tarifaire des services d\u2019eau en milieu rural plus juste pour les consommateurs et favorable \u00e0 l\u2019\u00e9quilibre financier durable du secteur ; \u00a0<\/span><\/li>\n<li><b><span lang=\"fr\" xml:lang=\"fr\">Le Ministre de l\u2019Hydraulique et de l\u2019Assainissement<\/span><\/b><span lang=\"fr\" xml:lang=\"fr\">\u00a0proposera, au plus tard en d\u00e9cembre 2024, conform\u00e9ment aux principes d\u2019\u00e9quit\u00e9 territoriale et sociale, un plan de sortie progressive de l\u2019approche de distinction entre l\u2019hydraulique rurale et l\u2019hydraulique urbaine en vue d\u2019aboutir, \u00e0 terme, \u00e0 une gestion unitaire du patrimoine de l\u2019hydraulique et \u00e0 la m\u00eame qualit\u00e9 de service sur l\u2019ensemble du territoire national.<\/span><\/li>\n<\/ol>\n<p>&nbsp;<\/p>\n<p><b><span lang=\"fr\" xml:lang=\"fr\">C-<\/span><\/b><b>\u00a0<\/b><b><span lang=\"fr\" xml:lang=\"fr\">AU TITRE DE L\u2019HYDRAULIQUE URBAINE<\/span><\/b><\/p>\n<ol start=\"15\">\n<li><b><span lang=\"fr\" xml:lang=\"fr\">Concernant l\u2019\u00e9tat des lieux :<\/span><\/b><\/li>\n<\/ol>\n<ol>\n<li><span lang=\"fr\" xml:lang=\"fr\">Malgr\u00e9 des investissements cumul\u00e9s de 776 milliards sur la p\u00e9riode 1996-2023, le syst\u00e8me d\u2019approvisionnement en eau potable, notamment dans le triangle Dakar-Mbour-Thi\u00e8s sera expos\u00e9 \u00e0 des d\u00e9ficits de 110 000 m<sup>3<\/sup>\/jour en 2025 et 290 000 m<sup>3<\/sup>\/jour en 2030;<\/span><\/li>\n<li><span lang=\"fr\" xml:lang=\"fr\">Il y a lieu \u00e9galement de souligner :<\/span>\n<ul>\n<li><span lang=\"fr\" xml:lang=\"fr\">le d\u00e9s\u00e9quilibre financier de la SONES, accentu\u00e9 par les impay\u00e9s de factures d\u2019eau de l\u2019administration centrale et des structures autonomes ;<\/span><\/li>\n<li><span lang=\"fr\" xml:lang=\"fr\">la d\u00e9gradation s\u00e9v\u00e8re de la situation financi\u00e8re de la SEN\u2019EAU ;<\/span><\/li>\n<li><span lang=\"fr\" xml:lang=\"fr\">la d\u00e9gradation de la qualit\u00e9 de l\u2019eau du Lac de Guiers ;<\/span><\/li>\n<\/ul>\n<\/li>\n<\/ol>\n<p>&nbsp;<\/p>\n<p><b><span lang=\"fr\" xml:lang=\"fr\">Au regard de ces insuffisances ;<\/span><\/b><\/p>\n<ol start=\"16\">\n<li><b><span lang=\"fr\" xml:lang=\"fr\">Le Ministre de l\u2019Hydraulique et de l\u2019Assainissement<\/span><\/b><span lang=\"fr\" xml:lang=\"fr\">\u00a0prendra les dispositions utiles pour la finalisation, au plus tard \u00e0 la fin de l\u2019ann\u00e9e 2024, de la mission d\u2019investigation technique et financi\u00e8re aupr\u00e8s de la SEN\u2019EAU destin\u00e9e analyser les conditions d\u2019ex\u00e9cution du contrat d\u2019affermage, notamment celles relatives \u00e0 la performance de l\u2019entreprise ;<\/span><\/li>\n<li><b><span lang=\"fr\" xml:lang=\"fr\">Les Ministres charg\u00e9s des Forces Arm\u00e9es et de l\u2019Int\u00e9rieur, en relation avec le Ministre de l\u2019Hydraulique et de l\u2019Assainissement<\/span><\/b><span lang=\"fr\" xml:lang=\"fr\">, mettront en \u0153uvre un plan de s\u00e9curisation de sites strat\u00e9giques de production et de transport d&rsquo;eau potable, en particulier, en veillant en permanence \u00e0 la s\u00e9curisation et \u00e0 l\u2019am\u00e9lioration de la qualit\u00e9 des eaux du Lac de Guiers ; \u00a0<\/span><\/li>\n<li><span lang=\"fr\" xml:lang=\"fr\">Concernant la gestion des impacts des travaux d\u2019hydraulique sur le r\u00e9seau routier ou ferroviaire,\u00a0<b>le Ministre charg\u00e9 des Infrastructures et des Transports, en relation avec les ministres charg\u00e9s de l\u2019Hydraulique et de l\u2019Assainissement, des T\u00e9l\u00e9communications, de l\u2019Energie et de l\u2019Int\u00e9rieur<\/b>, mettra en place une plateforme de concertations, de planification et de suivi des travaux dans une logique de convergence et de s\u00e9curit\u00e9 ; \u00a0<\/span><\/li>\n<li><b><span lang=\"fr\" xml:lang=\"fr\">Le Ministre de l\u2019Hydraulique et de l\u2019Assainissement<\/span><\/b><span lang=\"fr\" xml:lang=\"fr\">\u00a0conduira une \u00e9tude approfondie, au plus tard \u00e0 la fin du premier semestre 2025, pour la mise en place d\u2019une structure tarifaire des services d\u2019eau en milieu urbain plus juste pour les consommateurs et favorable \u00e0 l\u2019\u00e9quilibre financier durable du secteur.<\/span><\/li>\n<\/ol>\n<p>&nbsp;<\/p>\n<h2>D-\u00a0AU TITRE DU GRAND TRANSFERT D\u2019EAU<\/h2>\n<ol start=\"20\">\n<li><b><span lang=\"fr\" xml:lang=\"fr\">Le Premier Ministre engage le Ministre de l\u2019Hydraulique et de l\u2019Assainissement, le Ministre des Finances et du Budget, le Ministre de l\u2019Economie, du Plan et de la Coop\u00e9ration, et le Ministre, Secr\u00e9taire g\u00e9n\u00e9ral du Gouvernement<\/span><\/b><span lang=\"fr\" xml:lang=\"fr\">, \u00e0 prendre les dispositions idoines en vue de la mise en place d\u2019un Comit\u00e9 charg\u00e9 de la mise en \u0153uvre du projet Grand Transfert d\u2019Eau ;<\/span><\/li>\n<li><b><span lang=\"fr\" xml:lang=\"fr\">Le Ministre de l\u2019Hydraulique et de l\u2019Assainissement, en relation avec le Ministre des Finances et du Budget<\/span><\/b><span lang=\"fr\" xml:lang=\"fr\">, prendra toutes les dispositions n\u00e9cessaires pour mobiliser, suivant les proc\u00e9dures appropri\u00e9es, les financements, les bureaux d\u2019\u00e9tudes et les entreprises charg\u00e9s de r\u00e9aliser les \u00e9tudes techniques approfondies et les travaux afin de mettre en service les installations<\/span>\u00a0<span lang=\"fr\" xml:lang=\"fr\">du Grand Transfert au plus tard en 2029.\u00a0<\/span><\/li>\n<li><span lang=\"fr\" xml:lang=\"fr\">Dans l\u2019attente de la finalisation de ce projet, un programme interm\u00e9diaire d\u2019investissement devra \u00eatre mis en place, visant \u00e0 :<\/span>\n<ul>\n<li><span lang=\"fr\" xml:lang=\"fr\">soutenir la demande en eau potable dans le triangle Dakar-Thi\u00e8s-Mbour ;<\/span><\/li>\n<li><span lang=\"fr\" xml:lang=\"fr\">assurer l\u2019approvisionnement correct en eau potable de la ville de Touba.<\/span><\/li>\n<\/ul>\n<\/li>\n<\/ol>\n<p>&nbsp;<\/p>\n<h2>E-\u00a0AU TITRE DU FINANCEMENT<\/h2>\n<ol start=\"23\">\n<li><b><span lang=\"fr\" xml:lang=\"fr\">Le Ministre de l\u2019Hydraulique et de l\u2019Assainissement, en relation avec les Ministres charg\u00e9s de la Coop\u00e9ration et des Finances<\/span><\/b><span lang=\"fr\" xml:lang=\"fr\">, devra, parall\u00e8lement \u00e0 la mobilisation de ressources internes, organiser, au plus tard en mars 2025, une table ronde des partenaires techniques et financiers pour assurer un financement efficient du programme national consolid\u00e9 d\u2019acc\u00e8s \u00e0 l\u2019eau potable \u00a0dans des conditions compatibles avec les orientations du Gouvernement en mati\u00e8re de financement du d\u00e9veloppement. Une priorit\u00e9 devra \u00eatre accord\u00e9e au bouclage rapide du financement de la premi\u00e8re phase du Grand Transfert d\u2019Eau pour un montant global de 610 milliards FCFA ;<\/span><\/li>\n<li><b><span lang=\"fr\" xml:lang=\"fr\">Le Ministre des Finances et du Budget,<\/span><\/b><span lang=\"fr\" xml:lang=\"fr\">\u00a0dans le cadre de la Loi de Finances initiale 2025, prendra toutes les dispositions n\u00e9cessaires pour mobiliser, sur ressources internes du BCI, les montants n\u00e9cessaires au financement des activit\u00e9s urgentes identifi\u00e9es et non pr\u00e9vues sur les ressources ext\u00e9rieures ; \u00a0<\/span><\/li>\n<li><span lang=\"fr\" xml:lang=\"fr\">Le\u00a0<b>Minist\u00e8re des Finances et du Budget, en rapport avec le Minist\u00e8re charg\u00e9 de l\u2019Hydraulique<\/b>, devra finaliser la requ\u00eate de financement aupr\u00e8s de la BAD pour le renouvellement du r\u00e9seau de distribution d\u2019eau de Touba dans le cadre de la p\u00e9riode interm\u00e9diaire du Grand Transfert d\u2019Eau ;\u00a0<b>26-<\/b><\/span><span lang=\"fr\" xml:lang=\"fr\">Pour la gestion de la phase transitoire \u00e0 la r\u00e9alisation du projet de GTE, il est demand\u00e9 au\u00a0<b>Ministre des Finances et du Budget\u00a0<\/b>d\u2019allouer, dans la LFI 2025, des dotations financi\u00e8res, d\u2019une part, au Minist\u00e8re des Forces arm\u00e9es pour l\u2019acquisition de la logistique n\u00e9cessaire \u00e0 la r\u00e9alisation, en appoint, de forages sur toute l\u2019\u00e9tendue du territoire national et, d\u2019autre part \u00e0 l\u2019OFOR, pour l\u2019acquisition de 2 grues ;<\/span><\/li>\n<li><b><span lang=\"fr\" xml:lang=\"fr\">Les Ministres charg\u00e9s de l\u2019Economie et des Finances, en relation avec le Ministre de l\u2019Hydraulique et de l\u2019Assainissement, veilleront \u00e0<\/span><\/b><span lang=\"fr\" xml:lang=\"fr\">\u00a0la mobilisation urgente des moyens financiers n\u00e9cessaires pour la mise en \u0153uvre des programmes de remise en \u00e9tat du patrimoine de l\u2019OFOR, incluant les conventions de programme d\u2019investissement avec les fermiers ;<\/span><\/li>\n<li><b><span lang=\"fr\" xml:lang=\"fr\">Le Ministre des Finances et du Budget, en relation avec les Ministres charg\u00e9s de l\u2019Energie et de l\u2019Hydraulique<\/span><\/b><span lang=\"fr\" xml:lang=\"fr\">, soumettra au Gouvernement, au plus tard en fin septembre 2024, un plan d\u2019actions visant \u00e0 r\u00e9gler les cr\u00e9dits de TVA dus aux fermiers et \u00e0 faire prendre en charge par l\u2019Etat tous les arri\u00e9r\u00e9s de facture d\u2019\u00e9lectricit\u00e9 au niveau des sites incorpor\u00e9s dans les p\u00e9rim\u00e8tres des d\u00e9l\u00e9gations de service public d\u2019eau potable en milieu rural (DSP). Pour tous les nouveaux sites \u00e0 incorporer,\u00a0<b>le Ministre de l\u2019Hydraulique et de l\u2019Assainissement<\/b>\u00a0fera un \u00e9tat des lieux de la gestion et d\u00e9finira un plan de d\u00e9penses prioritaires privil\u00e9giant l\u2019apurement des dettes vis-\u00e0-vis de la SENELEC ; \u00a0<\/span><\/li>\n<li><b><span lang=\"fr\" xml:lang=\"fr\">Le Ministre des Finances et du Budget\u00a0<\/span><\/b><span lang=\"fr\" xml:lang=\"fr\">mettra en place, d\u2019ici la fin de l\u2019ann\u00e9e 2024, un m\u00e9canisme permettant d\u2019assurer, dor\u00e9navant, le r\u00e8glement \u00e0 temps par toutes les structures de l\u2019Administration et des collectivit\u00e9s territoriales de leurs factures d\u2019eau pour \u00e9viter les accumulations d\u2019arri\u00e9r\u00e9s, pr\u00e9judiciables \u00e0 l\u2019\u00e9quilibre financier du sous-secteur.<\/span><\/li>\n<\/ol>\n<p>&nbsp;<\/p>\n<h2>F-\u00a0POUR LE SUIVI DE LA MISE EN \u0152UVRE DES DECISIONS<\/h2>\n<ol start=\"30\">\n<li><span lang=\"fr\" xml:lang=\"fr\">Le Premier Ministre engage\u00a0<b>le Ministre, Secr\u00e9taire g\u00e9n\u00e9ral du Gouvernement, \u00e0 assurer, en relation avec le Ministre charg\u00e9 de l\u2019Hydraulique<\/b>, le suivi de la mise en \u0153uvre des d\u00e9cisions issues du Conseil interminist\u00e9riel pour des besoins de financement globalement \u00e9valu\u00e9s \u00e0 1.627 milliards FCFA, et \u00e0 lui faire le compte rendu<\/span><\/li>\n<\/ol>\n","protected":false},"excerpt":{"rendered":"<p>Le Premier Ministre Ousmane SONKO\u00a0a pr\u00e9sid\u00e9, le mardi 27 ao\u00fbt 2024, \u00e0 la salle de<\/p>\n","protected":false},"author":1,"featured_media":7354,"comment_status":"open","ping_status":"open","sticky":false,"template":"","format":"standard","meta":{"footnotes":""},"categories":[8],"tags":[],"class_list":["post-7350","post","type-post","status-publish","format-standard","has-post-thumbnail","hentry","category-international"],"yoast_head":"<!-- This site is optimized with the Yoast SEO plugin v27.5 - https:\/\/yoast.com\/product\/yoast-seo-wordpress\/ -->\n<title>S\u00e9n\u00e9gal: Conseil interminist\u00e9riel sur l\u2019approvisionnement en eau potable: relev\u00e9 des d\u00e9cisions du Premier Ministre - R\u00e9veil Info<\/title>\n<meta name=\"robots\" content=\"noindex, follow, max-snippet:-1, max-image-preview:large, max-video-preview:-1\" \/>\n<meta property=\"og:locale\" content=\"fr_FR\" \/>\n<meta property=\"og:type\" content=\"article\" \/>\n<meta property=\"og:title\" content=\"S\u00e9n\u00e9gal: Conseil interminist\u00e9riel sur l\u2019approvisionnement en eau potable: relev\u00e9 des d\u00e9cisions du Premier Ministre - R\u00e9veil Info\" \/>\n<meta property=\"og:description\" content=\"Le Premier Ministre Ousmane SONKO\u00a0a pr\u00e9sid\u00e9, le mardi 27 ao\u00fbt 2024, \u00e0 la salle de\" \/>\n<meta property=\"og:url\" content=\"https:\/\/reveil-info.net\/?p=7350\" \/>\n<meta property=\"og:site_name\" content=\"R\u00e9veil Info\" \/>\n<meta property=\"article:published_time\" content=\"2024-08-28T16:15:50+00:00\" \/>\n<meta property=\"og:image\" content=\"https:\/\/reveil-info.net\/wp-content\/uploads\/2024\/08\/CIM_200824.jpeg\" \/>\n\t<meta property=\"og:image:width\" content=\"2560\" \/>\n\t<meta property=\"og:image:height\" content=\"1706\" \/>\n\t<meta property=\"og:image:type\" content=\"image\/jpeg\" \/>\n<meta name=\"author\" content=\"R\u00e9veil info\" \/>\n<meta name=\"twitter:card\" content=\"summary_large_image\" \/>\n<meta name=\"twitter:label1\" content=\"\u00c9crit par\" \/>\n\t<meta name=\"twitter:data1\" content=\"R\u00e9veil info\" \/>\n\t<meta name=\"twitter:label2\" content=\"Dur\u00e9e de lecture estim\u00e9e\" \/>\n\t<meta name=\"twitter:data2\" content=\"11 minutes\" \/>\n<script type=\"application\/ld+json\" class=\"yoast-schema-graph\">{\"@context\":\"https:\\\/\\\/schema.org\",\"@graph\":[{\"@type\":\"Article\",\"@id\":\"https:\\\/\\\/reveil-info.net\\\/?p=7350#article\",\"isPartOf\":{\"@id\":\"https:\\\/\\\/reveil-info.net\\\/?p=7350\"},\"author\":{\"name\":\"R\u00e9veil info\",\"@id\":\"https:\\\/\\\/reveil-info.net\\\/#\\\/schema\\\/person\\\/ca0cc8e70088e0a2b5e92556c1ee60f5\"},\"headline\":\"S\u00e9n\u00e9gal: Conseil interminist\u00e9riel sur l\u2019approvisionnement en eau potable: relev\u00e9 des d\u00e9cisions du Premier Ministre\",\"datePublished\":\"2024-08-28T16:15:50+00:00\",\"mainEntityOfPage\":{\"@id\":\"https:\\\/\\\/reveil-info.net\\\/?p=7350\"},\"wordCount\":2250,\"commentCount\":0,\"publisher\":{\"@id\":\"https:\\\/\\\/reveil-info.net\\\/#organization\"},\"image\":{\"@id\":\"https:\\\/\\\/reveil-info.net\\\/?p=7350#primaryimage\"},\"thumbnailUrl\":\"https:\\\/\\\/reveil-info.net\\\/wp-content\\\/uploads\\\/2024\\\/08\\\/CIM_200824.jpeg\",\"articleSection\":[\"International\"],\"inLanguage\":\"fr-FR\",\"potentialAction\":[{\"@type\":\"CommentAction\",\"name\":\"Comment\",\"target\":[\"https:\\\/\\\/reveil-info.net\\\/?p=7350#respond\"]}]},{\"@type\":\"WebPage\",\"@id\":\"https:\\\/\\\/reveil-info.net\\\/?p=7350\",\"url\":\"https:\\\/\\\/reveil-info.net\\\/?p=7350\",\"name\":\"S\u00e9n\u00e9gal: Conseil interminist\u00e9riel sur l\u2019approvisionnement en eau potable: relev\u00e9 des d\u00e9cisions du Premier Ministre - R\u00e9veil Info\",\"isPartOf\":{\"@id\":\"https:\\\/\\\/reveil-info.net\\\/#website\"},\"primaryImageOfPage\":{\"@id\":\"https:\\\/\\\/reveil-info.net\\\/?p=7350#primaryimage\"},\"image\":{\"@id\":\"https:\\\/\\\/reveil-info.net\\\/?p=7350#primaryimage\"},\"thumbnailUrl\":\"https:\\\/\\\/reveil-info.net\\\/wp-content\\\/uploads\\\/2024\\\/08\\\/CIM_200824.jpeg\",\"datePublished\":\"2024-08-28T16:15:50+00:00\",\"breadcrumb\":{\"@id\":\"https:\\\/\\\/reveil-info.net\\\/?p=7350#breadcrumb\"},\"inLanguage\":\"fr-FR\",\"potentialAction\":[{\"@type\":\"ReadAction\",\"target\":[\"https:\\\/\\\/reveil-info.net\\\/?p=7350\"]}]},{\"@type\":\"ImageObject\",\"inLanguage\":\"fr-FR\",\"@id\":\"https:\\\/\\\/reveil-info.net\\\/?p=7350#primaryimage\",\"url\":\"https:\\\/\\\/reveil-info.net\\\/wp-content\\\/uploads\\\/2024\\\/08\\\/CIM_200824.jpeg\",\"contentUrl\":\"https:\\\/\\\/reveil-info.net\\\/wp-content\\\/uploads\\\/2024\\\/08\\\/CIM_200824.jpeg\",\"width\":2560,\"height\":1706},{\"@type\":\"BreadcrumbList\",\"@id\":\"https:\\\/\\\/reveil-info.net\\\/?p=7350#breadcrumb\",\"itemListElement\":[{\"@type\":\"ListItem\",\"position\":1,\"name\":\"Home\",\"item\":\"https:\\\/\\\/reveil-info.net\\\/\"},{\"@type\":\"ListItem\",\"position\":2,\"name\":\"S\u00e9n\u00e9gal: Conseil interminist\u00e9riel sur l\u2019approvisionnement en eau potable: relev\u00e9 des d\u00e9cisions du Premier Ministre\"}]},{\"@type\":\"WebSite\",\"@id\":\"https:\\\/\\\/reveil-info.net\\\/#website\",\"url\":\"https:\\\/\\\/reveil-info.net\\\/\",\"name\":\"R\u00e9veil Info\",\"description\":\"Le devoir d&#039;informer!\",\"publisher\":{\"@id\":\"https:\\\/\\\/reveil-info.net\\\/#organization\"},\"potentialAction\":[{\"@type\":\"SearchAction\",\"target\":{\"@type\":\"EntryPoint\",\"urlTemplate\":\"https:\\\/\\\/reveil-info.net\\\/?s={search_term_string}\"},\"query-input\":{\"@type\":\"PropertyValueSpecification\",\"valueRequired\":true,\"valueName\":\"search_term_string\"}}],\"inLanguage\":\"fr-FR\"},{\"@type\":\"Organization\",\"@id\":\"https:\\\/\\\/reveil-info.net\\\/#organization\",\"name\":\"R\u00e9veil Info\",\"url\":\"https:\\\/\\\/reveil-info.net\\\/\",\"logo\":{\"@type\":\"ImageObject\",\"inLanguage\":\"fr-FR\",\"@id\":\"https:\\\/\\\/reveil-info.net\\\/#\\\/schema\\\/logo\\\/image\\\/\",\"url\":\"https:\\\/\\\/reveil-info.net\\\/wp-content\\\/uploads\\\/2024\\\/07\\\/bnddd1.jpg\",\"contentUrl\":\"https:\\\/\\\/reveil-info.net\\\/wp-content\\\/uploads\\\/2024\\\/07\\\/bnddd1.jpg\",\"width\":903,\"height\":125,\"caption\":\"R\u00e9veil Info\"},\"image\":{\"@id\":\"https:\\\/\\\/reveil-info.net\\\/#\\\/schema\\\/logo\\\/image\\\/\"}},{\"@type\":\"Person\",\"@id\":\"https:\\\/\\\/reveil-info.net\\\/#\\\/schema\\\/person\\\/ca0cc8e70088e0a2b5e92556c1ee60f5\",\"name\":\"R\u00e9veil info\",\"image\":{\"@type\":\"ImageObject\",\"inLanguage\":\"fr-FR\",\"@id\":\"https:\\\/\\\/secure.gravatar.com\\\/avatar\\\/e4ad5bb743c8b6cb174d9df6c7d30a8a16f6889731241345fc6444e6485f02af?s=96&d=mm&r=g\",\"url\":\"https:\\\/\\\/secure.gravatar.com\\\/avatar\\\/e4ad5bb743c8b6cb174d9df6c7d30a8a16f6889731241345fc6444e6485f02af?s=96&d=mm&r=g\",\"contentUrl\":\"https:\\\/\\\/secure.gravatar.com\\\/avatar\\\/e4ad5bb743c8b6cb174d9df6c7d30a8a16f6889731241345fc6444e6485f02af?s=96&d=mm&r=g\",\"caption\":\"R\u00e9veil info\"},\"sameAs\":[\"https:\\\/\\\/reveil-info.net\"],\"url\":\"https:\\\/\\\/reveil-info.net\\\/?author=1\"}]}<\/script>\n<!-- \/ Yoast SEO plugin. -->","yoast_head_json":{"title":"S\u00e9n\u00e9gal: Conseil interminist\u00e9riel sur l\u2019approvisionnement en eau potable: relev\u00e9 des d\u00e9cisions du Premier Ministre - R\u00e9veil Info","robots":{"index":"noindex","follow":"follow","max-snippet":"max-snippet:-1","max-image-preview":"max-image-preview:large","max-video-preview":"max-video-preview:-1"},"og_locale":"fr_FR","og_type":"article","og_title":"S\u00e9n\u00e9gal: Conseil interminist\u00e9riel sur l\u2019approvisionnement en eau potable: relev\u00e9 des d\u00e9cisions du Premier Ministre - R\u00e9veil Info","og_description":"Le Premier Ministre Ousmane SONKO\u00a0a pr\u00e9sid\u00e9, le mardi 27 ao\u00fbt 2024, \u00e0 la salle de","og_url":"https:\/\/reveil-info.net\/?p=7350","og_site_name":"R\u00e9veil Info","article_published_time":"2024-08-28T16:15:50+00:00","og_image":[{"width":2560,"height":1706,"url":"https:\/\/reveil-info.net\/wp-content\/uploads\/2024\/08\/CIM_200824.jpeg","type":"image\/jpeg"}],"author":"R\u00e9veil info","twitter_card":"summary_large_image","twitter_misc":{"\u00c9crit par":"R\u00e9veil info","Dur\u00e9e de lecture estim\u00e9e":"11 minutes"},"schema":{"@context":"https:\/\/schema.org","@graph":[{"@type":"Article","@id":"https:\/\/reveil-info.net\/?p=7350#article","isPartOf":{"@id":"https:\/\/reveil-info.net\/?p=7350"},"author":{"name":"R\u00e9veil info","@id":"https:\/\/reveil-info.net\/#\/schema\/person\/ca0cc8e70088e0a2b5e92556c1ee60f5"},"headline":"S\u00e9n\u00e9gal: Conseil interminist\u00e9riel sur l\u2019approvisionnement en eau potable: relev\u00e9 des d\u00e9cisions du Premier Ministre","datePublished":"2024-08-28T16:15:50+00:00","mainEntityOfPage":{"@id":"https:\/\/reveil-info.net\/?p=7350"},"wordCount":2250,"commentCount":0,"publisher":{"@id":"https:\/\/reveil-info.net\/#organization"},"image":{"@id":"https:\/\/reveil-info.net\/?p=7350#primaryimage"},"thumbnailUrl":"https:\/\/reveil-info.net\/wp-content\/uploads\/2024\/08\/CIM_200824.jpeg","articleSection":["International"],"inLanguage":"fr-FR","potentialAction":[{"@type":"CommentAction","name":"Comment","target":["https:\/\/reveil-info.net\/?p=7350#respond"]}]},{"@type":"WebPage","@id":"https:\/\/reveil-info.net\/?p=7350","url":"https:\/\/reveil-info.net\/?p=7350","name":"S\u00e9n\u00e9gal: Conseil interminist\u00e9riel sur l\u2019approvisionnement en eau potable: relev\u00e9 des d\u00e9cisions du Premier Ministre - R\u00e9veil Info","isPartOf":{"@id":"https:\/\/reveil-info.net\/#website"},"primaryImageOfPage":{"@id":"https:\/\/reveil-info.net\/?p=7350#primaryimage"},"image":{"@id":"https:\/\/reveil-info.net\/?p=7350#primaryimage"},"thumbnailUrl":"https:\/\/reveil-info.net\/wp-content\/uploads\/2024\/08\/CIM_200824.jpeg","datePublished":"2024-08-28T16:15:50+00:00","breadcrumb":{"@id":"https:\/\/reveil-info.net\/?p=7350#breadcrumb"},"inLanguage":"fr-FR","potentialAction":[{"@type":"ReadAction","target":["https:\/\/reveil-info.net\/?p=7350"]}]},{"@type":"ImageObject","inLanguage":"fr-FR","@id":"https:\/\/reveil-info.net\/?p=7350#primaryimage","url":"https:\/\/reveil-info.net\/wp-content\/uploads\/2024\/08\/CIM_200824.jpeg","contentUrl":"https:\/\/reveil-info.net\/wp-content\/uploads\/2024\/08\/CIM_200824.jpeg","width":2560,"height":1706},{"@type":"BreadcrumbList","@id":"https:\/\/reveil-info.net\/?p=7350#breadcrumb","itemListElement":[{"@type":"ListItem","position":1,"name":"Home","item":"https:\/\/reveil-info.net\/"},{"@type":"ListItem","position":2,"name":"S\u00e9n\u00e9gal: Conseil interminist\u00e9riel sur l\u2019approvisionnement en eau potable: relev\u00e9 des d\u00e9cisions du Premier Ministre"}]},{"@type":"WebSite","@id":"https:\/\/reveil-info.net\/#website","url":"https:\/\/reveil-info.net\/","name":"R\u00e9veil Info","description":"Le devoir d&#039;informer!","publisher":{"@id":"https:\/\/reveil-info.net\/#organization"},"potentialAction":[{"@type":"SearchAction","target":{"@type":"EntryPoint","urlTemplate":"https:\/\/reveil-info.net\/?s={search_term_string}"},"query-input":{"@type":"PropertyValueSpecification","valueRequired":true,"valueName":"search_term_string"}}],"inLanguage":"fr-FR"},{"@type":"Organization","@id":"https:\/\/reveil-info.net\/#organization","name":"R\u00e9veil Info","url":"https:\/\/reveil-info.net\/","logo":{"@type":"ImageObject","inLanguage":"fr-FR","@id":"https:\/\/reveil-info.net\/#\/schema\/logo\/image\/","url":"https:\/\/reveil-info.net\/wp-content\/uploads\/2024\/07\/bnddd1.jpg","contentUrl":"https:\/\/reveil-info.net\/wp-content\/uploads\/2024\/07\/bnddd1.jpg","width":903,"height":125,"caption":"R\u00e9veil Info"},"image":{"@id":"https:\/\/reveil-info.net\/#\/schema\/logo\/image\/"}},{"@type":"Person","@id":"https:\/\/reveil-info.net\/#\/schema\/person\/ca0cc8e70088e0a2b5e92556c1ee60f5","name":"R\u00e9veil info","image":{"@type":"ImageObject","inLanguage":"fr-FR","@id":"https:\/\/secure.gravatar.com\/avatar\/e4ad5bb743c8b6cb174d9df6c7d30a8a16f6889731241345fc6444e6485f02af?s=96&d=mm&r=g","url":"https:\/\/secure.gravatar.com\/avatar\/e4ad5bb743c8b6cb174d9df6c7d30a8a16f6889731241345fc6444e6485f02af?s=96&d=mm&r=g","contentUrl":"https:\/\/secure.gravatar.com\/avatar\/e4ad5bb743c8b6cb174d9df6c7d30a8a16f6889731241345fc6444e6485f02af?s=96&d=mm&r=g","caption":"R\u00e9veil info"},"sameAs":["https:\/\/reveil-info.net"],"url":"https:\/\/reveil-info.net\/?author=1"}]}},"jetpack_featured_media_url":"https:\/\/reveil-info.net\/wp-content\/uploads\/2024\/08\/CIM_200824.jpeg","featured_image_urls":{"full":["https:\/\/reveil-info.net\/wp-content\/uploads\/2024\/08\/CIM_200824.jpeg",2560,1706,false],"thumbnail":["https:\/\/reveil-info.net\/wp-content\/uploads\/2024\/08\/CIM_200824-150x150.jpeg",150,150,true],"medium":["https:\/\/reveil-info.net\/wp-content\/uploads\/2024\/08\/CIM_200824-300x200.jpeg",300,200,true],"medium_large":["https:\/\/reveil-info.net\/wp-content\/uploads\/2024\/08\/CIM_200824-768x512.jpeg",640,427,true],"large":["https:\/\/reveil-info.net\/wp-content\/uploads\/2024\/08\/CIM_200824-1024x682.jpeg",640,426,true],"1536x1536":["https:\/\/reveil-info.net\/wp-content\/uploads\/2024\/08\/CIM_200824-1536x1024.jpeg",1536,1024,true],"2048x2048":["https:\/\/reveil-info.net\/wp-content\/uploads\/2024\/08\/CIM_200824-2048x1365.jpeg",2048,1365,true],"chromenews-featured":["https:\/\/reveil-info.net\/wp-content\/uploads\/2024\/08\/CIM_200824-1024x682.jpeg",1024,682,true],"chromenews-large":["https:\/\/reveil-info.net\/wp-content\/uploads\/2024\/08\/CIM_200824-825x575.jpeg",825,575,true],"chromenews-medium":["https:\/\/reveil-info.net\/wp-content\/uploads\/2024\/08\/CIM_200824-590x410.jpeg",590,410,true]},"author_info":{"display_name":"R\u00e9veil info","author_link":"https:\/\/reveil-info.net\/?author=1"},"category_info":"<a href=\"https:\/\/reveil-info.net\/?cat=8\" rel=\"category\">International<\/a>","tag_info":"International","comment_count":"0","_links":{"self":[{"href":"https:\/\/reveil-info.net\/index.php?rest_route=\/wp\/v2\/posts\/7350","targetHints":{"allow":["GET"]}}],"collection":[{"href":"https:\/\/reveil-info.net\/index.php?rest_route=\/wp\/v2\/posts"}],"about":[{"href":"https:\/\/reveil-info.net\/index.php?rest_route=\/wp\/v2\/types\/post"}],"author":[{"embeddable":true,"href":"https:\/\/reveil-info.net\/index.php?rest_route=\/wp\/v2\/users\/1"}],"replies":[{"embeddable":true,"href":"https:\/\/reveil-info.net\/index.php?rest_route=%2Fwp%2Fv2%2Fcomments&post=7350"}],"version-history":[{"count":4,"href":"https:\/\/reveil-info.net\/index.php?rest_route=\/wp\/v2\/posts\/7350\/revisions"}],"predecessor-version":[{"id":7355,"href":"https:\/\/reveil-info.net\/index.php?rest_route=\/wp\/v2\/posts\/7350\/revisions\/7355"}],"wp:featuredmedia":[{"embeddable":true,"href":"https:\/\/reveil-info.net\/index.php?rest_route=\/wp\/v2\/media\/7354"}],"wp:attachment":[{"href":"https:\/\/reveil-info.net\/index.php?rest_route=%2Fwp%2Fv2%2Fmedia&parent=7350"}],"wp:term":[{"taxonomy":"category","embeddable":true,"href":"https:\/\/reveil-info.net\/index.php?rest_route=%2Fwp%2Fv2%2Fcategories&post=7350"},{"taxonomy":"post_tag","embeddable":true,"href":"https:\/\/reveil-info.net\/index.php?rest_route=%2Fwp%2Fv2%2Ftags&post=7350"}],"curies":[{"name":"wp","href":"https:\/\/api.w.org\/{rel}","templated":true}]}}