{"id":7085,"date":"2024-08-25T09:18:12","date_gmt":"2024-08-25T09:18:12","guid":{"rendered":"https:\/\/reveil-info.net\/?p=7085"},"modified":"2024-08-25T09:18:12","modified_gmt":"2024-08-25T09:18:12","slug":"education-dans-lespace-aes-la-suggestion-du-pm","status":"publish","type":"post","link":"https:\/\/reveil-info.net\/?p=7085","title":{"rendered":"Education dans l&rsquo;espace AES: la suggestion du PM"},"content":{"rendered":"<p>\u00c9ducation dans l\u2019espace AES : Le Premier ministre sugg\u00e8re la mise en place d&rsquo;un programme \u00e9ducatif commun<\/p>\n<p>Le Premier ministre, Dr Apollinaire Joachimson KY\u00c9LEM de TAMB\u00c8LA, a re\u00e7u en audience, ce vendredi 23 ao\u00fbt 2024, \u00e0 Ouagadougou, le ministre malien en charge de l\u2019\u00c9ducation, Dr Amadou SY SAVAN\u00c9. Les deux personnalit\u00e9s ont \u00e9chang\u00e9, entre autres, sur l\u2019\u00e9ducation dans l\u2019espace de l\u2019Alliance des \u00c9tats du Sahel (AES).<\/p>\n<p>Pr\u00e9sent dans la capitale burkinab\u00e8, dans le cadre de la Journ\u00e9e de l\u2019Excellence scolaire 2024, un \u00e9v\u00e9nement qui c\u00e9l\u00e8bre les efforts et les succ\u00e8s des \u00e9l\u00e8ves et enseignants burkinab\u00e8, le ministre malien en charge de l\u2019\u00c9ducation, Dr Amadou SY SAVAN\u00c9, a rendu une visite de courtoisie au Premier ministre, Dr Apollinaire Joachimson KY\u00c9LEM de TAMB\u00c8LA.<\/p>\n<p>Le ministre malien a saisi cette occasion pour exprimer \u00ab\u00a0sa profonde reconnaissance pour l\u2019accueil chaleureux\u00a0\u00bb qu\u2019il a re\u00e7u \u00e0 Ouagadougou.<\/p>\n<p>\u00ab La c\u00e9r\u00e9monie de la Journ\u00e9e de l\u2019Excellence scolaire m&rsquo;a donn\u00e9 une autre dimension, non seulement de l&rsquo;accueil, mais aussi de la cr\u00e9ativit\u00e9 du peuple burkinab\u00e8 \u00e0 mobiliser sa jeunesse, ses enseignants et \u00e0 les honorer. \u00c0 la fin de la c\u00e9r\u00e9monie, j&rsquo;ai eu le bonheur d&rsquo;\u00eatre re\u00e7u en audience par le Pr\u00e9sident du Faso, une audience particuli\u00e8re au cours de laquelle il a prodigu\u00e9 des conseils et donn\u00e9 ses orientations par rapport \u00e0 la mise en commun de nos efforts pour aider les enfants, les scolaires, pour aller encore plus loin dans la gestion de nos bacheliers \u00bb, a-t-il d\u00e9clar\u00e9, \u00e0 l\u2019issue de l\u2019audience.<\/p>\n<p>Les deux personnalit\u00e9s ont \u00e9chang\u00e9 sur des sujets d&rsquo;int\u00e9r\u00eat commun, notamment l\u2019\u00e9ducation dans l\u2019espace de l\u2019Alliance des \u00c9tats du Sahel (AES).<\/p>\n<p><img loading=\"lazy\" decoding=\"async\" class=\"alignnone size-medium wp-image-7088\" src=\"https:\/\/reveil-info.net\/wp-content\/uploads\/2024\/08\/FB_IMG_17245772778617075-300x187.jpg\" alt=\"\" width=\"300\" height=\"187\" srcset=\"https:\/\/reveil-info.net\/wp-content\/uploads\/2024\/08\/FB_IMG_17245772778617075-300x187.jpg 300w, https:\/\/reveil-info.net\/wp-content\/uploads\/2024\/08\/FB_IMG_17245772778617075.jpg 720w\" sizes=\"auto, (max-width: 300px) 100vw, 300px\" \/><\/p>\n<p>\u00ab Il faut r\u00e9fl\u00e9chir \u00e0 la meilleure fa\u00e7on de f\u00e9d\u00e9rer nos \u00e9nergies dans le cadre de l&rsquo;\u00e9ducation de base, particuli\u00e8rement. Au d\u00e9part, les \u00e9l\u00e8ves sont pris en charge par leur famille, mais aussi par l&rsquo;\u00e9cole au sens fondamental du terme. Donc, il faut f\u00e9d\u00e9rer nos efforts pour permettre \u00e0 nos enfants d&rsquo;avoir un parcours de qualit\u00e9 \u00bb, a exhort\u00e9 le Chef du Gouvernement burkinab\u00e8.<\/p>\n<p>Dans le cadre du renforcement des liens entre les deux pays, Dr Apollinaire Joachimson KY\u00c9LEM de TAMB\u00c8LA, a sugg\u00e9r\u00e9 la mise en place d&rsquo;un programme \u00e9ducatif commun, notamment dans le domaine de l&rsquo;\u00e9ducation de base.<\/p>\n<p>Il a \u00e9galement propos\u00e9 l&rsquo;harmonisation de l&rsquo;enseignement, et surtout l&rsquo;introduction de l&rsquo;histoire et de la g\u00e9ographie de chaque pays de l&rsquo;A.\u00c9.S. dans les programmes scolaires des \u00c9tats membres afin de contribuer \u00e0 promouvoir la fraternit\u00e9 et l\u2019esprit de l\u2019alliance entre les jeunes g\u00e9n\u00e9rations des trois pays.<\/p>\n<p>DCRP\/Primature<\/p>\n","protected":false},"excerpt":{"rendered":"<p>\u00c9ducation dans l\u2019espace AES : Le Premier ministre sugg\u00e8re la mise en place d&rsquo;un programme<\/p>\n","protected":false},"author":1,"featured_media":7089,"comment_status":"open","ping_status":"open","sticky":false,"template":"","format":"standard","meta":{"footnotes":""},"categories":[6],"tags":[],"class_list":["post-7085","post","type-post","status-publish","format-standard","has-post-thumbnail","hentry","category-education"],"yoast_head":"<!-- This site is optimized with the Yoast SEO plugin v27.5 - https:\/\/yoast.com\/product\/yoast-seo-wordpress\/ -->\n<title>Education dans l&#039;espace AES: la suggestion du PM - R\u00e9veil Info<\/title>\n<meta name=\"robots\" content=\"noindex, follow, max-snippet:-1, max-image-preview:large, max-video-preview:-1\" \/>\n<meta property=\"og:locale\" content=\"fr_FR\" \/>\n<meta property=\"og:type\" content=\"article\" \/>\n<meta property=\"og:title\" content=\"Education dans l&#039;espace AES: la suggestion du PM - R\u00e9veil Info\" \/>\n<meta property=\"og:description\" content=\"\u00c9ducation dans l\u2019espace AES : Le Premier ministre sugg\u00e8re la mise en place d&rsquo;un programme\" \/>\n<meta property=\"og:url\" content=\"https:\/\/reveil-info.net\/?p=7085\" \/>\n<meta property=\"og:site_name\" content=\"R\u00e9veil Info\" \/>\n<meta property=\"article:published_time\" content=\"2024-08-25T09:18:12+00:00\" \/>\n<meta property=\"og:image\" content=\"https:\/\/reveil-info.net\/wp-content\/uploads\/2024\/08\/FB_IMG_17245772856426727.jpg\" \/>\n\t<meta property=\"og:image:width\" content=\"720\" \/>\n\t<meta property=\"og:image:height\" content=\"470\" \/>\n\t<meta property=\"og:image:type\" content=\"image\/jpeg\" \/>\n<meta name=\"author\" content=\"R\u00e9veil info\" \/>\n<meta name=\"twitter:card\" content=\"summary_large_image\" \/>\n<meta name=\"twitter:label1\" content=\"\u00c9crit par\" \/>\n\t<meta name=\"twitter:data1\" content=\"R\u00e9veil info\" \/>\n\t<meta name=\"twitter:label2\" content=\"Dur\u00e9e de lecture estim\u00e9e\" \/>\n\t<meta name=\"twitter:data2\" content=\"3 minutes\" \/>\n<script type=\"application\/ld+json\" class=\"yoast-schema-graph\">{\"@context\":\"https:\\\/\\\/schema.org\",\"@graph\":[{\"@type\":\"Article\",\"@id\":\"https:\\\/\\\/reveil-info.net\\\/?p=7085#article\",\"isPartOf\":{\"@id\":\"https:\\\/\\\/reveil-info.net\\\/?p=7085\"},\"author\":{\"name\":\"R\u00e9veil info\",\"@id\":\"https:\\\/\\\/reveil-info.net\\\/#\\\/schema\\\/person\\\/ca0cc8e70088e0a2b5e92556c1ee60f5\"},\"headline\":\"Education dans l&rsquo;espace AES: la suggestion du PM\",\"datePublished\":\"2024-08-25T09:18:12+00:00\",\"mainEntityOfPage\":{\"@id\":\"https:\\\/\\\/reveil-info.net\\\/?p=7085\"},\"wordCount\":484,\"commentCount\":0,\"publisher\":{\"@id\":\"https:\\\/\\\/reveil-info.net\\\/#organization\"},\"image\":{\"@id\":\"https:\\\/\\\/reveil-info.net\\\/?p=7085#primaryimage\"},\"thumbnailUrl\":\"https:\\\/\\\/reveil-info.net\\\/wp-content\\\/uploads\\\/2024\\\/08\\\/FB_IMG_17245772856426727.jpg\",\"articleSection\":[\"Education\"],\"inLanguage\":\"fr-FR\",\"potentialAction\":[{\"@type\":\"CommentAction\",\"name\":\"Comment\",\"target\":[\"https:\\\/\\\/reveil-info.net\\\/?p=7085#respond\"]}]},{\"@type\":\"WebPage\",\"@id\":\"https:\\\/\\\/reveil-info.net\\\/?p=7085\",\"url\":\"https:\\\/\\\/reveil-info.net\\\/?p=7085\",\"name\":\"Education dans l'espace AES: la suggestion du PM - R\u00e9veil Info\",\"isPartOf\":{\"@id\":\"https:\\\/\\\/reveil-info.net\\\/#website\"},\"primaryImageOfPage\":{\"@id\":\"https:\\\/\\\/reveil-info.net\\\/?p=7085#primaryimage\"},\"image\":{\"@id\":\"https:\\\/\\\/reveil-info.net\\\/?p=7085#primaryimage\"},\"thumbnailUrl\":\"https:\\\/\\\/reveil-info.net\\\/wp-content\\\/uploads\\\/2024\\\/08\\\/FB_IMG_17245772856426727.jpg\",\"datePublished\":\"2024-08-25T09:18:12+00:00\",\"breadcrumb\":{\"@id\":\"https:\\\/\\\/reveil-info.net\\\/?p=7085#breadcrumb\"},\"inLanguage\":\"fr-FR\",\"potentialAction\":[{\"@type\":\"ReadAction\",\"target\":[\"https:\\\/\\\/reveil-info.net\\\/?p=7085\"]}]},{\"@type\":\"ImageObject\",\"inLanguage\":\"fr-FR\",\"@id\":\"https:\\\/\\\/reveil-info.net\\\/?p=7085#primaryimage\",\"url\":\"https:\\\/\\\/reveil-info.net\\\/wp-content\\\/uploads\\\/2024\\\/08\\\/FB_IMG_17245772856426727.jpg\",\"contentUrl\":\"https:\\\/\\\/reveil-info.net\\\/wp-content\\\/uploads\\\/2024\\\/08\\\/FB_IMG_17245772856426727.jpg\",\"width\":720,\"height\":470},{\"@type\":\"BreadcrumbList\",\"@id\":\"https:\\\/\\\/reveil-info.net\\\/?p=7085#breadcrumb\",\"itemListElement\":[{\"@type\":\"ListItem\",\"position\":1,\"name\":\"Home\",\"item\":\"https:\\\/\\\/reveil-info.net\\\/\"},{\"@type\":\"ListItem\",\"position\":2,\"name\":\"Education dans l&#8217;espace AES: la suggestion du PM\"}]},{\"@type\":\"WebSite\",\"@id\":\"https:\\\/\\\/reveil-info.net\\\/#website\",\"url\":\"https:\\\/\\\/reveil-info.net\\\/\",\"name\":\"R\u00e9veil Info\",\"description\":\"Le devoir d&#039;informer!\",\"publisher\":{\"@id\":\"https:\\\/\\\/reveil-info.net\\\/#organization\"},\"potentialAction\":[{\"@type\":\"SearchAction\",\"target\":{\"@type\":\"EntryPoint\",\"urlTemplate\":\"https:\\\/\\\/reveil-info.net\\\/?s={search_term_string}\"},\"query-input\":{\"@type\":\"PropertyValueSpecification\",\"valueRequired\":true,\"valueName\":\"search_term_string\"}}],\"inLanguage\":\"fr-FR\"},{\"@type\":\"Organization\",\"@id\":\"https:\\\/\\\/reveil-info.net\\\/#organization\",\"name\":\"R\u00e9veil Info\",\"url\":\"https:\\\/\\\/reveil-info.net\\\/\",\"logo\":{\"@type\":\"ImageObject\",\"inLanguage\":\"fr-FR\",\"@id\":\"https:\\\/\\\/reveil-info.net\\\/#\\\/schema\\\/logo\\\/image\\\/\",\"url\":\"https:\\\/\\\/reveil-info.net\\\/wp-content\\\/uploads\\\/2024\\\/07\\\/bnddd1.jpg\",\"contentUrl\":\"https:\\\/\\\/reveil-info.net\\\/wp-content\\\/uploads\\\/2024\\\/07\\\/bnddd1.jpg\",\"width\":903,\"height\":125,\"caption\":\"R\u00e9veil Info\"},\"image\":{\"@id\":\"https:\\\/\\\/reveil-info.net\\\/#\\\/schema\\\/logo\\\/image\\\/\"}},{\"@type\":\"Person\",\"@id\":\"https:\\\/\\\/reveil-info.net\\\/#\\\/schema\\\/person\\\/ca0cc8e70088e0a2b5e92556c1ee60f5\",\"name\":\"R\u00e9veil info\",\"image\":{\"@type\":\"ImageObject\",\"inLanguage\":\"fr-FR\",\"@id\":\"https:\\\/\\\/secure.gravatar.com\\\/avatar\\\/e4ad5bb743c8b6cb174d9df6c7d30a8a16f6889731241345fc6444e6485f02af?s=96&d=mm&r=g\",\"url\":\"https:\\\/\\\/secure.gravatar.com\\\/avatar\\\/e4ad5bb743c8b6cb174d9df6c7d30a8a16f6889731241345fc6444e6485f02af?s=96&d=mm&r=g\",\"contentUrl\":\"https:\\\/\\\/secure.gravatar.com\\\/avatar\\\/e4ad5bb743c8b6cb174d9df6c7d30a8a16f6889731241345fc6444e6485f02af?s=96&d=mm&r=g\",\"caption\":\"R\u00e9veil info\"},\"sameAs\":[\"https:\\\/\\\/reveil-info.net\"],\"url\":\"https:\\\/\\\/reveil-info.net\\\/?author=1\"}]}<\/script>\n<!-- \/ Yoast SEO plugin. -->","yoast_head_json":{"title":"Education dans l'espace AES: la suggestion du PM - R\u00e9veil Info","robots":{"index":"noindex","follow":"follow","max-snippet":"max-snippet:-1","max-image-preview":"max-image-preview:large","max-video-preview":"max-video-preview:-1"},"og_locale":"fr_FR","og_type":"article","og_title":"Education dans l'espace AES: la suggestion du PM - R\u00e9veil Info","og_description":"\u00c9ducation dans l\u2019espace AES : Le Premier ministre sugg\u00e8re la mise en place d&rsquo;un programme","og_url":"https:\/\/reveil-info.net\/?p=7085","og_site_name":"R\u00e9veil Info","article_published_time":"2024-08-25T09:18:12+00:00","og_image":[{"width":720,"height":470,"url":"https:\/\/reveil-info.net\/wp-content\/uploads\/2024\/08\/FB_IMG_17245772856426727.jpg","type":"image\/jpeg"}],"author":"R\u00e9veil info","twitter_card":"summary_large_image","twitter_misc":{"\u00c9crit par":"R\u00e9veil info","Dur\u00e9e de lecture estim\u00e9e":"3 minutes"},"schema":{"@context":"https:\/\/schema.org","@graph":[{"@type":"Article","@id":"https:\/\/reveil-info.net\/?p=7085#article","isPartOf":{"@id":"https:\/\/reveil-info.net\/?p=7085"},"author":{"name":"R\u00e9veil info","@id":"https:\/\/reveil-info.net\/#\/schema\/person\/ca0cc8e70088e0a2b5e92556c1ee60f5"},"headline":"Education dans l&rsquo;espace AES: la suggestion du PM","datePublished":"2024-08-25T09:18:12+00:00","mainEntityOfPage":{"@id":"https:\/\/reveil-info.net\/?p=7085"},"wordCount":484,"commentCount":0,"publisher":{"@id":"https:\/\/reveil-info.net\/#organization"},"image":{"@id":"https:\/\/reveil-info.net\/?p=7085#primaryimage"},"thumbnailUrl":"https:\/\/reveil-info.net\/wp-content\/uploads\/2024\/08\/FB_IMG_17245772856426727.jpg","articleSection":["Education"],"inLanguage":"fr-FR","potentialAction":[{"@type":"CommentAction","name":"Comment","target":["https:\/\/reveil-info.net\/?p=7085#respond"]}]},{"@type":"WebPage","@id":"https:\/\/reveil-info.net\/?p=7085","url":"https:\/\/reveil-info.net\/?p=7085","name":"Education dans l'espace AES: la suggestion du PM - R\u00e9veil Info","isPartOf":{"@id":"https:\/\/reveil-info.net\/#website"},"primaryImageOfPage":{"@id":"https:\/\/reveil-info.net\/?p=7085#primaryimage"},"image":{"@id":"https:\/\/reveil-info.net\/?p=7085#primaryimage"},"thumbnailUrl":"https:\/\/reveil-info.net\/wp-content\/uploads\/2024\/08\/FB_IMG_17245772856426727.jpg","datePublished":"2024-08-25T09:18:12+00:00","breadcrumb":{"@id":"https:\/\/reveil-info.net\/?p=7085#breadcrumb"},"inLanguage":"fr-FR","potentialAction":[{"@type":"ReadAction","target":["https:\/\/reveil-info.net\/?p=7085"]}]},{"@type":"ImageObject","inLanguage":"fr-FR","@id":"https:\/\/reveil-info.net\/?p=7085#primaryimage","url":"https:\/\/reveil-info.net\/wp-content\/uploads\/2024\/08\/FB_IMG_17245772856426727.jpg","contentUrl":"https:\/\/reveil-info.net\/wp-content\/uploads\/2024\/08\/FB_IMG_17245772856426727.jpg","width":720,"height":470},{"@type":"BreadcrumbList","@id":"https:\/\/reveil-info.net\/?p=7085#breadcrumb","itemListElement":[{"@type":"ListItem","position":1,"name":"Home","item":"https:\/\/reveil-info.net\/"},{"@type":"ListItem","position":2,"name":"Education dans l&#8217;espace AES: la suggestion du PM"}]},{"@type":"WebSite","@id":"https:\/\/reveil-info.net\/#website","url":"https:\/\/reveil-info.net\/","name":"R\u00e9veil Info","description":"Le devoir d&#039;informer!","publisher":{"@id":"https:\/\/reveil-info.net\/#organization"},"potentialAction":[{"@type":"SearchAction","target":{"@type":"EntryPoint","urlTemplate":"https:\/\/reveil-info.net\/?s={search_term_string}"},"query-input":{"@type":"PropertyValueSpecification","valueRequired":true,"valueName":"search_term_string"}}],"inLanguage":"fr-FR"},{"@type":"Organization","@id":"https:\/\/reveil-info.net\/#organization","name":"R\u00e9veil Info","url":"https:\/\/reveil-info.net\/","logo":{"@type":"ImageObject","inLanguage":"fr-FR","@id":"https:\/\/reveil-info.net\/#\/schema\/logo\/image\/","url":"https:\/\/reveil-info.net\/wp-content\/uploads\/2024\/07\/bnddd1.jpg","contentUrl":"https:\/\/reveil-info.net\/wp-content\/uploads\/2024\/07\/bnddd1.jpg","width":903,"height":125,"caption":"R\u00e9veil Info"},"image":{"@id":"https:\/\/reveil-info.net\/#\/schema\/logo\/image\/"}},{"@type":"Person","@id":"https:\/\/reveil-info.net\/#\/schema\/person\/ca0cc8e70088e0a2b5e92556c1ee60f5","name":"R\u00e9veil info","image":{"@type":"ImageObject","inLanguage":"fr-FR","@id":"https:\/\/secure.gravatar.com\/avatar\/e4ad5bb743c8b6cb174d9df6c7d30a8a16f6889731241345fc6444e6485f02af?s=96&d=mm&r=g","url":"https:\/\/secure.gravatar.com\/avatar\/e4ad5bb743c8b6cb174d9df6c7d30a8a16f6889731241345fc6444e6485f02af?s=96&d=mm&r=g","contentUrl":"https:\/\/secure.gravatar.com\/avatar\/e4ad5bb743c8b6cb174d9df6c7d30a8a16f6889731241345fc6444e6485f02af?s=96&d=mm&r=g","caption":"R\u00e9veil info"},"sameAs":["https:\/\/reveil-info.net"],"url":"https:\/\/reveil-info.net\/?author=1"}]}},"jetpack_featured_media_url":"https:\/\/reveil-info.net\/wp-content\/uploads\/2024\/08\/FB_IMG_17245772856426727.jpg","featured_image_urls":{"full":["https:\/\/reveil-info.net\/wp-content\/uploads\/2024\/08\/FB_IMG_17245772856426727.jpg",720,470,false],"thumbnail":["https:\/\/reveil-info.net\/wp-content\/uploads\/2024\/08\/FB_IMG_17245772856426727-150x150.jpg",150,150,true],"medium":["https:\/\/reveil-info.net\/wp-content\/uploads\/2024\/08\/FB_IMG_17245772856426727-300x196.jpg",300,196,true],"medium_large":["https:\/\/reveil-info.net\/wp-content\/uploads\/2024\/08\/FB_IMG_17245772856426727.jpg",640,418,false],"large":["https:\/\/reveil-info.net\/wp-content\/uploads\/2024\/08\/FB_IMG_17245772856426727.jpg",640,418,false],"1536x1536":["https:\/\/reveil-info.net\/wp-content\/uploads\/2024\/08\/FB_IMG_17245772856426727.jpg",720,470,false],"2048x2048":["https:\/\/reveil-info.net\/wp-content\/uploads\/2024\/08\/FB_IMG_17245772856426727.jpg",720,470,false],"chromenews-featured":["https:\/\/reveil-info.net\/wp-content\/uploads\/2024\/08\/FB_IMG_17245772856426727.jpg",720,470,false],"chromenews-large":["https:\/\/reveil-info.net\/wp-content\/uploads\/2024\/08\/FB_IMG_17245772856426727.jpg",720,470,false],"chromenews-medium":["https:\/\/reveil-info.net\/wp-content\/uploads\/2024\/08\/FB_IMG_17245772856426727-590x410.jpg",590,410,true]},"author_info":{"display_name":"R\u00e9veil info","author_link":"https:\/\/reveil-info.net\/?author=1"},"category_info":"<a href=\"https:\/\/reveil-info.net\/?cat=6\" rel=\"category\">Education<\/a>","tag_info":"Education","comment_count":"0","_links":{"self":[{"href":"https:\/\/reveil-info.net\/index.php?rest_route=\/wp\/v2\/posts\/7085","targetHints":{"allow":["GET"]}}],"collection":[{"href":"https:\/\/reveil-info.net\/index.php?rest_route=\/wp\/v2\/posts"}],"about":[{"href":"https:\/\/reveil-info.net\/index.php?rest_route=\/wp\/v2\/types\/post"}],"author":[{"embeddable":true,"href":"https:\/\/reveil-info.net\/index.php?rest_route=\/wp\/v2\/users\/1"}],"replies":[{"embeddable":true,"href":"https:\/\/reveil-info.net\/index.php?rest_route=%2Fwp%2Fv2%2Fcomments&post=7085"}],"version-history":[{"count":4,"href":"https:\/\/reveil-info.net\/index.php?rest_route=\/wp\/v2\/posts\/7085\/revisions"}],"predecessor-version":[{"id":7091,"href":"https:\/\/reveil-info.net\/index.php?rest_route=\/wp\/v2\/posts\/7085\/revisions\/7091"}],"wp:featuredmedia":[{"embeddable":true,"href":"https:\/\/reveil-info.net\/index.php?rest_route=\/wp\/v2\/media\/7089"}],"wp:attachment":[{"href":"https:\/\/reveil-info.net\/index.php?rest_route=%2Fwp%2Fv2%2Fmedia&parent=7085"}],"wp:term":[{"taxonomy":"category","embeddable":true,"href":"https:\/\/reveil-info.net\/index.php?rest_route=%2Fwp%2Fv2%2Fcategories&post=7085"},{"taxonomy":"post_tag","embeddable":true,"href":"https:\/\/reveil-info.net\/index.php?rest_route=%2Fwp%2Fv2%2Ftags&post=7085"}],"curies":[{"name":"wp","href":"https:\/\/api.w.org\/{rel}","templated":true}]}}