{"id":6819,"date":"2024-08-21T12:06:05","date_gmt":"2024-08-21T12:06:05","guid":{"rendered":"https:\/\/reveil-info.net\/?p=6819"},"modified":"2024-08-21T12:06:05","modified_gmt":"2024-08-21T12:06:05","slug":"an-iv-de-la-transition-au-mali-les-maliens-dubitatifs","status":"publish","type":"post","link":"https:\/\/reveil-info.net\/?p=6819","title":{"rendered":"AN IV de la Transition au Mali : Les Maliens dubitatifs"},"content":{"rendered":"<p style=\"text-align: justify;\"><strong><em>Le 18 ao\u00fbt 2024 marque les quatre ans de la chute de feu Ibrahim Boubacar K\u00e9ita et la prise de pouvoir par les militaires. Quatre ans apr\u00e8s, les Maliens restent sceptiques.<\/em><\/strong><\/p>\n<p style=\"text-align: justify;\">Analystes, observateurs et simples commentateurs sont formels : L\u2019arriv\u00e9e des militaires au pouvoir a suscit\u00e9 un v\u00e9ritable enthousiasme et patriotisme pour des milliers de Maliens qui avaient soif de changement de gouvernance, de s\u00e9curit\u00e9, mais aussi du contenu du panier de la m\u00e9nag\u00e8re.Quatre ans apr\u00e8s la chute d\u2019IBK et la prise du pouvoir par les militaires du CNSP dirig\u00e9 par le colonel Assimi Go\u00efta, cet enthousiasme des Maliens ne cesse de s\u2019effriter jour apr\u00e8s jour. D\u2019ailleurs dans les grin, sur les r\u00e9seaux sociaux, bon nombre de Maliens regrettent d\u2019avoir soutenu le coup d\u2019Etat d\u2019ao\u00fbt 2020 et restent perplexes sur la suite et les perspectives de la Transition dans ces conditions.<\/p>\n<div id=\"card_img_jt\" class=\"card-header\"><em>J\u2019ai soutenu le coup d\u2019Etat militaire jusqu\u2019au cou en esp\u00e9rant qu\u2019en deux ans et demi qu\u2019il y aura des changements notables dans notre mode de vie et de gouvernance. Mais apr\u00e8s quatre ans de Transition, la situation est ex\u00e9crable. On a la nette impression d\u2019une action publique sans but, sans visibilit\u00e9, d\u2019un exercice du pouvoir qui tourne \u00e0 vide. Des bras-de-fer diplomatiques \u00e0 n\u2019en plus finir, des d\u00e9clarations tonitruantes, d\u2019importantes sanctions et des renversements d\u2019alliances militaires. Aujourd\u2019hui, on ne peut plus parler de glissement de la Transition mais bien d\u2019une volont\u00e9 affich\u00e9e par le r\u00e9gime militaire de confisquer le pouvoir\u201d<\/em>, d\u00e9crit un Malien sous couvert d\u2019anonymat.<em>\u201cCette Transition XXL nous a plong\u00e9s dans une grave crise \u00e9conomique et financi\u00e8re qui ne laisse indiff\u00e9rent aucun Malien. Plus cette Transition durera, plus les probl\u00e8mes vont resurgir parce que les militaires au pouvoir ne dirigent rien, ils r\u00e9agissent\u201d<\/em>, mart\u00e8le-t-il. Pour les quelques rares soutiens de la Transition, il faut donner du temps aux autorit\u00e9s transitoires afin de passer au peigne fin les maux qui gangr\u00e8nent le Mali depuis l\u2019av\u00e8nement de la d\u00e9mocratie. <em>En \u00e0 peine quatre ans de Transition, beaucoup de choses ont chang\u00e9. Gr\u00e2ce \u00e0 Assimi et Choguel, la France a \u00e9t\u00e9 chass\u00e9e et ils ont mis fin aussi \u00e0 la pr\u00e9sence de la Minusma. C\u2019est gr\u00e2ce \u00e0 la Transition que nous avons quitt\u00e9 la C\u00e9d\u00e9ao et l\u2019Alliance des Etats du Sahel avec le Niger et le Burkina Faso a vu le jour. Bref, cette Transition est sur la bonne voie avec de belles perspectives pour tous les Maliens. Il faut juste de la patience et de l\u2019abn\u00e9gation et donner du temps aux autorit\u00e9s transitoires pour r\u00e9gler les questions prioritaires\u201d<\/em>, laisse entendre un partisan. <em>\u201cLes perspectives qui se dressent pour cette Transition sont claires sauf pour ceux qui sont de mauvaise foi. L\u2019une des premi\u00e8res perspectives, c\u2019est la stabilisation du pays avant d\u2019aller aux \u00e9lections pour que le prochain pr\u00e9sident qui sera \u00e9lu puisse trouver un pays sur des bons rails\u201d<\/em>, conclut-il.<\/p>\n<p style=\"text-align: justify;\"><strong>Ousmane Mahamane<\/strong><\/p>\n<p style=\"text-align: justify;\">Source : Mali Tribune<\/p>\n<\/div>\n","protected":false},"excerpt":{"rendered":"<p>Le 18 ao\u00fbt 2024 marque les quatre ans de la chute de feu Ibrahim Boubacar<\/p>\n","protected":false},"author":1,"featured_media":6824,"comment_status":"open","ping_status":"open","sticky":false,"template":"","format":"standard","meta":{"footnotes":""},"categories":[2,8],"tags":[],"class_list":["post-6819","post","type-post","status-publish","format-standard","has-post-thumbnail","hentry","category-actu","category-international"],"yoast_head":"<!-- This site is optimized with the Yoast SEO plugin v27.5 - https:\/\/yoast.com\/product\/yoast-seo-wordpress\/ -->\n<title>AN IV de la Transition au Mali : Les Maliens dubitatifs - R\u00e9veil Info<\/title>\n<meta name=\"robots\" content=\"noindex, follow, max-snippet:-1, max-image-preview:large, max-video-preview:-1\" \/>\n<meta property=\"og:locale\" content=\"fr_FR\" \/>\n<meta property=\"og:type\" content=\"article\" \/>\n<meta property=\"og:title\" content=\"AN IV de la Transition au Mali : Les Maliens dubitatifs - R\u00e9veil Info\" \/>\n<meta property=\"og:description\" content=\"Le 18 ao\u00fbt 2024 marque les quatre ans de la chute de feu Ibrahim Boubacar\" \/>\n<meta property=\"og:url\" content=\"https:\/\/reveil-info.net\/?p=6819\" \/>\n<meta property=\"og:site_name\" content=\"R\u00e9veil Info\" \/>\n<meta property=\"article:published_time\" content=\"2024-08-21T12:06:05+00:00\" \/>\n<meta property=\"og:image\" content=\"https:\/\/reveil-info.net\/wp-content\/uploads\/2024\/08\/malijet_66c5b25d2d80f_Assimi-Choguel.jpg\" \/>\n\t<meta property=\"og:image:width\" content=\"680\" \/>\n\t<meta property=\"og:image:height\" content=\"453\" \/>\n\t<meta property=\"og:image:type\" content=\"image\/jpeg\" \/>\n<meta name=\"author\" content=\"R\u00e9veil info\" \/>\n<meta name=\"twitter:card\" content=\"summary_large_image\" \/>\n<meta name=\"twitter:label1\" content=\"\u00c9crit par\" \/>\n\t<meta name=\"twitter:data1\" content=\"R\u00e9veil info\" \/>\n\t<meta name=\"twitter:label2\" content=\"Dur\u00e9e de lecture estim\u00e9e\" \/>\n\t<meta name=\"twitter:data2\" content=\"3 minutes\" \/>\n<script type=\"application\/ld+json\" class=\"yoast-schema-graph\">{\"@context\":\"https:\\\/\\\/schema.org\",\"@graph\":[{\"@type\":\"Article\",\"@id\":\"https:\\\/\\\/reveil-info.net\\\/?p=6819#article\",\"isPartOf\":{\"@id\":\"https:\\\/\\\/reveil-info.net\\\/?p=6819\"},\"author\":{\"name\":\"R\u00e9veil info\",\"@id\":\"https:\\\/\\\/reveil-info.net\\\/#\\\/schema\\\/person\\\/ca0cc8e70088e0a2b5e92556c1ee60f5\"},\"headline\":\"AN IV de la Transition au Mali : Les Maliens dubitatifs\",\"datePublished\":\"2024-08-21T12:06:05+00:00\",\"mainEntityOfPage\":{\"@id\":\"https:\\\/\\\/reveil-info.net\\\/?p=6819\"},\"wordCount\":545,\"commentCount\":0,\"publisher\":{\"@id\":\"https:\\\/\\\/reveil-info.net\\\/#organization\"},\"image\":{\"@id\":\"https:\\\/\\\/reveil-info.net\\\/?p=6819#primaryimage\"},\"thumbnailUrl\":\"https:\\\/\\\/reveil-info.net\\\/wp-content\\\/uploads\\\/2024\\\/08\\\/malijet_66c5b25d2d80f_Assimi-Choguel.jpg\",\"articleSection\":[\"Actualit\u00e9\",\"International\"],\"inLanguage\":\"fr-FR\",\"potentialAction\":[{\"@type\":\"CommentAction\",\"name\":\"Comment\",\"target\":[\"https:\\\/\\\/reveil-info.net\\\/?p=6819#respond\"]}]},{\"@type\":\"WebPage\",\"@id\":\"https:\\\/\\\/reveil-info.net\\\/?p=6819\",\"url\":\"https:\\\/\\\/reveil-info.net\\\/?p=6819\",\"name\":\"AN IV de la Transition au Mali : Les Maliens dubitatifs - R\u00e9veil Info\",\"isPartOf\":{\"@id\":\"https:\\\/\\\/reveil-info.net\\\/#website\"},\"primaryImageOfPage\":{\"@id\":\"https:\\\/\\\/reveil-info.net\\\/?p=6819#primaryimage\"},\"image\":{\"@id\":\"https:\\\/\\\/reveil-info.net\\\/?p=6819#primaryimage\"},\"thumbnailUrl\":\"https:\\\/\\\/reveil-info.net\\\/wp-content\\\/uploads\\\/2024\\\/08\\\/malijet_66c5b25d2d80f_Assimi-Choguel.jpg\",\"datePublished\":\"2024-08-21T12:06:05+00:00\",\"breadcrumb\":{\"@id\":\"https:\\\/\\\/reveil-info.net\\\/?p=6819#breadcrumb\"},\"inLanguage\":\"fr-FR\",\"potentialAction\":[{\"@type\":\"ReadAction\",\"target\":[\"https:\\\/\\\/reveil-info.net\\\/?p=6819\"]}]},{\"@type\":\"ImageObject\",\"inLanguage\":\"fr-FR\",\"@id\":\"https:\\\/\\\/reveil-info.net\\\/?p=6819#primaryimage\",\"url\":\"https:\\\/\\\/reveil-info.net\\\/wp-content\\\/uploads\\\/2024\\\/08\\\/malijet_66c5b25d2d80f_Assimi-Choguel.jpg\",\"contentUrl\":\"https:\\\/\\\/reveil-info.net\\\/wp-content\\\/uploads\\\/2024\\\/08\\\/malijet_66c5b25d2d80f_Assimi-Choguel.jpg\",\"width\":680,\"height\":453},{\"@type\":\"BreadcrumbList\",\"@id\":\"https:\\\/\\\/reveil-info.net\\\/?p=6819#breadcrumb\",\"itemListElement\":[{\"@type\":\"ListItem\",\"position\":1,\"name\":\"Home\",\"item\":\"https:\\\/\\\/reveil-info.net\\\/\"},{\"@type\":\"ListItem\",\"position\":2,\"name\":\"AN IV de la Transition au Mali : Les Maliens dubitatifs\"}]},{\"@type\":\"WebSite\",\"@id\":\"https:\\\/\\\/reveil-info.net\\\/#website\",\"url\":\"https:\\\/\\\/reveil-info.net\\\/\",\"name\":\"R\u00e9veil Info\",\"description\":\"Le devoir d&#039;informer!\",\"publisher\":{\"@id\":\"https:\\\/\\\/reveil-info.net\\\/#organization\"},\"potentialAction\":[{\"@type\":\"SearchAction\",\"target\":{\"@type\":\"EntryPoint\",\"urlTemplate\":\"https:\\\/\\\/reveil-info.net\\\/?s={search_term_string}\"},\"query-input\":{\"@type\":\"PropertyValueSpecification\",\"valueRequired\":true,\"valueName\":\"search_term_string\"}}],\"inLanguage\":\"fr-FR\"},{\"@type\":\"Organization\",\"@id\":\"https:\\\/\\\/reveil-info.net\\\/#organization\",\"name\":\"R\u00e9veil Info\",\"url\":\"https:\\\/\\\/reveil-info.net\\\/\",\"logo\":{\"@type\":\"ImageObject\",\"inLanguage\":\"fr-FR\",\"@id\":\"https:\\\/\\\/reveil-info.net\\\/#\\\/schema\\\/logo\\\/image\\\/\",\"url\":\"https:\\\/\\\/reveil-info.net\\\/wp-content\\\/uploads\\\/2024\\\/07\\\/bnddd1.jpg\",\"contentUrl\":\"https:\\\/\\\/reveil-info.net\\\/wp-content\\\/uploads\\\/2024\\\/07\\\/bnddd1.jpg\",\"width\":903,\"height\":125,\"caption\":\"R\u00e9veil Info\"},\"image\":{\"@id\":\"https:\\\/\\\/reveil-info.net\\\/#\\\/schema\\\/logo\\\/image\\\/\"}},{\"@type\":\"Person\",\"@id\":\"https:\\\/\\\/reveil-info.net\\\/#\\\/schema\\\/person\\\/ca0cc8e70088e0a2b5e92556c1ee60f5\",\"name\":\"R\u00e9veil info\",\"image\":{\"@type\":\"ImageObject\",\"inLanguage\":\"fr-FR\",\"@id\":\"https:\\\/\\\/secure.gravatar.com\\\/avatar\\\/e4ad5bb743c8b6cb174d9df6c7d30a8a16f6889731241345fc6444e6485f02af?s=96&d=mm&r=g\",\"url\":\"https:\\\/\\\/secure.gravatar.com\\\/avatar\\\/e4ad5bb743c8b6cb174d9df6c7d30a8a16f6889731241345fc6444e6485f02af?s=96&d=mm&r=g\",\"contentUrl\":\"https:\\\/\\\/secure.gravatar.com\\\/avatar\\\/e4ad5bb743c8b6cb174d9df6c7d30a8a16f6889731241345fc6444e6485f02af?s=96&d=mm&r=g\",\"caption\":\"R\u00e9veil info\"},\"sameAs\":[\"https:\\\/\\\/reveil-info.net\"],\"url\":\"https:\\\/\\\/reveil-info.net\\\/?author=1\"}]}<\/script>\n<!-- \/ Yoast SEO plugin. -->","yoast_head_json":{"title":"AN IV de la Transition au Mali : Les Maliens dubitatifs - R\u00e9veil Info","robots":{"index":"noindex","follow":"follow","max-snippet":"max-snippet:-1","max-image-preview":"max-image-preview:large","max-video-preview":"max-video-preview:-1"},"og_locale":"fr_FR","og_type":"article","og_title":"AN IV de la Transition au Mali : Les Maliens dubitatifs - R\u00e9veil Info","og_description":"Le 18 ao\u00fbt 2024 marque les quatre ans de la chute de feu Ibrahim Boubacar","og_url":"https:\/\/reveil-info.net\/?p=6819","og_site_name":"R\u00e9veil Info","article_published_time":"2024-08-21T12:06:05+00:00","og_image":[{"width":680,"height":453,"url":"https:\/\/reveil-info.net\/wp-content\/uploads\/2024\/08\/malijet_66c5b25d2d80f_Assimi-Choguel.jpg","type":"image\/jpeg"}],"author":"R\u00e9veil info","twitter_card":"summary_large_image","twitter_misc":{"\u00c9crit par":"R\u00e9veil info","Dur\u00e9e de lecture estim\u00e9e":"3 minutes"},"schema":{"@context":"https:\/\/schema.org","@graph":[{"@type":"Article","@id":"https:\/\/reveil-info.net\/?p=6819#article","isPartOf":{"@id":"https:\/\/reveil-info.net\/?p=6819"},"author":{"name":"R\u00e9veil info","@id":"https:\/\/reveil-info.net\/#\/schema\/person\/ca0cc8e70088e0a2b5e92556c1ee60f5"},"headline":"AN IV de la Transition au Mali : Les Maliens dubitatifs","datePublished":"2024-08-21T12:06:05+00:00","mainEntityOfPage":{"@id":"https:\/\/reveil-info.net\/?p=6819"},"wordCount":545,"commentCount":0,"publisher":{"@id":"https:\/\/reveil-info.net\/#organization"},"image":{"@id":"https:\/\/reveil-info.net\/?p=6819#primaryimage"},"thumbnailUrl":"https:\/\/reveil-info.net\/wp-content\/uploads\/2024\/08\/malijet_66c5b25d2d80f_Assimi-Choguel.jpg","articleSection":["Actualit\u00e9","International"],"inLanguage":"fr-FR","potentialAction":[{"@type":"CommentAction","name":"Comment","target":["https:\/\/reveil-info.net\/?p=6819#respond"]}]},{"@type":"WebPage","@id":"https:\/\/reveil-info.net\/?p=6819","url":"https:\/\/reveil-info.net\/?p=6819","name":"AN IV de la Transition au Mali : Les Maliens dubitatifs - R\u00e9veil Info","isPartOf":{"@id":"https:\/\/reveil-info.net\/#website"},"primaryImageOfPage":{"@id":"https:\/\/reveil-info.net\/?p=6819#primaryimage"},"image":{"@id":"https:\/\/reveil-info.net\/?p=6819#primaryimage"},"thumbnailUrl":"https:\/\/reveil-info.net\/wp-content\/uploads\/2024\/08\/malijet_66c5b25d2d80f_Assimi-Choguel.jpg","datePublished":"2024-08-21T12:06:05+00:00","breadcrumb":{"@id":"https:\/\/reveil-info.net\/?p=6819#breadcrumb"},"inLanguage":"fr-FR","potentialAction":[{"@type":"ReadAction","target":["https:\/\/reveil-info.net\/?p=6819"]}]},{"@type":"ImageObject","inLanguage":"fr-FR","@id":"https:\/\/reveil-info.net\/?p=6819#primaryimage","url":"https:\/\/reveil-info.net\/wp-content\/uploads\/2024\/08\/malijet_66c5b25d2d80f_Assimi-Choguel.jpg","contentUrl":"https:\/\/reveil-info.net\/wp-content\/uploads\/2024\/08\/malijet_66c5b25d2d80f_Assimi-Choguel.jpg","width":680,"height":453},{"@type":"BreadcrumbList","@id":"https:\/\/reveil-info.net\/?p=6819#breadcrumb","itemListElement":[{"@type":"ListItem","position":1,"name":"Home","item":"https:\/\/reveil-info.net\/"},{"@type":"ListItem","position":2,"name":"AN IV de la Transition au Mali : Les Maliens dubitatifs"}]},{"@type":"WebSite","@id":"https:\/\/reveil-info.net\/#website","url":"https:\/\/reveil-info.net\/","name":"R\u00e9veil Info","description":"Le devoir d&#039;informer!","publisher":{"@id":"https:\/\/reveil-info.net\/#organization"},"potentialAction":[{"@type":"SearchAction","target":{"@type":"EntryPoint","urlTemplate":"https:\/\/reveil-info.net\/?s={search_term_string}"},"query-input":{"@type":"PropertyValueSpecification","valueRequired":true,"valueName":"search_term_string"}}],"inLanguage":"fr-FR"},{"@type":"Organization","@id":"https:\/\/reveil-info.net\/#organization","name":"R\u00e9veil Info","url":"https:\/\/reveil-info.net\/","logo":{"@type":"ImageObject","inLanguage":"fr-FR","@id":"https:\/\/reveil-info.net\/#\/schema\/logo\/image\/","url":"https:\/\/reveil-info.net\/wp-content\/uploads\/2024\/07\/bnddd1.jpg","contentUrl":"https:\/\/reveil-info.net\/wp-content\/uploads\/2024\/07\/bnddd1.jpg","width":903,"height":125,"caption":"R\u00e9veil Info"},"image":{"@id":"https:\/\/reveil-info.net\/#\/schema\/logo\/image\/"}},{"@type":"Person","@id":"https:\/\/reveil-info.net\/#\/schema\/person\/ca0cc8e70088e0a2b5e92556c1ee60f5","name":"R\u00e9veil info","image":{"@type":"ImageObject","inLanguage":"fr-FR","@id":"https:\/\/secure.gravatar.com\/avatar\/e4ad5bb743c8b6cb174d9df6c7d30a8a16f6889731241345fc6444e6485f02af?s=96&d=mm&r=g","url":"https:\/\/secure.gravatar.com\/avatar\/e4ad5bb743c8b6cb174d9df6c7d30a8a16f6889731241345fc6444e6485f02af?s=96&d=mm&r=g","contentUrl":"https:\/\/secure.gravatar.com\/avatar\/e4ad5bb743c8b6cb174d9df6c7d30a8a16f6889731241345fc6444e6485f02af?s=96&d=mm&r=g","caption":"R\u00e9veil info"},"sameAs":["https:\/\/reveil-info.net"],"url":"https:\/\/reveil-info.net\/?author=1"}]}},"jetpack_featured_media_url":"https:\/\/reveil-info.net\/wp-content\/uploads\/2024\/08\/malijet_66c5b25d2d80f_Assimi-Choguel.jpg","featured_image_urls":{"full":["https:\/\/reveil-info.net\/wp-content\/uploads\/2024\/08\/malijet_66c5b25d2d80f_Assimi-Choguel.jpg",680,453,false],"thumbnail":["https:\/\/reveil-info.net\/wp-content\/uploads\/2024\/08\/malijet_66c5b25d2d80f_Assimi-Choguel-150x150.jpg",150,150,true],"medium":["https:\/\/reveil-info.net\/wp-content\/uploads\/2024\/08\/malijet_66c5b25d2d80f_Assimi-Choguel-300x200.jpg",300,200,true],"medium_large":["https:\/\/reveil-info.net\/wp-content\/uploads\/2024\/08\/malijet_66c5b25d2d80f_Assimi-Choguel.jpg",640,426,false],"large":["https:\/\/reveil-info.net\/wp-content\/uploads\/2024\/08\/malijet_66c5b25d2d80f_Assimi-Choguel.jpg",640,426,false],"1536x1536":["https:\/\/reveil-info.net\/wp-content\/uploads\/2024\/08\/malijet_66c5b25d2d80f_Assimi-Choguel.jpg",680,453,false],"2048x2048":["https:\/\/reveil-info.net\/wp-content\/uploads\/2024\/08\/malijet_66c5b25d2d80f_Assimi-Choguel.jpg",680,453,false],"chromenews-featured":["https:\/\/reveil-info.net\/wp-content\/uploads\/2024\/08\/malijet_66c5b25d2d80f_Assimi-Choguel.jpg",680,453,false],"chromenews-large":["https:\/\/reveil-info.net\/wp-content\/uploads\/2024\/08\/malijet_66c5b25d2d80f_Assimi-Choguel.jpg",680,453,false],"chromenews-medium":["https:\/\/reveil-info.net\/wp-content\/uploads\/2024\/08\/malijet_66c5b25d2d80f_Assimi-Choguel-590x410.jpg",590,410,true]},"author_info":{"display_name":"R\u00e9veil info","author_link":"https:\/\/reveil-info.net\/?author=1"},"category_info":"<a href=\"https:\/\/reveil-info.net\/?cat=2\" rel=\"category\">Actualit\u00e9<\/a> <a href=\"https:\/\/reveil-info.net\/?cat=8\" rel=\"category\">International<\/a>","tag_info":"International","comment_count":"0","_links":{"self":[{"href":"https:\/\/reveil-info.net\/index.php?rest_route=\/wp\/v2\/posts\/6819","targetHints":{"allow":["GET"]}}],"collection":[{"href":"https:\/\/reveil-info.net\/index.php?rest_route=\/wp\/v2\/posts"}],"about":[{"href":"https:\/\/reveil-info.net\/index.php?rest_route=\/wp\/v2\/types\/post"}],"author":[{"embeddable":true,"href":"https:\/\/reveil-info.net\/index.php?rest_route=\/wp\/v2\/users\/1"}],"replies":[{"embeddable":true,"href":"https:\/\/reveil-info.net\/index.php?rest_route=%2Fwp%2Fv2%2Fcomments&post=6819"}],"version-history":[{"count":5,"href":"https:\/\/reveil-info.net\/index.php?rest_route=\/wp\/v2\/posts\/6819\/revisions"}],"predecessor-version":[{"id":6825,"href":"https:\/\/reveil-info.net\/index.php?rest_route=\/wp\/v2\/posts\/6819\/revisions\/6825"}],"wp:featuredmedia":[{"embeddable":true,"href":"https:\/\/reveil-info.net\/index.php?rest_route=\/wp\/v2\/media\/6824"}],"wp:attachment":[{"href":"https:\/\/reveil-info.net\/index.php?rest_route=%2Fwp%2Fv2%2Fmedia&parent=6819"}],"wp:term":[{"taxonomy":"category","embeddable":true,"href":"https:\/\/reveil-info.net\/index.php?rest_route=%2Fwp%2Fv2%2Fcategories&post=6819"},{"taxonomy":"post_tag","embeddable":true,"href":"https:\/\/reveil-info.net\/index.php?rest_route=%2Fwp%2Fv2%2Ftags&post=6819"}],"curies":[{"name":"wp","href":"https:\/\/api.w.org\/{rel}","templated":true}]}}