{"id":6799,"date":"2024-08-21T10:53:50","date_gmt":"2024-08-21T10:53:50","guid":{"rendered":"https:\/\/reveil-info.net\/?p=6799"},"modified":"2024-08-21T10:54:40","modified_gmt":"2024-08-21T10:54:40","slug":"21-aout-journee-internationale-du-souvenir-en-hommage-aux-victimes-du-terrorisme","status":"publish","type":"post","link":"https:\/\/reveil-info.net\/?p=6799","title":{"rendered":"21 ao\u00fbt: Journ\u00e9e internationale du souvenir, en hommage aux victimes du terrorisme"},"content":{"rendered":"<p style=\"text-align: justify;\">Des actes de terrorisme propageant un ensemble d&rsquo;id\u00e9ologies haineuses continuent de blesser, de nuire et de tuer des milliers d&rsquo;innocents chaque ann\u00e9e. Les victimes et les survivants du terrorisme doivent trop souvent lutter pour faire entendre leur voix, obtenir une assistance et faire respecter leurs droits. Celles-ci se sentent en effet oubli\u00e9es et n\u00e9glig\u00e9es une fois que les cons\u00e9quences imm\u00e9diates d&rsquo;une attaque terroriste s&rsquo;estompent, ce qui peut aggraver leur traumatisme.Certains \u00c9tats Membres ne disposent pas des ressources et des capacit\u00e9s n\u00e9cessaires pour r\u00e9pondre aux besoins des victimes du terrorisme \u00e0 moyen et \u00e0 long terme, ce qui rend parfois difficile leur r\u00e9tablissement et leur r\u00e9int\u00e9gration dans la soci\u00e9t\u00e9.<\/p>\n<p style=\"text-align: justify;\">La responsabilit\u00e9 premi\u00e8re de soutenir les victimes du terrorisme et de d\u00e9fendre leurs droits incombe aux \u00c9tats Membres. Les Nations Unies ont un r\u00f4le important \u00e0 jouer pour les aider \u00e0 mettre en \u0153uvre la\u00a0<span class=\"pdf-link\"><a href=\"https:\/\/undocs.org\/A\/RES\/60\/288\" aria-label=\"Lien vers un document PDF\">Strat\u00e9gie antiterroriste mondiale<\/a><\/span>\u00a0en soutenant les victimes, en renfor\u00e7ant les capacit\u00e9s, en cr\u00e9ant et en soutenant des r\u00e9seaux d&rsquo;organisations de la soci\u00e9t\u00e9 civile, en particulier les associations de victimes du terrorisme, et en encourageant les \u00c9tats Membres \u00e0 promouvoir, prot\u00e9ger et respecter les droits des victimes. L\u2019ONU s\u2019emploie \u00e0 fournir des ressources, \u00e0 mobiliser la communaut\u00e9 internationale et \u00e0 mieux r\u00e9pondre aux besoins des victimes du terrorisme.<\/p>\n<h2 style=\"text-align: justify;\">Contexte<\/h2>\n<p style=\"text-align: justify;\">En 2017, par sa r\u00e9solution\u00a0<span class=\"pdf-link\"><a href=\"http:\/\/undocs.org\/A\/RES\/72\/165\" aria-label=\"Lien vers un document PDF\">72\/165<\/a><\/span>, l&rsquo;Assembl\u00e9e g\u00e9n\u00e9rale des Nations Unies a d\u00e9cid\u00e9 de proclamer le 21\u00a0ao\u00fbt Journ\u00e9e internationale du souvenir, en hommage aux victimes du terrorisme, afin d\u2019honorer et de soutenir les victimes et les survivants du terrorisme et de promouvoir et prot\u00e9ger le plein exercice de leurs libert\u00e9s et de leurs droits fondamentaux. De la sorte, elle a r\u00e9ffirm\u00e9 que la promotion et la protection des droits de l\u2019homme pour tous et la primaut\u00e9 du droit aux niveaux national et international sont indispensables pour pr\u00e9venir et combattre le terrorisme.<\/p>\n<p style=\"text-align: justify;\">En avril 2020, mandat\u00e9 par la r\u00e9solution\u00a0<span class=\"pdf-link\"><a href=\"https:\/\/undocs.org\/A\/RES\/73\/305\" aria-label=\"Lien vers un document PDF\">73\/305<\/a><\/span>\u00a0de l&rsquo;Assembl\u00e9e g\u00e9n\u00e9rale, le Secr\u00e9taire g\u00e9n\u00e9ral des Nations Unies, Ant\u00f3nio Guterres, a publi\u00e9 son rapport sur les progr\u00e8s r\u00e9alis\u00e9s par le syst\u00e8me des Nations Unies pour aider les \u00c9tats Membres \u00e0 assister les victimes du terrorisme (<span class=\"pdf-link\"><a href=\"https:\/\/undocs.org\/A\/74\/790\" aria-label=\"Lien vers un document PDF\">A\/74\/790<\/a><\/span>).<\/p>\n<p style=\"text-align: justify;\">Les \u00c9tats Membres, par le biais des r\u00e9solutions relatives \u00e0 l&rsquo;examen biennal de la\u00a0<a href=\"https:\/\/www.un.org\/counterterrorism\/fr\/un-global-counter-terrorism-strategy\">Strat\u00e9gie antiterroriste mondiale<\/a>, ont soulign\u00e9 le r\u00f4le important des victimes du terrorisme dans la lutte contre le terrorisme et la pr\u00e9vention de l&rsquo;extr\u00e9misme violent, la promotion de la solidarit\u00e9 internationale, ainsi que dans l&rsquo;aide apport\u00e9e aux \u00c9tats Membres pour reconna\u00eetre et faire respecter leurs droits de l&rsquo;homme et r\u00e9pondre \u00e0 leurs besoins sp\u00e9cifiques.<\/p>\n<p style=\"text-align: justify;\">Depuis le sixi\u00e8me examen (2018) de la Strat\u00e9gie, les d\u00e9veloppements aux niveaux international, r\u00e9gional et national ont de plus en plus d\u00e9montr\u00e9 que le soutien aux victimes a d\u00e9pass\u00e9 le stade de la solidarit\u00e9 symbolique pour s&rsquo;engager de mani\u00e8re plus robuste afin de faire progresser leurs droits et leurs besoins. En t\u00e9moignent la cr\u00e9ation en 2019 d&rsquo;un Groupe des amis des victimes du terrorisme, et l&rsquo;adoption de la r\u00e9solution\u00a0<span class=\"pdf-link\"><a href=\"https:\/\/undocs.org\/A\/RES\/73\/305\" aria-label=\"Lien vers un document PDF\">73\/305<\/a><\/span>\u00a0de l&rsquo;Assembl\u00e9e g\u00e9n\u00e9rale sur le renforcement de la coop\u00e9ration internationale pour aider les victimes du terrorisme.<\/p>\n<p style=\"text-align: justify;\">La huiti\u00e8me r\u00e9solution d&rsquo;examen, adopt\u00e9e le 22\u00a0juin 2023 (<span class=\"pdf-link\"><a href=\"https:\/\/undocs.org\/A\/RES\/77\/298\" aria-label=\"Lien vers un document PDF\">A\/RES\/77\/298<\/a><\/span>) note qu&rsquo;il est important de d\u00e9fendre les droits et de r\u00e9pondre aux besoins des victimes du terrorisme, en particulier des femmes, des enfants et des personnes touch\u00e9es par les violences sexuelles et sexistes commises par des terroristes. Elle encourage tous les \u00c9tats Membres \u00e0 \u00e9laborer des plans nationaux d&rsquo;assistance globale aux victimes du terrorisme et \u00e0 leurs familles afin de r\u00e9pondre aux besoins imm\u00e9diats, \u00e0 court et \u00e0 long terme des victimes du terrorisme.<\/p>\n<p style=\"text-align: justify;\">La r\u00e9solution se f\u00e9licite du premier Congr\u00e8s mondial des Nations Unies des victimes du terrorisme, qui s&rsquo;est tenu en septembre 2022 au Si\u00e8ge des Nations Unies, et encourage le Bureau de la lutte contre le terrorisme, par l&rsquo;interm\u00e9diaire du Programme mondial de soutien aux victimes du terrorisme et du portail de soutien aux victimes du terrorisme des Nations unies, \u00e0 continuer de sensibiliser le public aux victimes du terrorisme et \u00e0 la promotion et \u00e0 la protection de leurs droits. Il s&rsquo;agit notamment de renforcer la capacit\u00e9 des \u00c9tats Membres \u00e0 aider les victimes du terrorisme ainsi que de renforcer leur engagement aupr\u00e8s des organisations pertinentes de la soci\u00e9t\u00e9 civile et du secteur priv\u00e9, qui peuvent jouer un r\u00f4le pr\u00e9cieux dans l&rsquo;aide et le soutien aux victimes du terrorisme.<\/p>\n<p><strong>Source: NU<\/strong><\/p>\n","protected":false},"excerpt":{"rendered":"<p>Des actes de terrorisme propageant un ensemble d&rsquo;id\u00e9ologies haineuses continuent de blesser, de nuire et<\/p>\n","protected":false},"author":1,"featured_media":6802,"comment_status":"open","ping_status":"open","sticky":false,"template":"","format":"standard","meta":{"footnotes":""},"categories":[2],"tags":[],"class_list":["post-6799","post","type-post","status-publish","format-standard","has-post-thumbnail","hentry","category-actu"],"yoast_head":"<!-- This site is optimized with the Yoast SEO plugin v27.5 - https:\/\/yoast.com\/product\/yoast-seo-wordpress\/ -->\n<title>21 ao\u00fbt: Journ\u00e9e internationale du souvenir, en hommage aux victimes du terrorisme - R\u00e9veil Info<\/title>\n<meta name=\"robots\" content=\"noindex, follow, max-snippet:-1, max-image-preview:large, max-video-preview:-1\" \/>\n<meta property=\"og:locale\" content=\"fr_FR\" \/>\n<meta property=\"og:type\" content=\"article\" \/>\n<meta property=\"og:title\" content=\"21 ao\u00fbt: Journ\u00e9e internationale du souvenir, en hommage aux victimes du terrorisme - R\u00e9veil Info\" \/>\n<meta property=\"og:description\" content=\"Des actes de terrorisme propageant un ensemble d&rsquo;id\u00e9ologies haineuses continuent de blesser, de nuire et\" \/>\n<meta property=\"og:url\" content=\"https:\/\/reveil-info.net\/?p=6799\" \/>\n<meta property=\"og:site_name\" content=\"R\u00e9veil Info\" \/>\n<meta property=\"article:published_time\" content=\"2024-08-21T10:53:50+00:00\" \/>\n<meta property=\"article:modified_time\" content=\"2024-08-21T10:54:40+00:00\" \/>\n<meta property=\"og:image\" content=\"https:\/\/reveil-info.net\/wp-content\/uploads\/2024\/08\/Victims-of-terrorism-scaled.jpg\" \/>\n\t<meta property=\"og:image:width\" content=\"2560\" \/>\n\t<meta property=\"og:image:height\" content=\"2228\" \/>\n\t<meta property=\"og:image:type\" content=\"image\/jpeg\" \/>\n<meta name=\"author\" content=\"R\u00e9veil info\" \/>\n<meta name=\"twitter:card\" content=\"summary_large_image\" \/>\n<meta name=\"twitter:label1\" content=\"\u00c9crit par\" \/>\n\t<meta name=\"twitter:data1\" content=\"R\u00e9veil info\" \/>\n\t<meta name=\"twitter:label2\" content=\"Dur\u00e9e de lecture estim\u00e9e\" \/>\n\t<meta name=\"twitter:data2\" content=\"4 minutes\" \/>\n<script type=\"application\/ld+json\" class=\"yoast-schema-graph\">{\"@context\":\"https:\\\/\\\/schema.org\",\"@graph\":[{\"@type\":\"Article\",\"@id\":\"https:\\\/\\\/reveil-info.net\\\/?p=6799#article\",\"isPartOf\":{\"@id\":\"https:\\\/\\\/reveil-info.net\\\/?p=6799\"},\"author\":{\"name\":\"R\u00e9veil info\",\"@id\":\"https:\\\/\\\/reveil-info.net\\\/#\\\/schema\\\/person\\\/ca0cc8e70088e0a2b5e92556c1ee60f5\"},\"headline\":\"21 ao\u00fbt: Journ\u00e9e internationale du souvenir, en hommage aux victimes du terrorisme\",\"datePublished\":\"2024-08-21T10:53:50+00:00\",\"dateModified\":\"2024-08-21T10:54:40+00:00\",\"mainEntityOfPage\":{\"@id\":\"https:\\\/\\\/reveil-info.net\\\/?p=6799\"},\"wordCount\":815,\"commentCount\":0,\"publisher\":{\"@id\":\"https:\\\/\\\/reveil-info.net\\\/#organization\"},\"image\":{\"@id\":\"https:\\\/\\\/reveil-info.net\\\/?p=6799#primaryimage\"},\"thumbnailUrl\":\"https:\\\/\\\/reveil-info.net\\\/wp-content\\\/uploads\\\/2024\\\/08\\\/Victims-of-terrorism-scaled.jpg\",\"articleSection\":[\"Actualit\u00e9\"],\"inLanguage\":\"fr-FR\",\"potentialAction\":[{\"@type\":\"CommentAction\",\"name\":\"Comment\",\"target\":[\"https:\\\/\\\/reveil-info.net\\\/?p=6799#respond\"]}]},{\"@type\":\"WebPage\",\"@id\":\"https:\\\/\\\/reveil-info.net\\\/?p=6799\",\"url\":\"https:\\\/\\\/reveil-info.net\\\/?p=6799\",\"name\":\"21 ao\u00fbt: Journ\u00e9e internationale du souvenir, en hommage aux victimes du terrorisme - R\u00e9veil Info\",\"isPartOf\":{\"@id\":\"https:\\\/\\\/reveil-info.net\\\/#website\"},\"primaryImageOfPage\":{\"@id\":\"https:\\\/\\\/reveil-info.net\\\/?p=6799#primaryimage\"},\"image\":{\"@id\":\"https:\\\/\\\/reveil-info.net\\\/?p=6799#primaryimage\"},\"thumbnailUrl\":\"https:\\\/\\\/reveil-info.net\\\/wp-content\\\/uploads\\\/2024\\\/08\\\/Victims-of-terrorism-scaled.jpg\",\"datePublished\":\"2024-08-21T10:53:50+00:00\",\"dateModified\":\"2024-08-21T10:54:40+00:00\",\"breadcrumb\":{\"@id\":\"https:\\\/\\\/reveil-info.net\\\/?p=6799#breadcrumb\"},\"inLanguage\":\"fr-FR\",\"potentialAction\":[{\"@type\":\"ReadAction\",\"target\":[\"https:\\\/\\\/reveil-info.net\\\/?p=6799\"]}]},{\"@type\":\"ImageObject\",\"inLanguage\":\"fr-FR\",\"@id\":\"https:\\\/\\\/reveil-info.net\\\/?p=6799#primaryimage\",\"url\":\"https:\\\/\\\/reveil-info.net\\\/wp-content\\\/uploads\\\/2024\\\/08\\\/Victims-of-terrorism-scaled.jpg\",\"contentUrl\":\"https:\\\/\\\/reveil-info.net\\\/wp-content\\\/uploads\\\/2024\\\/08\\\/Victims-of-terrorism-scaled.jpg\",\"width\":2560,\"height\":2228},{\"@type\":\"BreadcrumbList\",\"@id\":\"https:\\\/\\\/reveil-info.net\\\/?p=6799#breadcrumb\",\"itemListElement\":[{\"@type\":\"ListItem\",\"position\":1,\"name\":\"Home\",\"item\":\"https:\\\/\\\/reveil-info.net\\\/\"},{\"@type\":\"ListItem\",\"position\":2,\"name\":\"21 ao\u00fbt: Journ\u00e9e internationale du souvenir, en hommage aux victimes du terrorisme\"}]},{\"@type\":\"WebSite\",\"@id\":\"https:\\\/\\\/reveil-info.net\\\/#website\",\"url\":\"https:\\\/\\\/reveil-info.net\\\/\",\"name\":\"R\u00e9veil Info\",\"description\":\"Le devoir d&#039;informer!\",\"publisher\":{\"@id\":\"https:\\\/\\\/reveil-info.net\\\/#organization\"},\"potentialAction\":[{\"@type\":\"SearchAction\",\"target\":{\"@type\":\"EntryPoint\",\"urlTemplate\":\"https:\\\/\\\/reveil-info.net\\\/?s={search_term_string}\"},\"query-input\":{\"@type\":\"PropertyValueSpecification\",\"valueRequired\":true,\"valueName\":\"search_term_string\"}}],\"inLanguage\":\"fr-FR\"},{\"@type\":\"Organization\",\"@id\":\"https:\\\/\\\/reveil-info.net\\\/#organization\",\"name\":\"R\u00e9veil Info\",\"url\":\"https:\\\/\\\/reveil-info.net\\\/\",\"logo\":{\"@type\":\"ImageObject\",\"inLanguage\":\"fr-FR\",\"@id\":\"https:\\\/\\\/reveil-info.net\\\/#\\\/schema\\\/logo\\\/image\\\/\",\"url\":\"https:\\\/\\\/reveil-info.net\\\/wp-content\\\/uploads\\\/2024\\\/07\\\/bnddd1.jpg\",\"contentUrl\":\"https:\\\/\\\/reveil-info.net\\\/wp-content\\\/uploads\\\/2024\\\/07\\\/bnddd1.jpg\",\"width\":903,\"height\":125,\"caption\":\"R\u00e9veil Info\"},\"image\":{\"@id\":\"https:\\\/\\\/reveil-info.net\\\/#\\\/schema\\\/logo\\\/image\\\/\"}},{\"@type\":\"Person\",\"@id\":\"https:\\\/\\\/reveil-info.net\\\/#\\\/schema\\\/person\\\/ca0cc8e70088e0a2b5e92556c1ee60f5\",\"name\":\"R\u00e9veil info\",\"image\":{\"@type\":\"ImageObject\",\"inLanguage\":\"fr-FR\",\"@id\":\"https:\\\/\\\/secure.gravatar.com\\\/avatar\\\/e4ad5bb743c8b6cb174d9df6c7d30a8a16f6889731241345fc6444e6485f02af?s=96&d=mm&r=g\",\"url\":\"https:\\\/\\\/secure.gravatar.com\\\/avatar\\\/e4ad5bb743c8b6cb174d9df6c7d30a8a16f6889731241345fc6444e6485f02af?s=96&d=mm&r=g\",\"contentUrl\":\"https:\\\/\\\/secure.gravatar.com\\\/avatar\\\/e4ad5bb743c8b6cb174d9df6c7d30a8a16f6889731241345fc6444e6485f02af?s=96&d=mm&r=g\",\"caption\":\"R\u00e9veil info\"},\"sameAs\":[\"https:\\\/\\\/reveil-info.net\"],\"url\":\"https:\\\/\\\/reveil-info.net\\\/?author=1\"}]}<\/script>\n<!-- \/ Yoast SEO plugin. -->","yoast_head_json":{"title":"21 ao\u00fbt: Journ\u00e9e internationale du souvenir, en hommage aux victimes du terrorisme - R\u00e9veil Info","robots":{"index":"noindex","follow":"follow","max-snippet":"max-snippet:-1","max-image-preview":"max-image-preview:large","max-video-preview":"max-video-preview:-1"},"og_locale":"fr_FR","og_type":"article","og_title":"21 ao\u00fbt: Journ\u00e9e internationale du souvenir, en hommage aux victimes du terrorisme - R\u00e9veil Info","og_description":"Des actes de terrorisme propageant un ensemble d&rsquo;id\u00e9ologies haineuses continuent de blesser, de nuire et","og_url":"https:\/\/reveil-info.net\/?p=6799","og_site_name":"R\u00e9veil Info","article_published_time":"2024-08-21T10:53:50+00:00","article_modified_time":"2024-08-21T10:54:40+00:00","og_image":[{"width":2560,"height":2228,"url":"https:\/\/reveil-info.net\/wp-content\/uploads\/2024\/08\/Victims-of-terrorism-scaled.jpg","type":"image\/jpeg"}],"author":"R\u00e9veil info","twitter_card":"summary_large_image","twitter_misc":{"\u00c9crit par":"R\u00e9veil info","Dur\u00e9e de lecture estim\u00e9e":"4 minutes"},"schema":{"@context":"https:\/\/schema.org","@graph":[{"@type":"Article","@id":"https:\/\/reveil-info.net\/?p=6799#article","isPartOf":{"@id":"https:\/\/reveil-info.net\/?p=6799"},"author":{"name":"R\u00e9veil info","@id":"https:\/\/reveil-info.net\/#\/schema\/person\/ca0cc8e70088e0a2b5e92556c1ee60f5"},"headline":"21 ao\u00fbt: Journ\u00e9e internationale du souvenir, en hommage aux victimes du terrorisme","datePublished":"2024-08-21T10:53:50+00:00","dateModified":"2024-08-21T10:54:40+00:00","mainEntityOfPage":{"@id":"https:\/\/reveil-info.net\/?p=6799"},"wordCount":815,"commentCount":0,"publisher":{"@id":"https:\/\/reveil-info.net\/#organization"},"image":{"@id":"https:\/\/reveil-info.net\/?p=6799#primaryimage"},"thumbnailUrl":"https:\/\/reveil-info.net\/wp-content\/uploads\/2024\/08\/Victims-of-terrorism-scaled.jpg","articleSection":["Actualit\u00e9"],"inLanguage":"fr-FR","potentialAction":[{"@type":"CommentAction","name":"Comment","target":["https:\/\/reveil-info.net\/?p=6799#respond"]}]},{"@type":"WebPage","@id":"https:\/\/reveil-info.net\/?p=6799","url":"https:\/\/reveil-info.net\/?p=6799","name":"21 ao\u00fbt: Journ\u00e9e internationale du souvenir, en hommage aux victimes du terrorisme - R\u00e9veil Info","isPartOf":{"@id":"https:\/\/reveil-info.net\/#website"},"primaryImageOfPage":{"@id":"https:\/\/reveil-info.net\/?p=6799#primaryimage"},"image":{"@id":"https:\/\/reveil-info.net\/?p=6799#primaryimage"},"thumbnailUrl":"https:\/\/reveil-info.net\/wp-content\/uploads\/2024\/08\/Victims-of-terrorism-scaled.jpg","datePublished":"2024-08-21T10:53:50+00:00","dateModified":"2024-08-21T10:54:40+00:00","breadcrumb":{"@id":"https:\/\/reveil-info.net\/?p=6799#breadcrumb"},"inLanguage":"fr-FR","potentialAction":[{"@type":"ReadAction","target":["https:\/\/reveil-info.net\/?p=6799"]}]},{"@type":"ImageObject","inLanguage":"fr-FR","@id":"https:\/\/reveil-info.net\/?p=6799#primaryimage","url":"https:\/\/reveil-info.net\/wp-content\/uploads\/2024\/08\/Victims-of-terrorism-scaled.jpg","contentUrl":"https:\/\/reveil-info.net\/wp-content\/uploads\/2024\/08\/Victims-of-terrorism-scaled.jpg","width":2560,"height":2228},{"@type":"BreadcrumbList","@id":"https:\/\/reveil-info.net\/?p=6799#breadcrumb","itemListElement":[{"@type":"ListItem","position":1,"name":"Home","item":"https:\/\/reveil-info.net\/"},{"@type":"ListItem","position":2,"name":"21 ao\u00fbt: Journ\u00e9e internationale du souvenir, en hommage aux victimes du terrorisme"}]},{"@type":"WebSite","@id":"https:\/\/reveil-info.net\/#website","url":"https:\/\/reveil-info.net\/","name":"R\u00e9veil Info","description":"Le devoir d&#039;informer!","publisher":{"@id":"https:\/\/reveil-info.net\/#organization"},"potentialAction":[{"@type":"SearchAction","target":{"@type":"EntryPoint","urlTemplate":"https:\/\/reveil-info.net\/?s={search_term_string}"},"query-input":{"@type":"PropertyValueSpecification","valueRequired":true,"valueName":"search_term_string"}}],"inLanguage":"fr-FR"},{"@type":"Organization","@id":"https:\/\/reveil-info.net\/#organization","name":"R\u00e9veil Info","url":"https:\/\/reveil-info.net\/","logo":{"@type":"ImageObject","inLanguage":"fr-FR","@id":"https:\/\/reveil-info.net\/#\/schema\/logo\/image\/","url":"https:\/\/reveil-info.net\/wp-content\/uploads\/2024\/07\/bnddd1.jpg","contentUrl":"https:\/\/reveil-info.net\/wp-content\/uploads\/2024\/07\/bnddd1.jpg","width":903,"height":125,"caption":"R\u00e9veil Info"},"image":{"@id":"https:\/\/reveil-info.net\/#\/schema\/logo\/image\/"}},{"@type":"Person","@id":"https:\/\/reveil-info.net\/#\/schema\/person\/ca0cc8e70088e0a2b5e92556c1ee60f5","name":"R\u00e9veil info","image":{"@type":"ImageObject","inLanguage":"fr-FR","@id":"https:\/\/secure.gravatar.com\/avatar\/e4ad5bb743c8b6cb174d9df6c7d30a8a16f6889731241345fc6444e6485f02af?s=96&d=mm&r=g","url":"https:\/\/secure.gravatar.com\/avatar\/e4ad5bb743c8b6cb174d9df6c7d30a8a16f6889731241345fc6444e6485f02af?s=96&d=mm&r=g","contentUrl":"https:\/\/secure.gravatar.com\/avatar\/e4ad5bb743c8b6cb174d9df6c7d30a8a16f6889731241345fc6444e6485f02af?s=96&d=mm&r=g","caption":"R\u00e9veil info"},"sameAs":["https:\/\/reveil-info.net"],"url":"https:\/\/reveil-info.net\/?author=1"}]}},"jetpack_featured_media_url":"https:\/\/reveil-info.net\/wp-content\/uploads\/2024\/08\/Victims-of-terrorism-scaled.jpg","featured_image_urls":{"full":["https:\/\/reveil-info.net\/wp-content\/uploads\/2024\/08\/Victims-of-terrorism-scaled.jpg",2560,2228,false],"thumbnail":["https:\/\/reveil-info.net\/wp-content\/uploads\/2024\/08\/Victims-of-terrorism-150x150.jpg",150,150,true],"medium":["https:\/\/reveil-info.net\/wp-content\/uploads\/2024\/08\/Victims-of-terrorism-300x261.jpg",300,261,true],"medium_large":["https:\/\/reveil-info.net\/wp-content\/uploads\/2024\/08\/Victims-of-terrorism-768x668.jpg",640,557,true],"large":["https:\/\/reveil-info.net\/wp-content\/uploads\/2024\/08\/Victims-of-terrorism-1024x891.jpg",640,557,true],"1536x1536":["https:\/\/reveil-info.net\/wp-content\/uploads\/2024\/08\/Victims-of-terrorism-1536x1337.jpg",1536,1337,true],"2048x2048":["https:\/\/reveil-info.net\/wp-content\/uploads\/2024\/08\/Victims-of-terrorism-2048x1782.jpg",2048,1782,true],"chromenews-featured":["https:\/\/reveil-info.net\/wp-content\/uploads\/2024\/08\/Victims-of-terrorism-1024x891.jpg",1024,891,true],"chromenews-large":["https:\/\/reveil-info.net\/wp-content\/uploads\/2024\/08\/Victims-of-terrorism-825x575.jpg",825,575,true],"chromenews-medium":["https:\/\/reveil-info.net\/wp-content\/uploads\/2024\/08\/Victims-of-terrorism-590x410.jpg",590,410,true]},"author_info":{"display_name":"R\u00e9veil info","author_link":"https:\/\/reveil-info.net\/?author=1"},"category_info":"<a href=\"https:\/\/reveil-info.net\/?cat=2\" rel=\"category\">Actualit\u00e9<\/a>","tag_info":"Actualit\u00e9","comment_count":"0","_links":{"self":[{"href":"https:\/\/reveil-info.net\/index.php?rest_route=\/wp\/v2\/posts\/6799","targetHints":{"allow":["GET"]}}],"collection":[{"href":"https:\/\/reveil-info.net\/index.php?rest_route=\/wp\/v2\/posts"}],"about":[{"href":"https:\/\/reveil-info.net\/index.php?rest_route=\/wp\/v2\/types\/post"}],"author":[{"embeddable":true,"href":"https:\/\/reveil-info.net\/index.php?rest_route=\/wp\/v2\/users\/1"}],"replies":[{"embeddable":true,"href":"https:\/\/reveil-info.net\/index.php?rest_route=%2Fwp%2Fv2%2Fcomments&post=6799"}],"version-history":[{"count":5,"href":"https:\/\/reveil-info.net\/index.php?rest_route=\/wp\/v2\/posts\/6799\/revisions"}],"predecessor-version":[{"id":6805,"href":"https:\/\/reveil-info.net\/index.php?rest_route=\/wp\/v2\/posts\/6799\/revisions\/6805"}],"wp:featuredmedia":[{"embeddable":true,"href":"https:\/\/reveil-info.net\/index.php?rest_route=\/wp\/v2\/media\/6802"}],"wp:attachment":[{"href":"https:\/\/reveil-info.net\/index.php?rest_route=%2Fwp%2Fv2%2Fmedia&parent=6799"}],"wp:term":[{"taxonomy":"category","embeddable":true,"href":"https:\/\/reveil-info.net\/index.php?rest_route=%2Fwp%2Fv2%2Fcategories&post=6799"},{"taxonomy":"post_tag","embeddable":true,"href":"https:\/\/reveil-info.net\/index.php?rest_route=%2Fwp%2Fv2%2Ftags&post=6799"}],"curies":[{"name":"wp","href":"https:\/\/api.w.org\/{rel}","templated":true}]}}