{"id":6530,"date":"2024-08-19T13:45:41","date_gmt":"2024-08-19T13:45:41","guid":{"rendered":"https:\/\/reveil-info.net\/?p=6530"},"modified":"2024-08-19T13:45:41","modified_gmt":"2024-08-19T13:45:41","slug":"thierno-alassane-sall-senegal-les-pouvoirs-gravitent-autour-du-premier-ministre","status":"publish","type":"post","link":"https:\/\/reveil-info.net\/?p=6530","title":{"rendered":"Thierno Alassane Sall (S\u00e9n\u00e9gal) : \u00abLes pouvoirs gravitent autour du Premier ministre\u00bb"},"content":{"rendered":"<div class=\"single_post_content_wrapper\">\n<div style=\"text-align: justify;\"><span style=\"font-size: x-large;\">Thierno Alassane Sall note un bic\u00e9phalisme dans la gestion du S\u00e9n\u00e9gal, depuis le 24 mars 2024. Le pr\u00e9sident du parti la R\u00e9publique des valeurs voit un r\u00e9gime o\u00f9 \u00ables pouvoirs gravitent autour du Premier ministre sans que la Constitution ne lui conf\u00e8re cette attitude\u00bb.\u00a0\u00a0<\/span><\/div>\n<div style=\"text-align: justify;\"><span style=\"font-size: x-large;\">\u00a0<\/span><\/div>\n<div style=\"text-align: justify;\"><span style=\"font-size: x-large;\">Invit\u00e9 du \u00abGrand Jury\u00bb de la RFM ce dimanche 18 ao\u00fbt 2024, TAS d\u00e9nonce : \u00abOn voit bien que c\u2019est le Premier ministre qui, apr\u00e8s s\u2019\u00eatre octroy\u00e9 quasiment tous les pouvoirs du pr\u00e9sident de la R\u00e9publique, soumet la justice quasiment et veut aussi soumettre l\u2019Assembl\u00e9e nationale.\u00bb\u00a0<\/span><\/div>\n<div style=\"text-align: justify;\"><span style=\"font-size: x-large;\">\u00a0<\/span><\/div>\n<div style=\"text-align: justify;\"><span style=\"font-size: x-large;\">L\u2019opposant candidat \u00e0 la derni\u00e8re \u00e9lection pr\u00e9sidentielle met en exergue les derni\u00e8res affectations de magistrats d\u00e9cid\u00e9es en r\u00e9union du Conseil sup\u00e9rieur de la magistrature. \u00abLe syst\u00e8me, c\u2019est que le pr\u00e9sident de la R\u00e9publique et son Conseil sup\u00e9rieur de la magistrature prennent toutes les affaires qui \u00e9taient pendantes avant les \u00e9lections et les instruisent en appel lors de la r\u00e9union du Conseil sup\u00e9rieur de la magistrature pour affecter l\u2019ensemble des juges qui en \u00e9taient partie prenante. C\u2019est de la vengeance. L\u2019inamovibilit\u00e9 des juges du si\u00e8ge est un principe constitutionnel et cela a \u00e9t\u00e9 remis en cause. On nous dira toujours &lsquo;n\u00e9cessit\u00e9 de service&rsquo;, mais c\u2019est la justice des vainqueurs\u00bb.<\/span><\/div>\n<div id=\"advertising_inread\" style=\"text-align: justify;\"><strong>www.seneweb.com<\/strong><\/div>\n<\/div>\n","protected":false},"excerpt":{"rendered":"<p>Thierno Alassane Sall note un bic\u00e9phalisme dans la gestion du S\u00e9n\u00e9gal, depuis le 24 mars<\/p>\n","protected":false},"author":1,"featured_media":6534,"comment_status":"open","ping_status":"open","sticky":false,"template":"","format":"standard","meta":{"footnotes":""},"categories":[8,12],"tags":[],"class_list":["post-6530","post","type-post","status-publish","format-standard","has-post-thumbnail","hentry","category-international","category-politique"],"yoast_head":"<!-- This site is optimized with the Yoast SEO plugin v27.5 - https:\/\/yoast.com\/product\/yoast-seo-wordpress\/ -->\n<title>Thierno Alassane Sall (S\u00e9n\u00e9gal) : \u00abLes pouvoirs gravitent autour du Premier ministre\u00bb - R\u00e9veil Info<\/title>\n<meta name=\"robots\" content=\"noindex, follow, max-snippet:-1, max-image-preview:large, max-video-preview:-1\" \/>\n<meta property=\"og:locale\" content=\"fr_FR\" \/>\n<meta property=\"og:type\" content=\"article\" \/>\n<meta property=\"og:title\" content=\"Thierno Alassane Sall (S\u00e9n\u00e9gal) : \u00abLes pouvoirs gravitent autour du Premier ministre\u00bb - R\u00e9veil Info\" \/>\n<meta property=\"og:description\" content=\"Thierno Alassane Sall note un bic\u00e9phalisme dans la gestion du S\u00e9n\u00e9gal, depuis le 24 mars\" \/>\n<meta property=\"og:url\" content=\"https:\/\/reveil-info.net\/?p=6530\" \/>\n<meta property=\"og:site_name\" content=\"R\u00e9veil Info\" \/>\n<meta property=\"article:published_time\" content=\"2024-08-19T13:45:41+00:00\" \/>\n<meta property=\"og:image\" content=\"https:\/\/reveil-info.net\/wp-content\/uploads\/2024\/08\/d0f6711dabfdf7a4cd586e7df3db609524c11082.png\" \/>\n\t<meta property=\"og:image:width\" content=\"612\" \/>\n\t<meta property=\"og:image:height\" content=\"298\" \/>\n\t<meta property=\"og:image:type\" content=\"image\/png\" \/>\n<meta name=\"author\" content=\"R\u00e9veil info\" \/>\n<meta name=\"twitter:card\" content=\"summary_large_image\" \/>\n<meta name=\"twitter:label1\" content=\"\u00c9crit par\" \/>\n\t<meta name=\"twitter:data1\" content=\"R\u00e9veil info\" \/>\n\t<meta name=\"twitter:label2\" content=\"Dur\u00e9e de lecture estim\u00e9e\" \/>\n\t<meta name=\"twitter:data2\" content=\"2 minutes\" \/>\n<script type=\"application\/ld+json\" class=\"yoast-schema-graph\">{\"@context\":\"https:\\\/\\\/schema.org\",\"@graph\":[{\"@type\":\"Article\",\"@id\":\"https:\\\/\\\/reveil-info.net\\\/?p=6530#article\",\"isPartOf\":{\"@id\":\"https:\\\/\\\/reveil-info.net\\\/?p=6530\"},\"author\":{\"name\":\"R\u00e9veil info\",\"@id\":\"https:\\\/\\\/reveil-info.net\\\/#\\\/schema\\\/person\\\/ca0cc8e70088e0a2b5e92556c1ee60f5\"},\"headline\":\"Thierno Alassane Sall (S\u00e9n\u00e9gal) : \u00abLes pouvoirs gravitent autour du Premier ministre\u00bb\",\"datePublished\":\"2024-08-19T13:45:41+00:00\",\"mainEntityOfPage\":{\"@id\":\"https:\\\/\\\/reveil-info.net\\\/?p=6530\"},\"wordCount\":245,\"commentCount\":0,\"publisher\":{\"@id\":\"https:\\\/\\\/reveil-info.net\\\/#organization\"},\"image\":{\"@id\":\"https:\\\/\\\/reveil-info.net\\\/?p=6530#primaryimage\"},\"thumbnailUrl\":\"https:\\\/\\\/reveil-info.net\\\/wp-content\\\/uploads\\\/2024\\\/08\\\/d0f6711dabfdf7a4cd586e7df3db609524c11082.png\",\"articleSection\":[\"International\",\"Politique\"],\"inLanguage\":\"fr-FR\",\"potentialAction\":[{\"@type\":\"CommentAction\",\"name\":\"Comment\",\"target\":[\"https:\\\/\\\/reveil-info.net\\\/?p=6530#respond\"]}]},{\"@type\":\"WebPage\",\"@id\":\"https:\\\/\\\/reveil-info.net\\\/?p=6530\",\"url\":\"https:\\\/\\\/reveil-info.net\\\/?p=6530\",\"name\":\"Thierno Alassane Sall (S\u00e9n\u00e9gal) : \u00abLes pouvoirs gravitent autour du Premier ministre\u00bb - R\u00e9veil Info\",\"isPartOf\":{\"@id\":\"https:\\\/\\\/reveil-info.net\\\/#website\"},\"primaryImageOfPage\":{\"@id\":\"https:\\\/\\\/reveil-info.net\\\/?p=6530#primaryimage\"},\"image\":{\"@id\":\"https:\\\/\\\/reveil-info.net\\\/?p=6530#primaryimage\"},\"thumbnailUrl\":\"https:\\\/\\\/reveil-info.net\\\/wp-content\\\/uploads\\\/2024\\\/08\\\/d0f6711dabfdf7a4cd586e7df3db609524c11082.png\",\"datePublished\":\"2024-08-19T13:45:41+00:00\",\"breadcrumb\":{\"@id\":\"https:\\\/\\\/reveil-info.net\\\/?p=6530#breadcrumb\"},\"inLanguage\":\"fr-FR\",\"potentialAction\":[{\"@type\":\"ReadAction\",\"target\":[\"https:\\\/\\\/reveil-info.net\\\/?p=6530\"]}]},{\"@type\":\"ImageObject\",\"inLanguage\":\"fr-FR\",\"@id\":\"https:\\\/\\\/reveil-info.net\\\/?p=6530#primaryimage\",\"url\":\"https:\\\/\\\/reveil-info.net\\\/wp-content\\\/uploads\\\/2024\\\/08\\\/d0f6711dabfdf7a4cd586e7df3db609524c11082.png\",\"contentUrl\":\"https:\\\/\\\/reveil-info.net\\\/wp-content\\\/uploads\\\/2024\\\/08\\\/d0f6711dabfdf7a4cd586e7df3db609524c11082.png\",\"width\":612,\"height\":298},{\"@type\":\"BreadcrumbList\",\"@id\":\"https:\\\/\\\/reveil-info.net\\\/?p=6530#breadcrumb\",\"itemListElement\":[{\"@type\":\"ListItem\",\"position\":1,\"name\":\"Home\",\"item\":\"https:\\\/\\\/reveil-info.net\\\/\"},{\"@type\":\"ListItem\",\"position\":2,\"name\":\"Thierno Alassane Sall (S\u00e9n\u00e9gal) : \u00abLes pouvoirs gravitent autour du Premier ministre\u00bb\"}]},{\"@type\":\"WebSite\",\"@id\":\"https:\\\/\\\/reveil-info.net\\\/#website\",\"url\":\"https:\\\/\\\/reveil-info.net\\\/\",\"name\":\"R\u00e9veil Info\",\"description\":\"Le devoir d&#039;informer!\",\"publisher\":{\"@id\":\"https:\\\/\\\/reveil-info.net\\\/#organization\"},\"potentialAction\":[{\"@type\":\"SearchAction\",\"target\":{\"@type\":\"EntryPoint\",\"urlTemplate\":\"https:\\\/\\\/reveil-info.net\\\/?s={search_term_string}\"},\"query-input\":{\"@type\":\"PropertyValueSpecification\",\"valueRequired\":true,\"valueName\":\"search_term_string\"}}],\"inLanguage\":\"fr-FR\"},{\"@type\":\"Organization\",\"@id\":\"https:\\\/\\\/reveil-info.net\\\/#organization\",\"name\":\"R\u00e9veil Info\",\"url\":\"https:\\\/\\\/reveil-info.net\\\/\",\"logo\":{\"@type\":\"ImageObject\",\"inLanguage\":\"fr-FR\",\"@id\":\"https:\\\/\\\/reveil-info.net\\\/#\\\/schema\\\/logo\\\/image\\\/\",\"url\":\"https:\\\/\\\/reveil-info.net\\\/wp-content\\\/uploads\\\/2024\\\/07\\\/bnddd1.jpg\",\"contentUrl\":\"https:\\\/\\\/reveil-info.net\\\/wp-content\\\/uploads\\\/2024\\\/07\\\/bnddd1.jpg\",\"width\":903,\"height\":125,\"caption\":\"R\u00e9veil Info\"},\"image\":{\"@id\":\"https:\\\/\\\/reveil-info.net\\\/#\\\/schema\\\/logo\\\/image\\\/\"}},{\"@type\":\"Person\",\"@id\":\"https:\\\/\\\/reveil-info.net\\\/#\\\/schema\\\/person\\\/ca0cc8e70088e0a2b5e92556c1ee60f5\",\"name\":\"R\u00e9veil info\",\"image\":{\"@type\":\"ImageObject\",\"inLanguage\":\"fr-FR\",\"@id\":\"https:\\\/\\\/secure.gravatar.com\\\/avatar\\\/e4ad5bb743c8b6cb174d9df6c7d30a8a16f6889731241345fc6444e6485f02af?s=96&d=mm&r=g\",\"url\":\"https:\\\/\\\/secure.gravatar.com\\\/avatar\\\/e4ad5bb743c8b6cb174d9df6c7d30a8a16f6889731241345fc6444e6485f02af?s=96&d=mm&r=g\",\"contentUrl\":\"https:\\\/\\\/secure.gravatar.com\\\/avatar\\\/e4ad5bb743c8b6cb174d9df6c7d30a8a16f6889731241345fc6444e6485f02af?s=96&d=mm&r=g\",\"caption\":\"R\u00e9veil info\"},\"sameAs\":[\"https:\\\/\\\/reveil-info.net\"],\"url\":\"https:\\\/\\\/reveil-info.net\\\/?author=1\"}]}<\/script>\n<!-- \/ Yoast SEO plugin. -->","yoast_head_json":{"title":"Thierno Alassane Sall (S\u00e9n\u00e9gal) : \u00abLes pouvoirs gravitent autour du Premier ministre\u00bb - R\u00e9veil Info","robots":{"index":"noindex","follow":"follow","max-snippet":"max-snippet:-1","max-image-preview":"max-image-preview:large","max-video-preview":"max-video-preview:-1"},"og_locale":"fr_FR","og_type":"article","og_title":"Thierno Alassane Sall (S\u00e9n\u00e9gal) : \u00abLes pouvoirs gravitent autour du Premier ministre\u00bb - R\u00e9veil Info","og_description":"Thierno Alassane Sall note un bic\u00e9phalisme dans la gestion du S\u00e9n\u00e9gal, depuis le 24 mars","og_url":"https:\/\/reveil-info.net\/?p=6530","og_site_name":"R\u00e9veil Info","article_published_time":"2024-08-19T13:45:41+00:00","og_image":[{"width":612,"height":298,"url":"https:\/\/reveil-info.net\/wp-content\/uploads\/2024\/08\/d0f6711dabfdf7a4cd586e7df3db609524c11082.png","type":"image\/png"}],"author":"R\u00e9veil info","twitter_card":"summary_large_image","twitter_misc":{"\u00c9crit par":"R\u00e9veil info","Dur\u00e9e de lecture estim\u00e9e":"2 minutes"},"schema":{"@context":"https:\/\/schema.org","@graph":[{"@type":"Article","@id":"https:\/\/reveil-info.net\/?p=6530#article","isPartOf":{"@id":"https:\/\/reveil-info.net\/?p=6530"},"author":{"name":"R\u00e9veil info","@id":"https:\/\/reveil-info.net\/#\/schema\/person\/ca0cc8e70088e0a2b5e92556c1ee60f5"},"headline":"Thierno Alassane Sall (S\u00e9n\u00e9gal) : \u00abLes pouvoirs gravitent autour du Premier ministre\u00bb","datePublished":"2024-08-19T13:45:41+00:00","mainEntityOfPage":{"@id":"https:\/\/reveil-info.net\/?p=6530"},"wordCount":245,"commentCount":0,"publisher":{"@id":"https:\/\/reveil-info.net\/#organization"},"image":{"@id":"https:\/\/reveil-info.net\/?p=6530#primaryimage"},"thumbnailUrl":"https:\/\/reveil-info.net\/wp-content\/uploads\/2024\/08\/d0f6711dabfdf7a4cd586e7df3db609524c11082.png","articleSection":["International","Politique"],"inLanguage":"fr-FR","potentialAction":[{"@type":"CommentAction","name":"Comment","target":["https:\/\/reveil-info.net\/?p=6530#respond"]}]},{"@type":"WebPage","@id":"https:\/\/reveil-info.net\/?p=6530","url":"https:\/\/reveil-info.net\/?p=6530","name":"Thierno Alassane Sall (S\u00e9n\u00e9gal) : \u00abLes pouvoirs gravitent autour du Premier ministre\u00bb - R\u00e9veil Info","isPartOf":{"@id":"https:\/\/reveil-info.net\/#website"},"primaryImageOfPage":{"@id":"https:\/\/reveil-info.net\/?p=6530#primaryimage"},"image":{"@id":"https:\/\/reveil-info.net\/?p=6530#primaryimage"},"thumbnailUrl":"https:\/\/reveil-info.net\/wp-content\/uploads\/2024\/08\/d0f6711dabfdf7a4cd586e7df3db609524c11082.png","datePublished":"2024-08-19T13:45:41+00:00","breadcrumb":{"@id":"https:\/\/reveil-info.net\/?p=6530#breadcrumb"},"inLanguage":"fr-FR","potentialAction":[{"@type":"ReadAction","target":["https:\/\/reveil-info.net\/?p=6530"]}]},{"@type":"ImageObject","inLanguage":"fr-FR","@id":"https:\/\/reveil-info.net\/?p=6530#primaryimage","url":"https:\/\/reveil-info.net\/wp-content\/uploads\/2024\/08\/d0f6711dabfdf7a4cd586e7df3db609524c11082.png","contentUrl":"https:\/\/reveil-info.net\/wp-content\/uploads\/2024\/08\/d0f6711dabfdf7a4cd586e7df3db609524c11082.png","width":612,"height":298},{"@type":"BreadcrumbList","@id":"https:\/\/reveil-info.net\/?p=6530#breadcrumb","itemListElement":[{"@type":"ListItem","position":1,"name":"Home","item":"https:\/\/reveil-info.net\/"},{"@type":"ListItem","position":2,"name":"Thierno Alassane Sall (S\u00e9n\u00e9gal) : \u00abLes pouvoirs gravitent autour du Premier ministre\u00bb"}]},{"@type":"WebSite","@id":"https:\/\/reveil-info.net\/#website","url":"https:\/\/reveil-info.net\/","name":"R\u00e9veil Info","description":"Le devoir d&#039;informer!","publisher":{"@id":"https:\/\/reveil-info.net\/#organization"},"potentialAction":[{"@type":"SearchAction","target":{"@type":"EntryPoint","urlTemplate":"https:\/\/reveil-info.net\/?s={search_term_string}"},"query-input":{"@type":"PropertyValueSpecification","valueRequired":true,"valueName":"search_term_string"}}],"inLanguage":"fr-FR"},{"@type":"Organization","@id":"https:\/\/reveil-info.net\/#organization","name":"R\u00e9veil Info","url":"https:\/\/reveil-info.net\/","logo":{"@type":"ImageObject","inLanguage":"fr-FR","@id":"https:\/\/reveil-info.net\/#\/schema\/logo\/image\/","url":"https:\/\/reveil-info.net\/wp-content\/uploads\/2024\/07\/bnddd1.jpg","contentUrl":"https:\/\/reveil-info.net\/wp-content\/uploads\/2024\/07\/bnddd1.jpg","width":903,"height":125,"caption":"R\u00e9veil Info"},"image":{"@id":"https:\/\/reveil-info.net\/#\/schema\/logo\/image\/"}},{"@type":"Person","@id":"https:\/\/reveil-info.net\/#\/schema\/person\/ca0cc8e70088e0a2b5e92556c1ee60f5","name":"R\u00e9veil info","image":{"@type":"ImageObject","inLanguage":"fr-FR","@id":"https:\/\/secure.gravatar.com\/avatar\/e4ad5bb743c8b6cb174d9df6c7d30a8a16f6889731241345fc6444e6485f02af?s=96&d=mm&r=g","url":"https:\/\/secure.gravatar.com\/avatar\/e4ad5bb743c8b6cb174d9df6c7d30a8a16f6889731241345fc6444e6485f02af?s=96&d=mm&r=g","contentUrl":"https:\/\/secure.gravatar.com\/avatar\/e4ad5bb743c8b6cb174d9df6c7d30a8a16f6889731241345fc6444e6485f02af?s=96&d=mm&r=g","caption":"R\u00e9veil info"},"sameAs":["https:\/\/reveil-info.net"],"url":"https:\/\/reveil-info.net\/?author=1"}]}},"jetpack_featured_media_url":"https:\/\/reveil-info.net\/wp-content\/uploads\/2024\/08\/d0f6711dabfdf7a4cd586e7df3db609524c11082.png","featured_image_urls":{"full":["https:\/\/reveil-info.net\/wp-content\/uploads\/2024\/08\/d0f6711dabfdf7a4cd586e7df3db609524c11082.png",612,298,false],"thumbnail":["https:\/\/reveil-info.net\/wp-content\/uploads\/2024\/08\/d0f6711dabfdf7a4cd586e7df3db609524c11082-150x150.png",150,150,true],"medium":["https:\/\/reveil-info.net\/wp-content\/uploads\/2024\/08\/d0f6711dabfdf7a4cd586e7df3db609524c11082-300x146.png",300,146,true],"medium_large":["https:\/\/reveil-info.net\/wp-content\/uploads\/2024\/08\/d0f6711dabfdf7a4cd586e7df3db609524c11082.png",612,298,false],"large":["https:\/\/reveil-info.net\/wp-content\/uploads\/2024\/08\/d0f6711dabfdf7a4cd586e7df3db609524c11082.png",612,298,false],"1536x1536":["https:\/\/reveil-info.net\/wp-content\/uploads\/2024\/08\/d0f6711dabfdf7a4cd586e7df3db609524c11082.png",612,298,false],"2048x2048":["https:\/\/reveil-info.net\/wp-content\/uploads\/2024\/08\/d0f6711dabfdf7a4cd586e7df3db609524c11082.png",612,298,false],"chromenews-featured":["https:\/\/reveil-info.net\/wp-content\/uploads\/2024\/08\/d0f6711dabfdf7a4cd586e7df3db609524c11082.png",612,298,false],"chromenews-large":["https:\/\/reveil-info.net\/wp-content\/uploads\/2024\/08\/d0f6711dabfdf7a4cd586e7df3db609524c11082.png",612,298,false],"chromenews-medium":["https:\/\/reveil-info.net\/wp-content\/uploads\/2024\/08\/d0f6711dabfdf7a4cd586e7df3db609524c11082-590x298.png",590,298,true]},"author_info":{"display_name":"R\u00e9veil info","author_link":"https:\/\/reveil-info.net\/?author=1"},"category_info":"<a href=\"https:\/\/reveil-info.net\/?cat=8\" rel=\"category\">International<\/a> <a href=\"https:\/\/reveil-info.net\/?cat=12\" rel=\"category\">Politique<\/a>","tag_info":"Politique","comment_count":"0","_links":{"self":[{"href":"https:\/\/reveil-info.net\/index.php?rest_route=\/wp\/v2\/posts\/6530","targetHints":{"allow":["GET"]}}],"collection":[{"href":"https:\/\/reveil-info.net\/index.php?rest_route=\/wp\/v2\/posts"}],"about":[{"href":"https:\/\/reveil-info.net\/index.php?rest_route=\/wp\/v2\/types\/post"}],"author":[{"embeddable":true,"href":"https:\/\/reveil-info.net\/index.php?rest_route=\/wp\/v2\/users\/1"}],"replies":[{"embeddable":true,"href":"https:\/\/reveil-info.net\/index.php?rest_route=%2Fwp%2Fv2%2Fcomments&post=6530"}],"version-history":[{"count":4,"href":"https:\/\/reveil-info.net\/index.php?rest_route=\/wp\/v2\/posts\/6530\/revisions"}],"predecessor-version":[{"id":6535,"href":"https:\/\/reveil-info.net\/index.php?rest_route=\/wp\/v2\/posts\/6530\/revisions\/6535"}],"wp:featuredmedia":[{"embeddable":true,"href":"https:\/\/reveil-info.net\/index.php?rest_route=\/wp\/v2\/media\/6534"}],"wp:attachment":[{"href":"https:\/\/reveil-info.net\/index.php?rest_route=%2Fwp%2Fv2%2Fmedia&parent=6530"}],"wp:term":[{"taxonomy":"category","embeddable":true,"href":"https:\/\/reveil-info.net\/index.php?rest_route=%2Fwp%2Fv2%2Fcategories&post=6530"},{"taxonomy":"post_tag","embeddable":true,"href":"https:\/\/reveil-info.net\/index.php?rest_route=%2Fwp%2Fv2%2Ftags&post=6530"}],"curies":[{"name":"wp","href":"https:\/\/api.w.org\/{rel}","templated":true}]}}