{"id":6057,"date":"2024-08-14T12:24:15","date_gmt":"2024-08-14T12:24:15","guid":{"rendered":"https:\/\/reveil-info.net\/?p=6057"},"modified":"2024-08-14T12:28:22","modified_gmt":"2024-08-14T12:28:22","slug":"diner-offert-par-le-premier-ministre-malien-a-son-homologue-senegalais","status":"publish","type":"post","link":"https:\/\/reveil-info.net\/?p=6057","title":{"rendered":"DINER OFFERT PAR LE PREMIER MINISTRE MALIEN A SON HOMOLOGUE SENEGALAIS"},"content":{"rendered":"<div class=\"x11i5rnm xat24cr x1mh8g0r x1vvkbs xtlvy1s x126k92a\">\n<div dir=\"auto\" style=\"text-align: justify;\"><strong>CHOGUEL KOKALLA MA\u00cfGA A OUSMANE SONKO : \u00abJE VOUS SOUHAITE UNE SANTE DE FER ET VOUS INVITE A VOUS SERRER LES COUDES, EN TOUTE LUCIDITE, VOUS ET LE PRESIDENT FAYE\u00bb<\/strong><\/div>\n<\/div>\n<div class=\"x11i5rnm xat24cr x1mh8g0r x1vvkbs xtlvy1s x126k92a\">\n<div dir=\"auto\" style=\"text-align: justify;\">Apr\u00e8s l\u2019audience accord\u00e9e \u00e0 Koulouba par le Pr\u00e9sident de la Transition, le Colonel Assimi Go\u00efta, au Premier ministre s\u00e9n\u00e9galais, Ousmane Sonko, le Premier ministre malien a offert, ce lundi 12 ao\u00fbt 2024 \u00e0 sa r\u00e9sidence, un d\u00eener \u00e0 l\u2019illustre panafricaniste.<\/div>\n<div dir=\"auto\" style=\"text-align: justify;\">Dr Choguel Kokalla Ma\u00efga s\u2019est f\u00e9licit\u00e9 qu\u2019Ousmane Sonko a fait une escale au Mali d\u00e8s sa premi\u00e8re sortie du S\u00e9n\u00e9gal. En effet, c\u2019est en provenance de Kigali, o\u00f9 il a repr\u00e9sent\u00e9 le Pr\u00e9sident Bassirou Diakhar Diomaye Faye \u00e0 l\u2019investiture du Pr\u00e9sident rwandais, Paul Kagam\u00e9, que le Premier ministre s\u00e9n\u00e9galais a tenu \u00e0 faire une escale \u00e0 Bamako.<\/div>\n<div dir=\"auto\" style=\"text-align: justify;\">Le Premier ministre malien a fait l\u2019historique de la lutte contre le terrorisme au Mali qui, apr\u00e8s sept ans, n\u2019a abouti \u00e0 aucun r\u00e9sultat positif. C\u2019est pourquoi il qualifi\u00e9 de \u00ab\u00a0sp\u00e9cieux\u00a0\u00bb les arguments avanc\u00e9s par les Forces internationales, le terrorisme s\u2019\u00e9tant propag\u00e9 sur pr\u00e8s de 80 % du territoire malien au lieu d\u2019\u00eatre jugul\u00e9 malgr\u00e9 la pr\u00e9sence de celles-ci.<\/div>\n<div dir=\"auto\" style=\"text-align: justify;\">\u00abIl a fallu changer de m\u00e9decin, d\u2019ordonnance, de m\u00e9dicaments, de posologie et prendre le taureau par les cornes pour d\u00e9livrer le peuple gr\u00e2ce \u00e0 notre arm\u00e9e. Aussi longtemps que les Maliens ne prennent pas leur destin en main, le terrorisme continuera de s\u00e9vir\u00bb, a-t-il soutenu.<\/div>\n<div dir=\"auto\"><img loading=\"lazy\" decoding=\"async\" class=\"alignnone wp-image-6062\" src=\"https:\/\/reveil-info.net\/wp-content\/uploads\/2024\/08\/455240781_867400618911164_8772518301065137221_n-300x200.jpg\" alt=\"\" width=\"878\" height=\"585\" srcset=\"https:\/\/reveil-info.net\/wp-content\/uploads\/2024\/08\/455240781_867400618911164_8772518301065137221_n-300x200.jpg 300w, https:\/\/reveil-info.net\/wp-content\/uploads\/2024\/08\/455240781_867400618911164_8772518301065137221_n-1024x683.jpg 1024w, https:\/\/reveil-info.net\/wp-content\/uploads\/2024\/08\/455240781_867400618911164_8772518301065137221_n-768x512.jpg 768w, https:\/\/reveil-info.net\/wp-content\/uploads\/2024\/08\/455240781_867400618911164_8772518301065137221_n.jpg 1080w\" sizes=\"auto, (max-width: 878px) 100vw, 878px\" \/><\/div>\n<div dir=\"auto\" style=\"text-align: justify;\">Tant au Burkina Faso, au Niger qu\u2019au S\u00e9n\u00e9gal, il est n\u00e9cessaire de comprendre les conditions dans lesquelles les changements ont intervenu. C\u2019est notamment gr\u00e2ce \u00e0 la population, a dit le Premier ministre qui a cit\u00e9 un proverbe bambara : \u00abOn ne peut pas traverser un marigot o\u00f9 il y a des ca\u00efmans avec le courage d\u2019autrui\u00bb.<\/div>\n<div dir=\"auto\" style=\"text-align: justify;\">Parlant du parti d\u2019Ousmane Sonko et du Pr\u00e9sident Bassirou Diomaye Diakhar Faye, il a d\u00e9clar\u00e9 : \u00abCe qui permet de tenir loin, c\u2019est l\u2019amour pour la patrie comme vous le cultivez au PASTEF. Je vous souhaite une sant\u00e9 de fer, plein succ\u00e8s, bonne chance et vous invite \u00e0 vous serrer les coudes, en toute lucidit\u00e9, vous et le Pr\u00e9sident Faye\u00bb.<\/div>\n<div dir=\"auto\" style=\"text-align: justify;\">De son c\u00f4t\u00e9, le Premier ministre Ousmane Sonko a estim\u00e9 que \u00abcette escale, il fallait la faire. Au-del\u00e0 de l\u2019aspect symbolique, j\u2019ai un profond attachement \u00e0 la terre malienne\u00bb. En parlant de la kora dont les m\u00e9lodies ber\u00e7aient les convives, il a d\u00e9clar\u00e9 que cet instrument est \u00able symbole de la transversalit\u00e9 des peuples\u00bb.<\/div>\n<div dir=\"auto\" style=\"text-align: justify;\">Le Premier ministre s\u00e9n\u00e9galais a ensuite affirm\u00e9 qu\u2019il n\u2019y aura pas de probl\u00e8mes personnels entre le Pr\u00e9sident Bassirou Diomaye Diakhar Faye et lui. Il a aussi inform\u00e9 que le PASTEF, qui pr\u00f4ne le panafricanisme, a r\u00e9fl\u00e9chi, avec des partis politiques africains \u00e0 Niamey, \u00e0 une id\u00e9ologie africaine dans le cadre d\u2019une internationale progressiste africaine, mais il n\u2019y a pas eu de suite \u00e0 cette d\u00e9marche.<\/div>\n<\/div>\n<div dir=\"auto\"><img loading=\"lazy\" decoding=\"async\" class=\"alignnone wp-image-6064\" src=\"https:\/\/reveil-info.net\/wp-content\/uploads\/2024\/08\/455164294_867401142244445_8885715640955901749_n-300x200.jpg\" alt=\"\" width=\"872\" height=\"581\" srcset=\"https:\/\/reveil-info.net\/wp-content\/uploads\/2024\/08\/455164294_867401142244445_8885715640955901749_n-300x200.jpg 300w, https:\/\/reveil-info.net\/wp-content\/uploads\/2024\/08\/455164294_867401142244445_8885715640955901749_n-1024x683.jpg 1024w, https:\/\/reveil-info.net\/wp-content\/uploads\/2024\/08\/455164294_867401142244445_8885715640955901749_n-768x512.jpg 768w, https:\/\/reveil-info.net\/wp-content\/uploads\/2024\/08\/455164294_867401142244445_8885715640955901749_n.jpg 1080w\" sizes=\"auto, (max-width: 872px) 100vw, 872px\" \/><\/div>\n<div class=\"x11i5rnm xat24cr x1mh8g0r x1vvkbs xtlvy1s x126k92a\">\n<div dir=\"auto\" style=\"text-align: justify;\">Comme projet, Ousmane Sonko a annonc\u00e9 la comm\u00e9moration, avec des patriotes africains, de l\u2019anniversaire de Thiaroye 44, un \u00e9v\u00e9nement douloureux qui s\u2019est d\u00e9roul\u00e9 le 1er d\u00e9cembre 1944 et qui a un aspect m\u00e9moriel tr\u00e8s important pour les tirailleurs et les Africains.<\/div>\n<div dir=\"auto\" style=\"text-align: justify;\">Le Premier ministre Sonko a aussi estim\u00e9 qu\u2019il serait judicieux pour les Africains de prendre l\u2019exemple des pays comme l\u2019Egypte des Pharaons, l\u2019Iran avec l\u2019empire perse, la Turquie avec l\u2019empire ottoman pour se relever. Il y a donc n\u00e9cessit\u00e9 de lutter pour la souverainet\u00e9 sous toutes ses formes : alimentaire, politique, \u00e9conomique, mon\u00e9taire, entre autres. Il a enfin d\u00e9clar\u00e9 avoir un profond respect pour l\u2019Alliance des Etats du Sahel et remerci\u00e9 le Pr\u00e9sident Assimi Go\u00efta pour l\u2019avoir re\u00e7u en audience.<\/div>\n<div dir=\"auto\" style=\"text-align: justify;\">A la fin du d\u00eener, le Premier ministre malien a offert \u00e0 son homologue s\u00e9n\u00e9galais une kora et un boubou comme cadeaux symboliques.<\/div>\n<div dir=\"auto\"><strong>Source: Primature Mali<\/strong><\/div>\n<\/div>\n","protected":false},"excerpt":{"rendered":"<p>CHOGUEL KOKALLA MA\u00cfGA A OUSMANE SONKO : \u00abJE VOUS SOUHAITE UNE SANTE DE FER ET<\/p>\n","protected":false},"author":1,"featured_media":6061,"comment_status":"open","ping_status":"open","sticky":false,"template":"","format":"standard","meta":{"footnotes":""},"categories":[2,8],"tags":[],"class_list":["post-6057","post","type-post","status-publish","format-standard","has-post-thumbnail","hentry","category-actu","category-international"],"yoast_head":"<!-- This site is optimized with the Yoast SEO plugin v27.5 - https:\/\/yoast.com\/product\/yoast-seo-wordpress\/ -->\n<title>DINER OFFERT PAR LE PREMIER MINISTRE MALIEN A SON HOMOLOGUE SENEGALAIS - R\u00e9veil Info<\/title>\n<meta name=\"robots\" content=\"noindex, follow, max-snippet:-1, max-image-preview:large, max-video-preview:-1\" \/>\n<meta property=\"og:locale\" content=\"fr_FR\" \/>\n<meta property=\"og:type\" content=\"article\" \/>\n<meta property=\"og:title\" content=\"DINER OFFERT PAR LE PREMIER MINISTRE MALIEN A SON HOMOLOGUE SENEGALAIS - R\u00e9veil Info\" \/>\n<meta property=\"og:description\" content=\"CHOGUEL KOKALLA MA\u00cfGA A OUSMANE SONKO : \u00abJE VOUS SOUHAITE UNE SANTE DE FER ET\" \/>\n<meta property=\"og:url\" content=\"https:\/\/reveil-info.net\/?p=6057\" \/>\n<meta property=\"og:site_name\" content=\"R\u00e9veil Info\" \/>\n<meta property=\"article:published_time\" content=\"2024-08-14T12:24:15+00:00\" \/>\n<meta property=\"article:modified_time\" content=\"2024-08-14T12:28:22+00:00\" \/>\n<meta property=\"og:image\" content=\"https:\/\/reveil-info.net\/wp-content\/uploads\/2024\/08\/455192970_867400598911166_5155104553463704059_n.jpg\" \/>\n\t<meta property=\"og:image:width\" content=\"1080\" \/>\n\t<meta property=\"og:image:height\" content=\"720\" \/>\n\t<meta property=\"og:image:type\" content=\"image\/jpeg\" \/>\n<meta name=\"author\" content=\"R\u00e9veil info\" \/>\n<meta name=\"twitter:card\" content=\"summary_large_image\" \/>\n<meta name=\"twitter:label1\" content=\"\u00c9crit par\" \/>\n\t<meta name=\"twitter:data1\" content=\"R\u00e9veil info\" \/>\n\t<meta name=\"twitter:label2\" content=\"Dur\u00e9e de lecture estim\u00e9e\" \/>\n\t<meta name=\"twitter:data2\" content=\"4 minutes\" \/>\n<script type=\"application\/ld+json\" class=\"yoast-schema-graph\">{\"@context\":\"https:\\\/\\\/schema.org\",\"@graph\":[{\"@type\":\"Article\",\"@id\":\"https:\\\/\\\/reveil-info.net\\\/?p=6057#article\",\"isPartOf\":{\"@id\":\"https:\\\/\\\/reveil-info.net\\\/?p=6057\"},\"author\":{\"name\":\"R\u00e9veil info\",\"@id\":\"https:\\\/\\\/reveil-info.net\\\/#\\\/schema\\\/person\\\/ca0cc8e70088e0a2b5e92556c1ee60f5\"},\"headline\":\"DINER OFFERT PAR LE PREMIER MINISTRE MALIEN A SON HOMOLOGUE SENEGALAIS\",\"datePublished\":\"2024-08-14T12:24:15+00:00\",\"dateModified\":\"2024-08-14T12:28:22+00:00\",\"mainEntityOfPage\":{\"@id\":\"https:\\\/\\\/reveil-info.net\\\/?p=6057\"},\"wordCount\":703,\"commentCount\":0,\"publisher\":{\"@id\":\"https:\\\/\\\/reveil-info.net\\\/#organization\"},\"image\":{\"@id\":\"https:\\\/\\\/reveil-info.net\\\/?p=6057#primaryimage\"},\"thumbnailUrl\":\"https:\\\/\\\/reveil-info.net\\\/wp-content\\\/uploads\\\/2024\\\/08\\\/455192970_867400598911166_5155104553463704059_n.jpg\",\"articleSection\":[\"Actualit\u00e9\",\"International\"],\"inLanguage\":\"fr-FR\",\"potentialAction\":[{\"@type\":\"CommentAction\",\"name\":\"Comment\",\"target\":[\"https:\\\/\\\/reveil-info.net\\\/?p=6057#respond\"]}]},{\"@type\":\"WebPage\",\"@id\":\"https:\\\/\\\/reveil-info.net\\\/?p=6057\",\"url\":\"https:\\\/\\\/reveil-info.net\\\/?p=6057\",\"name\":\"DINER OFFERT PAR LE PREMIER MINISTRE MALIEN A SON HOMOLOGUE SENEGALAIS - R\u00e9veil Info\",\"isPartOf\":{\"@id\":\"https:\\\/\\\/reveil-info.net\\\/#website\"},\"primaryImageOfPage\":{\"@id\":\"https:\\\/\\\/reveil-info.net\\\/?p=6057#primaryimage\"},\"image\":{\"@id\":\"https:\\\/\\\/reveil-info.net\\\/?p=6057#primaryimage\"},\"thumbnailUrl\":\"https:\\\/\\\/reveil-info.net\\\/wp-content\\\/uploads\\\/2024\\\/08\\\/455192970_867400598911166_5155104553463704059_n.jpg\",\"datePublished\":\"2024-08-14T12:24:15+00:00\",\"dateModified\":\"2024-08-14T12:28:22+00:00\",\"breadcrumb\":{\"@id\":\"https:\\\/\\\/reveil-info.net\\\/?p=6057#breadcrumb\"},\"inLanguage\":\"fr-FR\",\"potentialAction\":[{\"@type\":\"ReadAction\",\"target\":[\"https:\\\/\\\/reveil-info.net\\\/?p=6057\"]}]},{\"@type\":\"ImageObject\",\"inLanguage\":\"fr-FR\",\"@id\":\"https:\\\/\\\/reveil-info.net\\\/?p=6057#primaryimage\",\"url\":\"https:\\\/\\\/reveil-info.net\\\/wp-content\\\/uploads\\\/2024\\\/08\\\/455192970_867400598911166_5155104553463704059_n.jpg\",\"contentUrl\":\"https:\\\/\\\/reveil-info.net\\\/wp-content\\\/uploads\\\/2024\\\/08\\\/455192970_867400598911166_5155104553463704059_n.jpg\",\"width\":1080,\"height\":720},{\"@type\":\"BreadcrumbList\",\"@id\":\"https:\\\/\\\/reveil-info.net\\\/?p=6057#breadcrumb\",\"itemListElement\":[{\"@type\":\"ListItem\",\"position\":1,\"name\":\"Home\",\"item\":\"https:\\\/\\\/reveil-info.net\\\/\"},{\"@type\":\"ListItem\",\"position\":2,\"name\":\"DINER OFFERT PAR LE PREMIER MINISTRE MALIEN A SON HOMOLOGUE SENEGALAIS\"}]},{\"@type\":\"WebSite\",\"@id\":\"https:\\\/\\\/reveil-info.net\\\/#website\",\"url\":\"https:\\\/\\\/reveil-info.net\\\/\",\"name\":\"R\u00e9veil Info\",\"description\":\"Le devoir d&#039;informer!\",\"publisher\":{\"@id\":\"https:\\\/\\\/reveil-info.net\\\/#organization\"},\"potentialAction\":[{\"@type\":\"SearchAction\",\"target\":{\"@type\":\"EntryPoint\",\"urlTemplate\":\"https:\\\/\\\/reveil-info.net\\\/?s={search_term_string}\"},\"query-input\":{\"@type\":\"PropertyValueSpecification\",\"valueRequired\":true,\"valueName\":\"search_term_string\"}}],\"inLanguage\":\"fr-FR\"},{\"@type\":\"Organization\",\"@id\":\"https:\\\/\\\/reveil-info.net\\\/#organization\",\"name\":\"R\u00e9veil Info\",\"url\":\"https:\\\/\\\/reveil-info.net\\\/\",\"logo\":{\"@type\":\"ImageObject\",\"inLanguage\":\"fr-FR\",\"@id\":\"https:\\\/\\\/reveil-info.net\\\/#\\\/schema\\\/logo\\\/image\\\/\",\"url\":\"https:\\\/\\\/reveil-info.net\\\/wp-content\\\/uploads\\\/2024\\\/07\\\/bnddd1.jpg\",\"contentUrl\":\"https:\\\/\\\/reveil-info.net\\\/wp-content\\\/uploads\\\/2024\\\/07\\\/bnddd1.jpg\",\"width\":903,\"height\":125,\"caption\":\"R\u00e9veil Info\"},\"image\":{\"@id\":\"https:\\\/\\\/reveil-info.net\\\/#\\\/schema\\\/logo\\\/image\\\/\"}},{\"@type\":\"Person\",\"@id\":\"https:\\\/\\\/reveil-info.net\\\/#\\\/schema\\\/person\\\/ca0cc8e70088e0a2b5e92556c1ee60f5\",\"name\":\"R\u00e9veil info\",\"image\":{\"@type\":\"ImageObject\",\"inLanguage\":\"fr-FR\",\"@id\":\"https:\\\/\\\/secure.gravatar.com\\\/avatar\\\/e4ad5bb743c8b6cb174d9df6c7d30a8a16f6889731241345fc6444e6485f02af?s=96&d=mm&r=g\",\"url\":\"https:\\\/\\\/secure.gravatar.com\\\/avatar\\\/e4ad5bb743c8b6cb174d9df6c7d30a8a16f6889731241345fc6444e6485f02af?s=96&d=mm&r=g\",\"contentUrl\":\"https:\\\/\\\/secure.gravatar.com\\\/avatar\\\/e4ad5bb743c8b6cb174d9df6c7d30a8a16f6889731241345fc6444e6485f02af?s=96&d=mm&r=g\",\"caption\":\"R\u00e9veil info\"},\"sameAs\":[\"https:\\\/\\\/reveil-info.net\"],\"url\":\"https:\\\/\\\/reveil-info.net\\\/?author=1\"}]}<\/script>\n<!-- \/ Yoast SEO plugin. -->","yoast_head_json":{"title":"DINER OFFERT PAR LE PREMIER MINISTRE MALIEN A SON HOMOLOGUE SENEGALAIS - R\u00e9veil Info","robots":{"index":"noindex","follow":"follow","max-snippet":"max-snippet:-1","max-image-preview":"max-image-preview:large","max-video-preview":"max-video-preview:-1"},"og_locale":"fr_FR","og_type":"article","og_title":"DINER OFFERT PAR LE PREMIER MINISTRE MALIEN A SON HOMOLOGUE SENEGALAIS - R\u00e9veil Info","og_description":"CHOGUEL KOKALLA MA\u00cfGA A OUSMANE SONKO : \u00abJE VOUS SOUHAITE UNE SANTE DE FER ET","og_url":"https:\/\/reveil-info.net\/?p=6057","og_site_name":"R\u00e9veil Info","article_published_time":"2024-08-14T12:24:15+00:00","article_modified_time":"2024-08-14T12:28:22+00:00","og_image":[{"width":1080,"height":720,"url":"https:\/\/reveil-info.net\/wp-content\/uploads\/2024\/08\/455192970_867400598911166_5155104553463704059_n.jpg","type":"image\/jpeg"}],"author":"R\u00e9veil info","twitter_card":"summary_large_image","twitter_misc":{"\u00c9crit par":"R\u00e9veil info","Dur\u00e9e de lecture estim\u00e9e":"4 minutes"},"schema":{"@context":"https:\/\/schema.org","@graph":[{"@type":"Article","@id":"https:\/\/reveil-info.net\/?p=6057#article","isPartOf":{"@id":"https:\/\/reveil-info.net\/?p=6057"},"author":{"name":"R\u00e9veil info","@id":"https:\/\/reveil-info.net\/#\/schema\/person\/ca0cc8e70088e0a2b5e92556c1ee60f5"},"headline":"DINER OFFERT PAR LE PREMIER MINISTRE MALIEN A SON HOMOLOGUE SENEGALAIS","datePublished":"2024-08-14T12:24:15+00:00","dateModified":"2024-08-14T12:28:22+00:00","mainEntityOfPage":{"@id":"https:\/\/reveil-info.net\/?p=6057"},"wordCount":703,"commentCount":0,"publisher":{"@id":"https:\/\/reveil-info.net\/#organization"},"image":{"@id":"https:\/\/reveil-info.net\/?p=6057#primaryimage"},"thumbnailUrl":"https:\/\/reveil-info.net\/wp-content\/uploads\/2024\/08\/455192970_867400598911166_5155104553463704059_n.jpg","articleSection":["Actualit\u00e9","International"],"inLanguage":"fr-FR","potentialAction":[{"@type":"CommentAction","name":"Comment","target":["https:\/\/reveil-info.net\/?p=6057#respond"]}]},{"@type":"WebPage","@id":"https:\/\/reveil-info.net\/?p=6057","url":"https:\/\/reveil-info.net\/?p=6057","name":"DINER OFFERT PAR LE PREMIER MINISTRE MALIEN A SON HOMOLOGUE SENEGALAIS - R\u00e9veil Info","isPartOf":{"@id":"https:\/\/reveil-info.net\/#website"},"primaryImageOfPage":{"@id":"https:\/\/reveil-info.net\/?p=6057#primaryimage"},"image":{"@id":"https:\/\/reveil-info.net\/?p=6057#primaryimage"},"thumbnailUrl":"https:\/\/reveil-info.net\/wp-content\/uploads\/2024\/08\/455192970_867400598911166_5155104553463704059_n.jpg","datePublished":"2024-08-14T12:24:15+00:00","dateModified":"2024-08-14T12:28:22+00:00","breadcrumb":{"@id":"https:\/\/reveil-info.net\/?p=6057#breadcrumb"},"inLanguage":"fr-FR","potentialAction":[{"@type":"ReadAction","target":["https:\/\/reveil-info.net\/?p=6057"]}]},{"@type":"ImageObject","inLanguage":"fr-FR","@id":"https:\/\/reveil-info.net\/?p=6057#primaryimage","url":"https:\/\/reveil-info.net\/wp-content\/uploads\/2024\/08\/455192970_867400598911166_5155104553463704059_n.jpg","contentUrl":"https:\/\/reveil-info.net\/wp-content\/uploads\/2024\/08\/455192970_867400598911166_5155104553463704059_n.jpg","width":1080,"height":720},{"@type":"BreadcrumbList","@id":"https:\/\/reveil-info.net\/?p=6057#breadcrumb","itemListElement":[{"@type":"ListItem","position":1,"name":"Home","item":"https:\/\/reveil-info.net\/"},{"@type":"ListItem","position":2,"name":"DINER OFFERT PAR LE PREMIER MINISTRE MALIEN A SON HOMOLOGUE SENEGALAIS"}]},{"@type":"WebSite","@id":"https:\/\/reveil-info.net\/#website","url":"https:\/\/reveil-info.net\/","name":"R\u00e9veil Info","description":"Le devoir d&#039;informer!","publisher":{"@id":"https:\/\/reveil-info.net\/#organization"},"potentialAction":[{"@type":"SearchAction","target":{"@type":"EntryPoint","urlTemplate":"https:\/\/reveil-info.net\/?s={search_term_string}"},"query-input":{"@type":"PropertyValueSpecification","valueRequired":true,"valueName":"search_term_string"}}],"inLanguage":"fr-FR"},{"@type":"Organization","@id":"https:\/\/reveil-info.net\/#organization","name":"R\u00e9veil Info","url":"https:\/\/reveil-info.net\/","logo":{"@type":"ImageObject","inLanguage":"fr-FR","@id":"https:\/\/reveil-info.net\/#\/schema\/logo\/image\/","url":"https:\/\/reveil-info.net\/wp-content\/uploads\/2024\/07\/bnddd1.jpg","contentUrl":"https:\/\/reveil-info.net\/wp-content\/uploads\/2024\/07\/bnddd1.jpg","width":903,"height":125,"caption":"R\u00e9veil Info"},"image":{"@id":"https:\/\/reveil-info.net\/#\/schema\/logo\/image\/"}},{"@type":"Person","@id":"https:\/\/reveil-info.net\/#\/schema\/person\/ca0cc8e70088e0a2b5e92556c1ee60f5","name":"R\u00e9veil info","image":{"@type":"ImageObject","inLanguage":"fr-FR","@id":"https:\/\/secure.gravatar.com\/avatar\/e4ad5bb743c8b6cb174d9df6c7d30a8a16f6889731241345fc6444e6485f02af?s=96&d=mm&r=g","url":"https:\/\/secure.gravatar.com\/avatar\/e4ad5bb743c8b6cb174d9df6c7d30a8a16f6889731241345fc6444e6485f02af?s=96&d=mm&r=g","contentUrl":"https:\/\/secure.gravatar.com\/avatar\/e4ad5bb743c8b6cb174d9df6c7d30a8a16f6889731241345fc6444e6485f02af?s=96&d=mm&r=g","caption":"R\u00e9veil info"},"sameAs":["https:\/\/reveil-info.net"],"url":"https:\/\/reveil-info.net\/?author=1"}]}},"jetpack_featured_media_url":"https:\/\/reveil-info.net\/wp-content\/uploads\/2024\/08\/455192970_867400598911166_5155104553463704059_n.jpg","featured_image_urls":{"full":["https:\/\/reveil-info.net\/wp-content\/uploads\/2024\/08\/455192970_867400598911166_5155104553463704059_n.jpg",1080,720,false],"thumbnail":["https:\/\/reveil-info.net\/wp-content\/uploads\/2024\/08\/455192970_867400598911166_5155104553463704059_n-150x150.jpg",150,150,true],"medium":["https:\/\/reveil-info.net\/wp-content\/uploads\/2024\/08\/455192970_867400598911166_5155104553463704059_n-300x200.jpg",300,200,true],"medium_large":["https:\/\/reveil-info.net\/wp-content\/uploads\/2024\/08\/455192970_867400598911166_5155104553463704059_n-768x512.jpg",640,427,true],"large":["https:\/\/reveil-info.net\/wp-content\/uploads\/2024\/08\/455192970_867400598911166_5155104553463704059_n-1024x683.jpg",640,427,true],"1536x1536":["https:\/\/reveil-info.net\/wp-content\/uploads\/2024\/08\/455192970_867400598911166_5155104553463704059_n.jpg",1080,720,false],"2048x2048":["https:\/\/reveil-info.net\/wp-content\/uploads\/2024\/08\/455192970_867400598911166_5155104553463704059_n.jpg",1080,720,false],"chromenews-featured":["https:\/\/reveil-info.net\/wp-content\/uploads\/2024\/08\/455192970_867400598911166_5155104553463704059_n-1024x683.jpg",1024,683,true],"chromenews-large":["https:\/\/reveil-info.net\/wp-content\/uploads\/2024\/08\/455192970_867400598911166_5155104553463704059_n-825x575.jpg",825,575,true],"chromenews-medium":["https:\/\/reveil-info.net\/wp-content\/uploads\/2024\/08\/455192970_867400598911166_5155104553463704059_n-590x410.jpg",590,410,true]},"author_info":{"display_name":"R\u00e9veil info","author_link":"https:\/\/reveil-info.net\/?author=1"},"category_info":"<a href=\"https:\/\/reveil-info.net\/?cat=2\" rel=\"category\">Actualit\u00e9<\/a> <a href=\"https:\/\/reveil-info.net\/?cat=8\" rel=\"category\">International<\/a>","tag_info":"International","comment_count":"0","_links":{"self":[{"href":"https:\/\/reveil-info.net\/index.php?rest_route=\/wp\/v2\/posts\/6057","targetHints":{"allow":["GET"]}}],"collection":[{"href":"https:\/\/reveil-info.net\/index.php?rest_route=\/wp\/v2\/posts"}],"about":[{"href":"https:\/\/reveil-info.net\/index.php?rest_route=\/wp\/v2\/types\/post"}],"author":[{"embeddable":true,"href":"https:\/\/reveil-info.net\/index.php?rest_route=\/wp\/v2\/users\/1"}],"replies":[{"embeddable":true,"href":"https:\/\/reveil-info.net\/index.php?rest_route=%2Fwp%2Fv2%2Fcomments&post=6057"}],"version-history":[{"count":5,"href":"https:\/\/reveil-info.net\/index.php?rest_route=\/wp\/v2\/posts\/6057\/revisions"}],"predecessor-version":[{"id":6065,"href":"https:\/\/reveil-info.net\/index.php?rest_route=\/wp\/v2\/posts\/6057\/revisions\/6065"}],"wp:featuredmedia":[{"embeddable":true,"href":"https:\/\/reveil-info.net\/index.php?rest_route=\/wp\/v2\/media\/6061"}],"wp:attachment":[{"href":"https:\/\/reveil-info.net\/index.php?rest_route=%2Fwp%2Fv2%2Fmedia&parent=6057"}],"wp:term":[{"taxonomy":"category","embeddable":true,"href":"https:\/\/reveil-info.net\/index.php?rest_route=%2Fwp%2Fv2%2Fcategories&post=6057"},{"taxonomy":"post_tag","embeddable":true,"href":"https:\/\/reveil-info.net\/index.php?rest_route=%2Fwp%2Fv2%2Ftags&post=6057"}],"curies":[{"name":"wp","href":"https:\/\/api.w.org\/{rel}","templated":true}]}}