{"id":5375,"date":"2024-08-08T18:26:36","date_gmt":"2024-08-08T18:26:36","guid":{"rendered":"https:\/\/reveil-info.net\/?p=5375"},"modified":"2024-08-08T18:26:36","modified_gmt":"2024-08-08T18:26:36","slug":"journee-internationale-de-la-jeunesse-communique-de-la-presidence-du-faso","status":"publish","type":"post","link":"https:\/\/reveil-info.net\/?p=5375","title":{"rendered":"JOURNEE INTERNATIONALE DE LA JEUNESSE: COMMUNIQUE DE LA PRESIDENCE DU FASO"},"content":{"rendered":"<div class=\"html-div xdj266r x11i5rnm xat24cr x1mh8g0r xexx8yu x4uap5 x18d9i69 xkhd6sd\">\n<div class=\"html-div xdj266r x11i5rnm xat24cr x1mh8g0r xexx8yu x4uap5 x18d9i69 xkhd6sd\" dir=\"auto\">\n<div id=\":r87u:\" class=\"x1iorvi4 x1pi30zi x1l90r2v x1swvt13\" data-ad-comet-preview=\"message\" data-ad-preview=\"message\">\n<div class=\"x78zum5 xdt5ytf xz62fqu x16ldp7u\">\n<div class=\"xu06os2 x1ok221b\">\n<div class=\"xdj266r x11i5rnm xat24cr x1mh8g0r x1vvkbs x126k92a\">\n<div dir=\"auto\">Communiqu\u00e9 de presse<\/div>\n<\/div>\n<div class=\"x11i5rnm xat24cr x1mh8g0r x1vvkbs xtlvy1s x126k92a\">\n<div dir=\"auto\">\u00a0 Le Pr\u00e9sident du Faso, le Capitaine Ibrahim TRAORE va pr\u00e9sider, ce vendredi 9 ao\u00fbt \u00e0 Ouagadougou, la c\u00e9r\u00e9monie comm\u00e9morative de la Journ\u00e9e internationale de la jeunesse (JIJ), en pr\u00e9sence des repr\u00e9sentants des jeunes des 13 r\u00e9gions du Burkina Faso et des 54 pays d\u2019Afrique.<\/div>\n<\/div>\n<div class=\"x11i5rnm xat24cr x1mh8g0r x1vvkbs xtlvy1s x126k92a\">\n<div dir=\"auto\">Plac\u00e9e sous le th\u00e8me : \u00ab Int\u00e9gration, s\u00e9curit\u00e9, paix et d\u00e9veloppement : r\u00f4le de la jeunesse africaine \u00bb, cette journ\u00e9e se veut une opportunit\u00e9 pour les jeunes burkinab\u00e8 et africains, de se pencher sur leur contribution face aux probl\u00e9matiques de paix, de s\u00e9curit\u00e9 et de d\u00e9veloppement du continent.<\/div>\n<\/div>\n<div class=\"x11i5rnm xat24cr x1mh8g0r x1vvkbs xtlvy1s x126k92a\">\n<div dir=\"auto\">A l\u2019occasion de cette c\u00e9r\u00e9monie, le Chef de l\u2019Etat adressera un message solennel aux jeunes d\u2019Afrique et du monde entier dans lequel il partagera sa vision d\u2019une Afrique digne, d\u00e9barrass\u00e9e de la violence et des stigmates de la pauvret\u00e9, sa vision d\u2019une Afrique libre et capable d\u2019assurer sa prosp\u00e9rit\u00e9 et le plein \u00e9panouissement de ses peuples.<\/div>\n<\/div>\n<div class=\"x11i5rnm xat24cr x1mh8g0r x1vvkbs xtlvy1s x126k92a\">\n<div dir=\"auto\">L\u2019\u00e9dition 2024 de la Journ\u00e9e internationale de la jeunesse est organis\u00e9e par le minist\u00e8re des Sports, de la Jeunesse et de l\u2019Emploi, en collaboration avec le Conseil national de la Jeunesse et l\u2019Union panafricaine de la Jeunesse.<\/div>\n<\/div>\n<div class=\"x11i5rnm xat24cr x1mh8g0r x1vvkbs xtlvy1s x126k92a\">\n<div dir=\"auto\"><strong>Direction de Communication de la Pr\u00e9sidence du Faso<\/strong><\/div>\n<\/div>\n<\/div>\n<\/div>\n<\/div>\n<\/div>\n<div id=\":r87v:\" class=\"html-div xdj266r x11i5rnm xat24cr x1mh8g0r xexx8yu x4uap5 x18d9i69 xkhd6sd x1n2onr6\">\n<div class=\"html-div xdj266r x11i5rnm xat24cr x1mh8g0r xexx8yu x4uap5 x18d9i69 xkhd6sd x1n2onr6\">\n<div class=\"x6s0dn4 x1jx94hy x78zum5 xdt5ytf x6ikm8r x10wlt62 x1n2onr6 xh8yej3\">\n<div>\n<div class=\"xqtp20y x6ikm8r x10wlt62 x1n2onr6\">\n<div class=\"x10l6tqk x13vifvy\"><img loading=\"lazy\" decoding=\"async\" class=\"x1ey2m1c xds687c x5yr21d x10l6tqk x17qophe x13vifvy xh8yej3 xl1xv1r\" src=\"https:\/\/scontent.foua4-1.fna.fbcdn.net\/v\/t39.30808-6\/454406808_896973359138144_9095981317950747438_n.jpg?stp=dst-jpg_p180x540&amp;_nc_cat=101&amp;ccb=1-7&amp;_nc_sid=833d8c&amp;_nc_eui2=AeGD8S4oZ6dFxRWXI4hRo58zYrtWUUUqpFliu1ZRRSqkWe8Hj9aLDsT_I4jV8pcJA8a6dWeyn5IBTt8g6BX529Pz&amp;_nc_ohc=DqpfmG0wK7gQ7kNvgHEpyGJ&amp;_nc_ht=scontent.foua4-1.fna&amp;oh=00_AYAw2wcKaVJFOfaBb9A9KY4WsRRkUL0dstCsNLASJk94_g&amp;oe=66BAD1BE\" alt=\"Peut \u00eatre une image de 4 personnes et texte qui dit \u2019Journ\u00e9e Internationale DE D 4\u0395 EUNESSE BOYEVA Sous haut patronage S.E Sousletreshautpatronagede Capitaine SEleCapitalnebrahimTRAORE taine brahim brahimT TRAOR\u00c9 ORE Pr\u00e9sident Chef rEtat Palais des Sports Ouaga 2000 PRESIDENT DENT PRESID M. An\u00fbuyirtole Roland SOMDA PARRAII M. Lacine DIAWARA PCA \u03a4HEME: 9-10A00T2024 9-10| AO\u00daT 2024 COPARRAIN El Hadj Moussa KOANDA Int\u00e9gration, s\u00e9curit\u00e9, paix et d\u00e9veloppement: r\u00f4le de la jeunesse africaine&quot; La c\u00e9l\u00e9bration africaine \u00e0 Ouagadougou! CNJ.BE MSJE Journ\u00e9e Internationale JIJ JEUNESSE QUAGADOUGOU 2024\u2019\" width=\"1080\" height=\"540\" \/><\/div>\n<\/div>\n<\/div>\n<\/div>\n<div class=\"x1ey2m1c xds687c x17qophe xg01cxk x47corl x10l6tqk x13vifvy x1ebt8du x19991ni x1dhq9h x1o1ewxj x3x9cwd x1e5q0jg x13rtm0m\" role=\"none\" data-visualcompletion=\"ignore\"><\/div>\n<\/div>\n<\/div>\n<\/div>\n<div>\n<div class=\"x168nmei x13lgxp2 x30kzoy x9jhf4c x6ikm8r x10wlt62\" data-visualcompletion=\"ignore-dynamic\">\n<div>\n<div>\n<div>\n<div class=\"x1n2onr6\">\n<div class=\"x6s0dn4 xi81zsa x78zum5 x6prxxf x13a6bvl xvq8zen xdj266r xat24cr x1d52u69 xktsk01 x889kno x1a8lsjc xkhd6sd x4uap5 x80vd3b x1q0q8m5 xso031l\">\n<div class=\"x9f619 x1n2onr6 x1ja2u2z x78zum5 x2lah0s x1qughib x1qjc9v5 xozqiw3 x1q0g3np xykv574 xbmpl8g x4cne27 xifccgj\"><\/div>\n<\/div>\n<\/div>\n<\/div>\n<\/div>\n<\/div>\n<\/div>\n<\/div>\n","protected":false},"excerpt":{"rendered":"<p>Communiqu\u00e9 de presse \u00a0 Le Pr\u00e9sident du Faso, le Capitaine Ibrahim TRAORE va pr\u00e9sider, ce<\/p>\n","protected":false},"author":1,"featured_media":5378,"comment_status":"open","ping_status":"open","sticky":false,"template":"","format":"standard","meta":{"footnotes":""},"categories":[2,3],"tags":[],"class_list":["post-5375","post","type-post","status-publish","format-standard","has-post-thumbnail","hentry","category-actu","category-annonces-communiques"],"yoast_head":"<!-- This site is optimized with the Yoast SEO plugin v27.5 - https:\/\/yoast.com\/product\/yoast-seo-wordpress\/ -->\n<title>JOURNEE INTERNATIONALE DE LA JEUNESSE: COMMUNIQUE DE LA PRESIDENCE DU FASO - R\u00e9veil Info<\/title>\n<meta name=\"robots\" content=\"noindex, follow, max-snippet:-1, max-image-preview:large, max-video-preview:-1\" \/>\n<meta property=\"og:locale\" content=\"fr_FR\" \/>\n<meta property=\"og:type\" content=\"article\" \/>\n<meta property=\"og:title\" content=\"JOURNEE INTERNATIONALE DE LA JEUNESSE: COMMUNIQUE DE LA PRESIDENCE DU FASO - R\u00e9veil Info\" \/>\n<meta property=\"og:description\" content=\"Communiqu\u00e9 de presse \u00a0 Le Pr\u00e9sident du Faso, le Capitaine Ibrahim TRAORE va pr\u00e9sider, ce\" \/>\n<meta property=\"og:url\" content=\"https:\/\/reveil-info.net\/?p=5375\" \/>\n<meta property=\"og:site_name\" content=\"R\u00e9veil Info\" \/>\n<meta property=\"article:published_time\" content=\"2024-08-08T18:26:36+00:00\" \/>\n<meta property=\"og:image\" content=\"https:\/\/reveil-info.net\/wp-content\/uploads\/2024\/08\/454406808_896973359138144_9095981317950747438_n.jpg\" \/>\n\t<meta property=\"og:image:width\" content=\"1280\" \/>\n\t<meta property=\"og:image:height\" content=\"640\" \/>\n\t<meta property=\"og:image:type\" content=\"image\/jpeg\" \/>\n<meta name=\"author\" content=\"R\u00e9veil info\" \/>\n<meta name=\"twitter:card\" content=\"summary_large_image\" \/>\n<meta name=\"twitter:label1\" content=\"\u00c9crit par\" \/>\n\t<meta name=\"twitter:data1\" content=\"R\u00e9veil info\" \/>\n\t<meta name=\"twitter:label2\" content=\"Dur\u00e9e de lecture estim\u00e9e\" \/>\n\t<meta name=\"twitter:data2\" content=\"2 minutes\" \/>\n<script type=\"application\/ld+json\" class=\"yoast-schema-graph\">{\"@context\":\"https:\\\/\\\/schema.org\",\"@graph\":[{\"@type\":\"Article\",\"@id\":\"https:\\\/\\\/reveil-info.net\\\/?p=5375#article\",\"isPartOf\":{\"@id\":\"https:\\\/\\\/reveil-info.net\\\/?p=5375\"},\"author\":{\"name\":\"R\u00e9veil info\",\"@id\":\"https:\\\/\\\/reveil-info.net\\\/#\\\/schema\\\/person\\\/ca0cc8e70088e0a2b5e92556c1ee60f5\"},\"headline\":\"JOURNEE INTERNATIONALE DE LA JEUNESSE: COMMUNIQUE DE LA PRESIDENCE DU FASO\",\"datePublished\":\"2024-08-08T18:26:36+00:00\",\"mainEntityOfPage\":{\"@id\":\"https:\\\/\\\/reveil-info.net\\\/?p=5375\"},\"wordCount\":237,\"commentCount\":0,\"publisher\":{\"@id\":\"https:\\\/\\\/reveil-info.net\\\/#organization\"},\"image\":{\"@id\":\"https:\\\/\\\/reveil-info.net\\\/?p=5375#primaryimage\"},\"thumbnailUrl\":\"https:\\\/\\\/reveil-info.net\\\/wp-content\\\/uploads\\\/2024\\\/08\\\/454406808_896973359138144_9095981317950747438_n.jpg\",\"articleSection\":[\"Actualit\u00e9\",\"Annonces-Communiqu\u00e9s\"],\"inLanguage\":\"fr-FR\",\"potentialAction\":[{\"@type\":\"CommentAction\",\"name\":\"Comment\",\"target\":[\"https:\\\/\\\/reveil-info.net\\\/?p=5375#respond\"]}]},{\"@type\":\"WebPage\",\"@id\":\"https:\\\/\\\/reveil-info.net\\\/?p=5375\",\"url\":\"https:\\\/\\\/reveil-info.net\\\/?p=5375\",\"name\":\"JOURNEE INTERNATIONALE DE LA JEUNESSE: COMMUNIQUE DE LA PRESIDENCE DU FASO - R\u00e9veil Info\",\"isPartOf\":{\"@id\":\"https:\\\/\\\/reveil-info.net\\\/#website\"},\"primaryImageOfPage\":{\"@id\":\"https:\\\/\\\/reveil-info.net\\\/?p=5375#primaryimage\"},\"image\":{\"@id\":\"https:\\\/\\\/reveil-info.net\\\/?p=5375#primaryimage\"},\"thumbnailUrl\":\"https:\\\/\\\/reveil-info.net\\\/wp-content\\\/uploads\\\/2024\\\/08\\\/454406808_896973359138144_9095981317950747438_n.jpg\",\"datePublished\":\"2024-08-08T18:26:36+00:00\",\"breadcrumb\":{\"@id\":\"https:\\\/\\\/reveil-info.net\\\/?p=5375#breadcrumb\"},\"inLanguage\":\"fr-FR\",\"potentialAction\":[{\"@type\":\"ReadAction\",\"target\":[\"https:\\\/\\\/reveil-info.net\\\/?p=5375\"]}]},{\"@type\":\"ImageObject\",\"inLanguage\":\"fr-FR\",\"@id\":\"https:\\\/\\\/reveil-info.net\\\/?p=5375#primaryimage\",\"url\":\"https:\\\/\\\/reveil-info.net\\\/wp-content\\\/uploads\\\/2024\\\/08\\\/454406808_896973359138144_9095981317950747438_n.jpg\",\"contentUrl\":\"https:\\\/\\\/reveil-info.net\\\/wp-content\\\/uploads\\\/2024\\\/08\\\/454406808_896973359138144_9095981317950747438_n.jpg\",\"width\":1280,\"height\":640},{\"@type\":\"BreadcrumbList\",\"@id\":\"https:\\\/\\\/reveil-info.net\\\/?p=5375#breadcrumb\",\"itemListElement\":[{\"@type\":\"ListItem\",\"position\":1,\"name\":\"Home\",\"item\":\"https:\\\/\\\/reveil-info.net\\\/\"},{\"@type\":\"ListItem\",\"position\":2,\"name\":\"JOURNEE INTERNATIONALE DE LA JEUNESSE: COMMUNIQUE DE LA PRESIDENCE DU FASO\"}]},{\"@type\":\"WebSite\",\"@id\":\"https:\\\/\\\/reveil-info.net\\\/#website\",\"url\":\"https:\\\/\\\/reveil-info.net\\\/\",\"name\":\"R\u00e9veil Info\",\"description\":\"Le devoir d&#039;informer!\",\"publisher\":{\"@id\":\"https:\\\/\\\/reveil-info.net\\\/#organization\"},\"potentialAction\":[{\"@type\":\"SearchAction\",\"target\":{\"@type\":\"EntryPoint\",\"urlTemplate\":\"https:\\\/\\\/reveil-info.net\\\/?s={search_term_string}\"},\"query-input\":{\"@type\":\"PropertyValueSpecification\",\"valueRequired\":true,\"valueName\":\"search_term_string\"}}],\"inLanguage\":\"fr-FR\"},{\"@type\":\"Organization\",\"@id\":\"https:\\\/\\\/reveil-info.net\\\/#organization\",\"name\":\"R\u00e9veil Info\",\"url\":\"https:\\\/\\\/reveil-info.net\\\/\",\"logo\":{\"@type\":\"ImageObject\",\"inLanguage\":\"fr-FR\",\"@id\":\"https:\\\/\\\/reveil-info.net\\\/#\\\/schema\\\/logo\\\/image\\\/\",\"url\":\"https:\\\/\\\/reveil-info.net\\\/wp-content\\\/uploads\\\/2024\\\/07\\\/bnddd1.jpg\",\"contentUrl\":\"https:\\\/\\\/reveil-info.net\\\/wp-content\\\/uploads\\\/2024\\\/07\\\/bnddd1.jpg\",\"width\":903,\"height\":125,\"caption\":\"R\u00e9veil Info\"},\"image\":{\"@id\":\"https:\\\/\\\/reveil-info.net\\\/#\\\/schema\\\/logo\\\/image\\\/\"}},{\"@type\":\"Person\",\"@id\":\"https:\\\/\\\/reveil-info.net\\\/#\\\/schema\\\/person\\\/ca0cc8e70088e0a2b5e92556c1ee60f5\",\"name\":\"R\u00e9veil info\",\"image\":{\"@type\":\"ImageObject\",\"inLanguage\":\"fr-FR\",\"@id\":\"https:\\\/\\\/secure.gravatar.com\\\/avatar\\\/e4ad5bb743c8b6cb174d9df6c7d30a8a16f6889731241345fc6444e6485f02af?s=96&d=mm&r=g\",\"url\":\"https:\\\/\\\/secure.gravatar.com\\\/avatar\\\/e4ad5bb743c8b6cb174d9df6c7d30a8a16f6889731241345fc6444e6485f02af?s=96&d=mm&r=g\",\"contentUrl\":\"https:\\\/\\\/secure.gravatar.com\\\/avatar\\\/e4ad5bb743c8b6cb174d9df6c7d30a8a16f6889731241345fc6444e6485f02af?s=96&d=mm&r=g\",\"caption\":\"R\u00e9veil info\"},\"sameAs\":[\"https:\\\/\\\/reveil-info.net\"],\"url\":\"https:\\\/\\\/reveil-info.net\\\/?author=1\"}]}<\/script>\n<!-- \/ Yoast SEO plugin. -->","yoast_head_json":{"title":"JOURNEE INTERNATIONALE DE LA JEUNESSE: COMMUNIQUE DE LA PRESIDENCE DU FASO - R\u00e9veil Info","robots":{"index":"noindex","follow":"follow","max-snippet":"max-snippet:-1","max-image-preview":"max-image-preview:large","max-video-preview":"max-video-preview:-1"},"og_locale":"fr_FR","og_type":"article","og_title":"JOURNEE INTERNATIONALE DE LA JEUNESSE: COMMUNIQUE DE LA PRESIDENCE DU FASO - R\u00e9veil Info","og_description":"Communiqu\u00e9 de presse \u00a0 Le Pr\u00e9sident du Faso, le Capitaine Ibrahim TRAORE va pr\u00e9sider, ce","og_url":"https:\/\/reveil-info.net\/?p=5375","og_site_name":"R\u00e9veil Info","article_published_time":"2024-08-08T18:26:36+00:00","og_image":[{"width":1280,"height":640,"url":"https:\/\/reveil-info.net\/wp-content\/uploads\/2024\/08\/454406808_896973359138144_9095981317950747438_n.jpg","type":"image\/jpeg"}],"author":"R\u00e9veil info","twitter_card":"summary_large_image","twitter_misc":{"\u00c9crit par":"R\u00e9veil info","Dur\u00e9e de lecture estim\u00e9e":"2 minutes"},"schema":{"@context":"https:\/\/schema.org","@graph":[{"@type":"Article","@id":"https:\/\/reveil-info.net\/?p=5375#article","isPartOf":{"@id":"https:\/\/reveil-info.net\/?p=5375"},"author":{"name":"R\u00e9veil info","@id":"https:\/\/reveil-info.net\/#\/schema\/person\/ca0cc8e70088e0a2b5e92556c1ee60f5"},"headline":"JOURNEE INTERNATIONALE DE LA JEUNESSE: COMMUNIQUE DE LA PRESIDENCE DU FASO","datePublished":"2024-08-08T18:26:36+00:00","mainEntityOfPage":{"@id":"https:\/\/reveil-info.net\/?p=5375"},"wordCount":237,"commentCount":0,"publisher":{"@id":"https:\/\/reveil-info.net\/#organization"},"image":{"@id":"https:\/\/reveil-info.net\/?p=5375#primaryimage"},"thumbnailUrl":"https:\/\/reveil-info.net\/wp-content\/uploads\/2024\/08\/454406808_896973359138144_9095981317950747438_n.jpg","articleSection":["Actualit\u00e9","Annonces-Communiqu\u00e9s"],"inLanguage":"fr-FR","potentialAction":[{"@type":"CommentAction","name":"Comment","target":["https:\/\/reveil-info.net\/?p=5375#respond"]}]},{"@type":"WebPage","@id":"https:\/\/reveil-info.net\/?p=5375","url":"https:\/\/reveil-info.net\/?p=5375","name":"JOURNEE INTERNATIONALE DE LA JEUNESSE: COMMUNIQUE DE LA PRESIDENCE DU FASO - R\u00e9veil Info","isPartOf":{"@id":"https:\/\/reveil-info.net\/#website"},"primaryImageOfPage":{"@id":"https:\/\/reveil-info.net\/?p=5375#primaryimage"},"image":{"@id":"https:\/\/reveil-info.net\/?p=5375#primaryimage"},"thumbnailUrl":"https:\/\/reveil-info.net\/wp-content\/uploads\/2024\/08\/454406808_896973359138144_9095981317950747438_n.jpg","datePublished":"2024-08-08T18:26:36+00:00","breadcrumb":{"@id":"https:\/\/reveil-info.net\/?p=5375#breadcrumb"},"inLanguage":"fr-FR","potentialAction":[{"@type":"ReadAction","target":["https:\/\/reveil-info.net\/?p=5375"]}]},{"@type":"ImageObject","inLanguage":"fr-FR","@id":"https:\/\/reveil-info.net\/?p=5375#primaryimage","url":"https:\/\/reveil-info.net\/wp-content\/uploads\/2024\/08\/454406808_896973359138144_9095981317950747438_n.jpg","contentUrl":"https:\/\/reveil-info.net\/wp-content\/uploads\/2024\/08\/454406808_896973359138144_9095981317950747438_n.jpg","width":1280,"height":640},{"@type":"BreadcrumbList","@id":"https:\/\/reveil-info.net\/?p=5375#breadcrumb","itemListElement":[{"@type":"ListItem","position":1,"name":"Home","item":"https:\/\/reveil-info.net\/"},{"@type":"ListItem","position":2,"name":"JOURNEE INTERNATIONALE DE LA JEUNESSE: COMMUNIQUE DE LA PRESIDENCE DU FASO"}]},{"@type":"WebSite","@id":"https:\/\/reveil-info.net\/#website","url":"https:\/\/reveil-info.net\/","name":"R\u00e9veil Info","description":"Le devoir d&#039;informer!","publisher":{"@id":"https:\/\/reveil-info.net\/#organization"},"potentialAction":[{"@type":"SearchAction","target":{"@type":"EntryPoint","urlTemplate":"https:\/\/reveil-info.net\/?s={search_term_string}"},"query-input":{"@type":"PropertyValueSpecification","valueRequired":true,"valueName":"search_term_string"}}],"inLanguage":"fr-FR"},{"@type":"Organization","@id":"https:\/\/reveil-info.net\/#organization","name":"R\u00e9veil Info","url":"https:\/\/reveil-info.net\/","logo":{"@type":"ImageObject","inLanguage":"fr-FR","@id":"https:\/\/reveil-info.net\/#\/schema\/logo\/image\/","url":"https:\/\/reveil-info.net\/wp-content\/uploads\/2024\/07\/bnddd1.jpg","contentUrl":"https:\/\/reveil-info.net\/wp-content\/uploads\/2024\/07\/bnddd1.jpg","width":903,"height":125,"caption":"R\u00e9veil Info"},"image":{"@id":"https:\/\/reveil-info.net\/#\/schema\/logo\/image\/"}},{"@type":"Person","@id":"https:\/\/reveil-info.net\/#\/schema\/person\/ca0cc8e70088e0a2b5e92556c1ee60f5","name":"R\u00e9veil info","image":{"@type":"ImageObject","inLanguage":"fr-FR","@id":"https:\/\/secure.gravatar.com\/avatar\/e4ad5bb743c8b6cb174d9df6c7d30a8a16f6889731241345fc6444e6485f02af?s=96&d=mm&r=g","url":"https:\/\/secure.gravatar.com\/avatar\/e4ad5bb743c8b6cb174d9df6c7d30a8a16f6889731241345fc6444e6485f02af?s=96&d=mm&r=g","contentUrl":"https:\/\/secure.gravatar.com\/avatar\/e4ad5bb743c8b6cb174d9df6c7d30a8a16f6889731241345fc6444e6485f02af?s=96&d=mm&r=g","caption":"R\u00e9veil info"},"sameAs":["https:\/\/reveil-info.net"],"url":"https:\/\/reveil-info.net\/?author=1"}]}},"jetpack_featured_media_url":"https:\/\/reveil-info.net\/wp-content\/uploads\/2024\/08\/454406808_896973359138144_9095981317950747438_n.jpg","featured_image_urls":{"full":["https:\/\/reveil-info.net\/wp-content\/uploads\/2024\/08\/454406808_896973359138144_9095981317950747438_n.jpg",1280,640,false],"thumbnail":["https:\/\/reveil-info.net\/wp-content\/uploads\/2024\/08\/454406808_896973359138144_9095981317950747438_n-150x150.jpg",150,150,true],"medium":["https:\/\/reveil-info.net\/wp-content\/uploads\/2024\/08\/454406808_896973359138144_9095981317950747438_n-300x150.jpg",300,150,true],"medium_large":["https:\/\/reveil-info.net\/wp-content\/uploads\/2024\/08\/454406808_896973359138144_9095981317950747438_n-768x384.jpg",640,320,true],"large":["https:\/\/reveil-info.net\/wp-content\/uploads\/2024\/08\/454406808_896973359138144_9095981317950747438_n-1024x512.jpg",640,320,true],"1536x1536":["https:\/\/reveil-info.net\/wp-content\/uploads\/2024\/08\/454406808_896973359138144_9095981317950747438_n.jpg",1280,640,false],"2048x2048":["https:\/\/reveil-info.net\/wp-content\/uploads\/2024\/08\/454406808_896973359138144_9095981317950747438_n.jpg",1280,640,false],"chromenews-featured":["https:\/\/reveil-info.net\/wp-content\/uploads\/2024\/08\/454406808_896973359138144_9095981317950747438_n-1024x512.jpg",1024,512,true],"chromenews-large":["https:\/\/reveil-info.net\/wp-content\/uploads\/2024\/08\/454406808_896973359138144_9095981317950747438_n-825x575.jpg",825,575,true],"chromenews-medium":["https:\/\/reveil-info.net\/wp-content\/uploads\/2024\/08\/454406808_896973359138144_9095981317950747438_n-590x410.jpg",590,410,true]},"author_info":{"display_name":"R\u00e9veil info","author_link":"https:\/\/reveil-info.net\/?author=1"},"category_info":"<a href=\"https:\/\/reveil-info.net\/?cat=2\" rel=\"category\">Actualit\u00e9<\/a> <a href=\"https:\/\/reveil-info.net\/?cat=3\" rel=\"category\">Annonces-Communiqu\u00e9s<\/a>","tag_info":"Annonces-Communiqu\u00e9s","comment_count":"0","_links":{"self":[{"href":"https:\/\/reveil-info.net\/index.php?rest_route=\/wp\/v2\/posts\/5375","targetHints":{"allow":["GET"]}}],"collection":[{"href":"https:\/\/reveil-info.net\/index.php?rest_route=\/wp\/v2\/posts"}],"about":[{"href":"https:\/\/reveil-info.net\/index.php?rest_route=\/wp\/v2\/types\/post"}],"author":[{"embeddable":true,"href":"https:\/\/reveil-info.net\/index.php?rest_route=\/wp\/v2\/users\/1"}],"replies":[{"embeddable":true,"href":"https:\/\/reveil-info.net\/index.php?rest_route=%2Fwp%2Fv2%2Fcomments&post=5375"}],"version-history":[{"count":4,"href":"https:\/\/reveil-info.net\/index.php?rest_route=\/wp\/v2\/posts\/5375\/revisions"}],"predecessor-version":[{"id":5380,"href":"https:\/\/reveil-info.net\/index.php?rest_route=\/wp\/v2\/posts\/5375\/revisions\/5380"}],"wp:featuredmedia":[{"embeddable":true,"href":"https:\/\/reveil-info.net\/index.php?rest_route=\/wp\/v2\/media\/5378"}],"wp:attachment":[{"href":"https:\/\/reveil-info.net\/index.php?rest_route=%2Fwp%2Fv2%2Fmedia&parent=5375"}],"wp:term":[{"taxonomy":"category","embeddable":true,"href":"https:\/\/reveil-info.net\/index.php?rest_route=%2Fwp%2Fv2%2Fcategories&post=5375"},{"taxonomy":"post_tag","embeddable":true,"href":"https:\/\/reveil-info.net\/index.php?rest_route=%2Fwp%2Fv2%2Ftags&post=5375"}],"curies":[{"name":"wp","href":"https:\/\/api.w.org\/{rel}","templated":true}]}}