{"id":5325,"date":"2024-08-08T16:38:19","date_gmt":"2024-08-08T16:38:19","guid":{"rendered":"https:\/\/reveil-info.net\/?p=5325"},"modified":"2024-08-08T16:38:19","modified_gmt":"2024-08-08T16:38:19","slug":"maecr-be-monsieur-boulmonli-leonard-lompo-prend-les-renes-de-la-direction-generale-des-affaires-juridiques-et-consulaires","status":"publish","type":"post","link":"https:\/\/reveil-info.net\/?p=5325","title":{"rendered":"MAECR-BE : Monsieur Boulmonli L\u00e9onard LOMPO prend les r\u00eanes de la Direction g\u00e9n\u00e9rale des Affaires juridiques et consulaires"},"content":{"rendered":"<div class=\"x11i5rnm xat24cr x1mh8g0r x1vvkbs xtlvy1s x126k92a\">\n<div dir=\"auto\" style=\"text-align: justify;\">Monsieur l\u2019ambassadeur Issa BORO, Secr\u00e9taire g\u00e9n\u00e9ral du minist\u00e8re des Affaires \u00e9trang\u00e8res de la Coop\u00e9ration r\u00e9gionale et des Burkinab\u00e8 de l\u2019Ext\u00e9rieur, a proc\u00e9d\u00e9 le jeudi 08 aout 2024, \u00e0 l\u2019installation du nouveau Directeur g\u00e9n\u00e9ral des Affaires juridiques et consulaires, monsieur l\u2019ambassadeur Boulmonli L\u00e9onard LOMPO.<\/div>\n<\/div>\n<div class=\"x11i5rnm xat24cr x1mh8g0r x1vvkbs xtlvy1s x126k92a\" style=\"text-align: justify;\">\n<div dir=\"auto\">Nomm\u00e9 le 24 juillet dernier en conseil des ministres, monsieur l\u2019ambassadeur Boulmonli L\u00e9onard LOMPO, nouveau Directeur g\u00e9n\u00e9ral des Affaires juridiques et consulaires, a traduit toute sa gratitude aux premiers responsables du d\u00e9partement, et sollicit\u00e9 l\u2019accompagnement de ses collaborateurs.<\/div>\n<\/div>\n<div dir=\"auto\" style=\"text-align: justify;\"><img loading=\"lazy\" decoding=\"async\" class=\"alignnone  wp-image-5330\" src=\"https:\/\/reveil-info.net\/wp-content\/uploads\/2024\/08\/454656019_906708484818441_451082536678729038_n-267x300.jpg\" alt=\"\" width=\"837\" height=\"940\" srcset=\"https:\/\/reveil-info.net\/wp-content\/uploads\/2024\/08\/454656019_906708484818441_451082536678729038_n-267x300.jpg 267w, https:\/\/reveil-info.net\/wp-content\/uploads\/2024\/08\/454656019_906708484818441_451082536678729038_n-768x864.jpg 768w\" sizes=\"auto, (max-width: 837px) 100vw, 837px\" \/><\/div>\n<div dir=\"auto\" style=\"text-align: justify;\"><\/div>\n<div class=\"x11i5rnm xat24cr x1mh8g0r x1vvkbs xtlvy1s x126k92a\" style=\"text-align: justify;\">\n<div dir=\"auto\">Du reste, il s\u2019engage \u00e0 \u0153uvrer pour la r\u00e9ussite de la mission \u00e0 lui assign\u00e9e, pour le renforcement de la diplomatie burkinab\u00e8. Pour sa part, monsieur l\u2019ambassadeur Issa BORO, Secr\u00e9taire g\u00e9n\u00e9ral du minist\u00e8re, a souhait\u00e9 plein succ\u00e8s au nouveau promu, et demand\u00e9 \u00e0 l\u2019ensemble des collaborateurs de travail, de toujours \u0153uvrer en tandem, dans l\u2019optique d\u2019accompagner les premiers responsables du d\u00e9partement, pour le rayonnement de la diplomatie burkinab\u00e8. Rappelons que monsieur l\u2019ambassadeur Boulmonli L\u00e9onard LOMPO succ\u00e8de \u00e0 madame l\u2019ambassadeur Sabine BAKYONO\/KANZIE, actuel Ambassadeur Extraordinaire et Pl\u00e9nipotentiaire aupr\u00e8s de la Suisse et Repr\u00e9sentant permanent du Burkina Faso aupr\u00e8s des Organisations internationales bas\u00e9es \u00e0 Gen\u00e8ve.<\/div>\n<\/div>\n<div class=\"x11i5rnm xat24cr x1mh8g0r x1vvkbs xtlvy1s x126k92a\">\n<div dir=\"auto\" style=\"text-align: justify;\">DCRP\/MAECR-BE<\/div>\n<\/div>\n","protected":false},"excerpt":{"rendered":"<p>Monsieur l\u2019ambassadeur Issa BORO, Secr\u00e9taire g\u00e9n\u00e9ral du minist\u00e8re des Affaires \u00e9trang\u00e8res de la Coop\u00e9ration r\u00e9gionale<\/p>\n","protected":false},"author":1,"featured_media":5328,"comment_status":"open","ping_status":"open","sticky":false,"template":"","format":"standard","meta":{"footnotes":""},"categories":[2],"tags":[],"class_list":["post-5325","post","type-post","status-publish","format-standard","has-post-thumbnail","hentry","category-actu"],"yoast_head":"<!-- This site is optimized with the Yoast SEO plugin v27.5 - https:\/\/yoast.com\/product\/yoast-seo-wordpress\/ -->\n<title>MAECR-BE : Monsieur Boulmonli L\u00e9onard LOMPO prend les r\u00eanes de la Direction g\u00e9n\u00e9rale des Affaires juridiques et consulaires - R\u00e9veil Info<\/title>\n<meta name=\"robots\" content=\"noindex, follow, max-snippet:-1, max-image-preview:large, max-video-preview:-1\" \/>\n<meta property=\"og:locale\" content=\"fr_FR\" \/>\n<meta property=\"og:type\" content=\"article\" \/>\n<meta property=\"og:title\" content=\"MAECR-BE : Monsieur Boulmonli L\u00e9onard LOMPO prend les r\u00eanes de la Direction g\u00e9n\u00e9rale des Affaires juridiques et consulaires - R\u00e9veil Info\" \/>\n<meta property=\"og:description\" content=\"Monsieur l\u2019ambassadeur Issa BORO, Secr\u00e9taire g\u00e9n\u00e9ral du minist\u00e8re des Affaires \u00e9trang\u00e8res de la Coop\u00e9ration r\u00e9gionale\" \/>\n<meta property=\"og:url\" content=\"https:\/\/reveil-info.net\/?p=5325\" \/>\n<meta property=\"og:site_name\" content=\"R\u00e9veil Info\" \/>\n<meta property=\"article:published_time\" content=\"2024-08-08T16:38:19+00:00\" \/>\n<meta property=\"og:image\" content=\"https:\/\/reveil-info.net\/wp-content\/uploads\/2024\/08\/454561677_906708344818455_4024880475380181443_n.jpg\" \/>\n\t<meta property=\"og:image:width\" content=\"2048\" \/>\n\t<meta property=\"og:image:height\" content=\"1365\" \/>\n\t<meta property=\"og:image:type\" content=\"image\/jpeg\" \/>\n<meta name=\"author\" content=\"R\u00e9veil info\" \/>\n<meta name=\"twitter:card\" content=\"summary_large_image\" \/>\n<meta name=\"twitter:label1\" content=\"\u00c9crit par\" \/>\n\t<meta name=\"twitter:data1\" content=\"R\u00e9veil info\" \/>\n\t<meta name=\"twitter:label2\" content=\"Dur\u00e9e de lecture estim\u00e9e\" \/>\n\t<meta name=\"twitter:data2\" content=\"2 minutes\" \/>\n<script type=\"application\/ld+json\" class=\"yoast-schema-graph\">{\"@context\":\"https:\\\/\\\/schema.org\",\"@graph\":[{\"@type\":\"Article\",\"@id\":\"https:\\\/\\\/reveil-info.net\\\/?p=5325#article\",\"isPartOf\":{\"@id\":\"https:\\\/\\\/reveil-info.net\\\/?p=5325\"},\"author\":{\"name\":\"R\u00e9veil info\",\"@id\":\"https:\\\/\\\/reveil-info.net\\\/#\\\/schema\\\/person\\\/ca0cc8e70088e0a2b5e92556c1ee60f5\"},\"headline\":\"MAECR-BE : Monsieur Boulmonli L\u00e9onard LOMPO prend les r\u00eanes de la Direction g\u00e9n\u00e9rale des Affaires juridiques et consulaires\",\"datePublished\":\"2024-08-08T16:38:19+00:00\",\"mainEntityOfPage\":{\"@id\":\"https:\\\/\\\/reveil-info.net\\\/?p=5325\"},\"wordCount\":244,\"commentCount\":0,\"publisher\":{\"@id\":\"https:\\\/\\\/reveil-info.net\\\/#organization\"},\"image\":{\"@id\":\"https:\\\/\\\/reveil-info.net\\\/?p=5325#primaryimage\"},\"thumbnailUrl\":\"https:\\\/\\\/reveil-info.net\\\/wp-content\\\/uploads\\\/2024\\\/08\\\/454561677_906708344818455_4024880475380181443_n.jpg\",\"articleSection\":[\"Actualit\u00e9\"],\"inLanguage\":\"fr-FR\",\"potentialAction\":[{\"@type\":\"CommentAction\",\"name\":\"Comment\",\"target\":[\"https:\\\/\\\/reveil-info.net\\\/?p=5325#respond\"]}]},{\"@type\":\"WebPage\",\"@id\":\"https:\\\/\\\/reveil-info.net\\\/?p=5325\",\"url\":\"https:\\\/\\\/reveil-info.net\\\/?p=5325\",\"name\":\"MAECR-BE : Monsieur Boulmonli L\u00e9onard LOMPO prend les r\u00eanes de la Direction g\u00e9n\u00e9rale des Affaires juridiques et consulaires - R\u00e9veil Info\",\"isPartOf\":{\"@id\":\"https:\\\/\\\/reveil-info.net\\\/#website\"},\"primaryImageOfPage\":{\"@id\":\"https:\\\/\\\/reveil-info.net\\\/?p=5325#primaryimage\"},\"image\":{\"@id\":\"https:\\\/\\\/reveil-info.net\\\/?p=5325#primaryimage\"},\"thumbnailUrl\":\"https:\\\/\\\/reveil-info.net\\\/wp-content\\\/uploads\\\/2024\\\/08\\\/454561677_906708344818455_4024880475380181443_n.jpg\",\"datePublished\":\"2024-08-08T16:38:19+00:00\",\"breadcrumb\":{\"@id\":\"https:\\\/\\\/reveil-info.net\\\/?p=5325#breadcrumb\"},\"inLanguage\":\"fr-FR\",\"potentialAction\":[{\"@type\":\"ReadAction\",\"target\":[\"https:\\\/\\\/reveil-info.net\\\/?p=5325\"]}]},{\"@type\":\"ImageObject\",\"inLanguage\":\"fr-FR\",\"@id\":\"https:\\\/\\\/reveil-info.net\\\/?p=5325#primaryimage\",\"url\":\"https:\\\/\\\/reveil-info.net\\\/wp-content\\\/uploads\\\/2024\\\/08\\\/454561677_906708344818455_4024880475380181443_n.jpg\",\"contentUrl\":\"https:\\\/\\\/reveil-info.net\\\/wp-content\\\/uploads\\\/2024\\\/08\\\/454561677_906708344818455_4024880475380181443_n.jpg\",\"width\":2048,\"height\":1365},{\"@type\":\"BreadcrumbList\",\"@id\":\"https:\\\/\\\/reveil-info.net\\\/?p=5325#breadcrumb\",\"itemListElement\":[{\"@type\":\"ListItem\",\"position\":1,\"name\":\"Home\",\"item\":\"https:\\\/\\\/reveil-info.net\\\/\"},{\"@type\":\"ListItem\",\"position\":2,\"name\":\"MAECR-BE : Monsieur Boulmonli L\u00e9onard LOMPO prend les r\u00eanes de la Direction g\u00e9n\u00e9rale des Affaires juridiques et consulaires\"}]},{\"@type\":\"WebSite\",\"@id\":\"https:\\\/\\\/reveil-info.net\\\/#website\",\"url\":\"https:\\\/\\\/reveil-info.net\\\/\",\"name\":\"R\u00e9veil Info\",\"description\":\"Le devoir d&#039;informer!\",\"publisher\":{\"@id\":\"https:\\\/\\\/reveil-info.net\\\/#organization\"},\"potentialAction\":[{\"@type\":\"SearchAction\",\"target\":{\"@type\":\"EntryPoint\",\"urlTemplate\":\"https:\\\/\\\/reveil-info.net\\\/?s={search_term_string}\"},\"query-input\":{\"@type\":\"PropertyValueSpecification\",\"valueRequired\":true,\"valueName\":\"search_term_string\"}}],\"inLanguage\":\"fr-FR\"},{\"@type\":\"Organization\",\"@id\":\"https:\\\/\\\/reveil-info.net\\\/#organization\",\"name\":\"R\u00e9veil Info\",\"url\":\"https:\\\/\\\/reveil-info.net\\\/\",\"logo\":{\"@type\":\"ImageObject\",\"inLanguage\":\"fr-FR\",\"@id\":\"https:\\\/\\\/reveil-info.net\\\/#\\\/schema\\\/logo\\\/image\\\/\",\"url\":\"https:\\\/\\\/reveil-info.net\\\/wp-content\\\/uploads\\\/2024\\\/07\\\/bnddd1.jpg\",\"contentUrl\":\"https:\\\/\\\/reveil-info.net\\\/wp-content\\\/uploads\\\/2024\\\/07\\\/bnddd1.jpg\",\"width\":903,\"height\":125,\"caption\":\"R\u00e9veil Info\"},\"image\":{\"@id\":\"https:\\\/\\\/reveil-info.net\\\/#\\\/schema\\\/logo\\\/image\\\/\"}},{\"@type\":\"Person\",\"@id\":\"https:\\\/\\\/reveil-info.net\\\/#\\\/schema\\\/person\\\/ca0cc8e70088e0a2b5e92556c1ee60f5\",\"name\":\"R\u00e9veil info\",\"image\":{\"@type\":\"ImageObject\",\"inLanguage\":\"fr-FR\",\"@id\":\"https:\\\/\\\/secure.gravatar.com\\\/avatar\\\/e4ad5bb743c8b6cb174d9df6c7d30a8a16f6889731241345fc6444e6485f02af?s=96&d=mm&r=g\",\"url\":\"https:\\\/\\\/secure.gravatar.com\\\/avatar\\\/e4ad5bb743c8b6cb174d9df6c7d30a8a16f6889731241345fc6444e6485f02af?s=96&d=mm&r=g\",\"contentUrl\":\"https:\\\/\\\/secure.gravatar.com\\\/avatar\\\/e4ad5bb743c8b6cb174d9df6c7d30a8a16f6889731241345fc6444e6485f02af?s=96&d=mm&r=g\",\"caption\":\"R\u00e9veil info\"},\"sameAs\":[\"https:\\\/\\\/reveil-info.net\"],\"url\":\"https:\\\/\\\/reveil-info.net\\\/?author=1\"}]}<\/script>\n<!-- \/ Yoast SEO plugin. -->","yoast_head_json":{"title":"MAECR-BE : Monsieur Boulmonli L\u00e9onard LOMPO prend les r\u00eanes de la Direction g\u00e9n\u00e9rale des Affaires juridiques et consulaires - R\u00e9veil Info","robots":{"index":"noindex","follow":"follow","max-snippet":"max-snippet:-1","max-image-preview":"max-image-preview:large","max-video-preview":"max-video-preview:-1"},"og_locale":"fr_FR","og_type":"article","og_title":"MAECR-BE : Monsieur Boulmonli L\u00e9onard LOMPO prend les r\u00eanes de la Direction g\u00e9n\u00e9rale des Affaires juridiques et consulaires - R\u00e9veil Info","og_description":"Monsieur l\u2019ambassadeur Issa BORO, Secr\u00e9taire g\u00e9n\u00e9ral du minist\u00e8re des Affaires \u00e9trang\u00e8res de la Coop\u00e9ration r\u00e9gionale","og_url":"https:\/\/reveil-info.net\/?p=5325","og_site_name":"R\u00e9veil Info","article_published_time":"2024-08-08T16:38:19+00:00","og_image":[{"width":2048,"height":1365,"url":"https:\/\/reveil-info.net\/wp-content\/uploads\/2024\/08\/454561677_906708344818455_4024880475380181443_n.jpg","type":"image\/jpeg"}],"author":"R\u00e9veil info","twitter_card":"summary_large_image","twitter_misc":{"\u00c9crit par":"R\u00e9veil info","Dur\u00e9e de lecture estim\u00e9e":"2 minutes"},"schema":{"@context":"https:\/\/schema.org","@graph":[{"@type":"Article","@id":"https:\/\/reveil-info.net\/?p=5325#article","isPartOf":{"@id":"https:\/\/reveil-info.net\/?p=5325"},"author":{"name":"R\u00e9veil info","@id":"https:\/\/reveil-info.net\/#\/schema\/person\/ca0cc8e70088e0a2b5e92556c1ee60f5"},"headline":"MAECR-BE : Monsieur Boulmonli L\u00e9onard LOMPO prend les r\u00eanes de la Direction g\u00e9n\u00e9rale des Affaires juridiques et consulaires","datePublished":"2024-08-08T16:38:19+00:00","mainEntityOfPage":{"@id":"https:\/\/reveil-info.net\/?p=5325"},"wordCount":244,"commentCount":0,"publisher":{"@id":"https:\/\/reveil-info.net\/#organization"},"image":{"@id":"https:\/\/reveil-info.net\/?p=5325#primaryimage"},"thumbnailUrl":"https:\/\/reveil-info.net\/wp-content\/uploads\/2024\/08\/454561677_906708344818455_4024880475380181443_n.jpg","articleSection":["Actualit\u00e9"],"inLanguage":"fr-FR","potentialAction":[{"@type":"CommentAction","name":"Comment","target":["https:\/\/reveil-info.net\/?p=5325#respond"]}]},{"@type":"WebPage","@id":"https:\/\/reveil-info.net\/?p=5325","url":"https:\/\/reveil-info.net\/?p=5325","name":"MAECR-BE : Monsieur Boulmonli L\u00e9onard LOMPO prend les r\u00eanes de la Direction g\u00e9n\u00e9rale des Affaires juridiques et consulaires - R\u00e9veil Info","isPartOf":{"@id":"https:\/\/reveil-info.net\/#website"},"primaryImageOfPage":{"@id":"https:\/\/reveil-info.net\/?p=5325#primaryimage"},"image":{"@id":"https:\/\/reveil-info.net\/?p=5325#primaryimage"},"thumbnailUrl":"https:\/\/reveil-info.net\/wp-content\/uploads\/2024\/08\/454561677_906708344818455_4024880475380181443_n.jpg","datePublished":"2024-08-08T16:38:19+00:00","breadcrumb":{"@id":"https:\/\/reveil-info.net\/?p=5325#breadcrumb"},"inLanguage":"fr-FR","potentialAction":[{"@type":"ReadAction","target":["https:\/\/reveil-info.net\/?p=5325"]}]},{"@type":"ImageObject","inLanguage":"fr-FR","@id":"https:\/\/reveil-info.net\/?p=5325#primaryimage","url":"https:\/\/reveil-info.net\/wp-content\/uploads\/2024\/08\/454561677_906708344818455_4024880475380181443_n.jpg","contentUrl":"https:\/\/reveil-info.net\/wp-content\/uploads\/2024\/08\/454561677_906708344818455_4024880475380181443_n.jpg","width":2048,"height":1365},{"@type":"BreadcrumbList","@id":"https:\/\/reveil-info.net\/?p=5325#breadcrumb","itemListElement":[{"@type":"ListItem","position":1,"name":"Home","item":"https:\/\/reveil-info.net\/"},{"@type":"ListItem","position":2,"name":"MAECR-BE : Monsieur Boulmonli L\u00e9onard LOMPO prend les r\u00eanes de la Direction g\u00e9n\u00e9rale des Affaires juridiques et consulaires"}]},{"@type":"WebSite","@id":"https:\/\/reveil-info.net\/#website","url":"https:\/\/reveil-info.net\/","name":"R\u00e9veil Info","description":"Le devoir d&#039;informer!","publisher":{"@id":"https:\/\/reveil-info.net\/#organization"},"potentialAction":[{"@type":"SearchAction","target":{"@type":"EntryPoint","urlTemplate":"https:\/\/reveil-info.net\/?s={search_term_string}"},"query-input":{"@type":"PropertyValueSpecification","valueRequired":true,"valueName":"search_term_string"}}],"inLanguage":"fr-FR"},{"@type":"Organization","@id":"https:\/\/reveil-info.net\/#organization","name":"R\u00e9veil Info","url":"https:\/\/reveil-info.net\/","logo":{"@type":"ImageObject","inLanguage":"fr-FR","@id":"https:\/\/reveil-info.net\/#\/schema\/logo\/image\/","url":"https:\/\/reveil-info.net\/wp-content\/uploads\/2024\/07\/bnddd1.jpg","contentUrl":"https:\/\/reveil-info.net\/wp-content\/uploads\/2024\/07\/bnddd1.jpg","width":903,"height":125,"caption":"R\u00e9veil Info"},"image":{"@id":"https:\/\/reveil-info.net\/#\/schema\/logo\/image\/"}},{"@type":"Person","@id":"https:\/\/reveil-info.net\/#\/schema\/person\/ca0cc8e70088e0a2b5e92556c1ee60f5","name":"R\u00e9veil info","image":{"@type":"ImageObject","inLanguage":"fr-FR","@id":"https:\/\/secure.gravatar.com\/avatar\/e4ad5bb743c8b6cb174d9df6c7d30a8a16f6889731241345fc6444e6485f02af?s=96&d=mm&r=g","url":"https:\/\/secure.gravatar.com\/avatar\/e4ad5bb743c8b6cb174d9df6c7d30a8a16f6889731241345fc6444e6485f02af?s=96&d=mm&r=g","contentUrl":"https:\/\/secure.gravatar.com\/avatar\/e4ad5bb743c8b6cb174d9df6c7d30a8a16f6889731241345fc6444e6485f02af?s=96&d=mm&r=g","caption":"R\u00e9veil info"},"sameAs":["https:\/\/reveil-info.net"],"url":"https:\/\/reveil-info.net\/?author=1"}]}},"jetpack_featured_media_url":"https:\/\/reveil-info.net\/wp-content\/uploads\/2024\/08\/454561677_906708344818455_4024880475380181443_n.jpg","featured_image_urls":{"full":["https:\/\/reveil-info.net\/wp-content\/uploads\/2024\/08\/454561677_906708344818455_4024880475380181443_n.jpg",2048,1365,false],"thumbnail":["https:\/\/reveil-info.net\/wp-content\/uploads\/2024\/08\/454561677_906708344818455_4024880475380181443_n-150x150.jpg",150,150,true],"medium":["https:\/\/reveil-info.net\/wp-content\/uploads\/2024\/08\/454561677_906708344818455_4024880475380181443_n-300x200.jpg",300,200,true],"medium_large":["https:\/\/reveil-info.net\/wp-content\/uploads\/2024\/08\/454561677_906708344818455_4024880475380181443_n-768x512.jpg",640,427,true],"large":["https:\/\/reveil-info.net\/wp-content\/uploads\/2024\/08\/454561677_906708344818455_4024880475380181443_n-1024x683.jpg",640,427,true],"1536x1536":["https:\/\/reveil-info.net\/wp-content\/uploads\/2024\/08\/454561677_906708344818455_4024880475380181443_n-1536x1024.jpg",1536,1024,true],"2048x2048":["https:\/\/reveil-info.net\/wp-content\/uploads\/2024\/08\/454561677_906708344818455_4024880475380181443_n.jpg",2048,1365,false],"chromenews-featured":["https:\/\/reveil-info.net\/wp-content\/uploads\/2024\/08\/454561677_906708344818455_4024880475380181443_n-1024x683.jpg",1024,683,true],"chromenews-large":["https:\/\/reveil-info.net\/wp-content\/uploads\/2024\/08\/454561677_906708344818455_4024880475380181443_n-825x575.jpg",825,575,true],"chromenews-medium":["https:\/\/reveil-info.net\/wp-content\/uploads\/2024\/08\/454561677_906708344818455_4024880475380181443_n-590x410.jpg",590,410,true]},"author_info":{"display_name":"R\u00e9veil info","author_link":"https:\/\/reveil-info.net\/?author=1"},"category_info":"<a href=\"https:\/\/reveil-info.net\/?cat=2\" rel=\"category\">Actualit\u00e9<\/a>","tag_info":"Actualit\u00e9","comment_count":"0","_links":{"self":[{"href":"https:\/\/reveil-info.net\/index.php?rest_route=\/wp\/v2\/posts\/5325","targetHints":{"allow":["GET"]}}],"collection":[{"href":"https:\/\/reveil-info.net\/index.php?rest_route=\/wp\/v2\/posts"}],"about":[{"href":"https:\/\/reveil-info.net\/index.php?rest_route=\/wp\/v2\/types\/post"}],"author":[{"embeddable":true,"href":"https:\/\/reveil-info.net\/index.php?rest_route=\/wp\/v2\/users\/1"}],"replies":[{"embeddable":true,"href":"https:\/\/reveil-info.net\/index.php?rest_route=%2Fwp%2Fv2%2Fcomments&post=5325"}],"version-history":[{"count":4,"href":"https:\/\/reveil-info.net\/index.php?rest_route=\/wp\/v2\/posts\/5325\/revisions"}],"predecessor-version":[{"id":5331,"href":"https:\/\/reveil-info.net\/index.php?rest_route=\/wp\/v2\/posts\/5325\/revisions\/5331"}],"wp:featuredmedia":[{"embeddable":true,"href":"https:\/\/reveil-info.net\/index.php?rest_route=\/wp\/v2\/media\/5328"}],"wp:attachment":[{"href":"https:\/\/reveil-info.net\/index.php?rest_route=%2Fwp%2Fv2%2Fmedia&parent=5325"}],"wp:term":[{"taxonomy":"category","embeddable":true,"href":"https:\/\/reveil-info.net\/index.php?rest_route=%2Fwp%2Fv2%2Fcategories&post=5325"},{"taxonomy":"post_tag","embeddable":true,"href":"https:\/\/reveil-info.net\/index.php?rest_route=%2Fwp%2Fv2%2Ftags&post=5325"}],"curies":[{"name":"wp","href":"https:\/\/api.w.org\/{rel}","templated":true}]}}