{"id":5170,"date":"2024-08-07T17:34:51","date_gmt":"2024-08-07T17:34:51","guid":{"rendered":"https:\/\/reveil-info.net\/?p=5170"},"modified":"2024-08-07T17:34:51","modified_gmt":"2024-08-07T17:34:51","slug":"journee-culturelle-des-ambassades-de-lafrique-de-louest-a-bruxelles-pari-tenu","status":"publish","type":"post","link":"https:\/\/reveil-info.net\/?p=5170","title":{"rendered":"Journ\u00e9e culturelle des ambassades de l\u2019Afrique de l\u2019Ouest \u00e0 Bruxelles : pari tenu"},"content":{"rendered":"<div class=\"xdj266r x11i5rnm xat24cr x1mh8g0r x1vvkbs x126k92a\">\n<div dir=\"auto\"><\/div>\n<\/div>\n<div class=\"x11i5rnm xat24cr x1mh8g0r x1vvkbs xtlvy1s x126k92a\">\n<div dir=\"auto\">La premi\u00e8re \u00e9dition de la journ\u00e9e culturelle du Groupe des ambassadeurs de l&rsquo;Afrique de l\u2019Ouest (GAAO) \u00e0 Bruxelles a tenu ses promesses le samedi 27 juillet 2024. Plac\u00e9e sous la pr\u00e9sidence de l\u2019Ambassadeur L\u00e9opold Tonguenoma Bonkoungou, la \u00ab Journ\u00e9e culturelle de l\u2019Afrique de l\u2019Ouest \u00bb organis\u00e9e par le GAAO, a eu deux segments. Dans la matin\u00e9e du samedi, le Groupe des Ambassadeurs de l\u2019Afrique de l\u2019Ouest et leurs personnels ont investi le stade communal de Ixelles pour une partie de football. Les ambassadeurs de la C\u00f4te d&rsquo;Ivoire, de Gambie et du Burkina Faso, capitaines d\u00e9sign\u00e9s, ont \u00e9t\u00e9 appel\u00e9s \u00e0 composer leur \u00e9quipe en piochant librement parmi les joueurs pr\u00e9sents sans tenir compte des ambassades d&rsquo;appartenance et ce, pour promouvoir le fair-play et renforcer la coh\u00e9sion entre diplomates. Sur le terrain, les ambassadeurs se sont d\u00e9faits de leurs titres et grades professionnels et ont fait montre de leurs talents cach\u00e9s de footballeurs. De fa\u00e7on anecdotique, on retiendra la victoire de l&rsquo;\u00e9quipe de l&rsquo;ambassadeur Bonkoungou mais l&rsquo;essentiel se trouvait ailleurs. C\u2019est un corps diplomatique totalement fusionn\u00e9 et tr\u00e8s investi dans cette activit\u00e9 qui a \u00e9t\u00e9 donn\u00e9 de voir. Cette activit\u00e9 sportive a constitu\u00e9 une belle entr\u00e9e en mati\u00e8re pour la seconde manche de la Journ\u00e9e culturelle dont la quintessence a \u00e9t\u00e9 la d\u00e9gustation de mets succulents concoct\u00e9s par les diff\u00e9rentes ambassades de l\u2019Afrique de l\u2019Ouest.<\/div>\n<div dir=\"auto\"><img loading=\"lazy\" decoding=\"async\" class=\"alignnone  wp-image-5174\" src=\"https:\/\/reveil-info.net\/wp-content\/uploads\/2024\/08\/453626239_799557738997396_8683760516603639882_n-300x200.jpg\" alt=\"\" width=\"881\" height=\"587\" srcset=\"https:\/\/reveil-info.net\/wp-content\/uploads\/2024\/08\/453626239_799557738997396_8683760516603639882_n-300x200.jpg 300w, https:\/\/reveil-info.net\/wp-content\/uploads\/2024\/08\/453626239_799557738997396_8683760516603639882_n.jpg 640w\" sizes=\"auto, (max-width: 881px) 100vw, 881px\" \/><\/div>\n<div dir=\"auto\">Des artistes musiciens burkinab\u00e8 et bissau-guin\u00e9en ont tenu les convives en haleine aux sons du balafon et de la kora, tout au long de la soir\u00e9e. Avant l\u2019ouverture officielle des stands, l\u2019Ambassadeur de la r\u00e9publique de Gambie, Pa Musa Jobarteh a tenu \u00e0 remercier les convives qu\u2019il a invit\u00e9 \u00e0 \u00ab se sentir chez eux dans la maison de Gambie \u00bb. L\u2019ambassade de Gambie a fait d\u2019une pierre deux coups puisqu\u2019elle a mis \u00e0 profit cette soir\u00e9e pour r\u00e9ouvrir officiellement ses locaux qui \u00e9taient en r\u00e9novation.<\/div>\n<div dir=\"auto\"><\/div>\n<div dir=\"auto\">L\u2019ambassadeur du Burkina Faso, L\u00e9opold Tonguenoma Bonkoungou, dans son mot d\u2019ouverture de la soir\u00e9e culturelle, a d\u2019abord fait le constat selon lequel les contraintes professionnelles notamment, laissent peu de temps pour cr\u00e9er des cadres d\u2019\u00e9changes. Le Coordonnateur du GAAO a saisi l\u2019occasion pour pr\u00e9ciser les objectifs vis\u00e9s en organisant une telle journ\u00e9e : \u00ab il importait de trouver des canaux de renforcer l\u2019esprit de solidarit\u00e9 entre nous, de partager des moments conviviaux, et de faire d\u00e9couvrir les diff\u00e9rentes facettes de la richesse culturelle de nos pays que l\u2019histoire et la g\u00e9ographie unissent dans un destin commun \u00bb.<\/div>\n<div dir=\"auto\">Des ambassadeurs d\u2019autres groupes r\u00e9gionaux ont pris part \u00e0 cette soir\u00e9e culturelle qui a \u00e9t\u00e9 positivement appr\u00e9ci\u00e9e par tous.<\/div>\n<div dir=\"auto\">Service presse et communication<\/div>\n<\/div>\n","protected":false},"excerpt":{"rendered":"<p>La premi\u00e8re \u00e9dition de la journ\u00e9e culturelle du Groupe des ambassadeurs de l&rsquo;Afrique de l\u2019Ouest<\/p>\n","protected":false},"author":1,"featured_media":5172,"comment_status":"open","ping_status":"open","sticky":false,"template":"","format":"standard","meta":{"footnotes":""},"categories":[41],"tags":[],"class_list":["post-5170","post","type-post","status-publish","format-standard","has-post-thumbnail","hentry","category-news-de-la-diaspora"],"yoast_head":"<!-- This site is optimized with the Yoast SEO plugin v27.5 - https:\/\/yoast.com\/product\/yoast-seo-wordpress\/ -->\n<title>Journ\u00e9e culturelle des ambassades de l\u2019Afrique de l\u2019Ouest \u00e0 Bruxelles : pari tenu - R\u00e9veil Info<\/title>\n<meta name=\"robots\" content=\"noindex, follow, max-snippet:-1, max-image-preview:large, max-video-preview:-1\" \/>\n<meta property=\"og:locale\" content=\"fr_FR\" \/>\n<meta property=\"og:type\" content=\"article\" \/>\n<meta property=\"og:title\" content=\"Journ\u00e9e culturelle des ambassades de l\u2019Afrique de l\u2019Ouest \u00e0 Bruxelles : pari tenu - R\u00e9veil Info\" \/>\n<meta property=\"og:description\" content=\"La premi\u00e8re \u00e9dition de la journ\u00e9e culturelle du Groupe des ambassadeurs de l&rsquo;Afrique de l\u2019Ouest\" \/>\n<meta property=\"og:url\" content=\"https:\/\/reveil-info.net\/?p=5170\" \/>\n<meta property=\"og:site_name\" content=\"R\u00e9veil Info\" \/>\n<meta property=\"article:published_time\" content=\"2024-08-07T17:34:51+00:00\" \/>\n<meta property=\"og:image\" content=\"https:\/\/reveil-info.net\/wp-content\/uploads\/2024\/08\/453156268_799557338997436_1078699832275404149_n.jpg\" \/>\n\t<meta property=\"og:image:width\" content=\"1118\" \/>\n\t<meta property=\"og:image:height\" content=\"757\" \/>\n\t<meta property=\"og:image:type\" content=\"image\/jpeg\" \/>\n<meta name=\"author\" content=\"R\u00e9veil info\" \/>\n<meta name=\"twitter:card\" content=\"summary_large_image\" \/>\n<meta name=\"twitter:label1\" content=\"\u00c9crit par\" \/>\n\t<meta name=\"twitter:data1\" content=\"R\u00e9veil info\" \/>\n\t<meta name=\"twitter:label2\" content=\"Dur\u00e9e de lecture estim\u00e9e\" \/>\n\t<meta name=\"twitter:data2\" content=\"3 minutes\" \/>\n<script type=\"application\/ld+json\" class=\"yoast-schema-graph\">{\"@context\":\"https:\\\/\\\/schema.org\",\"@graph\":[{\"@type\":\"Article\",\"@id\":\"https:\\\/\\\/reveil-info.net\\\/?p=5170#article\",\"isPartOf\":{\"@id\":\"https:\\\/\\\/reveil-info.net\\\/?p=5170\"},\"author\":{\"name\":\"R\u00e9veil info\",\"@id\":\"https:\\\/\\\/reveil-info.net\\\/#\\\/schema\\\/person\\\/ca0cc8e70088e0a2b5e92556c1ee60f5\"},\"headline\":\"Journ\u00e9e culturelle des ambassades de l\u2019Afrique de l\u2019Ouest \u00e0 Bruxelles : pari tenu\",\"datePublished\":\"2024-08-07T17:34:51+00:00\",\"mainEntityOfPage\":{\"@id\":\"https:\\\/\\\/reveil-info.net\\\/?p=5170\"},\"wordCount\":500,\"commentCount\":0,\"publisher\":{\"@id\":\"https:\\\/\\\/reveil-info.net\\\/#organization\"},\"image\":{\"@id\":\"https:\\\/\\\/reveil-info.net\\\/?p=5170#primaryimage\"},\"thumbnailUrl\":\"https:\\\/\\\/reveil-info.net\\\/wp-content\\\/uploads\\\/2024\\\/08\\\/453156268_799557338997436_1078699832275404149_n.jpg\",\"articleSection\":[\"NEWS DE LA DIASPORA\"],\"inLanguage\":\"fr-FR\",\"potentialAction\":[{\"@type\":\"CommentAction\",\"name\":\"Comment\",\"target\":[\"https:\\\/\\\/reveil-info.net\\\/?p=5170#respond\"]}]},{\"@type\":\"WebPage\",\"@id\":\"https:\\\/\\\/reveil-info.net\\\/?p=5170\",\"url\":\"https:\\\/\\\/reveil-info.net\\\/?p=5170\",\"name\":\"Journ\u00e9e culturelle des ambassades de l\u2019Afrique de l\u2019Ouest \u00e0 Bruxelles : pari tenu - R\u00e9veil Info\",\"isPartOf\":{\"@id\":\"https:\\\/\\\/reveil-info.net\\\/#website\"},\"primaryImageOfPage\":{\"@id\":\"https:\\\/\\\/reveil-info.net\\\/?p=5170#primaryimage\"},\"image\":{\"@id\":\"https:\\\/\\\/reveil-info.net\\\/?p=5170#primaryimage\"},\"thumbnailUrl\":\"https:\\\/\\\/reveil-info.net\\\/wp-content\\\/uploads\\\/2024\\\/08\\\/453156268_799557338997436_1078699832275404149_n.jpg\",\"datePublished\":\"2024-08-07T17:34:51+00:00\",\"breadcrumb\":{\"@id\":\"https:\\\/\\\/reveil-info.net\\\/?p=5170#breadcrumb\"},\"inLanguage\":\"fr-FR\",\"potentialAction\":[{\"@type\":\"ReadAction\",\"target\":[\"https:\\\/\\\/reveil-info.net\\\/?p=5170\"]}]},{\"@type\":\"ImageObject\",\"inLanguage\":\"fr-FR\",\"@id\":\"https:\\\/\\\/reveil-info.net\\\/?p=5170#primaryimage\",\"url\":\"https:\\\/\\\/reveil-info.net\\\/wp-content\\\/uploads\\\/2024\\\/08\\\/453156268_799557338997436_1078699832275404149_n.jpg\",\"contentUrl\":\"https:\\\/\\\/reveil-info.net\\\/wp-content\\\/uploads\\\/2024\\\/08\\\/453156268_799557338997436_1078699832275404149_n.jpg\",\"width\":1118,\"height\":757},{\"@type\":\"BreadcrumbList\",\"@id\":\"https:\\\/\\\/reveil-info.net\\\/?p=5170#breadcrumb\",\"itemListElement\":[{\"@type\":\"ListItem\",\"position\":1,\"name\":\"Home\",\"item\":\"https:\\\/\\\/reveil-info.net\\\/\"},{\"@type\":\"ListItem\",\"position\":2,\"name\":\"Journ\u00e9e culturelle des ambassades de l\u2019Afrique de l\u2019Ouest \u00e0 Bruxelles : pari tenu\"}]},{\"@type\":\"WebSite\",\"@id\":\"https:\\\/\\\/reveil-info.net\\\/#website\",\"url\":\"https:\\\/\\\/reveil-info.net\\\/\",\"name\":\"R\u00e9veil Info\",\"description\":\"Le devoir d&#039;informer!\",\"publisher\":{\"@id\":\"https:\\\/\\\/reveil-info.net\\\/#organization\"},\"potentialAction\":[{\"@type\":\"SearchAction\",\"target\":{\"@type\":\"EntryPoint\",\"urlTemplate\":\"https:\\\/\\\/reveil-info.net\\\/?s={search_term_string}\"},\"query-input\":{\"@type\":\"PropertyValueSpecification\",\"valueRequired\":true,\"valueName\":\"search_term_string\"}}],\"inLanguage\":\"fr-FR\"},{\"@type\":\"Organization\",\"@id\":\"https:\\\/\\\/reveil-info.net\\\/#organization\",\"name\":\"R\u00e9veil Info\",\"url\":\"https:\\\/\\\/reveil-info.net\\\/\",\"logo\":{\"@type\":\"ImageObject\",\"inLanguage\":\"fr-FR\",\"@id\":\"https:\\\/\\\/reveil-info.net\\\/#\\\/schema\\\/logo\\\/image\\\/\",\"url\":\"https:\\\/\\\/reveil-info.net\\\/wp-content\\\/uploads\\\/2024\\\/07\\\/bnddd1.jpg\",\"contentUrl\":\"https:\\\/\\\/reveil-info.net\\\/wp-content\\\/uploads\\\/2024\\\/07\\\/bnddd1.jpg\",\"width\":903,\"height\":125,\"caption\":\"R\u00e9veil Info\"},\"image\":{\"@id\":\"https:\\\/\\\/reveil-info.net\\\/#\\\/schema\\\/logo\\\/image\\\/\"}},{\"@type\":\"Person\",\"@id\":\"https:\\\/\\\/reveil-info.net\\\/#\\\/schema\\\/person\\\/ca0cc8e70088e0a2b5e92556c1ee60f5\",\"name\":\"R\u00e9veil info\",\"image\":{\"@type\":\"ImageObject\",\"inLanguage\":\"fr-FR\",\"@id\":\"https:\\\/\\\/secure.gravatar.com\\\/avatar\\\/e4ad5bb743c8b6cb174d9df6c7d30a8a16f6889731241345fc6444e6485f02af?s=96&d=mm&r=g\",\"url\":\"https:\\\/\\\/secure.gravatar.com\\\/avatar\\\/e4ad5bb743c8b6cb174d9df6c7d30a8a16f6889731241345fc6444e6485f02af?s=96&d=mm&r=g\",\"contentUrl\":\"https:\\\/\\\/secure.gravatar.com\\\/avatar\\\/e4ad5bb743c8b6cb174d9df6c7d30a8a16f6889731241345fc6444e6485f02af?s=96&d=mm&r=g\",\"caption\":\"R\u00e9veil info\"},\"sameAs\":[\"https:\\\/\\\/reveil-info.net\"],\"url\":\"https:\\\/\\\/reveil-info.net\\\/?author=1\"}]}<\/script>\n<!-- \/ Yoast SEO plugin. -->","yoast_head_json":{"title":"Journ\u00e9e culturelle des ambassades de l\u2019Afrique de l\u2019Ouest \u00e0 Bruxelles : pari tenu - R\u00e9veil Info","robots":{"index":"noindex","follow":"follow","max-snippet":"max-snippet:-1","max-image-preview":"max-image-preview:large","max-video-preview":"max-video-preview:-1"},"og_locale":"fr_FR","og_type":"article","og_title":"Journ\u00e9e culturelle des ambassades de l\u2019Afrique de l\u2019Ouest \u00e0 Bruxelles : pari tenu - R\u00e9veil Info","og_description":"La premi\u00e8re \u00e9dition de la journ\u00e9e culturelle du Groupe des ambassadeurs de l&rsquo;Afrique de l\u2019Ouest","og_url":"https:\/\/reveil-info.net\/?p=5170","og_site_name":"R\u00e9veil Info","article_published_time":"2024-08-07T17:34:51+00:00","og_image":[{"width":1118,"height":757,"url":"https:\/\/reveil-info.net\/wp-content\/uploads\/2024\/08\/453156268_799557338997436_1078699832275404149_n.jpg","type":"image\/jpeg"}],"author":"R\u00e9veil info","twitter_card":"summary_large_image","twitter_misc":{"\u00c9crit par":"R\u00e9veil info","Dur\u00e9e de lecture estim\u00e9e":"3 minutes"},"schema":{"@context":"https:\/\/schema.org","@graph":[{"@type":"Article","@id":"https:\/\/reveil-info.net\/?p=5170#article","isPartOf":{"@id":"https:\/\/reveil-info.net\/?p=5170"},"author":{"name":"R\u00e9veil info","@id":"https:\/\/reveil-info.net\/#\/schema\/person\/ca0cc8e70088e0a2b5e92556c1ee60f5"},"headline":"Journ\u00e9e culturelle des ambassades de l\u2019Afrique de l\u2019Ouest \u00e0 Bruxelles : pari tenu","datePublished":"2024-08-07T17:34:51+00:00","mainEntityOfPage":{"@id":"https:\/\/reveil-info.net\/?p=5170"},"wordCount":500,"commentCount":0,"publisher":{"@id":"https:\/\/reveil-info.net\/#organization"},"image":{"@id":"https:\/\/reveil-info.net\/?p=5170#primaryimage"},"thumbnailUrl":"https:\/\/reveil-info.net\/wp-content\/uploads\/2024\/08\/453156268_799557338997436_1078699832275404149_n.jpg","articleSection":["NEWS DE LA DIASPORA"],"inLanguage":"fr-FR","potentialAction":[{"@type":"CommentAction","name":"Comment","target":["https:\/\/reveil-info.net\/?p=5170#respond"]}]},{"@type":"WebPage","@id":"https:\/\/reveil-info.net\/?p=5170","url":"https:\/\/reveil-info.net\/?p=5170","name":"Journ\u00e9e culturelle des ambassades de l\u2019Afrique de l\u2019Ouest \u00e0 Bruxelles : pari tenu - R\u00e9veil Info","isPartOf":{"@id":"https:\/\/reveil-info.net\/#website"},"primaryImageOfPage":{"@id":"https:\/\/reveil-info.net\/?p=5170#primaryimage"},"image":{"@id":"https:\/\/reveil-info.net\/?p=5170#primaryimage"},"thumbnailUrl":"https:\/\/reveil-info.net\/wp-content\/uploads\/2024\/08\/453156268_799557338997436_1078699832275404149_n.jpg","datePublished":"2024-08-07T17:34:51+00:00","breadcrumb":{"@id":"https:\/\/reveil-info.net\/?p=5170#breadcrumb"},"inLanguage":"fr-FR","potentialAction":[{"@type":"ReadAction","target":["https:\/\/reveil-info.net\/?p=5170"]}]},{"@type":"ImageObject","inLanguage":"fr-FR","@id":"https:\/\/reveil-info.net\/?p=5170#primaryimage","url":"https:\/\/reveil-info.net\/wp-content\/uploads\/2024\/08\/453156268_799557338997436_1078699832275404149_n.jpg","contentUrl":"https:\/\/reveil-info.net\/wp-content\/uploads\/2024\/08\/453156268_799557338997436_1078699832275404149_n.jpg","width":1118,"height":757},{"@type":"BreadcrumbList","@id":"https:\/\/reveil-info.net\/?p=5170#breadcrumb","itemListElement":[{"@type":"ListItem","position":1,"name":"Home","item":"https:\/\/reveil-info.net\/"},{"@type":"ListItem","position":2,"name":"Journ\u00e9e culturelle des ambassades de l\u2019Afrique de l\u2019Ouest \u00e0 Bruxelles : pari tenu"}]},{"@type":"WebSite","@id":"https:\/\/reveil-info.net\/#website","url":"https:\/\/reveil-info.net\/","name":"R\u00e9veil Info","description":"Le devoir d&#039;informer!","publisher":{"@id":"https:\/\/reveil-info.net\/#organization"},"potentialAction":[{"@type":"SearchAction","target":{"@type":"EntryPoint","urlTemplate":"https:\/\/reveil-info.net\/?s={search_term_string}"},"query-input":{"@type":"PropertyValueSpecification","valueRequired":true,"valueName":"search_term_string"}}],"inLanguage":"fr-FR"},{"@type":"Organization","@id":"https:\/\/reveil-info.net\/#organization","name":"R\u00e9veil Info","url":"https:\/\/reveil-info.net\/","logo":{"@type":"ImageObject","inLanguage":"fr-FR","@id":"https:\/\/reveil-info.net\/#\/schema\/logo\/image\/","url":"https:\/\/reveil-info.net\/wp-content\/uploads\/2024\/07\/bnddd1.jpg","contentUrl":"https:\/\/reveil-info.net\/wp-content\/uploads\/2024\/07\/bnddd1.jpg","width":903,"height":125,"caption":"R\u00e9veil Info"},"image":{"@id":"https:\/\/reveil-info.net\/#\/schema\/logo\/image\/"}},{"@type":"Person","@id":"https:\/\/reveil-info.net\/#\/schema\/person\/ca0cc8e70088e0a2b5e92556c1ee60f5","name":"R\u00e9veil info","image":{"@type":"ImageObject","inLanguage":"fr-FR","@id":"https:\/\/secure.gravatar.com\/avatar\/e4ad5bb743c8b6cb174d9df6c7d30a8a16f6889731241345fc6444e6485f02af?s=96&d=mm&r=g","url":"https:\/\/secure.gravatar.com\/avatar\/e4ad5bb743c8b6cb174d9df6c7d30a8a16f6889731241345fc6444e6485f02af?s=96&d=mm&r=g","contentUrl":"https:\/\/secure.gravatar.com\/avatar\/e4ad5bb743c8b6cb174d9df6c7d30a8a16f6889731241345fc6444e6485f02af?s=96&d=mm&r=g","caption":"R\u00e9veil info"},"sameAs":["https:\/\/reveil-info.net"],"url":"https:\/\/reveil-info.net\/?author=1"}]}},"jetpack_featured_media_url":"https:\/\/reveil-info.net\/wp-content\/uploads\/2024\/08\/453156268_799557338997436_1078699832275404149_n.jpg","featured_image_urls":{"full":["https:\/\/reveil-info.net\/wp-content\/uploads\/2024\/08\/453156268_799557338997436_1078699832275404149_n.jpg",1118,757,false],"thumbnail":["https:\/\/reveil-info.net\/wp-content\/uploads\/2024\/08\/453156268_799557338997436_1078699832275404149_n-150x150.jpg",150,150,true],"medium":["https:\/\/reveil-info.net\/wp-content\/uploads\/2024\/08\/453156268_799557338997436_1078699832275404149_n-300x203.jpg",300,203,true],"medium_large":["https:\/\/reveil-info.net\/wp-content\/uploads\/2024\/08\/453156268_799557338997436_1078699832275404149_n-768x520.jpg",640,433,true],"large":["https:\/\/reveil-info.net\/wp-content\/uploads\/2024\/08\/453156268_799557338997436_1078699832275404149_n-1024x693.jpg",640,433,true],"1536x1536":["https:\/\/reveil-info.net\/wp-content\/uploads\/2024\/08\/453156268_799557338997436_1078699832275404149_n.jpg",1118,757,false],"2048x2048":["https:\/\/reveil-info.net\/wp-content\/uploads\/2024\/08\/453156268_799557338997436_1078699832275404149_n.jpg",1118,757,false],"chromenews-featured":["https:\/\/reveil-info.net\/wp-content\/uploads\/2024\/08\/453156268_799557338997436_1078699832275404149_n-1024x693.jpg",1024,693,true],"chromenews-large":["https:\/\/reveil-info.net\/wp-content\/uploads\/2024\/08\/453156268_799557338997436_1078699832275404149_n-825x575.jpg",825,575,true],"chromenews-medium":["https:\/\/reveil-info.net\/wp-content\/uploads\/2024\/08\/453156268_799557338997436_1078699832275404149_n-590x410.jpg",590,410,true]},"author_info":{"display_name":"R\u00e9veil info","author_link":"https:\/\/reveil-info.net\/?author=1"},"category_info":"<a href=\"https:\/\/reveil-info.net\/?cat=41\" rel=\"category\">NEWS DE LA DIASPORA<\/a>","tag_info":"NEWS DE LA DIASPORA","comment_count":"0","_links":{"self":[{"href":"https:\/\/reveil-info.net\/index.php?rest_route=\/wp\/v2\/posts\/5170","targetHints":{"allow":["GET"]}}],"collection":[{"href":"https:\/\/reveil-info.net\/index.php?rest_route=\/wp\/v2\/posts"}],"about":[{"href":"https:\/\/reveil-info.net\/index.php?rest_route=\/wp\/v2\/types\/post"}],"author":[{"embeddable":true,"href":"https:\/\/reveil-info.net\/index.php?rest_route=\/wp\/v2\/users\/1"}],"replies":[{"embeddable":true,"href":"https:\/\/reveil-info.net\/index.php?rest_route=%2Fwp%2Fv2%2Fcomments&post=5170"}],"version-history":[{"count":5,"href":"https:\/\/reveil-info.net\/index.php?rest_route=\/wp\/v2\/posts\/5170\/revisions"}],"predecessor-version":[{"id":5178,"href":"https:\/\/reveil-info.net\/index.php?rest_route=\/wp\/v2\/posts\/5170\/revisions\/5178"}],"wp:featuredmedia":[{"embeddable":true,"href":"https:\/\/reveil-info.net\/index.php?rest_route=\/wp\/v2\/media\/5172"}],"wp:attachment":[{"href":"https:\/\/reveil-info.net\/index.php?rest_route=%2Fwp%2Fv2%2Fmedia&parent=5170"}],"wp:term":[{"taxonomy":"category","embeddable":true,"href":"https:\/\/reveil-info.net\/index.php?rest_route=%2Fwp%2Fv2%2Fcategories&post=5170"},{"taxonomy":"post_tag","embeddable":true,"href":"https:\/\/reveil-info.net\/index.php?rest_route=%2Fwp%2Fv2%2Ftags&post=5170"}],"curies":[{"name":"wp","href":"https:\/\/api.w.org\/{rel}","templated":true}]}}