{"id":51000,"date":"2026-05-02T16:50:51","date_gmt":"2026-05-02T16:50:51","guid":{"rendered":"https:\/\/reveil-info.net\/?p=51000"},"modified":"2026-05-02T16:50:51","modified_gmt":"2026-05-02T16:50:51","slug":"drame-un-jeune-camerounais-se-suicide-en-allemagne","status":"publish","type":"post","link":"https:\/\/reveil-info.net\/?p=51000","title":{"rendered":"Drame : un jeune camerounais se suicide en Allemagne"},"content":{"rendered":"<p>DIASPORA : UN JEUNE CAMEROUNAIS SE SU!C!DE EN ALLEMAGNE<\/p>\n<p><a href=\"https:\/\/reveil-info.net\/?attachment_id=51002\" rel=\"attachment wp-att-51002\"><img loading=\"lazy\" decoding=\"async\" class=\"aligncenter size-full wp-image-51002\" src=\"https:\/\/reveil-info.net\/wp-content\/uploads\/2026\/05\/1777740511997.jpg\" alt=\"\" width=\"720\" height=\"576\" srcset=\"https:\/\/reveil-info.net\/wp-content\/uploads\/2026\/05\/1777740511997.jpg 720w, https:\/\/reveil-info.net\/wp-content\/uploads\/2026\/05\/1777740511997-300x240.jpg 300w\" sizes=\"auto, (max-width: 720px) 100vw, 720px\" \/><\/a><\/p>\n<p>\u200bLa diaspora camerounaise d&rsquo;Allemagne est plong\u00e9e dans une profonde consternation. Le compatriote BOGNING ZEFACK Carlos, un jeune informaticien de 39 ans, a mis fin \u00e0 ses jours lundi dernier \u00e0 Berlin.<\/p>\n<p>\u200bSelon les informations recueillies aupr\u00e8s de la police allemande, le drame s&rsquo;est produit le lundi 27 avril 2026 \u00e0 12h05. Carlos s&rsquo;est jet\u00e9 sous un train ICE \u00e0 la gare de Jungfernheide, \u00e0 Berlin. Le choc avec le train, qui circulait \u00e0 240 km\/h, ne lui a laiss\u00e9 aucune chance. Il est d\u00e9c\u00e9d\u00e9 sur le coup et son corps a \u00e9t\u00e9 transf\u00e9r\u00e9 \u00e0 la morgue centrale de Berlin.<\/p>\n<p>\u200bLes raisons d&rsquo;un acte d\u00e9sesp\u00e9r\u00e9<\/p>\n<p>\u200bQu\u2019est-ce qui a pu pousser Carlos \u00e0 un tel acte ? D\u2019apr\u00e8s les t\u00e9moignages recueillis par Le TGV de l&rsquo;info aupr\u00e8s de sources proches du d\u00e9funt, ce geste tragique serait la cons\u00e9quence d&rsquo;une profonde d\u00e9tresse psychologique, accentu\u00e9e par un conflit familial d\u00e9chirant.<\/p>\n<p>\u200bParti du Cameroun en 2021 dans l\u2019espoir d\u2019offrir un avenir meilleur \u00e0 sa famille, Carlos a connu un parcours migratoire \u00e9prouvant : Bi\u00e9lorussie, Lituanie, puis l&rsquo;Allemagne en 2023. Apr\u00e8s deux ans dans un camp de r\u00e9fugi\u00e9s \u00e0 Eisenh\u00fcttenstadt dans l&rsquo;est de l&rsquo;Allemagne, dans l&rsquo;Etat du Brandebourg, sa demande d\u2019asile est rejet\u00e9e fin 2024. Expuls\u00e9 vers la Lituanie, il revient clandestinement en Allemagne et trouve refuge chez son fr\u00e8re cadet \u00e0 Bernau, pr\u00e8s de BerlinBerlin o\u00f9 il a pass\u00e9 huit mois.<\/p>\n<p>\u200bC&rsquo;est ici que commence son calvaire. Sa belle-s\u0153ur, DAKA ARIMIN Carine Laure, d&rsquo;origine camerounaise elle aussi, lui aurait fait vivre huit mois d&rsquo;humiliations constantes. Menac\u00e9 d&rsquo;\u00eatre d\u00e9nonc\u00e9 pour sa situation irr\u00e9guli\u00e8re, Carlos subissait des pressions quotidiennes. Le lundi 27 avril 2026, \u00e0 9h41, Laure est pass\u00e9e des paroles aux actes en envoyant un mail de d\u00e9nonciation aux autorit\u00e9s allemandes, mettant son propre mari en copie. Ne pouvant supporter cette trahison ultime et le poids de l&rsquo;exclusion, Carlos s&rsquo;est donn\u00e9 la mort deux heures plus tard.<\/p>\n<p>\u200bUn climat de haine pr\u00e9m\u00e9dit\u00e9 ?<\/p>\n<p>\u200bLe message envoy\u00e9 par Laure \u00e0 son mari le dimanche 26 avril \u00e0 8h23 t\u00e9moigne de la tension qui r\u00e9gnait :<\/p>\n<p>\u200b\u00ab Je t&rsquo;ai d\u00e9j\u00e0 averti je ne sais pas combien de fois&#8230; Sache que si je reviens et que je trouve encore ton fr\u00e8re l\u00e0, je te donnerai un avant-go\u00fbt de ce que \u00e7a fait de mettre ses menaces \u00e0 ex\u00e9cution. On ira o\u00f9 tu veux qu&rsquo;on aille&#8230; \u00bb<\/p>\n<p>\u200bLe lendemain, elle mettait ses menaces \u00e0 ex\u00e9cution, provoquant indirectement l&rsquo;irr\u00e9parable. Malgr\u00e9 la trag\u00e9die, Laure s&rsquo;est affich\u00e9e heureuse hier sur les r\u00e9seaux sociaux, c\u00e9l\u00e9brant son anniversaire avec une joie apparente qui choque et t\u00e9moigne de sa monstruosit\u00e9.<\/p>\n<p>\u200bUn passif complexe<\/p>\n<p>\u200bPour rappel, Laure est arriv\u00e9e en Allemagne en 2020. C&rsquo;est gr\u00e2ce au fr\u00e8re de Carlos, ing\u00e9nieur de profession, qu&rsquo;elle a pu r\u00e9gulariser sa situation et trouver un emploi d&rsquo;aide-soignante. Cependant, la relation s&rsquo;est d\u00e9grad\u00e9e lorsque son mari a d\u00e9couvert qu&rsquo;elle \u00e9tait d\u00e9j\u00e0 mari\u00e9e \u00e0 un homme en tenue au Cameroun, avec qui elle aurait trois enfants. Face \u00e0 l&rsquo;exigence de son \u00e9poux d&rsquo;obtenir un acte de divorce officiel avec l&rsquo;homme en tenue, elle aurait d\u00e9velopp\u00e9 une ranc\u0153ur tenace, report\u00e9e violemment sur Carlos qui meurt \u00e0 la fleur de l&rsquo;\u00e2ge laissant 3 enfants et une femme au Cameroun.<\/p>\n<p>\u200bSensibilisation : La solidarit\u00e9 doit primer sur la haine<\/p>\n<p>\u200bFace \u00e0 ce drame qui secoue notre communaut\u00e9, il est imp\u00e9ratif de rappeler certaines valeurs essentielles :<\/p>\n<p>&#8211; \u200bLa solidarit\u00e9 avant tout : La vie en diaspora est un combat de chaque instant. Ne devenons pas les bourreaux de nos propres fr\u00e8res. La d\u00e9nonciation et la m\u00e9chancet\u00e9 gratuite ne construisent rien, elles ne font que d\u00e9truire des vies et des familles.<\/p>\n<p>&#8211; \u200bBriser le tabou de la d\u00e9pression : La d\u00e9tresse psychologique n&rsquo;est pas une fatalit\u00e9 ni une honte. Si vous vous sentez seul ou \u00e0 bout de forces, ne restez pas dans l&rsquo;isolement. Parlez-en \u00e0 des proches, \u00e0 des associations ou \u00e0 des professionnels de sant\u00e9.<\/p>\n<p>&#8211; \u200bL&#8217;empathie envers les plus vuln\u00e9rables : Le parcours d&rsquo;un immigr\u00e9 est sem\u00e9 d&#8217;emb\u00fbches administratives et humaines. Un peu de bienveillance peut \u00eatre le dernier rempart contre le d\u00e9sespoir.<\/p>\n<p>&#8211; \u200bLa justice et la conscience : Nul ne gagne \u00e0 b\u00e2tir son bonheur sur les cendres d&rsquo;autrui. Soyons conscients que nos paroles et nos actes ont des cons\u00e9quences r\u00e9elles et parfois irr\u00e9versibles.<\/p>\n<p>\u200bRepose en paix, Carlos. Que ce drame serve de le\u00e7on pour qu&rsquo;une telle trag\u00e9die ne se reproduise plus au sein de notre communaut\u00e9.<\/p>\n<p>\ud835\udc77\ud835\udc82\ud835\udc96\ud835\udc8d \ud835\udc6a\ud835\udc89\ud835\udc90\ud835\udc96\ud835\udc95\ud835\udc82 (\ud835\udc77\ud835\udc6a)\/\ud835\ude47\ud835\ude5a \ud835\ude4f\ud835\ude5c\ud835\ude6b \ud835\ude59\ud835\ude5a \ud835\ude47&rsquo;\ud835\ude5e\ud835\ude63\ud835\ude5b\ud835\ude64<br \/>\n\ud835\ude45\ud835\ude64\ud835\ude6a\ud835\ude67\ud835\ude63\ud835\ude56\ud835\ude61\ud835\ude5e\ud835\ude68\ud835\ude69\ud835\ude5a \/\ud835\ude47\ud835\ude56\ud835\ude63\ud835\ude58\ud835\ude5a\ud835\ude6a\ud835\ude67 \ud835\ude59&rsquo;\ud835\ude56\ud835\ude61\ud835\ude5a\ud835\ude67\ud835\ude69\ud835\ude5a<br \/>\n\ud835\udc6a\ud835\udc90\ud835\udc8f\ud835\udc95\ud835\udc82\ud835\udc84\ud835\udc95 \ud835\udc7e\ud835\udc89\ud835\udc82\ud835\udc95\ud835\udc94\ud835\udc68\ud835\udc91\ud835\udc91 :<br \/>\n\ud835\ude3e\ud835\ude56\ud835\ude62\ud835\ude5a\ud835\ude67\ud835\ude64\ud835\ude6a\ud835\ude63 : +237 699217624<br \/>\n\ud835\ude3c\ud835\ude61\ud835\ude61\ud835\ude5a\ud835\ude62\ud835\ude56\ud835\ude5c\ud835\ude63\ud835\ude5a : +49 163 2480636<\/p>\n","protected":false},"excerpt":{"rendered":"<p>DIASPORA : UN JEUNE CAMEROUNAIS SE SU!C!DE EN ALLEMAGNE \u200bLa diaspora camerounaise d&rsquo;Allemagne est plong\u00e9e<\/p>\n","protected":false},"author":1,"featured_media":0,"comment_status":"open","ping_status":"open","sticky":false,"template":"","format":"standard","meta":{"footnotes":""},"categories":[7,41],"tags":[],"class_list":["post-51000","post","type-post","status-publish","format-standard","hentry","category-faits","category-news-de-la-diaspora"],"yoast_head":"<!-- This site is optimized with the Yoast SEO plugin v27.5 - https:\/\/yoast.com\/product\/yoast-seo-wordpress\/ -->\n<title>Drame : un jeune camerounais se suicide en Allemagne - R\u00e9veil Info<\/title>\n<meta name=\"robots\" content=\"noindex, follow, max-snippet:-1, max-image-preview:large, max-video-preview:-1\" \/>\n<meta property=\"og:locale\" content=\"fr_FR\" \/>\n<meta property=\"og:type\" content=\"article\" \/>\n<meta property=\"og:title\" content=\"Drame : un jeune camerounais se suicide en Allemagne - R\u00e9veil Info\" \/>\n<meta property=\"og:description\" content=\"DIASPORA : UN JEUNE CAMEROUNAIS SE SU!C!DE EN ALLEMAGNE \u200bLa diaspora camerounaise d&rsquo;Allemagne est plong\u00e9e\" \/>\n<meta property=\"og:url\" content=\"https:\/\/reveil-info.net\/?p=51000\" \/>\n<meta property=\"og:site_name\" content=\"R\u00e9veil Info\" \/>\n<meta property=\"article:published_time\" content=\"2026-05-02T16:50:51+00:00\" \/>\n<meta property=\"og:image\" content=\"https:\/\/reveil-info.net\/wp-content\/uploads\/2026\/05\/1777740511997.jpg\" \/>\n\t<meta property=\"og:image:width\" content=\"720\" \/>\n\t<meta property=\"og:image:height\" content=\"576\" \/>\n\t<meta property=\"og:image:type\" content=\"image\/jpeg\" \/>\n<meta name=\"author\" content=\"R\u00e9veil info\" \/>\n<meta name=\"twitter:card\" content=\"summary_large_image\" \/>\n<meta name=\"twitter:label1\" content=\"\u00c9crit par\" \/>\n\t<meta name=\"twitter:data1\" content=\"R\u00e9veil info\" \/>\n\t<meta name=\"twitter:label2\" content=\"Dur\u00e9e de lecture estim\u00e9e\" \/>\n\t<meta name=\"twitter:data2\" content=\"4 minutes\" \/>\n<script type=\"application\/ld+json\" class=\"yoast-schema-graph\">{\"@context\":\"https:\\\/\\\/schema.org\",\"@graph\":[{\"@type\":\"Article\",\"@id\":\"https:\\\/\\\/reveil-info.net\\\/?p=51000#article\",\"isPartOf\":{\"@id\":\"https:\\\/\\\/reveil-info.net\\\/?p=51000\"},\"author\":{\"name\":\"R\u00e9veil info\",\"@id\":\"https:\\\/\\\/reveil-info.net\\\/#\\\/schema\\\/person\\\/ca0cc8e70088e0a2b5e92556c1ee60f5\"},\"headline\":\"Drame : un jeune camerounais se suicide en Allemagne\",\"datePublished\":\"2026-05-02T16:50:51+00:00\",\"mainEntityOfPage\":{\"@id\":\"https:\\\/\\\/reveil-info.net\\\/?p=51000\"},\"wordCount\":811,\"commentCount\":0,\"publisher\":{\"@id\":\"https:\\\/\\\/reveil-info.net\\\/#organization\"},\"image\":{\"@id\":\"https:\\\/\\\/reveil-info.net\\\/?p=51000#primaryimage\"},\"thumbnailUrl\":\"https:\\\/\\\/reveil-info.net\\\/wp-content\\\/uploads\\\/2026\\\/05\\\/1777740511997.jpg\",\"articleSection\":[\"Faits divers\",\"NEWS DE LA DIASPORA\"],\"inLanguage\":\"fr-FR\",\"potentialAction\":[{\"@type\":\"CommentAction\",\"name\":\"Comment\",\"target\":[\"https:\\\/\\\/reveil-info.net\\\/?p=51000#respond\"]}]},{\"@type\":\"WebPage\",\"@id\":\"https:\\\/\\\/reveil-info.net\\\/?p=51000\",\"url\":\"https:\\\/\\\/reveil-info.net\\\/?p=51000\",\"name\":\"Drame : un jeune camerounais se suicide en Allemagne - R\u00e9veil Info\",\"isPartOf\":{\"@id\":\"https:\\\/\\\/reveil-info.net\\\/#website\"},\"primaryImageOfPage\":{\"@id\":\"https:\\\/\\\/reveil-info.net\\\/?p=51000#primaryimage\"},\"image\":{\"@id\":\"https:\\\/\\\/reveil-info.net\\\/?p=51000#primaryimage\"},\"thumbnailUrl\":\"https:\\\/\\\/reveil-info.net\\\/wp-content\\\/uploads\\\/2026\\\/05\\\/1777740511997.jpg\",\"datePublished\":\"2026-05-02T16:50:51+00:00\",\"breadcrumb\":{\"@id\":\"https:\\\/\\\/reveil-info.net\\\/?p=51000#breadcrumb\"},\"inLanguage\":\"fr-FR\",\"potentialAction\":[{\"@type\":\"ReadAction\",\"target\":[\"https:\\\/\\\/reveil-info.net\\\/?p=51000\"]}]},{\"@type\":\"ImageObject\",\"inLanguage\":\"fr-FR\",\"@id\":\"https:\\\/\\\/reveil-info.net\\\/?p=51000#primaryimage\",\"url\":\"https:\\\/\\\/reveil-info.net\\\/wp-content\\\/uploads\\\/2026\\\/05\\\/1777740511997.jpg\",\"contentUrl\":\"https:\\\/\\\/reveil-info.net\\\/wp-content\\\/uploads\\\/2026\\\/05\\\/1777740511997.jpg\",\"width\":720,\"height\":576},{\"@type\":\"BreadcrumbList\",\"@id\":\"https:\\\/\\\/reveil-info.net\\\/?p=51000#breadcrumb\",\"itemListElement\":[{\"@type\":\"ListItem\",\"position\":1,\"name\":\"Home\",\"item\":\"https:\\\/\\\/reveil-info.net\\\/\"},{\"@type\":\"ListItem\",\"position\":2,\"name\":\"Drame : un jeune camerounais se suicide en Allemagne\"}]},{\"@type\":\"WebSite\",\"@id\":\"https:\\\/\\\/reveil-info.net\\\/#website\",\"url\":\"https:\\\/\\\/reveil-info.net\\\/\",\"name\":\"R\u00e9veil Info\",\"description\":\"Le devoir d&#039;informer!\",\"publisher\":{\"@id\":\"https:\\\/\\\/reveil-info.net\\\/#organization\"},\"potentialAction\":[{\"@type\":\"SearchAction\",\"target\":{\"@type\":\"EntryPoint\",\"urlTemplate\":\"https:\\\/\\\/reveil-info.net\\\/?s={search_term_string}\"},\"query-input\":{\"@type\":\"PropertyValueSpecification\",\"valueRequired\":true,\"valueName\":\"search_term_string\"}}],\"inLanguage\":\"fr-FR\"},{\"@type\":\"Organization\",\"@id\":\"https:\\\/\\\/reveil-info.net\\\/#organization\",\"name\":\"R\u00e9veil Info\",\"url\":\"https:\\\/\\\/reveil-info.net\\\/\",\"logo\":{\"@type\":\"ImageObject\",\"inLanguage\":\"fr-FR\",\"@id\":\"https:\\\/\\\/reveil-info.net\\\/#\\\/schema\\\/logo\\\/image\\\/\",\"url\":\"https:\\\/\\\/reveil-info.net\\\/wp-content\\\/uploads\\\/2024\\\/07\\\/bnddd1.jpg\",\"contentUrl\":\"https:\\\/\\\/reveil-info.net\\\/wp-content\\\/uploads\\\/2024\\\/07\\\/bnddd1.jpg\",\"width\":903,\"height\":125,\"caption\":\"R\u00e9veil Info\"},\"image\":{\"@id\":\"https:\\\/\\\/reveil-info.net\\\/#\\\/schema\\\/logo\\\/image\\\/\"}},{\"@type\":\"Person\",\"@id\":\"https:\\\/\\\/reveil-info.net\\\/#\\\/schema\\\/person\\\/ca0cc8e70088e0a2b5e92556c1ee60f5\",\"name\":\"R\u00e9veil info\",\"image\":{\"@type\":\"ImageObject\",\"inLanguage\":\"fr-FR\",\"@id\":\"https:\\\/\\\/secure.gravatar.com\\\/avatar\\\/e4ad5bb743c8b6cb174d9df6c7d30a8a16f6889731241345fc6444e6485f02af?s=96&d=mm&r=g\",\"url\":\"https:\\\/\\\/secure.gravatar.com\\\/avatar\\\/e4ad5bb743c8b6cb174d9df6c7d30a8a16f6889731241345fc6444e6485f02af?s=96&d=mm&r=g\",\"contentUrl\":\"https:\\\/\\\/secure.gravatar.com\\\/avatar\\\/e4ad5bb743c8b6cb174d9df6c7d30a8a16f6889731241345fc6444e6485f02af?s=96&d=mm&r=g\",\"caption\":\"R\u00e9veil info\"},\"sameAs\":[\"https:\\\/\\\/reveil-info.net\"],\"url\":\"https:\\\/\\\/reveil-info.net\\\/?author=1\"}]}<\/script>\n<!-- \/ Yoast SEO plugin. -->","yoast_head_json":{"title":"Drame : un jeune camerounais se suicide en Allemagne - R\u00e9veil Info","robots":{"index":"noindex","follow":"follow","max-snippet":"max-snippet:-1","max-image-preview":"max-image-preview:large","max-video-preview":"max-video-preview:-1"},"og_locale":"fr_FR","og_type":"article","og_title":"Drame : un jeune camerounais se suicide en Allemagne - R\u00e9veil Info","og_description":"DIASPORA : UN JEUNE CAMEROUNAIS SE SU!C!DE EN ALLEMAGNE \u200bLa diaspora camerounaise d&rsquo;Allemagne est plong\u00e9e","og_url":"https:\/\/reveil-info.net\/?p=51000","og_site_name":"R\u00e9veil Info","article_published_time":"2026-05-02T16:50:51+00:00","og_image":[{"width":720,"height":576,"url":"https:\/\/reveil-info.net\/wp-content\/uploads\/2026\/05\/1777740511997.jpg","type":"image\/jpeg"}],"author":"R\u00e9veil info","twitter_card":"summary_large_image","twitter_misc":{"\u00c9crit par":"R\u00e9veil info","Dur\u00e9e de lecture estim\u00e9e":"4 minutes"},"schema":{"@context":"https:\/\/schema.org","@graph":[{"@type":"Article","@id":"https:\/\/reveil-info.net\/?p=51000#article","isPartOf":{"@id":"https:\/\/reveil-info.net\/?p=51000"},"author":{"name":"R\u00e9veil info","@id":"https:\/\/reveil-info.net\/#\/schema\/person\/ca0cc8e70088e0a2b5e92556c1ee60f5"},"headline":"Drame : un jeune camerounais se suicide en Allemagne","datePublished":"2026-05-02T16:50:51+00:00","mainEntityOfPage":{"@id":"https:\/\/reveil-info.net\/?p=51000"},"wordCount":811,"commentCount":0,"publisher":{"@id":"https:\/\/reveil-info.net\/#organization"},"image":{"@id":"https:\/\/reveil-info.net\/?p=51000#primaryimage"},"thumbnailUrl":"https:\/\/reveil-info.net\/wp-content\/uploads\/2026\/05\/1777740511997.jpg","articleSection":["Faits divers","NEWS DE LA DIASPORA"],"inLanguage":"fr-FR","potentialAction":[{"@type":"CommentAction","name":"Comment","target":["https:\/\/reveil-info.net\/?p=51000#respond"]}]},{"@type":"WebPage","@id":"https:\/\/reveil-info.net\/?p=51000","url":"https:\/\/reveil-info.net\/?p=51000","name":"Drame : un jeune camerounais se suicide en Allemagne - R\u00e9veil Info","isPartOf":{"@id":"https:\/\/reveil-info.net\/#website"},"primaryImageOfPage":{"@id":"https:\/\/reveil-info.net\/?p=51000#primaryimage"},"image":{"@id":"https:\/\/reveil-info.net\/?p=51000#primaryimage"},"thumbnailUrl":"https:\/\/reveil-info.net\/wp-content\/uploads\/2026\/05\/1777740511997.jpg","datePublished":"2026-05-02T16:50:51+00:00","breadcrumb":{"@id":"https:\/\/reveil-info.net\/?p=51000#breadcrumb"},"inLanguage":"fr-FR","potentialAction":[{"@type":"ReadAction","target":["https:\/\/reveil-info.net\/?p=51000"]}]},{"@type":"ImageObject","inLanguage":"fr-FR","@id":"https:\/\/reveil-info.net\/?p=51000#primaryimage","url":"https:\/\/reveil-info.net\/wp-content\/uploads\/2026\/05\/1777740511997.jpg","contentUrl":"https:\/\/reveil-info.net\/wp-content\/uploads\/2026\/05\/1777740511997.jpg","width":720,"height":576},{"@type":"BreadcrumbList","@id":"https:\/\/reveil-info.net\/?p=51000#breadcrumb","itemListElement":[{"@type":"ListItem","position":1,"name":"Home","item":"https:\/\/reveil-info.net\/"},{"@type":"ListItem","position":2,"name":"Drame : un jeune camerounais se suicide en Allemagne"}]},{"@type":"WebSite","@id":"https:\/\/reveil-info.net\/#website","url":"https:\/\/reveil-info.net\/","name":"R\u00e9veil Info","description":"Le devoir d&#039;informer!","publisher":{"@id":"https:\/\/reveil-info.net\/#organization"},"potentialAction":[{"@type":"SearchAction","target":{"@type":"EntryPoint","urlTemplate":"https:\/\/reveil-info.net\/?s={search_term_string}"},"query-input":{"@type":"PropertyValueSpecification","valueRequired":true,"valueName":"search_term_string"}}],"inLanguage":"fr-FR"},{"@type":"Organization","@id":"https:\/\/reveil-info.net\/#organization","name":"R\u00e9veil Info","url":"https:\/\/reveil-info.net\/","logo":{"@type":"ImageObject","inLanguage":"fr-FR","@id":"https:\/\/reveil-info.net\/#\/schema\/logo\/image\/","url":"https:\/\/reveil-info.net\/wp-content\/uploads\/2024\/07\/bnddd1.jpg","contentUrl":"https:\/\/reveil-info.net\/wp-content\/uploads\/2024\/07\/bnddd1.jpg","width":903,"height":125,"caption":"R\u00e9veil Info"},"image":{"@id":"https:\/\/reveil-info.net\/#\/schema\/logo\/image\/"}},{"@type":"Person","@id":"https:\/\/reveil-info.net\/#\/schema\/person\/ca0cc8e70088e0a2b5e92556c1ee60f5","name":"R\u00e9veil info","image":{"@type":"ImageObject","inLanguage":"fr-FR","@id":"https:\/\/secure.gravatar.com\/avatar\/e4ad5bb743c8b6cb174d9df6c7d30a8a16f6889731241345fc6444e6485f02af?s=96&d=mm&r=g","url":"https:\/\/secure.gravatar.com\/avatar\/e4ad5bb743c8b6cb174d9df6c7d30a8a16f6889731241345fc6444e6485f02af?s=96&d=mm&r=g","contentUrl":"https:\/\/secure.gravatar.com\/avatar\/e4ad5bb743c8b6cb174d9df6c7d30a8a16f6889731241345fc6444e6485f02af?s=96&d=mm&r=g","caption":"R\u00e9veil info"},"sameAs":["https:\/\/reveil-info.net"],"url":"https:\/\/reveil-info.net\/?author=1"}]}},"jetpack_featured_media_url":"","featured_image_urls":{"full":"","thumbnail":"","medium":"","medium_large":"","large":"","1536x1536":"","2048x2048":"","chromenews-featured":"","chromenews-large":"","chromenews-medium":""},"author_info":{"display_name":"R\u00e9veil info","author_link":"https:\/\/reveil-info.net\/?author=1"},"category_info":"<a href=\"https:\/\/reveil-info.net\/?cat=7\" rel=\"category\">Faits divers<\/a> <a href=\"https:\/\/reveil-info.net\/?cat=41\" rel=\"category\">NEWS DE LA DIASPORA<\/a>","tag_info":"NEWS DE LA DIASPORA","comment_count":"0","_links":{"self":[{"href":"https:\/\/reveil-info.net\/index.php?rest_route=\/wp\/v2\/posts\/51000","targetHints":{"allow":["GET"]}}],"collection":[{"href":"https:\/\/reveil-info.net\/index.php?rest_route=\/wp\/v2\/posts"}],"about":[{"href":"https:\/\/reveil-info.net\/index.php?rest_route=\/wp\/v2\/types\/post"}],"author":[{"embeddable":true,"href":"https:\/\/reveil-info.net\/index.php?rest_route=\/wp\/v2\/users\/1"}],"replies":[{"embeddable":true,"href":"https:\/\/reveil-info.net\/index.php?rest_route=%2Fwp%2Fv2%2Fcomments&post=51000"}],"version-history":[{"count":2,"href":"https:\/\/reveil-info.net\/index.php?rest_route=\/wp\/v2\/posts\/51000\/revisions"}],"predecessor-version":[{"id":51003,"href":"https:\/\/reveil-info.net\/index.php?rest_route=\/wp\/v2\/posts\/51000\/revisions\/51003"}],"wp:attachment":[{"href":"https:\/\/reveil-info.net\/index.php?rest_route=%2Fwp%2Fv2%2Fmedia&parent=51000"}],"wp:term":[{"taxonomy":"category","embeddable":true,"href":"https:\/\/reveil-info.net\/index.php?rest_route=%2Fwp%2Fv2%2Fcategories&post=51000"},{"taxonomy":"post_tag","embeddable":true,"href":"https:\/\/reveil-info.net\/index.php?rest_route=%2Fwp%2Fv2%2Ftags&post=51000"}],"curies":[{"name":"wp","href":"https:\/\/api.w.org\/{rel}","templated":true}]}}