{"id":50935,"date":"2026-05-01T22:03:20","date_gmt":"2026-05-01T22:03:20","guid":{"rendered":"https:\/\/reveil-info.net\/?p=50935"},"modified":"2026-05-01T22:03:20","modified_gmt":"2026-05-01T22:03:20","slug":"situation-au-mali-des-tetes-commencent-a-tomber-communique-du-procureur","status":"publish","type":"post","link":"https:\/\/reveil-info.net\/?p=50935","title":{"rendered":"Situation au mali: des t\u00eates commencent \u00e0 Tomber &#8211; Communiqu\u00e9 du procureur"},"content":{"rendered":"<p>Mali : Attaques terroristes du 25 avril, le Procureur de la R\u00e9publique ouvre une enqu\u00eate<\/p>\n<p>Suite aux attaques terroristes du 25 avril 2026 au Mali, visant des positions des Forces Arm\u00e9es et de S\u00e9curit\u00e9, dont le domicile du Ministre de la D\u00e9fense, le Procureur de la R\u00e9publique pr\u00e8s le Tribunal Militaire de Bamako a annonc\u00e9 l\u2019ouverture d\u2019une enqu\u00eate.<\/p>\n<p>Cette enqu\u00eate a permis de r\u00e9v\u00e9ler la complicit\u00e9 de certains militaires, radi\u00e9s ou en instance de radiation, ainsi que d\u2019hommes politiques, dont le Docteur Oumar Mariko, dans la planification et l\u2019ex\u00e9cution de ces attaques. Alassane Diallo dit Abedi, un militaire radi\u00e9 tu\u00e9 \u00e0 Kati, a \u00e9t\u00e9 identifi\u00e9 comme participant aux \u00e9v\u00e9nements.<\/p>\n<p>D\u2019autres militaires, qu\u2019ils soient en activit\u00e9 ou \u00e0 la retraite, sont \u00e9galement pr\u00e9sum\u00e9s impliqu\u00e9s : le Sergent Diakaridia Sodio, l\u2019Adjudant Moussa Diane, l\u2019Adjudant-Chef Mamadou Keita et So\u00efba Diarra.<\/p>\n<p>Des interpellations ont d\u00e9j\u00e0 eu lieu et les recherches se poursuivent activement.<\/p>\n<p>Le Procureur a tenu \u00e0 f\u00e9liciter les enqu\u00eateurs et les services de s\u00e9curit\u00e9 pour leur travail et a assur\u00e9 que l\u2019enqu\u00eate se d\u00e9roulerait dans le strict respect de la r\u00e8glementation en vigueur<\/p>\n<p><a href=\"https:\/\/reveil-info.net\/?attachment_id=50937\" rel=\"attachment wp-att-50937\"><img loading=\"lazy\" decoding=\"async\" class=\"aligncenter size-full wp-image-50937\" src=\"https:\/\/reveil-info.net\/wp-content\/uploads\/2026\/05\/1777672810617.jpg\" alt=\"\" width=\"720\" height=\"1008\" srcset=\"https:\/\/reveil-info.net\/wp-content\/uploads\/2026\/05\/1777672810617.jpg 720w, https:\/\/reveil-info.net\/wp-content\/uploads\/2026\/05\/1777672810617-214x300.jpg 214w\" sizes=\"auto, (max-width: 720px) 100vw, 720px\" \/><\/a><\/p>\n","protected":false},"excerpt":{"rendered":"<p>Mali : Attaques terroristes du 25 avril, le Procureur de la R\u00e9publique ouvre une enqu\u00eate<\/p>\n","protected":false},"author":1,"featured_media":0,"comment_status":"open","ping_status":"open","sticky":false,"template":"","format":"standard","meta":{"footnotes":""},"categories":[2,47],"tags":[],"class_list":["post-50935","post","type-post","status-publish","format-standard","hentry","category-actu","category-aes"],"yoast_head":"<!-- This site is optimized with the Yoast SEO plugin v27.5 - https:\/\/yoast.com\/product\/yoast-seo-wordpress\/ -->\n<title>Situation au mali: des t\u00eates commencent \u00e0 Tomber - Communiqu\u00e9 du procureur - R\u00e9veil Info<\/title>\n<meta name=\"robots\" content=\"noindex, follow, max-snippet:-1, max-image-preview:large, max-video-preview:-1\" \/>\n<meta property=\"og:locale\" content=\"fr_FR\" \/>\n<meta property=\"og:type\" content=\"article\" \/>\n<meta property=\"og:title\" content=\"Situation au mali: des t\u00eates commencent \u00e0 Tomber - Communiqu\u00e9 du procureur - R\u00e9veil Info\" \/>\n<meta property=\"og:description\" content=\"Mali : Attaques terroristes du 25 avril, le Procureur de la R\u00e9publique ouvre une enqu\u00eate\" \/>\n<meta property=\"og:url\" content=\"https:\/\/reveil-info.net\/?p=50935\" \/>\n<meta property=\"og:site_name\" content=\"R\u00e9veil Info\" \/>\n<meta property=\"article:published_time\" content=\"2026-05-01T22:03:20+00:00\" \/>\n<meta property=\"og:image\" content=\"https:\/\/reveil-info.net\/wp-content\/uploads\/2026\/05\/1777672810617.jpg\" \/>\n\t<meta property=\"og:image:width\" content=\"720\" \/>\n\t<meta property=\"og:image:height\" content=\"1008\" \/>\n\t<meta property=\"og:image:type\" content=\"image\/jpeg\" \/>\n<meta name=\"author\" content=\"R\u00e9veil info\" \/>\n<meta name=\"twitter:card\" content=\"summary_large_image\" \/>\n<meta name=\"twitter:label1\" content=\"\u00c9crit par\" \/>\n\t<meta name=\"twitter:data1\" content=\"R\u00e9veil info\" \/>\n\t<meta name=\"twitter:label2\" content=\"Dur\u00e9e de lecture estim\u00e9e\" \/>\n\t<meta name=\"twitter:data2\" content=\"2 minutes\" \/>\n<script type=\"application\/ld+json\" class=\"yoast-schema-graph\">{\"@context\":\"https:\\\/\\\/schema.org\",\"@graph\":[{\"@type\":\"Article\",\"@id\":\"https:\\\/\\\/reveil-info.net\\\/?p=50935#article\",\"isPartOf\":{\"@id\":\"https:\\\/\\\/reveil-info.net\\\/?p=50935\"},\"author\":{\"name\":\"R\u00e9veil info\",\"@id\":\"https:\\\/\\\/reveil-info.net\\\/#\\\/schema\\\/person\\\/ca0cc8e70088e0a2b5e92556c1ee60f5\"},\"headline\":\"Situation au mali: des t\u00eates commencent \u00e0 Tomber &#8211; Communiqu\u00e9 du procureur\",\"datePublished\":\"2026-05-01T22:03:20+00:00\",\"mainEntityOfPage\":{\"@id\":\"https:\\\/\\\/reveil-info.net\\\/?p=50935\"},\"wordCount\":219,\"commentCount\":0,\"publisher\":{\"@id\":\"https:\\\/\\\/reveil-info.net\\\/#organization\"},\"image\":{\"@id\":\"https:\\\/\\\/reveil-info.net\\\/?p=50935#primaryimage\"},\"thumbnailUrl\":\"https:\\\/\\\/reveil-info.net\\\/wp-content\\\/uploads\\\/2026\\\/05\\\/1777672810617.jpg\",\"articleSection\":[\"Actualit\u00e9\",\"AES\"],\"inLanguage\":\"fr-FR\",\"potentialAction\":[{\"@type\":\"CommentAction\",\"name\":\"Comment\",\"target\":[\"https:\\\/\\\/reveil-info.net\\\/?p=50935#respond\"]}]},{\"@type\":\"WebPage\",\"@id\":\"https:\\\/\\\/reveil-info.net\\\/?p=50935\",\"url\":\"https:\\\/\\\/reveil-info.net\\\/?p=50935\",\"name\":\"Situation au mali: des t\u00eates commencent \u00e0 Tomber - Communiqu\u00e9 du procureur - R\u00e9veil Info\",\"isPartOf\":{\"@id\":\"https:\\\/\\\/reveil-info.net\\\/#website\"},\"primaryImageOfPage\":{\"@id\":\"https:\\\/\\\/reveil-info.net\\\/?p=50935#primaryimage\"},\"image\":{\"@id\":\"https:\\\/\\\/reveil-info.net\\\/?p=50935#primaryimage\"},\"thumbnailUrl\":\"https:\\\/\\\/reveil-info.net\\\/wp-content\\\/uploads\\\/2026\\\/05\\\/1777672810617.jpg\",\"datePublished\":\"2026-05-01T22:03:20+00:00\",\"breadcrumb\":{\"@id\":\"https:\\\/\\\/reveil-info.net\\\/?p=50935#breadcrumb\"},\"inLanguage\":\"fr-FR\",\"potentialAction\":[{\"@type\":\"ReadAction\",\"target\":[\"https:\\\/\\\/reveil-info.net\\\/?p=50935\"]}]},{\"@type\":\"ImageObject\",\"inLanguage\":\"fr-FR\",\"@id\":\"https:\\\/\\\/reveil-info.net\\\/?p=50935#primaryimage\",\"url\":\"https:\\\/\\\/reveil-info.net\\\/wp-content\\\/uploads\\\/2026\\\/05\\\/1777672810617.jpg\",\"contentUrl\":\"https:\\\/\\\/reveil-info.net\\\/wp-content\\\/uploads\\\/2026\\\/05\\\/1777672810617.jpg\",\"width\":720,\"height\":1008},{\"@type\":\"BreadcrumbList\",\"@id\":\"https:\\\/\\\/reveil-info.net\\\/?p=50935#breadcrumb\",\"itemListElement\":[{\"@type\":\"ListItem\",\"position\":1,\"name\":\"Home\",\"item\":\"https:\\\/\\\/reveil-info.net\\\/\"},{\"@type\":\"ListItem\",\"position\":2,\"name\":\"Situation au mali: des t\u00eates commencent \u00e0 Tomber &#8211; Communiqu\u00e9 du procureur\"}]},{\"@type\":\"WebSite\",\"@id\":\"https:\\\/\\\/reveil-info.net\\\/#website\",\"url\":\"https:\\\/\\\/reveil-info.net\\\/\",\"name\":\"R\u00e9veil Info\",\"description\":\"Le devoir d&#039;informer!\",\"publisher\":{\"@id\":\"https:\\\/\\\/reveil-info.net\\\/#organization\"},\"potentialAction\":[{\"@type\":\"SearchAction\",\"target\":{\"@type\":\"EntryPoint\",\"urlTemplate\":\"https:\\\/\\\/reveil-info.net\\\/?s={search_term_string}\"},\"query-input\":{\"@type\":\"PropertyValueSpecification\",\"valueRequired\":true,\"valueName\":\"search_term_string\"}}],\"inLanguage\":\"fr-FR\"},{\"@type\":\"Organization\",\"@id\":\"https:\\\/\\\/reveil-info.net\\\/#organization\",\"name\":\"R\u00e9veil Info\",\"url\":\"https:\\\/\\\/reveil-info.net\\\/\",\"logo\":{\"@type\":\"ImageObject\",\"inLanguage\":\"fr-FR\",\"@id\":\"https:\\\/\\\/reveil-info.net\\\/#\\\/schema\\\/logo\\\/image\\\/\",\"url\":\"https:\\\/\\\/reveil-info.net\\\/wp-content\\\/uploads\\\/2024\\\/07\\\/bnddd1.jpg\",\"contentUrl\":\"https:\\\/\\\/reveil-info.net\\\/wp-content\\\/uploads\\\/2024\\\/07\\\/bnddd1.jpg\",\"width\":903,\"height\":125,\"caption\":\"R\u00e9veil Info\"},\"image\":{\"@id\":\"https:\\\/\\\/reveil-info.net\\\/#\\\/schema\\\/logo\\\/image\\\/\"}},{\"@type\":\"Person\",\"@id\":\"https:\\\/\\\/reveil-info.net\\\/#\\\/schema\\\/person\\\/ca0cc8e70088e0a2b5e92556c1ee60f5\",\"name\":\"R\u00e9veil info\",\"image\":{\"@type\":\"ImageObject\",\"inLanguage\":\"fr-FR\",\"@id\":\"https:\\\/\\\/secure.gravatar.com\\\/avatar\\\/e4ad5bb743c8b6cb174d9df6c7d30a8a16f6889731241345fc6444e6485f02af?s=96&d=mm&r=g\",\"url\":\"https:\\\/\\\/secure.gravatar.com\\\/avatar\\\/e4ad5bb743c8b6cb174d9df6c7d30a8a16f6889731241345fc6444e6485f02af?s=96&d=mm&r=g\",\"contentUrl\":\"https:\\\/\\\/secure.gravatar.com\\\/avatar\\\/e4ad5bb743c8b6cb174d9df6c7d30a8a16f6889731241345fc6444e6485f02af?s=96&d=mm&r=g\",\"caption\":\"R\u00e9veil info\"},\"sameAs\":[\"https:\\\/\\\/reveil-info.net\"],\"url\":\"https:\\\/\\\/reveil-info.net\\\/?author=1\"}]}<\/script>\n<!-- \/ Yoast SEO plugin. -->","yoast_head_json":{"title":"Situation au mali: des t\u00eates commencent \u00e0 Tomber - Communiqu\u00e9 du procureur - R\u00e9veil Info","robots":{"index":"noindex","follow":"follow","max-snippet":"max-snippet:-1","max-image-preview":"max-image-preview:large","max-video-preview":"max-video-preview:-1"},"og_locale":"fr_FR","og_type":"article","og_title":"Situation au mali: des t\u00eates commencent \u00e0 Tomber - Communiqu\u00e9 du procureur - R\u00e9veil Info","og_description":"Mali : Attaques terroristes du 25 avril, le Procureur de la R\u00e9publique ouvre une enqu\u00eate","og_url":"https:\/\/reveil-info.net\/?p=50935","og_site_name":"R\u00e9veil Info","article_published_time":"2026-05-01T22:03:20+00:00","og_image":[{"width":720,"height":1008,"url":"https:\/\/reveil-info.net\/wp-content\/uploads\/2026\/05\/1777672810617.jpg","type":"image\/jpeg"}],"author":"R\u00e9veil info","twitter_card":"summary_large_image","twitter_misc":{"\u00c9crit par":"R\u00e9veil info","Dur\u00e9e de lecture estim\u00e9e":"2 minutes"},"schema":{"@context":"https:\/\/schema.org","@graph":[{"@type":"Article","@id":"https:\/\/reveil-info.net\/?p=50935#article","isPartOf":{"@id":"https:\/\/reveil-info.net\/?p=50935"},"author":{"name":"R\u00e9veil info","@id":"https:\/\/reveil-info.net\/#\/schema\/person\/ca0cc8e70088e0a2b5e92556c1ee60f5"},"headline":"Situation au mali: des t\u00eates commencent \u00e0 Tomber &#8211; Communiqu\u00e9 du procureur","datePublished":"2026-05-01T22:03:20+00:00","mainEntityOfPage":{"@id":"https:\/\/reveil-info.net\/?p=50935"},"wordCount":219,"commentCount":0,"publisher":{"@id":"https:\/\/reveil-info.net\/#organization"},"image":{"@id":"https:\/\/reveil-info.net\/?p=50935#primaryimage"},"thumbnailUrl":"https:\/\/reveil-info.net\/wp-content\/uploads\/2026\/05\/1777672810617.jpg","articleSection":["Actualit\u00e9","AES"],"inLanguage":"fr-FR","potentialAction":[{"@type":"CommentAction","name":"Comment","target":["https:\/\/reveil-info.net\/?p=50935#respond"]}]},{"@type":"WebPage","@id":"https:\/\/reveil-info.net\/?p=50935","url":"https:\/\/reveil-info.net\/?p=50935","name":"Situation au mali: des t\u00eates commencent \u00e0 Tomber - Communiqu\u00e9 du procureur - R\u00e9veil Info","isPartOf":{"@id":"https:\/\/reveil-info.net\/#website"},"primaryImageOfPage":{"@id":"https:\/\/reveil-info.net\/?p=50935#primaryimage"},"image":{"@id":"https:\/\/reveil-info.net\/?p=50935#primaryimage"},"thumbnailUrl":"https:\/\/reveil-info.net\/wp-content\/uploads\/2026\/05\/1777672810617.jpg","datePublished":"2026-05-01T22:03:20+00:00","breadcrumb":{"@id":"https:\/\/reveil-info.net\/?p=50935#breadcrumb"},"inLanguage":"fr-FR","potentialAction":[{"@type":"ReadAction","target":["https:\/\/reveil-info.net\/?p=50935"]}]},{"@type":"ImageObject","inLanguage":"fr-FR","@id":"https:\/\/reveil-info.net\/?p=50935#primaryimage","url":"https:\/\/reveil-info.net\/wp-content\/uploads\/2026\/05\/1777672810617.jpg","contentUrl":"https:\/\/reveil-info.net\/wp-content\/uploads\/2026\/05\/1777672810617.jpg","width":720,"height":1008},{"@type":"BreadcrumbList","@id":"https:\/\/reveil-info.net\/?p=50935#breadcrumb","itemListElement":[{"@type":"ListItem","position":1,"name":"Home","item":"https:\/\/reveil-info.net\/"},{"@type":"ListItem","position":2,"name":"Situation au mali: des t\u00eates commencent \u00e0 Tomber &#8211; Communiqu\u00e9 du procureur"}]},{"@type":"WebSite","@id":"https:\/\/reveil-info.net\/#website","url":"https:\/\/reveil-info.net\/","name":"R\u00e9veil Info","description":"Le devoir d&#039;informer!","publisher":{"@id":"https:\/\/reveil-info.net\/#organization"},"potentialAction":[{"@type":"SearchAction","target":{"@type":"EntryPoint","urlTemplate":"https:\/\/reveil-info.net\/?s={search_term_string}"},"query-input":{"@type":"PropertyValueSpecification","valueRequired":true,"valueName":"search_term_string"}}],"inLanguage":"fr-FR"},{"@type":"Organization","@id":"https:\/\/reveil-info.net\/#organization","name":"R\u00e9veil Info","url":"https:\/\/reveil-info.net\/","logo":{"@type":"ImageObject","inLanguage":"fr-FR","@id":"https:\/\/reveil-info.net\/#\/schema\/logo\/image\/","url":"https:\/\/reveil-info.net\/wp-content\/uploads\/2024\/07\/bnddd1.jpg","contentUrl":"https:\/\/reveil-info.net\/wp-content\/uploads\/2024\/07\/bnddd1.jpg","width":903,"height":125,"caption":"R\u00e9veil Info"},"image":{"@id":"https:\/\/reveil-info.net\/#\/schema\/logo\/image\/"}},{"@type":"Person","@id":"https:\/\/reveil-info.net\/#\/schema\/person\/ca0cc8e70088e0a2b5e92556c1ee60f5","name":"R\u00e9veil info","image":{"@type":"ImageObject","inLanguage":"fr-FR","@id":"https:\/\/secure.gravatar.com\/avatar\/e4ad5bb743c8b6cb174d9df6c7d30a8a16f6889731241345fc6444e6485f02af?s=96&d=mm&r=g","url":"https:\/\/secure.gravatar.com\/avatar\/e4ad5bb743c8b6cb174d9df6c7d30a8a16f6889731241345fc6444e6485f02af?s=96&d=mm&r=g","contentUrl":"https:\/\/secure.gravatar.com\/avatar\/e4ad5bb743c8b6cb174d9df6c7d30a8a16f6889731241345fc6444e6485f02af?s=96&d=mm&r=g","caption":"R\u00e9veil info"},"sameAs":["https:\/\/reveil-info.net"],"url":"https:\/\/reveil-info.net\/?author=1"}]}},"jetpack_featured_media_url":"","featured_image_urls":{"full":"","thumbnail":"","medium":"","medium_large":"","large":"","1536x1536":"","2048x2048":"","chromenews-featured":"","chromenews-large":"","chromenews-medium":""},"author_info":{"display_name":"R\u00e9veil info","author_link":"https:\/\/reveil-info.net\/?author=1"},"category_info":"<a href=\"https:\/\/reveil-info.net\/?cat=2\" rel=\"category\">Actualit\u00e9<\/a> <a href=\"https:\/\/reveil-info.net\/?cat=47\" rel=\"category\">AES<\/a>","tag_info":"AES","comment_count":"0","_links":{"self":[{"href":"https:\/\/reveil-info.net\/index.php?rest_route=\/wp\/v2\/posts\/50935","targetHints":{"allow":["GET"]}}],"collection":[{"href":"https:\/\/reveil-info.net\/index.php?rest_route=\/wp\/v2\/posts"}],"about":[{"href":"https:\/\/reveil-info.net\/index.php?rest_route=\/wp\/v2\/types\/post"}],"author":[{"embeddable":true,"href":"https:\/\/reveil-info.net\/index.php?rest_route=\/wp\/v2\/users\/1"}],"replies":[{"embeddable":true,"href":"https:\/\/reveil-info.net\/index.php?rest_route=%2Fwp%2Fv2%2Fcomments&post=50935"}],"version-history":[{"count":2,"href":"https:\/\/reveil-info.net\/index.php?rest_route=\/wp\/v2\/posts\/50935\/revisions"}],"predecessor-version":[{"id":50938,"href":"https:\/\/reveil-info.net\/index.php?rest_route=\/wp\/v2\/posts\/50935\/revisions\/50938"}],"wp:attachment":[{"href":"https:\/\/reveil-info.net\/index.php?rest_route=%2Fwp%2Fv2%2Fmedia&parent=50935"}],"wp:term":[{"taxonomy":"category","embeddable":true,"href":"https:\/\/reveil-info.net\/index.php?rest_route=%2Fwp%2Fv2%2Fcategories&post=50935"},{"taxonomy":"post_tag","embeddable":true,"href":"https:\/\/reveil-info.net\/index.php?rest_route=%2Fwp%2Fv2%2Ftags&post=50935"}],"curies":[{"name":"wp","href":"https:\/\/api.w.org\/{rel}","templated":true}]}}