{"id":50908,"date":"2026-05-01T17:53:39","date_gmt":"2026-05-01T17:53:39","guid":{"rendered":"https:\/\/reveil-info.net\/?p=50908"},"modified":"2026-05-01T17:53:39","modified_gmt":"2026-05-01T17:53:39","slug":"lu-pour-vous-libre-opinion-sahel-les-2-communicants-des-terroristes","status":"publish","type":"post","link":"https:\/\/reveil-info.net\/?p=50908","title":{"rendered":"Lu pour vous-Libre Opinion-Sahel: les 2 communicants des terroristes"},"content":{"rendered":"<p>\ud835\udde6\ud835\uddee\ud835\uddf5\ud835\uddf2\ud835\uddf9: \ud835\udddf\ud835\uddf2\ud835\ude00 \ud835\uddf1\ud835\uddf2\ud835\ude02\ud835\ude05 \ud835\uddfd\ud835\uddff\ud835\uddf6\ud835\uddfb\ud835\uddf0\ud835\uddf6\ud835\uddfd\ud835\uddee\ud835\ude02\ud835\ude05 \ud835\uddf0\ud835\uddfc\ud835\uddfa\ud835\uddfa\ud835\ude02\ud835\uddfb\ud835\uddf6\ud835\uddf0\ud835\uddee\ud835\uddfb\ud835\ude01\ud835\ude00, \ud835\uddfa\ud835\uddf6\ud835\uddf2\ud835\ude02\ud835\ude05 \ud835\uddf9\ud835\uddf2\ud835\ude00 \ud835\uddfd\ud835\uddfc\ud835\uddff\ud835\ude01\ud835\uddf2-\ud835\ude03\ud835\uddfc\ud835\uddf6\ud835\ude05 \ud835\uddf1\ud835\uddf2\ud835\ude00 \ud835\ude01\ud835\uddf2\ud835\uddff\ud835\uddff\ud835\uddfc\ud835\uddff\ud835\uddf6\ud835\ude00\ud835\ude01\ud835\uddf2\ud835\ude00<\/p>\n<p><a href=\"https:\/\/reveil-info.net\/?attachment_id=50911\" rel=\"attachment wp-att-50911\"><img loading=\"lazy\" decoding=\"async\" class=\"aligncenter size-full wp-image-50911\" src=\"https:\/\/reveil-info.net\/wp-content\/uploads\/2026\/05\/IMG-20260501-WA0027.jpg\" alt=\"\" width=\"554\" height=\"554\" srcset=\"https:\/\/reveil-info.net\/wp-content\/uploads\/2026\/05\/IMG-20260501-WA0027.jpg 554w, https:\/\/reveil-info.net\/wp-content\/uploads\/2026\/05\/IMG-20260501-WA0027-300x300.jpg 300w, https:\/\/reveil-info.net\/wp-content\/uploads\/2026\/05\/IMG-20260501-WA0027-150x150.jpg 150w\" sizes=\"auto, (max-width: 554px) 100vw, 554px\" \/><\/a><\/p>\n<p>\ud835\udde6\ud835\uddf2\ud835\uddff\ud835\uddf4\ud835\uddf2 \ud835\uddd7\ud835\uddee\ud835\uddfb\ud835\uddf6\ud835\uddf2\ud835\uddf9 \ud835\uddda\ud835\uddd5\ud835\udde2\ud835\uddda\ud835\uddd5\ud835\udde2\ud835\udddb\ud835\udde2\ud835\udde8\ud835\udde1\ud835\uddd7\ud835\uddd4\ud835\uddd7\ud835\uddd4<\/p>\n<p>Le n\u00e8*gre de salon, renvoy\u00e9 de Bamako comme correspondant RFI, France24, AFP il s\u2019est \u00e9tabli \u00e0 Dakar au S\u00e9n\u00e9gal d\u2019o\u00f9 il poursuit ses funestes desseins. Jamais il n\u2019a fait un reportage ou donn\u00e9 des infos v\u00e9rifiables et v\u00e9rifi\u00e9es en faveur des autorit\u00e9s l\u00e9gales des pays de l\u2019Alliance des \u00c9tats du Sahel. Au contraire il peint tout tableau en noir comme si avec la mont\u00e9e en puissance militaire du Burkina, du Mali et du Niger ces \u00c9tats n\u2019ont jamais engrang\u00e9 ne serait-ce qu\u2019une petite victoire sur les voyous terroristes. On dirait qu\u2019il lit dans une boule de Crystal pour anticiper sur ce que les terroristes envisagent de faire et les r\u00e9sultats escompt\u00e9s.<\/p>\n<p>\ud835\uddea\ud835\uddee\ud835\ude00\ud835\ude00\ud835\uddf6\ud835\uddfa \ud835\udde1\ud835\uddd4\ud835\udde6\ud835\udde6\ud835\udde5<\/p>\n<p><a href=\"https:\/\/reveil-info.net\/?attachment_id=50912\" rel=\"attachment wp-att-50912\"><img loading=\"lazy\" decoding=\"async\" class=\"aligncenter size-full wp-image-50912\" src=\"https:\/\/reveil-info.net\/wp-content\/uploads\/2026\/05\/1777654134120.jpg\" alt=\"\" width=\"720\" height=\"736\" srcset=\"https:\/\/reveil-info.net\/wp-content\/uploads\/2026\/05\/1777654134120.jpg 720w, https:\/\/reveil-info.net\/wp-content\/uploads\/2026\/05\/1777654134120-293x300.jpg 293w\" sizes=\"auto, (max-width: 720px) 100vw, 720px\" \/><\/a><\/p>\n<p>Le faux sp\u00e9cialiste des terroristes sur les m\u00e9dias mainstream. Beaucoup ne le savent peut-\u00eatre pas mais il est aussi membre de la fameuse ONG Human Rights Watch qui pond des rapports d\u00e9nu\u00e9s de tout fondement contre des pays qui ne se plient pas aux ordres des puissances exog\u00e8nes. Le plus gros contributeur et financier de cette ONG est George Soros un faux philanthrope dont le r\u00eave est de renverser les r\u00e9gimes et de fa\u00e7onner le monde selon ses mod\u00e8les.<\/p>\n<p>La composition et le conseil d\u2019administration de Human Rights Watch en dit long sur la nature des rapports\/pays qu\u2019elle propage pour d\u00e9stabiliser les pouvoirs non complaisants. \u00c0 la t\u00eate de la direction ex\u00e9cutive se trouve un certain Philippe Bolopion pass\u00e9 par RFI (tient tient) !!! On trouve \u00e9galement dans cette n\u00e9buleuse Gina Maya et une soi-disant sp\u00e9cialiste du Sahel Ilaria Allegrozzi. Leur point commun ? Ils sont dans les bureaux feutr\u00e9s en Occident et principalement \u00e0 Paris, ne vont jamais sur le terrain mais connaissent tout de tous les pays dont ils parlent avec des contre-v\u00e9rit\u00e9s.<\/p>\n<p>Les fameux sp\u00e9cialistes sont en r\u00e9alit\u00e9 des hommes et femmes en mission pour d\u00e9stabiliser nos pays. Et leurs meilleurs amis restent les terroristes qui agissent dans le Sahel.<\/p>\n<p>Anani Sossou<\/p>\n<p>Reveil-info<\/p>\n","protected":false},"excerpt":{"rendered":"<p>\ud835\udde6\ud835\uddee\ud835\uddf5\ud835\uddf2\ud835\uddf9: \ud835\udddf\ud835\uddf2\ud835\ude00 \ud835\uddf1\ud835\uddf2\ud835\ude02\ud835\ude05 \ud835\uddfd\ud835\uddff\ud835\uddf6\ud835\uddfb\ud835\uddf0\ud835\uddf6\ud835\uddfd\ud835\uddee\ud835\ude02\ud835\ude05 \ud835\uddf0\ud835\uddfc\ud835\uddfa\ud835\uddfa\ud835\ude02\ud835\uddfb\ud835\uddf6\ud835\uddf0\ud835\uddee\ud835\uddfb\ud835\ude01\ud835\ude00, \ud835\uddfa\ud835\uddf6\ud835\uddf2\ud835\ude02\ud835\ude05 \ud835\uddf9\ud835\uddf2\ud835\ude00 \ud835\uddfd\ud835\uddfc\ud835\uddff\ud835\ude01\ud835\uddf2-\ud835\ude03\ud835\uddfc\ud835\uddf6\ud835\ude05 \ud835\uddf1\ud835\uddf2\ud835\ude00 \ud835\ude01\ud835\uddf2\ud835\uddff\ud835\uddff\ud835\uddfc\ud835\uddff\ud835\uddf6\ud835\ude00\ud835\ude01\ud835\uddf2\ud835\ude00 \ud835\udde6\ud835\uddf2\ud835\uddff\ud835\uddf4\ud835\uddf2 \ud835\uddd7\ud835\uddee\ud835\uddfb\ud835\uddf6\ud835\uddf2\ud835\uddf9 \ud835\uddda\ud835\uddd5\ud835\udde2\ud835\uddda\ud835\uddd5\ud835\udde2\ud835\udddb\ud835\udde2\ud835\udde8\ud835\udde1\ud835\uddd7\ud835\uddd4\ud835\uddd7\ud835\uddd4 Le n\u00e8*gre<\/p>\n","protected":false},"author":1,"featured_media":0,"comment_status":"open","ping_status":"open","sticky":false,"template":"","format":"standard","meta":{"footnotes":""},"categories":[2,47],"tags":[],"class_list":["post-50908","post","type-post","status-publish","format-standard","hentry","category-actu","category-aes"],"yoast_head":"<!-- This site is optimized with the Yoast SEO plugin v27.5 - https:\/\/yoast.com\/product\/yoast-seo-wordpress\/ -->\n<title>Lu pour vous-Libre Opinion-Sahel: les 2 communicants des terroristes - R\u00e9veil Info<\/title>\n<meta name=\"robots\" content=\"noindex, follow, max-snippet:-1, max-image-preview:large, max-video-preview:-1\" \/>\n<meta property=\"og:locale\" content=\"fr_FR\" \/>\n<meta property=\"og:type\" content=\"article\" \/>\n<meta property=\"og:title\" content=\"Lu pour vous-Libre Opinion-Sahel: les 2 communicants des terroristes - R\u00e9veil Info\" \/>\n<meta property=\"og:description\" content=\"\ud835\udde6\ud835\uddee\ud835\uddf5\ud835\uddf2\ud835\uddf9: \ud835\udddf\ud835\uddf2\ud835\ude00 \ud835\uddf1\ud835\uddf2\ud835\ude02\ud835\ude05 \ud835\uddfd\ud835\uddff\ud835\uddf6\ud835\uddfb\ud835\uddf0\ud835\uddf6\ud835\uddfd\ud835\uddee\ud835\ude02\ud835\ude05 \ud835\uddf0\ud835\uddfc\ud835\uddfa\ud835\uddfa\ud835\ude02\ud835\uddfb\ud835\uddf6\ud835\uddf0\ud835\uddee\ud835\uddfb\ud835\ude01\ud835\ude00, \ud835\uddfa\ud835\uddf6\ud835\uddf2\ud835\ude02\ud835\ude05 \ud835\uddf9\ud835\uddf2\ud835\ude00 \ud835\uddfd\ud835\uddfc\ud835\uddff\ud835\ude01\ud835\uddf2-\ud835\ude03\ud835\uddfc\ud835\uddf6\ud835\ude05 \ud835\uddf1\ud835\uddf2\ud835\ude00 \ud835\ude01\ud835\uddf2\ud835\uddff\ud835\uddff\ud835\uddfc\ud835\uddff\ud835\uddf6\ud835\ude00\ud835\ude01\ud835\uddf2\ud835\ude00 \ud835\udde6\ud835\uddf2\ud835\uddff\ud835\uddf4\ud835\uddf2 \ud835\uddd7\ud835\uddee\ud835\uddfb\ud835\uddf6\ud835\uddf2\ud835\uddf9 \ud835\uddda\ud835\uddd5\ud835\udde2\ud835\uddda\ud835\uddd5\ud835\udde2\ud835\udddb\ud835\udde2\ud835\udde8\ud835\udde1\ud835\uddd7\ud835\uddd4\ud835\uddd7\ud835\uddd4 Le n\u00e8*gre\" \/>\n<meta property=\"og:url\" content=\"https:\/\/reveil-info.net\/?p=50908\" \/>\n<meta property=\"og:site_name\" content=\"R\u00e9veil Info\" \/>\n<meta property=\"article:published_time\" content=\"2026-05-01T17:53:39+00:00\" \/>\n<meta property=\"og:image\" content=\"https:\/\/reveil-info.net\/wp-content\/uploads\/2026\/05\/IMG-20260501-WA0027.jpg\" \/>\n\t<meta property=\"og:image:width\" content=\"554\" \/>\n\t<meta property=\"og:image:height\" content=\"554\" \/>\n\t<meta property=\"og:image:type\" content=\"image\/jpeg\" \/>\n<meta name=\"author\" content=\"R\u00e9veil info\" \/>\n<meta name=\"twitter:card\" content=\"summary_large_image\" \/>\n<meta name=\"twitter:label1\" content=\"\u00c9crit par\" \/>\n\t<meta name=\"twitter:data1\" content=\"R\u00e9veil info\" \/>\n\t<meta name=\"twitter:label2\" content=\"Dur\u00e9e de lecture estim\u00e9e\" \/>\n\t<meta name=\"twitter:data2\" content=\"3 minutes\" \/>\n<script type=\"application\/ld+json\" class=\"yoast-schema-graph\">{\"@context\":\"https:\\\/\\\/schema.org\",\"@graph\":[{\"@type\":\"Article\",\"@id\":\"https:\\\/\\\/reveil-info.net\\\/?p=50908#article\",\"isPartOf\":{\"@id\":\"https:\\\/\\\/reveil-info.net\\\/?p=50908\"},\"author\":{\"name\":\"R\u00e9veil info\",\"@id\":\"https:\\\/\\\/reveil-info.net\\\/#\\\/schema\\\/person\\\/ca0cc8e70088e0a2b5e92556c1ee60f5\"},\"headline\":\"Lu pour vous-Libre Opinion-Sahel: les 2 communicants des terroristes\",\"datePublished\":\"2026-05-01T17:53:39+00:00\",\"mainEntityOfPage\":{\"@id\":\"https:\\\/\\\/reveil-info.net\\\/?p=50908\"},\"wordCount\":363,\"commentCount\":0,\"publisher\":{\"@id\":\"https:\\\/\\\/reveil-info.net\\\/#organization\"},\"image\":{\"@id\":\"https:\\\/\\\/reveil-info.net\\\/?p=50908#primaryimage\"},\"thumbnailUrl\":\"https:\\\/\\\/reveil-info.net\\\/wp-content\\\/uploads\\\/2026\\\/05\\\/IMG-20260501-WA0027.jpg\",\"articleSection\":[\"Actualit\u00e9\",\"AES\"],\"inLanguage\":\"fr-FR\",\"potentialAction\":[{\"@type\":\"CommentAction\",\"name\":\"Comment\",\"target\":[\"https:\\\/\\\/reveil-info.net\\\/?p=50908#respond\"]}]},{\"@type\":\"WebPage\",\"@id\":\"https:\\\/\\\/reveil-info.net\\\/?p=50908\",\"url\":\"https:\\\/\\\/reveil-info.net\\\/?p=50908\",\"name\":\"Lu pour vous-Libre Opinion-Sahel: les 2 communicants des terroristes - R\u00e9veil Info\",\"isPartOf\":{\"@id\":\"https:\\\/\\\/reveil-info.net\\\/#website\"},\"primaryImageOfPage\":{\"@id\":\"https:\\\/\\\/reveil-info.net\\\/?p=50908#primaryimage\"},\"image\":{\"@id\":\"https:\\\/\\\/reveil-info.net\\\/?p=50908#primaryimage\"},\"thumbnailUrl\":\"https:\\\/\\\/reveil-info.net\\\/wp-content\\\/uploads\\\/2026\\\/05\\\/IMG-20260501-WA0027.jpg\",\"datePublished\":\"2026-05-01T17:53:39+00:00\",\"breadcrumb\":{\"@id\":\"https:\\\/\\\/reveil-info.net\\\/?p=50908#breadcrumb\"},\"inLanguage\":\"fr-FR\",\"potentialAction\":[{\"@type\":\"ReadAction\",\"target\":[\"https:\\\/\\\/reveil-info.net\\\/?p=50908\"]}]},{\"@type\":\"ImageObject\",\"inLanguage\":\"fr-FR\",\"@id\":\"https:\\\/\\\/reveil-info.net\\\/?p=50908#primaryimage\",\"url\":\"https:\\\/\\\/reveil-info.net\\\/wp-content\\\/uploads\\\/2026\\\/05\\\/IMG-20260501-WA0027.jpg\",\"contentUrl\":\"https:\\\/\\\/reveil-info.net\\\/wp-content\\\/uploads\\\/2026\\\/05\\\/IMG-20260501-WA0027.jpg\",\"width\":554,\"height\":554},{\"@type\":\"BreadcrumbList\",\"@id\":\"https:\\\/\\\/reveil-info.net\\\/?p=50908#breadcrumb\",\"itemListElement\":[{\"@type\":\"ListItem\",\"position\":1,\"name\":\"Home\",\"item\":\"https:\\\/\\\/reveil-info.net\\\/\"},{\"@type\":\"ListItem\",\"position\":2,\"name\":\"Lu pour vous-Libre Opinion-Sahel: les 2 communicants des terroristes\"}]},{\"@type\":\"WebSite\",\"@id\":\"https:\\\/\\\/reveil-info.net\\\/#website\",\"url\":\"https:\\\/\\\/reveil-info.net\\\/\",\"name\":\"R\u00e9veil Info\",\"description\":\"Le devoir d&#039;informer!\",\"publisher\":{\"@id\":\"https:\\\/\\\/reveil-info.net\\\/#organization\"},\"potentialAction\":[{\"@type\":\"SearchAction\",\"target\":{\"@type\":\"EntryPoint\",\"urlTemplate\":\"https:\\\/\\\/reveil-info.net\\\/?s={search_term_string}\"},\"query-input\":{\"@type\":\"PropertyValueSpecification\",\"valueRequired\":true,\"valueName\":\"search_term_string\"}}],\"inLanguage\":\"fr-FR\"},{\"@type\":\"Organization\",\"@id\":\"https:\\\/\\\/reveil-info.net\\\/#organization\",\"name\":\"R\u00e9veil Info\",\"url\":\"https:\\\/\\\/reveil-info.net\\\/\",\"logo\":{\"@type\":\"ImageObject\",\"inLanguage\":\"fr-FR\",\"@id\":\"https:\\\/\\\/reveil-info.net\\\/#\\\/schema\\\/logo\\\/image\\\/\",\"url\":\"https:\\\/\\\/reveil-info.net\\\/wp-content\\\/uploads\\\/2024\\\/07\\\/bnddd1.jpg\",\"contentUrl\":\"https:\\\/\\\/reveil-info.net\\\/wp-content\\\/uploads\\\/2024\\\/07\\\/bnddd1.jpg\",\"width\":903,\"height\":125,\"caption\":\"R\u00e9veil Info\"},\"image\":{\"@id\":\"https:\\\/\\\/reveil-info.net\\\/#\\\/schema\\\/logo\\\/image\\\/\"}},{\"@type\":\"Person\",\"@id\":\"https:\\\/\\\/reveil-info.net\\\/#\\\/schema\\\/person\\\/ca0cc8e70088e0a2b5e92556c1ee60f5\",\"name\":\"R\u00e9veil info\",\"image\":{\"@type\":\"ImageObject\",\"inLanguage\":\"fr-FR\",\"@id\":\"https:\\\/\\\/secure.gravatar.com\\\/avatar\\\/e4ad5bb743c8b6cb174d9df6c7d30a8a16f6889731241345fc6444e6485f02af?s=96&d=mm&r=g\",\"url\":\"https:\\\/\\\/secure.gravatar.com\\\/avatar\\\/e4ad5bb743c8b6cb174d9df6c7d30a8a16f6889731241345fc6444e6485f02af?s=96&d=mm&r=g\",\"contentUrl\":\"https:\\\/\\\/secure.gravatar.com\\\/avatar\\\/e4ad5bb743c8b6cb174d9df6c7d30a8a16f6889731241345fc6444e6485f02af?s=96&d=mm&r=g\",\"caption\":\"R\u00e9veil info\"},\"sameAs\":[\"https:\\\/\\\/reveil-info.net\"],\"url\":\"https:\\\/\\\/reveil-info.net\\\/?author=1\"}]}<\/script>\n<!-- \/ Yoast SEO plugin. -->","yoast_head_json":{"title":"Lu pour vous-Libre Opinion-Sahel: les 2 communicants des terroristes - R\u00e9veil Info","robots":{"index":"noindex","follow":"follow","max-snippet":"max-snippet:-1","max-image-preview":"max-image-preview:large","max-video-preview":"max-video-preview:-1"},"og_locale":"fr_FR","og_type":"article","og_title":"Lu pour vous-Libre Opinion-Sahel: les 2 communicants des terroristes - R\u00e9veil Info","og_description":"\ud835\udde6\ud835\uddee\ud835\uddf5\ud835\uddf2\ud835\uddf9: \ud835\udddf\ud835\uddf2\ud835\ude00 \ud835\uddf1\ud835\uddf2\ud835\ude02\ud835\ude05 \ud835\uddfd\ud835\uddff\ud835\uddf6\ud835\uddfb\ud835\uddf0\ud835\uddf6\ud835\uddfd\ud835\uddee\ud835\ude02\ud835\ude05 \ud835\uddf0\ud835\uddfc\ud835\uddfa\ud835\uddfa\ud835\ude02\ud835\uddfb\ud835\uddf6\ud835\uddf0\ud835\uddee\ud835\uddfb\ud835\ude01\ud835\ude00, \ud835\uddfa\ud835\uddf6\ud835\uddf2\ud835\ude02\ud835\ude05 \ud835\uddf9\ud835\uddf2\ud835\ude00 \ud835\uddfd\ud835\uddfc\ud835\uddff\ud835\ude01\ud835\uddf2-\ud835\ude03\ud835\uddfc\ud835\uddf6\ud835\ude05 \ud835\uddf1\ud835\uddf2\ud835\ude00 \ud835\ude01\ud835\uddf2\ud835\uddff\ud835\uddff\ud835\uddfc\ud835\uddff\ud835\uddf6\ud835\ude00\ud835\ude01\ud835\uddf2\ud835\ude00 \ud835\udde6\ud835\uddf2\ud835\uddff\ud835\uddf4\ud835\uddf2 \ud835\uddd7\ud835\uddee\ud835\uddfb\ud835\uddf6\ud835\uddf2\ud835\uddf9 \ud835\uddda\ud835\uddd5\ud835\udde2\ud835\uddda\ud835\uddd5\ud835\udde2\ud835\udddb\ud835\udde2\ud835\udde8\ud835\udde1\ud835\uddd7\ud835\uddd4\ud835\uddd7\ud835\uddd4 Le n\u00e8*gre","og_url":"https:\/\/reveil-info.net\/?p=50908","og_site_name":"R\u00e9veil Info","article_published_time":"2026-05-01T17:53:39+00:00","og_image":[{"width":554,"height":554,"url":"https:\/\/reveil-info.net\/wp-content\/uploads\/2026\/05\/IMG-20260501-WA0027.jpg","type":"image\/jpeg"}],"author":"R\u00e9veil info","twitter_card":"summary_large_image","twitter_misc":{"\u00c9crit par":"R\u00e9veil info","Dur\u00e9e de lecture estim\u00e9e":"3 minutes"},"schema":{"@context":"https:\/\/schema.org","@graph":[{"@type":"Article","@id":"https:\/\/reveil-info.net\/?p=50908#article","isPartOf":{"@id":"https:\/\/reveil-info.net\/?p=50908"},"author":{"name":"R\u00e9veil info","@id":"https:\/\/reveil-info.net\/#\/schema\/person\/ca0cc8e70088e0a2b5e92556c1ee60f5"},"headline":"Lu pour vous-Libre Opinion-Sahel: les 2 communicants des terroristes","datePublished":"2026-05-01T17:53:39+00:00","mainEntityOfPage":{"@id":"https:\/\/reveil-info.net\/?p=50908"},"wordCount":363,"commentCount":0,"publisher":{"@id":"https:\/\/reveil-info.net\/#organization"},"image":{"@id":"https:\/\/reveil-info.net\/?p=50908#primaryimage"},"thumbnailUrl":"https:\/\/reveil-info.net\/wp-content\/uploads\/2026\/05\/IMG-20260501-WA0027.jpg","articleSection":["Actualit\u00e9","AES"],"inLanguage":"fr-FR","potentialAction":[{"@type":"CommentAction","name":"Comment","target":["https:\/\/reveil-info.net\/?p=50908#respond"]}]},{"@type":"WebPage","@id":"https:\/\/reveil-info.net\/?p=50908","url":"https:\/\/reveil-info.net\/?p=50908","name":"Lu pour vous-Libre Opinion-Sahel: les 2 communicants des terroristes - R\u00e9veil Info","isPartOf":{"@id":"https:\/\/reveil-info.net\/#website"},"primaryImageOfPage":{"@id":"https:\/\/reveil-info.net\/?p=50908#primaryimage"},"image":{"@id":"https:\/\/reveil-info.net\/?p=50908#primaryimage"},"thumbnailUrl":"https:\/\/reveil-info.net\/wp-content\/uploads\/2026\/05\/IMG-20260501-WA0027.jpg","datePublished":"2026-05-01T17:53:39+00:00","breadcrumb":{"@id":"https:\/\/reveil-info.net\/?p=50908#breadcrumb"},"inLanguage":"fr-FR","potentialAction":[{"@type":"ReadAction","target":["https:\/\/reveil-info.net\/?p=50908"]}]},{"@type":"ImageObject","inLanguage":"fr-FR","@id":"https:\/\/reveil-info.net\/?p=50908#primaryimage","url":"https:\/\/reveil-info.net\/wp-content\/uploads\/2026\/05\/IMG-20260501-WA0027.jpg","contentUrl":"https:\/\/reveil-info.net\/wp-content\/uploads\/2026\/05\/IMG-20260501-WA0027.jpg","width":554,"height":554},{"@type":"BreadcrumbList","@id":"https:\/\/reveil-info.net\/?p=50908#breadcrumb","itemListElement":[{"@type":"ListItem","position":1,"name":"Home","item":"https:\/\/reveil-info.net\/"},{"@type":"ListItem","position":2,"name":"Lu pour vous-Libre Opinion-Sahel: les 2 communicants des terroristes"}]},{"@type":"WebSite","@id":"https:\/\/reveil-info.net\/#website","url":"https:\/\/reveil-info.net\/","name":"R\u00e9veil Info","description":"Le devoir d&#039;informer!","publisher":{"@id":"https:\/\/reveil-info.net\/#organization"},"potentialAction":[{"@type":"SearchAction","target":{"@type":"EntryPoint","urlTemplate":"https:\/\/reveil-info.net\/?s={search_term_string}"},"query-input":{"@type":"PropertyValueSpecification","valueRequired":true,"valueName":"search_term_string"}}],"inLanguage":"fr-FR"},{"@type":"Organization","@id":"https:\/\/reveil-info.net\/#organization","name":"R\u00e9veil Info","url":"https:\/\/reveil-info.net\/","logo":{"@type":"ImageObject","inLanguage":"fr-FR","@id":"https:\/\/reveil-info.net\/#\/schema\/logo\/image\/","url":"https:\/\/reveil-info.net\/wp-content\/uploads\/2024\/07\/bnddd1.jpg","contentUrl":"https:\/\/reveil-info.net\/wp-content\/uploads\/2024\/07\/bnddd1.jpg","width":903,"height":125,"caption":"R\u00e9veil Info"},"image":{"@id":"https:\/\/reveil-info.net\/#\/schema\/logo\/image\/"}},{"@type":"Person","@id":"https:\/\/reveil-info.net\/#\/schema\/person\/ca0cc8e70088e0a2b5e92556c1ee60f5","name":"R\u00e9veil info","image":{"@type":"ImageObject","inLanguage":"fr-FR","@id":"https:\/\/secure.gravatar.com\/avatar\/e4ad5bb743c8b6cb174d9df6c7d30a8a16f6889731241345fc6444e6485f02af?s=96&d=mm&r=g","url":"https:\/\/secure.gravatar.com\/avatar\/e4ad5bb743c8b6cb174d9df6c7d30a8a16f6889731241345fc6444e6485f02af?s=96&d=mm&r=g","contentUrl":"https:\/\/secure.gravatar.com\/avatar\/e4ad5bb743c8b6cb174d9df6c7d30a8a16f6889731241345fc6444e6485f02af?s=96&d=mm&r=g","caption":"R\u00e9veil info"},"sameAs":["https:\/\/reveil-info.net"],"url":"https:\/\/reveil-info.net\/?author=1"}]}},"jetpack_featured_media_url":"","featured_image_urls":{"full":"","thumbnail":"","medium":"","medium_large":"","large":"","1536x1536":"","2048x2048":"","chromenews-featured":"","chromenews-large":"","chromenews-medium":""},"author_info":{"display_name":"R\u00e9veil info","author_link":"https:\/\/reveil-info.net\/?author=1"},"category_info":"<a href=\"https:\/\/reveil-info.net\/?cat=2\" rel=\"category\">Actualit\u00e9<\/a> <a href=\"https:\/\/reveil-info.net\/?cat=47\" rel=\"category\">AES<\/a>","tag_info":"AES","comment_count":"0","_links":{"self":[{"href":"https:\/\/reveil-info.net\/index.php?rest_route=\/wp\/v2\/posts\/50908","targetHints":{"allow":["GET"]}}],"collection":[{"href":"https:\/\/reveil-info.net\/index.php?rest_route=\/wp\/v2\/posts"}],"about":[{"href":"https:\/\/reveil-info.net\/index.php?rest_route=\/wp\/v2\/types\/post"}],"author":[{"embeddable":true,"href":"https:\/\/reveil-info.net\/index.php?rest_route=\/wp\/v2\/users\/1"}],"replies":[{"embeddable":true,"href":"https:\/\/reveil-info.net\/index.php?rest_route=%2Fwp%2Fv2%2Fcomments&post=50908"}],"version-history":[{"count":4,"href":"https:\/\/reveil-info.net\/index.php?rest_route=\/wp\/v2\/posts\/50908\/revisions"}],"predecessor-version":[{"id":50914,"href":"https:\/\/reveil-info.net\/index.php?rest_route=\/wp\/v2\/posts\/50908\/revisions\/50914"}],"wp:attachment":[{"href":"https:\/\/reveil-info.net\/index.php?rest_route=%2Fwp%2Fv2%2Fmedia&parent=50908"}],"wp:term":[{"taxonomy":"category","embeddable":true,"href":"https:\/\/reveil-info.net\/index.php?rest_route=%2Fwp%2Fv2%2Fcategories&post=50908"},{"taxonomy":"post_tag","embeddable":true,"href":"https:\/\/reveil-info.net\/index.php?rest_route=%2Fwp%2Fv2%2Ftags&post=50908"}],"curies":[{"name":"wp","href":"https:\/\/api.w.org\/{rel}","templated":true}]}}