{"id":50892,"date":"2026-05-01T15:32:00","date_gmt":"2026-05-01T15:32:00","guid":{"rendered":"https:\/\/reveil-info.net\/?p=50892"},"modified":"2026-05-01T15:32:00","modified_gmt":"2026-05-01T15:32:00","slug":"lutte-contre-le-terrorisme-laes-aux-cotes-du-mali","status":"publish","type":"post","link":"https:\/\/reveil-info.net\/?p=50892","title":{"rendered":"Lutte contre le terrorisme : l&rsquo;AES aux c\u00f4t\u00e9s du mali"},"content":{"rendered":"<p>L\u2019AES engag\u00e9e aux c\u00f4t\u00e9s du Mali pour combattre le terrorisme jusqu\u2019au bout<\/p>\n<p><a href=\"https:\/\/reveil-info.net\/?attachment_id=50894\" rel=\"attachment wp-att-50894\"><img loading=\"lazy\" decoding=\"async\" class=\"aligncenter size-full wp-image-50894\" src=\"https:\/\/reveil-info.net\/wp-content\/uploads\/2026\/05\/1777649338662.jpg\" alt=\"\" width=\"720\" height=\"480\" srcset=\"https:\/\/reveil-info.net\/wp-content\/uploads\/2026\/05\/1777649338662.jpg 720w, https:\/\/reveil-info.net\/wp-content\/uploads\/2026\/05\/1777649338662-300x200.jpg 300w\" sizes=\"auto, (max-width: 720px) 100vw, 720px\" \/><\/a><\/p>\n<p><a href=\"https:\/\/reveil-info.net\/?attachment_id=50896\" rel=\"attachment wp-att-50896\"><img loading=\"lazy\" decoding=\"async\" class=\"aligncenter size-full wp-image-50896\" src=\"https:\/\/reveil-info.net\/wp-content\/uploads\/2026\/05\/1777649333900.jpg\" alt=\"\" width=\"720\" height=\"480\" srcset=\"https:\/\/reveil-info.net\/wp-content\/uploads\/2026\/05\/1777649333900.jpg 720w, https:\/\/reveil-info.net\/wp-content\/uploads\/2026\/05\/1777649333900-300x200.jpg 300w\" sizes=\"auto, (max-width: 720px) 100vw, 720px\" \/><\/a><\/p>\n<p>Bamako, 30 avril 2026 (AIB)-Une d\u00e9l\u00e9gation de la Conf\u00e9d\u00e9ration de l\u2019Alliance des \u00c9tats du Sahel (AES), conduite par le ministre d\u2019\u00c9tat burkinab\u00e8 de la Guerre et de la D\u00e9fense patriotique, le G\u00e9n\u00e9ral de Division C\u00e9lestin Simpor\u00e9, a exprim\u00e9, au palais de Koulouba, sa solidarit\u00e9 au peuple malien apr\u00e8s la mort du G\u00e9n\u00e9ral d\u2019Arm\u00e9e Sadio Camara, tout en r\u00e9affirmant la d\u00e9termination commune \u00e0 intensifier la lutte contre le terrorisme. \u00ab Tant que Dieu nous donnera le souffle de vie, nous allons combattre jusqu\u2019au bout \u00bb, a martel\u00e9 le chef de la d\u00e9l\u00e9gation.<\/p>\n<p>Source : AIB<\/p>\n","protected":false},"excerpt":{"rendered":"<p>L\u2019AES engag\u00e9e aux c\u00f4t\u00e9s du Mali pour combattre le terrorisme jusqu\u2019au bout Bamako, 30 avril<\/p>\n","protected":false},"author":1,"featured_media":0,"comment_status":"open","ping_status":"open","sticky":false,"template":"","format":"standard","meta":{"footnotes":""},"categories":[2,47],"tags":[],"class_list":["post-50892","post","type-post","status-publish","format-standard","hentry","category-actu","category-aes"],"yoast_head":"<!-- This site is optimized with the Yoast SEO plugin v27.5 - https:\/\/yoast.com\/product\/yoast-seo-wordpress\/ -->\n<title>Lutte contre le terrorisme : l&#039;AES aux c\u00f4t\u00e9s du mali - R\u00e9veil Info<\/title>\n<meta name=\"robots\" content=\"noindex, follow, max-snippet:-1, max-image-preview:large, max-video-preview:-1\" \/>\n<meta property=\"og:locale\" content=\"fr_FR\" \/>\n<meta property=\"og:type\" content=\"article\" \/>\n<meta property=\"og:title\" content=\"Lutte contre le terrorisme : l&#039;AES aux c\u00f4t\u00e9s du mali - R\u00e9veil Info\" \/>\n<meta property=\"og:description\" content=\"L\u2019AES engag\u00e9e aux c\u00f4t\u00e9s du Mali pour combattre le terrorisme jusqu\u2019au bout Bamako, 30 avril\" \/>\n<meta property=\"og:url\" content=\"https:\/\/reveil-info.net\/?p=50892\" \/>\n<meta property=\"og:site_name\" content=\"R\u00e9veil Info\" \/>\n<meta property=\"article:published_time\" content=\"2026-05-01T15:32:00+00:00\" \/>\n<meta property=\"og:image\" content=\"https:\/\/reveil-info.net\/wp-content\/uploads\/2026\/05\/1777649338662.jpg\" \/>\n\t<meta property=\"og:image:width\" content=\"720\" \/>\n\t<meta property=\"og:image:height\" content=\"480\" \/>\n\t<meta property=\"og:image:type\" content=\"image\/jpeg\" \/>\n<meta name=\"author\" content=\"R\u00e9veil info\" \/>\n<meta name=\"twitter:card\" content=\"summary_large_image\" \/>\n<meta name=\"twitter:label1\" content=\"\u00c9crit par\" \/>\n\t<meta name=\"twitter:data1\" content=\"R\u00e9veil info\" \/>\n\t<meta name=\"twitter:label2\" content=\"Dur\u00e9e de lecture estim\u00e9e\" \/>\n\t<meta name=\"twitter:data2\" content=\"1 minute\" \/>\n<script type=\"application\/ld+json\" class=\"yoast-schema-graph\">{\"@context\":\"https:\\\/\\\/schema.org\",\"@graph\":[{\"@type\":\"Article\",\"@id\":\"https:\\\/\\\/reveil-info.net\\\/?p=50892#article\",\"isPartOf\":{\"@id\":\"https:\\\/\\\/reveil-info.net\\\/?p=50892\"},\"author\":{\"name\":\"R\u00e9veil info\",\"@id\":\"https:\\\/\\\/reveil-info.net\\\/#\\\/schema\\\/person\\\/ca0cc8e70088e0a2b5e92556c1ee60f5\"},\"headline\":\"Lutte contre le terrorisme : l&rsquo;AES aux c\u00f4t\u00e9s du mali\",\"datePublished\":\"2026-05-01T15:32:00+00:00\",\"mainEntityOfPage\":{\"@id\":\"https:\\\/\\\/reveil-info.net\\\/?p=50892\"},\"wordCount\":138,\"commentCount\":0,\"publisher\":{\"@id\":\"https:\\\/\\\/reveil-info.net\\\/#organization\"},\"image\":{\"@id\":\"https:\\\/\\\/reveil-info.net\\\/?p=50892#primaryimage\"},\"thumbnailUrl\":\"https:\\\/\\\/reveil-info.net\\\/wp-content\\\/uploads\\\/2026\\\/05\\\/1777649338662.jpg\",\"articleSection\":[\"Actualit\u00e9\",\"AES\"],\"inLanguage\":\"fr-FR\",\"potentialAction\":[{\"@type\":\"CommentAction\",\"name\":\"Comment\",\"target\":[\"https:\\\/\\\/reveil-info.net\\\/?p=50892#respond\"]}]},{\"@type\":\"WebPage\",\"@id\":\"https:\\\/\\\/reveil-info.net\\\/?p=50892\",\"url\":\"https:\\\/\\\/reveil-info.net\\\/?p=50892\",\"name\":\"Lutte contre le terrorisme : l'AES aux c\u00f4t\u00e9s du mali - R\u00e9veil Info\",\"isPartOf\":{\"@id\":\"https:\\\/\\\/reveil-info.net\\\/#website\"},\"primaryImageOfPage\":{\"@id\":\"https:\\\/\\\/reveil-info.net\\\/?p=50892#primaryimage\"},\"image\":{\"@id\":\"https:\\\/\\\/reveil-info.net\\\/?p=50892#primaryimage\"},\"thumbnailUrl\":\"https:\\\/\\\/reveil-info.net\\\/wp-content\\\/uploads\\\/2026\\\/05\\\/1777649338662.jpg\",\"datePublished\":\"2026-05-01T15:32:00+00:00\",\"breadcrumb\":{\"@id\":\"https:\\\/\\\/reveil-info.net\\\/?p=50892#breadcrumb\"},\"inLanguage\":\"fr-FR\",\"potentialAction\":[{\"@type\":\"ReadAction\",\"target\":[\"https:\\\/\\\/reveil-info.net\\\/?p=50892\"]}]},{\"@type\":\"ImageObject\",\"inLanguage\":\"fr-FR\",\"@id\":\"https:\\\/\\\/reveil-info.net\\\/?p=50892#primaryimage\",\"url\":\"https:\\\/\\\/reveil-info.net\\\/wp-content\\\/uploads\\\/2026\\\/05\\\/1777649338662.jpg\",\"contentUrl\":\"https:\\\/\\\/reveil-info.net\\\/wp-content\\\/uploads\\\/2026\\\/05\\\/1777649338662.jpg\",\"width\":720,\"height\":480},{\"@type\":\"BreadcrumbList\",\"@id\":\"https:\\\/\\\/reveil-info.net\\\/?p=50892#breadcrumb\",\"itemListElement\":[{\"@type\":\"ListItem\",\"position\":1,\"name\":\"Home\",\"item\":\"https:\\\/\\\/reveil-info.net\\\/\"},{\"@type\":\"ListItem\",\"position\":2,\"name\":\"Lutte contre le terrorisme : l&rsquo;AES aux c\u00f4t\u00e9s du mali\"}]},{\"@type\":\"WebSite\",\"@id\":\"https:\\\/\\\/reveil-info.net\\\/#website\",\"url\":\"https:\\\/\\\/reveil-info.net\\\/\",\"name\":\"R\u00e9veil Info\",\"description\":\"Le devoir d&#039;informer!\",\"publisher\":{\"@id\":\"https:\\\/\\\/reveil-info.net\\\/#organization\"},\"potentialAction\":[{\"@type\":\"SearchAction\",\"target\":{\"@type\":\"EntryPoint\",\"urlTemplate\":\"https:\\\/\\\/reveil-info.net\\\/?s={search_term_string}\"},\"query-input\":{\"@type\":\"PropertyValueSpecification\",\"valueRequired\":true,\"valueName\":\"search_term_string\"}}],\"inLanguage\":\"fr-FR\"},{\"@type\":\"Organization\",\"@id\":\"https:\\\/\\\/reveil-info.net\\\/#organization\",\"name\":\"R\u00e9veil Info\",\"url\":\"https:\\\/\\\/reveil-info.net\\\/\",\"logo\":{\"@type\":\"ImageObject\",\"inLanguage\":\"fr-FR\",\"@id\":\"https:\\\/\\\/reveil-info.net\\\/#\\\/schema\\\/logo\\\/image\\\/\",\"url\":\"https:\\\/\\\/reveil-info.net\\\/wp-content\\\/uploads\\\/2024\\\/07\\\/bnddd1.jpg\",\"contentUrl\":\"https:\\\/\\\/reveil-info.net\\\/wp-content\\\/uploads\\\/2024\\\/07\\\/bnddd1.jpg\",\"width\":903,\"height\":125,\"caption\":\"R\u00e9veil Info\"},\"image\":{\"@id\":\"https:\\\/\\\/reveil-info.net\\\/#\\\/schema\\\/logo\\\/image\\\/\"}},{\"@type\":\"Person\",\"@id\":\"https:\\\/\\\/reveil-info.net\\\/#\\\/schema\\\/person\\\/ca0cc8e70088e0a2b5e92556c1ee60f5\",\"name\":\"R\u00e9veil info\",\"image\":{\"@type\":\"ImageObject\",\"inLanguage\":\"fr-FR\",\"@id\":\"https:\\\/\\\/secure.gravatar.com\\\/avatar\\\/e4ad5bb743c8b6cb174d9df6c7d30a8a16f6889731241345fc6444e6485f02af?s=96&d=mm&r=g\",\"url\":\"https:\\\/\\\/secure.gravatar.com\\\/avatar\\\/e4ad5bb743c8b6cb174d9df6c7d30a8a16f6889731241345fc6444e6485f02af?s=96&d=mm&r=g\",\"contentUrl\":\"https:\\\/\\\/secure.gravatar.com\\\/avatar\\\/e4ad5bb743c8b6cb174d9df6c7d30a8a16f6889731241345fc6444e6485f02af?s=96&d=mm&r=g\",\"caption\":\"R\u00e9veil info\"},\"sameAs\":[\"https:\\\/\\\/reveil-info.net\"],\"url\":\"https:\\\/\\\/reveil-info.net\\\/?author=1\"}]}<\/script>\n<!-- \/ Yoast SEO plugin. -->","yoast_head_json":{"title":"Lutte contre le terrorisme : l'AES aux c\u00f4t\u00e9s du mali - R\u00e9veil Info","robots":{"index":"noindex","follow":"follow","max-snippet":"max-snippet:-1","max-image-preview":"max-image-preview:large","max-video-preview":"max-video-preview:-1"},"og_locale":"fr_FR","og_type":"article","og_title":"Lutte contre le terrorisme : l'AES aux c\u00f4t\u00e9s du mali - R\u00e9veil Info","og_description":"L\u2019AES engag\u00e9e aux c\u00f4t\u00e9s du Mali pour combattre le terrorisme jusqu\u2019au bout Bamako, 30 avril","og_url":"https:\/\/reveil-info.net\/?p=50892","og_site_name":"R\u00e9veil Info","article_published_time":"2026-05-01T15:32:00+00:00","og_image":[{"width":720,"height":480,"url":"https:\/\/reveil-info.net\/wp-content\/uploads\/2026\/05\/1777649338662.jpg","type":"image\/jpeg"}],"author":"R\u00e9veil info","twitter_card":"summary_large_image","twitter_misc":{"\u00c9crit par":"R\u00e9veil info","Dur\u00e9e de lecture estim\u00e9e":"1 minute"},"schema":{"@context":"https:\/\/schema.org","@graph":[{"@type":"Article","@id":"https:\/\/reveil-info.net\/?p=50892#article","isPartOf":{"@id":"https:\/\/reveil-info.net\/?p=50892"},"author":{"name":"R\u00e9veil info","@id":"https:\/\/reveil-info.net\/#\/schema\/person\/ca0cc8e70088e0a2b5e92556c1ee60f5"},"headline":"Lutte contre le terrorisme : l&rsquo;AES aux c\u00f4t\u00e9s du mali","datePublished":"2026-05-01T15:32:00+00:00","mainEntityOfPage":{"@id":"https:\/\/reveil-info.net\/?p=50892"},"wordCount":138,"commentCount":0,"publisher":{"@id":"https:\/\/reveil-info.net\/#organization"},"image":{"@id":"https:\/\/reveil-info.net\/?p=50892#primaryimage"},"thumbnailUrl":"https:\/\/reveil-info.net\/wp-content\/uploads\/2026\/05\/1777649338662.jpg","articleSection":["Actualit\u00e9","AES"],"inLanguage":"fr-FR","potentialAction":[{"@type":"CommentAction","name":"Comment","target":["https:\/\/reveil-info.net\/?p=50892#respond"]}]},{"@type":"WebPage","@id":"https:\/\/reveil-info.net\/?p=50892","url":"https:\/\/reveil-info.net\/?p=50892","name":"Lutte contre le terrorisme : l'AES aux c\u00f4t\u00e9s du mali - R\u00e9veil Info","isPartOf":{"@id":"https:\/\/reveil-info.net\/#website"},"primaryImageOfPage":{"@id":"https:\/\/reveil-info.net\/?p=50892#primaryimage"},"image":{"@id":"https:\/\/reveil-info.net\/?p=50892#primaryimage"},"thumbnailUrl":"https:\/\/reveil-info.net\/wp-content\/uploads\/2026\/05\/1777649338662.jpg","datePublished":"2026-05-01T15:32:00+00:00","breadcrumb":{"@id":"https:\/\/reveil-info.net\/?p=50892#breadcrumb"},"inLanguage":"fr-FR","potentialAction":[{"@type":"ReadAction","target":["https:\/\/reveil-info.net\/?p=50892"]}]},{"@type":"ImageObject","inLanguage":"fr-FR","@id":"https:\/\/reveil-info.net\/?p=50892#primaryimage","url":"https:\/\/reveil-info.net\/wp-content\/uploads\/2026\/05\/1777649338662.jpg","contentUrl":"https:\/\/reveil-info.net\/wp-content\/uploads\/2026\/05\/1777649338662.jpg","width":720,"height":480},{"@type":"BreadcrumbList","@id":"https:\/\/reveil-info.net\/?p=50892#breadcrumb","itemListElement":[{"@type":"ListItem","position":1,"name":"Home","item":"https:\/\/reveil-info.net\/"},{"@type":"ListItem","position":2,"name":"Lutte contre le terrorisme : l&rsquo;AES aux c\u00f4t\u00e9s du mali"}]},{"@type":"WebSite","@id":"https:\/\/reveil-info.net\/#website","url":"https:\/\/reveil-info.net\/","name":"R\u00e9veil Info","description":"Le devoir d&#039;informer!","publisher":{"@id":"https:\/\/reveil-info.net\/#organization"},"potentialAction":[{"@type":"SearchAction","target":{"@type":"EntryPoint","urlTemplate":"https:\/\/reveil-info.net\/?s={search_term_string}"},"query-input":{"@type":"PropertyValueSpecification","valueRequired":true,"valueName":"search_term_string"}}],"inLanguage":"fr-FR"},{"@type":"Organization","@id":"https:\/\/reveil-info.net\/#organization","name":"R\u00e9veil Info","url":"https:\/\/reveil-info.net\/","logo":{"@type":"ImageObject","inLanguage":"fr-FR","@id":"https:\/\/reveil-info.net\/#\/schema\/logo\/image\/","url":"https:\/\/reveil-info.net\/wp-content\/uploads\/2024\/07\/bnddd1.jpg","contentUrl":"https:\/\/reveil-info.net\/wp-content\/uploads\/2024\/07\/bnddd1.jpg","width":903,"height":125,"caption":"R\u00e9veil Info"},"image":{"@id":"https:\/\/reveil-info.net\/#\/schema\/logo\/image\/"}},{"@type":"Person","@id":"https:\/\/reveil-info.net\/#\/schema\/person\/ca0cc8e70088e0a2b5e92556c1ee60f5","name":"R\u00e9veil info","image":{"@type":"ImageObject","inLanguage":"fr-FR","@id":"https:\/\/secure.gravatar.com\/avatar\/e4ad5bb743c8b6cb174d9df6c7d30a8a16f6889731241345fc6444e6485f02af?s=96&d=mm&r=g","url":"https:\/\/secure.gravatar.com\/avatar\/e4ad5bb743c8b6cb174d9df6c7d30a8a16f6889731241345fc6444e6485f02af?s=96&d=mm&r=g","contentUrl":"https:\/\/secure.gravatar.com\/avatar\/e4ad5bb743c8b6cb174d9df6c7d30a8a16f6889731241345fc6444e6485f02af?s=96&d=mm&r=g","caption":"R\u00e9veil info"},"sameAs":["https:\/\/reveil-info.net"],"url":"https:\/\/reveil-info.net\/?author=1"}]}},"jetpack_featured_media_url":"","featured_image_urls":{"full":"","thumbnail":"","medium":"","medium_large":"","large":"","1536x1536":"","2048x2048":"","chromenews-featured":"","chromenews-large":"","chromenews-medium":""},"author_info":{"display_name":"R\u00e9veil info","author_link":"https:\/\/reveil-info.net\/?author=1"},"category_info":"<a href=\"https:\/\/reveil-info.net\/?cat=2\" rel=\"category\">Actualit\u00e9<\/a> <a href=\"https:\/\/reveil-info.net\/?cat=47\" rel=\"category\">AES<\/a>","tag_info":"AES","comment_count":"0","_links":{"self":[{"href":"https:\/\/reveil-info.net\/index.php?rest_route=\/wp\/v2\/posts\/50892","targetHints":{"allow":["GET"]}}],"collection":[{"href":"https:\/\/reveil-info.net\/index.php?rest_route=\/wp\/v2\/posts"}],"about":[{"href":"https:\/\/reveil-info.net\/index.php?rest_route=\/wp\/v2\/types\/post"}],"author":[{"embeddable":true,"href":"https:\/\/reveil-info.net\/index.php?rest_route=\/wp\/v2\/users\/1"}],"replies":[{"embeddable":true,"href":"https:\/\/reveil-info.net\/index.php?rest_route=%2Fwp%2Fv2%2Fcomments&post=50892"}],"version-history":[{"count":3,"href":"https:\/\/reveil-info.net\/index.php?rest_route=\/wp\/v2\/posts\/50892\/revisions"}],"predecessor-version":[{"id":50897,"href":"https:\/\/reveil-info.net\/index.php?rest_route=\/wp\/v2\/posts\/50892\/revisions\/50897"}],"wp:attachment":[{"href":"https:\/\/reveil-info.net\/index.php?rest_route=%2Fwp%2Fv2%2Fmedia&parent=50892"}],"wp:term":[{"taxonomy":"category","embeddable":true,"href":"https:\/\/reveil-info.net\/index.php?rest_route=%2Fwp%2Fv2%2Fcategories&post=50892"},{"taxonomy":"post_tag","embeddable":true,"href":"https:\/\/reveil-info.net\/index.php?rest_route=%2Fwp%2Fv2%2Ftags&post=50892"}],"curies":[{"name":"wp","href":"https:\/\/api.w.org\/{rel}","templated":true}]}}