{"id":50868,"date":"2026-05-01T12:02:15","date_gmt":"2026-05-01T12:02:15","guid":{"rendered":"https:\/\/reveil-info.net\/?p=50868"},"modified":"2026-05-01T12:02:15","modified_gmt":"2026-05-01T12:02:15","slug":"soutien-au-mali-la-condition-de-la-cote-divoire","status":"publish","type":"post","link":"https:\/\/reveil-info.net\/?p=50868","title":{"rendered":"Soutien au mali: la condition de la c\u00f4te d&rsquo;Ivoire"},"content":{"rendered":"<p>\ud835\udde0\ud835\uddee\ud835\uddf9\ud835\uddf6: \ud835\uddd4\ud835\uddef\ud835\uddf6\ud835\uddf1\ud835\uddf7\ud835\uddee\ud835\uddfb \ud835\ude00\ud835\uddf2 \ud835\uddf1\ud835\uddf6\ud835\ude01 \ud835\uddfdret\ud835\uddf2 \u00e0 \ud835\uddee\ud835\uddfd\ud835\uddfd\ud835\uddfc\ud835\uddff\ud835\ude01\ud835\uddf2\ud835\uddff \ud835\ude00\ud835\uddfc\ud835\uddfb \ud835\ude00\ud835\uddfc\ud835\ude02\ud835\ude01\ud835\uddf6\ud835\uddf2\ud835\uddfb \ud835\uddee\ud835\ude02\ud835\ude05 \ud835\uddee\ud835\ude02\ud835\ude01\ud835\uddfc\ud835\uddff\ud835\uddf6\ud835\ude01\u00e9\ud835\ude00 \ud835\uddf1\ud835\uddee\ud835\uddfb\ud835\ude00 \ud835\uddf9\ud835\uddf2 \ud835\ude00\ud835\uddf2\ud835\ude02\ud835\uddf9 \ud835\uddf0\ud835\uddee\ud835\uddf1\ud835\uddff\ud835\uddf2 \ud835\uddf1\ud835\uddf2 \ud835\uddf9\ud835\uddee \ud835\uddd6\ud835\uddd8\ud835\uddd7\ud835\uddd8\ud835\uddd4\ud835\udde2<\/p>\n<p><a href=\"https:\/\/reveil-info.net\/?attachment_id=50872\" rel=\"attachment wp-att-50872\"><img loading=\"lazy\" decoding=\"async\" class=\"aligncenter size-full wp-image-50872\" src=\"https:\/\/reveil-info.net\/wp-content\/uploads\/2026\/05\/1777633434177.jpg\" alt=\"\" width=\"720\" height=\"524\" srcset=\"https:\/\/reveil-info.net\/wp-content\/uploads\/2026\/05\/1777633434177.jpg 720w, https:\/\/reveil-info.net\/wp-content\/uploads\/2026\/05\/1777633434177-300x218.jpg 300w\" sizes=\"auto, (max-width: 720px) 100vw, 720px\" \/><\/a><\/p>\n<p>Face \u00e0 la crise s\u00e9curitaire au Mali, le Ministre ivoirien de la Communication et porte-parole du gouvernement Amadou Coulibaly affirme la disponibilit\u00e9 de son pays \u00e0 soutenir son voisin en cas d\u2019aggravation des attaques terroristes, mais uniquement dans un cadre multilat\u00e9ral structur\u00e9, celui de la CEDEAO (Communaut\u00e9 \u00e9conomique des \u00c9tats de l\u2019Afrique de l\u2019Ouest) et sur demande officielle des autorit\u00e9s maliennes dans le respect de la souverainet\u00e9 des \u00c9tats, la l\u00e9galit\u00e9 des interventions r\u00e9gionales et la n\u00e9cessit\u00e9 d\u2019\u00e9viter toute initiative unilat\u00e9rale pouvant \u00eatre interpr\u00e9t\u00e9e comme une ing\u00e9rence.<\/p>\n<p>Reveil-info<\/p>\n","protected":false},"excerpt":{"rendered":"<p>\ud835\udde0\ud835\uddee\ud835\uddf9\ud835\uddf6: \ud835\uddd4\ud835\uddef\ud835\uddf6\ud835\uddf1\ud835\uddf7\ud835\uddee\ud835\uddfb \ud835\ude00\ud835\uddf2 \ud835\uddf1\ud835\uddf6\ud835\ude01 \ud835\uddfdret\ud835\uddf2 \u00e0 \ud835\uddee\ud835\uddfd\ud835\uddfd\ud835\uddfc\ud835\uddff\ud835\ude01\ud835\uddf2\ud835\uddff \ud835\ude00\ud835\uddfc\ud835\uddfb \ud835\ude00\ud835\uddfc\ud835\ude02\ud835\ude01\ud835\uddf6\ud835\uddf2\ud835\uddfb \ud835\uddee\ud835\ude02\ud835\ude05 \ud835\uddee\ud835\ude02\ud835\ude01\ud835\uddfc\ud835\uddff\ud835\uddf6\ud835\ude01\u00e9\ud835\ude00 \ud835\uddf1\ud835\uddee\ud835\uddfb\ud835\ude00 \ud835\uddf9\ud835\uddf2 \ud835\ude00\ud835\uddf2\ud835\ude02\ud835\uddf9 \ud835\uddf0\ud835\uddee\ud835\uddf1\ud835\uddff\ud835\uddf2<\/p>\n","protected":false},"author":1,"featured_media":0,"comment_status":"open","ping_status":"open","sticky":false,"template":"","format":"standard","meta":{"footnotes":""},"categories":[2],"tags":[],"class_list":["post-50868","post","type-post","status-publish","format-standard","hentry","category-actu"],"yoast_head":"<!-- This site is optimized with the Yoast SEO plugin v27.5 - https:\/\/yoast.com\/product\/yoast-seo-wordpress\/ -->\n<title>Soutien au mali: la condition de la c\u00f4te d&#039;Ivoire - R\u00e9veil Info<\/title>\n<meta name=\"robots\" content=\"noindex, follow, max-snippet:-1, max-image-preview:large, max-video-preview:-1\" \/>\n<meta property=\"og:locale\" content=\"fr_FR\" \/>\n<meta property=\"og:type\" content=\"article\" \/>\n<meta property=\"og:title\" content=\"Soutien au mali: la condition de la c\u00f4te d&#039;Ivoire - R\u00e9veil Info\" \/>\n<meta property=\"og:description\" content=\"\ud835\udde0\ud835\uddee\ud835\uddf9\ud835\uddf6: \ud835\uddd4\ud835\uddef\ud835\uddf6\ud835\uddf1\ud835\uddf7\ud835\uddee\ud835\uddfb \ud835\ude00\ud835\uddf2 \ud835\uddf1\ud835\uddf6\ud835\ude01 \ud835\uddfdret\ud835\uddf2 \u00e0 \ud835\uddee\ud835\uddfd\ud835\uddfd\ud835\uddfc\ud835\uddff\ud835\ude01\ud835\uddf2\ud835\uddff \ud835\ude00\ud835\uddfc\ud835\uddfb \ud835\ude00\ud835\uddfc\ud835\ude02\ud835\ude01\ud835\uddf6\ud835\uddf2\ud835\uddfb \ud835\uddee\ud835\ude02\ud835\ude05 \ud835\uddee\ud835\ude02\ud835\ude01\ud835\uddfc\ud835\uddff\ud835\uddf6\ud835\ude01\u00e9\ud835\ude00 \ud835\uddf1\ud835\uddee\ud835\uddfb\ud835\ude00 \ud835\uddf9\ud835\uddf2 \ud835\ude00\ud835\uddf2\ud835\ude02\ud835\uddf9 \ud835\uddf0\ud835\uddee\ud835\uddf1\ud835\uddff\ud835\uddf2\" \/>\n<meta property=\"og:url\" content=\"https:\/\/reveil-info.net\/?p=50868\" \/>\n<meta property=\"og:site_name\" content=\"R\u00e9veil Info\" \/>\n<meta property=\"article:published_time\" content=\"2026-05-01T12:02:15+00:00\" \/>\n<meta property=\"og:image\" content=\"https:\/\/reveil-info.net\/wp-content\/uploads\/2026\/05\/1777633434177.jpg\" \/>\n\t<meta property=\"og:image:width\" content=\"720\" \/>\n\t<meta property=\"og:image:height\" content=\"524\" \/>\n\t<meta property=\"og:image:type\" content=\"image\/jpeg\" \/>\n<meta name=\"author\" content=\"R\u00e9veil info\" \/>\n<meta name=\"twitter:card\" content=\"summary_large_image\" \/>\n<meta name=\"twitter:label1\" content=\"\u00c9crit par\" \/>\n\t<meta name=\"twitter:data1\" content=\"R\u00e9veil info\" \/>\n\t<meta name=\"twitter:label2\" content=\"Dur\u00e9e de lecture estim\u00e9e\" \/>\n\t<meta name=\"twitter:data2\" content=\"1 minute\" \/>\n<script type=\"application\/ld+json\" class=\"yoast-schema-graph\">{\"@context\":\"https:\\\/\\\/schema.org\",\"@graph\":[{\"@type\":\"Article\",\"@id\":\"https:\\\/\\\/reveil-info.net\\\/?p=50868#article\",\"isPartOf\":{\"@id\":\"https:\\\/\\\/reveil-info.net\\\/?p=50868\"},\"author\":{\"name\":\"R\u00e9veil info\",\"@id\":\"https:\\\/\\\/reveil-info.net\\\/#\\\/schema\\\/person\\\/ca0cc8e70088e0a2b5e92556c1ee60f5\"},\"headline\":\"Soutien au mali: la condition de la c\u00f4te d&rsquo;Ivoire\",\"datePublished\":\"2026-05-01T12:02:15+00:00\",\"mainEntityOfPage\":{\"@id\":\"https:\\\/\\\/reveil-info.net\\\/?p=50868\"},\"wordCount\":112,\"commentCount\":0,\"publisher\":{\"@id\":\"https:\\\/\\\/reveil-info.net\\\/#organization\"},\"image\":{\"@id\":\"https:\\\/\\\/reveil-info.net\\\/?p=50868#primaryimage\"},\"thumbnailUrl\":\"https:\\\/\\\/reveil-info.net\\\/wp-content\\\/uploads\\\/2026\\\/05\\\/1777633434177.jpg\",\"articleSection\":[\"Actualit\u00e9\"],\"inLanguage\":\"fr-FR\",\"potentialAction\":[{\"@type\":\"CommentAction\",\"name\":\"Comment\",\"target\":[\"https:\\\/\\\/reveil-info.net\\\/?p=50868#respond\"]}]},{\"@type\":\"WebPage\",\"@id\":\"https:\\\/\\\/reveil-info.net\\\/?p=50868\",\"url\":\"https:\\\/\\\/reveil-info.net\\\/?p=50868\",\"name\":\"Soutien au mali: la condition de la c\u00f4te d'Ivoire - R\u00e9veil Info\",\"isPartOf\":{\"@id\":\"https:\\\/\\\/reveil-info.net\\\/#website\"},\"primaryImageOfPage\":{\"@id\":\"https:\\\/\\\/reveil-info.net\\\/?p=50868#primaryimage\"},\"image\":{\"@id\":\"https:\\\/\\\/reveil-info.net\\\/?p=50868#primaryimage\"},\"thumbnailUrl\":\"https:\\\/\\\/reveil-info.net\\\/wp-content\\\/uploads\\\/2026\\\/05\\\/1777633434177.jpg\",\"datePublished\":\"2026-05-01T12:02:15+00:00\",\"breadcrumb\":{\"@id\":\"https:\\\/\\\/reveil-info.net\\\/?p=50868#breadcrumb\"},\"inLanguage\":\"fr-FR\",\"potentialAction\":[{\"@type\":\"ReadAction\",\"target\":[\"https:\\\/\\\/reveil-info.net\\\/?p=50868\"]}]},{\"@type\":\"ImageObject\",\"inLanguage\":\"fr-FR\",\"@id\":\"https:\\\/\\\/reveil-info.net\\\/?p=50868#primaryimage\",\"url\":\"https:\\\/\\\/reveil-info.net\\\/wp-content\\\/uploads\\\/2026\\\/05\\\/1777633434177.jpg\",\"contentUrl\":\"https:\\\/\\\/reveil-info.net\\\/wp-content\\\/uploads\\\/2026\\\/05\\\/1777633434177.jpg\",\"width\":720,\"height\":524},{\"@type\":\"BreadcrumbList\",\"@id\":\"https:\\\/\\\/reveil-info.net\\\/?p=50868#breadcrumb\",\"itemListElement\":[{\"@type\":\"ListItem\",\"position\":1,\"name\":\"Home\",\"item\":\"https:\\\/\\\/reveil-info.net\\\/\"},{\"@type\":\"ListItem\",\"position\":2,\"name\":\"Soutien au mali: la condition de la c\u00f4te d&rsquo;Ivoire\"}]},{\"@type\":\"WebSite\",\"@id\":\"https:\\\/\\\/reveil-info.net\\\/#website\",\"url\":\"https:\\\/\\\/reveil-info.net\\\/\",\"name\":\"R\u00e9veil Info\",\"description\":\"Le devoir d&#039;informer!\",\"publisher\":{\"@id\":\"https:\\\/\\\/reveil-info.net\\\/#organization\"},\"potentialAction\":[{\"@type\":\"SearchAction\",\"target\":{\"@type\":\"EntryPoint\",\"urlTemplate\":\"https:\\\/\\\/reveil-info.net\\\/?s={search_term_string}\"},\"query-input\":{\"@type\":\"PropertyValueSpecification\",\"valueRequired\":true,\"valueName\":\"search_term_string\"}}],\"inLanguage\":\"fr-FR\"},{\"@type\":\"Organization\",\"@id\":\"https:\\\/\\\/reveil-info.net\\\/#organization\",\"name\":\"R\u00e9veil Info\",\"url\":\"https:\\\/\\\/reveil-info.net\\\/\",\"logo\":{\"@type\":\"ImageObject\",\"inLanguage\":\"fr-FR\",\"@id\":\"https:\\\/\\\/reveil-info.net\\\/#\\\/schema\\\/logo\\\/image\\\/\",\"url\":\"https:\\\/\\\/reveil-info.net\\\/wp-content\\\/uploads\\\/2024\\\/07\\\/bnddd1.jpg\",\"contentUrl\":\"https:\\\/\\\/reveil-info.net\\\/wp-content\\\/uploads\\\/2024\\\/07\\\/bnddd1.jpg\",\"width\":903,\"height\":125,\"caption\":\"R\u00e9veil Info\"},\"image\":{\"@id\":\"https:\\\/\\\/reveil-info.net\\\/#\\\/schema\\\/logo\\\/image\\\/\"}},{\"@type\":\"Person\",\"@id\":\"https:\\\/\\\/reveil-info.net\\\/#\\\/schema\\\/person\\\/ca0cc8e70088e0a2b5e92556c1ee60f5\",\"name\":\"R\u00e9veil info\",\"image\":{\"@type\":\"ImageObject\",\"inLanguage\":\"fr-FR\",\"@id\":\"https:\\\/\\\/secure.gravatar.com\\\/avatar\\\/e4ad5bb743c8b6cb174d9df6c7d30a8a16f6889731241345fc6444e6485f02af?s=96&d=mm&r=g\",\"url\":\"https:\\\/\\\/secure.gravatar.com\\\/avatar\\\/e4ad5bb743c8b6cb174d9df6c7d30a8a16f6889731241345fc6444e6485f02af?s=96&d=mm&r=g\",\"contentUrl\":\"https:\\\/\\\/secure.gravatar.com\\\/avatar\\\/e4ad5bb743c8b6cb174d9df6c7d30a8a16f6889731241345fc6444e6485f02af?s=96&d=mm&r=g\",\"caption\":\"R\u00e9veil info\"},\"sameAs\":[\"https:\\\/\\\/reveil-info.net\"],\"url\":\"https:\\\/\\\/reveil-info.net\\\/?author=1\"}]}<\/script>\n<!-- \/ Yoast SEO plugin. -->","yoast_head_json":{"title":"Soutien au mali: la condition de la c\u00f4te d'Ivoire - R\u00e9veil Info","robots":{"index":"noindex","follow":"follow","max-snippet":"max-snippet:-1","max-image-preview":"max-image-preview:large","max-video-preview":"max-video-preview:-1"},"og_locale":"fr_FR","og_type":"article","og_title":"Soutien au mali: la condition de la c\u00f4te d'Ivoire - R\u00e9veil Info","og_description":"\ud835\udde0\ud835\uddee\ud835\uddf9\ud835\uddf6: \ud835\uddd4\ud835\uddef\ud835\uddf6\ud835\uddf1\ud835\uddf7\ud835\uddee\ud835\uddfb \ud835\ude00\ud835\uddf2 \ud835\uddf1\ud835\uddf6\ud835\ude01 \ud835\uddfdret\ud835\uddf2 \u00e0 \ud835\uddee\ud835\uddfd\ud835\uddfd\ud835\uddfc\ud835\uddff\ud835\ude01\ud835\uddf2\ud835\uddff \ud835\ude00\ud835\uddfc\ud835\uddfb \ud835\ude00\ud835\uddfc\ud835\ude02\ud835\ude01\ud835\uddf6\ud835\uddf2\ud835\uddfb \ud835\uddee\ud835\ude02\ud835\ude05 \ud835\uddee\ud835\ude02\ud835\ude01\ud835\uddfc\ud835\uddff\ud835\uddf6\ud835\ude01\u00e9\ud835\ude00 \ud835\uddf1\ud835\uddee\ud835\uddfb\ud835\ude00 \ud835\uddf9\ud835\uddf2 \ud835\ude00\ud835\uddf2\ud835\ude02\ud835\uddf9 \ud835\uddf0\ud835\uddee\ud835\uddf1\ud835\uddff\ud835\uddf2","og_url":"https:\/\/reveil-info.net\/?p=50868","og_site_name":"R\u00e9veil Info","article_published_time":"2026-05-01T12:02:15+00:00","og_image":[{"width":720,"height":524,"url":"https:\/\/reveil-info.net\/wp-content\/uploads\/2026\/05\/1777633434177.jpg","type":"image\/jpeg"}],"author":"R\u00e9veil info","twitter_card":"summary_large_image","twitter_misc":{"\u00c9crit par":"R\u00e9veil info","Dur\u00e9e de lecture estim\u00e9e":"1 minute"},"schema":{"@context":"https:\/\/schema.org","@graph":[{"@type":"Article","@id":"https:\/\/reveil-info.net\/?p=50868#article","isPartOf":{"@id":"https:\/\/reveil-info.net\/?p=50868"},"author":{"name":"R\u00e9veil info","@id":"https:\/\/reveil-info.net\/#\/schema\/person\/ca0cc8e70088e0a2b5e92556c1ee60f5"},"headline":"Soutien au mali: la condition de la c\u00f4te d&rsquo;Ivoire","datePublished":"2026-05-01T12:02:15+00:00","mainEntityOfPage":{"@id":"https:\/\/reveil-info.net\/?p=50868"},"wordCount":112,"commentCount":0,"publisher":{"@id":"https:\/\/reveil-info.net\/#organization"},"image":{"@id":"https:\/\/reveil-info.net\/?p=50868#primaryimage"},"thumbnailUrl":"https:\/\/reveil-info.net\/wp-content\/uploads\/2026\/05\/1777633434177.jpg","articleSection":["Actualit\u00e9"],"inLanguage":"fr-FR","potentialAction":[{"@type":"CommentAction","name":"Comment","target":["https:\/\/reveil-info.net\/?p=50868#respond"]}]},{"@type":"WebPage","@id":"https:\/\/reveil-info.net\/?p=50868","url":"https:\/\/reveil-info.net\/?p=50868","name":"Soutien au mali: la condition de la c\u00f4te d'Ivoire - R\u00e9veil Info","isPartOf":{"@id":"https:\/\/reveil-info.net\/#website"},"primaryImageOfPage":{"@id":"https:\/\/reveil-info.net\/?p=50868#primaryimage"},"image":{"@id":"https:\/\/reveil-info.net\/?p=50868#primaryimage"},"thumbnailUrl":"https:\/\/reveil-info.net\/wp-content\/uploads\/2026\/05\/1777633434177.jpg","datePublished":"2026-05-01T12:02:15+00:00","breadcrumb":{"@id":"https:\/\/reveil-info.net\/?p=50868#breadcrumb"},"inLanguage":"fr-FR","potentialAction":[{"@type":"ReadAction","target":["https:\/\/reveil-info.net\/?p=50868"]}]},{"@type":"ImageObject","inLanguage":"fr-FR","@id":"https:\/\/reveil-info.net\/?p=50868#primaryimage","url":"https:\/\/reveil-info.net\/wp-content\/uploads\/2026\/05\/1777633434177.jpg","contentUrl":"https:\/\/reveil-info.net\/wp-content\/uploads\/2026\/05\/1777633434177.jpg","width":720,"height":524},{"@type":"BreadcrumbList","@id":"https:\/\/reveil-info.net\/?p=50868#breadcrumb","itemListElement":[{"@type":"ListItem","position":1,"name":"Home","item":"https:\/\/reveil-info.net\/"},{"@type":"ListItem","position":2,"name":"Soutien au mali: la condition de la c\u00f4te d&rsquo;Ivoire"}]},{"@type":"WebSite","@id":"https:\/\/reveil-info.net\/#website","url":"https:\/\/reveil-info.net\/","name":"R\u00e9veil Info","description":"Le devoir d&#039;informer!","publisher":{"@id":"https:\/\/reveil-info.net\/#organization"},"potentialAction":[{"@type":"SearchAction","target":{"@type":"EntryPoint","urlTemplate":"https:\/\/reveil-info.net\/?s={search_term_string}"},"query-input":{"@type":"PropertyValueSpecification","valueRequired":true,"valueName":"search_term_string"}}],"inLanguage":"fr-FR"},{"@type":"Organization","@id":"https:\/\/reveil-info.net\/#organization","name":"R\u00e9veil Info","url":"https:\/\/reveil-info.net\/","logo":{"@type":"ImageObject","inLanguage":"fr-FR","@id":"https:\/\/reveil-info.net\/#\/schema\/logo\/image\/","url":"https:\/\/reveil-info.net\/wp-content\/uploads\/2024\/07\/bnddd1.jpg","contentUrl":"https:\/\/reveil-info.net\/wp-content\/uploads\/2024\/07\/bnddd1.jpg","width":903,"height":125,"caption":"R\u00e9veil Info"},"image":{"@id":"https:\/\/reveil-info.net\/#\/schema\/logo\/image\/"}},{"@type":"Person","@id":"https:\/\/reveil-info.net\/#\/schema\/person\/ca0cc8e70088e0a2b5e92556c1ee60f5","name":"R\u00e9veil info","image":{"@type":"ImageObject","inLanguage":"fr-FR","@id":"https:\/\/secure.gravatar.com\/avatar\/e4ad5bb743c8b6cb174d9df6c7d30a8a16f6889731241345fc6444e6485f02af?s=96&d=mm&r=g","url":"https:\/\/secure.gravatar.com\/avatar\/e4ad5bb743c8b6cb174d9df6c7d30a8a16f6889731241345fc6444e6485f02af?s=96&d=mm&r=g","contentUrl":"https:\/\/secure.gravatar.com\/avatar\/e4ad5bb743c8b6cb174d9df6c7d30a8a16f6889731241345fc6444e6485f02af?s=96&d=mm&r=g","caption":"R\u00e9veil info"},"sameAs":["https:\/\/reveil-info.net"],"url":"https:\/\/reveil-info.net\/?author=1"}]}},"jetpack_featured_media_url":"","featured_image_urls":{"full":"","thumbnail":"","medium":"","medium_large":"","large":"","1536x1536":"","2048x2048":"","chromenews-featured":"","chromenews-large":"","chromenews-medium":""},"author_info":{"display_name":"R\u00e9veil info","author_link":"https:\/\/reveil-info.net\/?author=1"},"category_info":"<a href=\"https:\/\/reveil-info.net\/?cat=2\" rel=\"category\">Actualit\u00e9<\/a>","tag_info":"Actualit\u00e9","comment_count":"0","_links":{"self":[{"href":"https:\/\/reveil-info.net\/index.php?rest_route=\/wp\/v2\/posts\/50868","targetHints":{"allow":["GET"]}}],"collection":[{"href":"https:\/\/reveil-info.net\/index.php?rest_route=\/wp\/v2\/posts"}],"about":[{"href":"https:\/\/reveil-info.net\/index.php?rest_route=\/wp\/v2\/types\/post"}],"author":[{"embeddable":true,"href":"https:\/\/reveil-info.net\/index.php?rest_route=\/wp\/v2\/users\/1"}],"replies":[{"embeddable":true,"href":"https:\/\/reveil-info.net\/index.php?rest_route=%2Fwp%2Fv2%2Fcomments&post=50868"}],"version-history":[{"count":4,"href":"https:\/\/reveil-info.net\/index.php?rest_route=\/wp\/v2\/posts\/50868\/revisions"}],"predecessor-version":[{"id":50873,"href":"https:\/\/reveil-info.net\/index.php?rest_route=\/wp\/v2\/posts\/50868\/revisions\/50873"}],"wp:attachment":[{"href":"https:\/\/reveil-info.net\/index.php?rest_route=%2Fwp%2Fv2%2Fmedia&parent=50868"}],"wp:term":[{"taxonomy":"category","embeddable":true,"href":"https:\/\/reveil-info.net\/index.php?rest_route=%2Fwp%2Fv2%2Fcategories&post=50868"},{"taxonomy":"post_tag","embeddable":true,"href":"https:\/\/reveil-info.net\/index.php?rest_route=%2Fwp%2Fv2%2Ftags&post=50868"}],"curies":[{"name":"wp","href":"https:\/\/api.w.org\/{rel}","templated":true}]}}