{"id":50820,"date":"2026-04-30T15:36:15","date_gmt":"2026-04-30T15:36:15","guid":{"rendered":"https:\/\/reveil-info.net\/?p=50820"},"modified":"2026-04-30T15:37:42","modified_gmt":"2026-04-30T15:37:42","slug":"interpellation-de-2-journalistes-en-cote-divoire-long-rsf-porte-plainte-contre-le-benin-et-la-cote-divoire","status":"publish","type":"post","link":"https:\/\/reveil-info.net\/?p=50820","title":{"rendered":"Arrestation de 2 journalistes en c\u00f4te d&rsquo;ivoire :  l&rsquo;ONG RSF porte plainte contre le B\u00e9nin et la c\u00f4te d&rsquo;Ivoire"},"content":{"rendered":"<p>L\u2019ONG Reporters sans fronti\u00e8res \/ Reporters Without Borders \/ RSF a port\u00e9 plainte contre le B\u00e9nin et la C\u00f4te d\u2019Ivoire aupr\u00e8s de la cour de justice de la Communaut\u00e9 \u00e9conomique des \u00c9tats de l\u2019Afrique de l\u2019Ouest (CEDEAO), pour \u00ab\u00a0leur r\u00f4le respectif\u00a0\u00bb dans l\u2019arrestation et la d\u00e9tention de deux journalistes.<\/p>\n<p><a href=\"https:\/\/reveil-info.net\/?attachment_id=50822\" rel=\"attachment wp-att-50822\"><img loading=\"lazy\" decoding=\"async\" class=\"aligncenter size-full wp-image-50822\" src=\"https:\/\/reveil-info.net\/wp-content\/uploads\/2026\/04\/1777563193467.jpg\" alt=\"\" width=\"675\" height=\"900\" srcset=\"https:\/\/reveil-info.net\/wp-content\/uploads\/2026\/04\/1777563193467.jpg 675w, https:\/\/reveil-info.net\/wp-content\/uploads\/2026\/04\/1777563193467-225x300.jpg 225w\" sizes=\"auto, (max-width: 675px) 100vw, 675px\" \/><\/a><\/p>\n<p>Le 10 juillet 2025, Hugues Comlan Sossoukp\u00e8, directeur de publication d\u2019Olofofo, avait \u00e9t\u00e9 interpell\u00e9 \u00e0 Abidjan puis extrad\u00e9 au B\u00e9nin, o\u00f9 il est depuis d\u00e9tenu. 6 jours plus tard, Ali Moumouni, journaliste accus\u00e9 d\u2019\u00eatre son collaborateur, avait \u00e9t\u00e9 interpell\u00e9 \u00e0 Cotonou puis \u00e9crou\u00e9.<\/p>\n<p>Les deux journalistes sont notamment poursuivis pour \u201charc\u00e8lement par le biais d\u2019un syst\u00e8me informatique\u201d, \u201cr\u00e9bellion\u201d et \u00ab\u00a0apologie du terrorisme\u00a0\u00bb.<\/p>\n<p>Source : APR<\/p>\n<p>Reveil-info<\/p>\n","protected":false},"excerpt":{"rendered":"<p>L\u2019ONG Reporters sans fronti\u00e8res \/ Reporters Without Borders \/ RSF a port\u00e9 plainte contre le<\/p>\n","protected":false},"author":1,"featured_media":0,"comment_status":"open","ping_status":"open","sticky":false,"template":"","format":"standard","meta":{"footnotes":""},"categories":[8],"tags":[],"class_list":["post-50820","post","type-post","status-publish","format-standard","hentry","category-international"],"yoast_head":"<!-- This site is optimized with the Yoast SEO plugin v27.5 - https:\/\/yoast.com\/product\/yoast-seo-wordpress\/ -->\n<title>Arrestation de 2 journalistes en c\u00f4te d&#039;ivoire : l&#039;ONG RSF porte plainte contre le B\u00e9nin et la c\u00f4te d&#039;Ivoire - R\u00e9veil Info<\/title>\n<meta name=\"robots\" content=\"noindex, follow, max-snippet:-1, max-image-preview:large, max-video-preview:-1\" \/>\n<meta property=\"og:locale\" content=\"fr_FR\" \/>\n<meta property=\"og:type\" content=\"article\" \/>\n<meta property=\"og:title\" content=\"Arrestation de 2 journalistes en c\u00f4te d&#039;ivoire : l&#039;ONG RSF porte plainte contre le B\u00e9nin et la c\u00f4te d&#039;Ivoire - R\u00e9veil Info\" \/>\n<meta property=\"og:description\" content=\"L\u2019ONG Reporters sans fronti\u00e8res \/ Reporters Without Borders \/ RSF a port\u00e9 plainte contre le\" \/>\n<meta property=\"og:url\" content=\"https:\/\/reveil-info.net\/?p=50820\" \/>\n<meta property=\"og:site_name\" content=\"R\u00e9veil Info\" \/>\n<meta property=\"article:published_time\" content=\"2026-04-30T15:36:15+00:00\" \/>\n<meta property=\"article:modified_time\" content=\"2026-04-30T15:37:42+00:00\" \/>\n<meta property=\"og:image\" content=\"https:\/\/reveil-info.net\/wp-content\/uploads\/2026\/04\/1777563193467.jpg\" \/>\n\t<meta property=\"og:image:width\" content=\"675\" \/>\n\t<meta property=\"og:image:height\" content=\"900\" \/>\n\t<meta property=\"og:image:type\" content=\"image\/jpeg\" \/>\n<meta name=\"author\" content=\"R\u00e9veil info\" \/>\n<meta name=\"twitter:card\" content=\"summary_large_image\" \/>\n<meta name=\"twitter:label1\" content=\"\u00c9crit par\" \/>\n\t<meta name=\"twitter:data1\" content=\"R\u00e9veil info\" \/>\n\t<meta name=\"twitter:label2\" content=\"Dur\u00e9e de lecture estim\u00e9e\" \/>\n\t<meta name=\"twitter:data2\" content=\"1 minute\" \/>\n<script type=\"application\/ld+json\" class=\"yoast-schema-graph\">{\"@context\":\"https:\\\/\\\/schema.org\",\"@graph\":[{\"@type\":\"Article\",\"@id\":\"https:\\\/\\\/reveil-info.net\\\/?p=50820#article\",\"isPartOf\":{\"@id\":\"https:\\\/\\\/reveil-info.net\\\/?p=50820\"},\"author\":{\"name\":\"R\u00e9veil info\",\"@id\":\"https:\\\/\\\/reveil-info.net\\\/#\\\/schema\\\/person\\\/ca0cc8e70088e0a2b5e92556c1ee60f5\"},\"headline\":\"Arrestation de 2 journalistes en c\u00f4te d&rsquo;ivoire : l&rsquo;ONG RSF porte plainte contre le B\u00e9nin et la c\u00f4te d&rsquo;Ivoire\",\"datePublished\":\"2026-04-30T15:36:15+00:00\",\"dateModified\":\"2026-04-30T15:37:42+00:00\",\"mainEntityOfPage\":{\"@id\":\"https:\\\/\\\/reveil-info.net\\\/?p=50820\"},\"wordCount\":149,\"commentCount\":0,\"publisher\":{\"@id\":\"https:\\\/\\\/reveil-info.net\\\/#organization\"},\"image\":{\"@id\":\"https:\\\/\\\/reveil-info.net\\\/?p=50820#primaryimage\"},\"thumbnailUrl\":\"https:\\\/\\\/reveil-info.net\\\/wp-content\\\/uploads\\\/2026\\\/04\\\/1777563193467.jpg\",\"articleSection\":[\"International\"],\"inLanguage\":\"fr-FR\",\"potentialAction\":[{\"@type\":\"CommentAction\",\"name\":\"Comment\",\"target\":[\"https:\\\/\\\/reveil-info.net\\\/?p=50820#respond\"]}]},{\"@type\":\"WebPage\",\"@id\":\"https:\\\/\\\/reveil-info.net\\\/?p=50820\",\"url\":\"https:\\\/\\\/reveil-info.net\\\/?p=50820\",\"name\":\"Arrestation de 2 journalistes en c\u00f4te d'ivoire : l'ONG RSF porte plainte contre le B\u00e9nin et la c\u00f4te d'Ivoire - R\u00e9veil Info\",\"isPartOf\":{\"@id\":\"https:\\\/\\\/reveil-info.net\\\/#website\"},\"primaryImageOfPage\":{\"@id\":\"https:\\\/\\\/reveil-info.net\\\/?p=50820#primaryimage\"},\"image\":{\"@id\":\"https:\\\/\\\/reveil-info.net\\\/?p=50820#primaryimage\"},\"thumbnailUrl\":\"https:\\\/\\\/reveil-info.net\\\/wp-content\\\/uploads\\\/2026\\\/04\\\/1777563193467.jpg\",\"datePublished\":\"2026-04-30T15:36:15+00:00\",\"dateModified\":\"2026-04-30T15:37:42+00:00\",\"breadcrumb\":{\"@id\":\"https:\\\/\\\/reveil-info.net\\\/?p=50820#breadcrumb\"},\"inLanguage\":\"fr-FR\",\"potentialAction\":[{\"@type\":\"ReadAction\",\"target\":[\"https:\\\/\\\/reveil-info.net\\\/?p=50820\"]}]},{\"@type\":\"ImageObject\",\"inLanguage\":\"fr-FR\",\"@id\":\"https:\\\/\\\/reveil-info.net\\\/?p=50820#primaryimage\",\"url\":\"https:\\\/\\\/reveil-info.net\\\/wp-content\\\/uploads\\\/2026\\\/04\\\/1777563193467.jpg\",\"contentUrl\":\"https:\\\/\\\/reveil-info.net\\\/wp-content\\\/uploads\\\/2026\\\/04\\\/1777563193467.jpg\",\"width\":675,\"height\":900},{\"@type\":\"BreadcrumbList\",\"@id\":\"https:\\\/\\\/reveil-info.net\\\/?p=50820#breadcrumb\",\"itemListElement\":[{\"@type\":\"ListItem\",\"position\":1,\"name\":\"Home\",\"item\":\"https:\\\/\\\/reveil-info.net\\\/\"},{\"@type\":\"ListItem\",\"position\":2,\"name\":\"Arrestation de 2 journalistes en c\u00f4te d&rsquo;ivoire : l&rsquo;ONG RSF porte plainte contre le B\u00e9nin et la c\u00f4te d&rsquo;Ivoire\"}]},{\"@type\":\"WebSite\",\"@id\":\"https:\\\/\\\/reveil-info.net\\\/#website\",\"url\":\"https:\\\/\\\/reveil-info.net\\\/\",\"name\":\"R\u00e9veil Info\",\"description\":\"Le devoir d&#039;informer!\",\"publisher\":{\"@id\":\"https:\\\/\\\/reveil-info.net\\\/#organization\"},\"potentialAction\":[{\"@type\":\"SearchAction\",\"target\":{\"@type\":\"EntryPoint\",\"urlTemplate\":\"https:\\\/\\\/reveil-info.net\\\/?s={search_term_string}\"},\"query-input\":{\"@type\":\"PropertyValueSpecification\",\"valueRequired\":true,\"valueName\":\"search_term_string\"}}],\"inLanguage\":\"fr-FR\"},{\"@type\":\"Organization\",\"@id\":\"https:\\\/\\\/reveil-info.net\\\/#organization\",\"name\":\"R\u00e9veil Info\",\"url\":\"https:\\\/\\\/reveil-info.net\\\/\",\"logo\":{\"@type\":\"ImageObject\",\"inLanguage\":\"fr-FR\",\"@id\":\"https:\\\/\\\/reveil-info.net\\\/#\\\/schema\\\/logo\\\/image\\\/\",\"url\":\"https:\\\/\\\/reveil-info.net\\\/wp-content\\\/uploads\\\/2024\\\/07\\\/bnddd1.jpg\",\"contentUrl\":\"https:\\\/\\\/reveil-info.net\\\/wp-content\\\/uploads\\\/2024\\\/07\\\/bnddd1.jpg\",\"width\":903,\"height\":125,\"caption\":\"R\u00e9veil Info\"},\"image\":{\"@id\":\"https:\\\/\\\/reveil-info.net\\\/#\\\/schema\\\/logo\\\/image\\\/\"}},{\"@type\":\"Person\",\"@id\":\"https:\\\/\\\/reveil-info.net\\\/#\\\/schema\\\/person\\\/ca0cc8e70088e0a2b5e92556c1ee60f5\",\"name\":\"R\u00e9veil info\",\"image\":{\"@type\":\"ImageObject\",\"inLanguage\":\"fr-FR\",\"@id\":\"https:\\\/\\\/secure.gravatar.com\\\/avatar\\\/e4ad5bb743c8b6cb174d9df6c7d30a8a16f6889731241345fc6444e6485f02af?s=96&d=mm&r=g\",\"url\":\"https:\\\/\\\/secure.gravatar.com\\\/avatar\\\/e4ad5bb743c8b6cb174d9df6c7d30a8a16f6889731241345fc6444e6485f02af?s=96&d=mm&r=g\",\"contentUrl\":\"https:\\\/\\\/secure.gravatar.com\\\/avatar\\\/e4ad5bb743c8b6cb174d9df6c7d30a8a16f6889731241345fc6444e6485f02af?s=96&d=mm&r=g\",\"caption\":\"R\u00e9veil info\"},\"sameAs\":[\"https:\\\/\\\/reveil-info.net\"],\"url\":\"https:\\\/\\\/reveil-info.net\\\/?author=1\"}]}<\/script>\n<!-- \/ Yoast SEO plugin. -->","yoast_head_json":{"title":"Arrestation de 2 journalistes en c\u00f4te d'ivoire : l'ONG RSF porte plainte contre le B\u00e9nin et la c\u00f4te d'Ivoire - R\u00e9veil Info","robots":{"index":"noindex","follow":"follow","max-snippet":"max-snippet:-1","max-image-preview":"max-image-preview:large","max-video-preview":"max-video-preview:-1"},"og_locale":"fr_FR","og_type":"article","og_title":"Arrestation de 2 journalistes en c\u00f4te d'ivoire : l'ONG RSF porte plainte contre le B\u00e9nin et la c\u00f4te d'Ivoire - R\u00e9veil Info","og_description":"L\u2019ONG Reporters sans fronti\u00e8res \/ Reporters Without Borders \/ RSF a port\u00e9 plainte contre le","og_url":"https:\/\/reveil-info.net\/?p=50820","og_site_name":"R\u00e9veil Info","article_published_time":"2026-04-30T15:36:15+00:00","article_modified_time":"2026-04-30T15:37:42+00:00","og_image":[{"width":675,"height":900,"url":"https:\/\/reveil-info.net\/wp-content\/uploads\/2026\/04\/1777563193467.jpg","type":"image\/jpeg"}],"author":"R\u00e9veil info","twitter_card":"summary_large_image","twitter_misc":{"\u00c9crit par":"R\u00e9veil info","Dur\u00e9e de lecture estim\u00e9e":"1 minute"},"schema":{"@context":"https:\/\/schema.org","@graph":[{"@type":"Article","@id":"https:\/\/reveil-info.net\/?p=50820#article","isPartOf":{"@id":"https:\/\/reveil-info.net\/?p=50820"},"author":{"name":"R\u00e9veil info","@id":"https:\/\/reveil-info.net\/#\/schema\/person\/ca0cc8e70088e0a2b5e92556c1ee60f5"},"headline":"Arrestation de 2 journalistes en c\u00f4te d&rsquo;ivoire : l&rsquo;ONG RSF porte plainte contre le B\u00e9nin et la c\u00f4te d&rsquo;Ivoire","datePublished":"2026-04-30T15:36:15+00:00","dateModified":"2026-04-30T15:37:42+00:00","mainEntityOfPage":{"@id":"https:\/\/reveil-info.net\/?p=50820"},"wordCount":149,"commentCount":0,"publisher":{"@id":"https:\/\/reveil-info.net\/#organization"},"image":{"@id":"https:\/\/reveil-info.net\/?p=50820#primaryimage"},"thumbnailUrl":"https:\/\/reveil-info.net\/wp-content\/uploads\/2026\/04\/1777563193467.jpg","articleSection":["International"],"inLanguage":"fr-FR","potentialAction":[{"@type":"CommentAction","name":"Comment","target":["https:\/\/reveil-info.net\/?p=50820#respond"]}]},{"@type":"WebPage","@id":"https:\/\/reveil-info.net\/?p=50820","url":"https:\/\/reveil-info.net\/?p=50820","name":"Arrestation de 2 journalistes en c\u00f4te d'ivoire : l'ONG RSF porte plainte contre le B\u00e9nin et la c\u00f4te d'Ivoire - R\u00e9veil Info","isPartOf":{"@id":"https:\/\/reveil-info.net\/#website"},"primaryImageOfPage":{"@id":"https:\/\/reveil-info.net\/?p=50820#primaryimage"},"image":{"@id":"https:\/\/reveil-info.net\/?p=50820#primaryimage"},"thumbnailUrl":"https:\/\/reveil-info.net\/wp-content\/uploads\/2026\/04\/1777563193467.jpg","datePublished":"2026-04-30T15:36:15+00:00","dateModified":"2026-04-30T15:37:42+00:00","breadcrumb":{"@id":"https:\/\/reveil-info.net\/?p=50820#breadcrumb"},"inLanguage":"fr-FR","potentialAction":[{"@type":"ReadAction","target":["https:\/\/reveil-info.net\/?p=50820"]}]},{"@type":"ImageObject","inLanguage":"fr-FR","@id":"https:\/\/reveil-info.net\/?p=50820#primaryimage","url":"https:\/\/reveil-info.net\/wp-content\/uploads\/2026\/04\/1777563193467.jpg","contentUrl":"https:\/\/reveil-info.net\/wp-content\/uploads\/2026\/04\/1777563193467.jpg","width":675,"height":900},{"@type":"BreadcrumbList","@id":"https:\/\/reveil-info.net\/?p=50820#breadcrumb","itemListElement":[{"@type":"ListItem","position":1,"name":"Home","item":"https:\/\/reveil-info.net\/"},{"@type":"ListItem","position":2,"name":"Arrestation de 2 journalistes en c\u00f4te d&rsquo;ivoire : l&rsquo;ONG RSF porte plainte contre le B\u00e9nin et la c\u00f4te d&rsquo;Ivoire"}]},{"@type":"WebSite","@id":"https:\/\/reveil-info.net\/#website","url":"https:\/\/reveil-info.net\/","name":"R\u00e9veil Info","description":"Le devoir d&#039;informer!","publisher":{"@id":"https:\/\/reveil-info.net\/#organization"},"potentialAction":[{"@type":"SearchAction","target":{"@type":"EntryPoint","urlTemplate":"https:\/\/reveil-info.net\/?s={search_term_string}"},"query-input":{"@type":"PropertyValueSpecification","valueRequired":true,"valueName":"search_term_string"}}],"inLanguage":"fr-FR"},{"@type":"Organization","@id":"https:\/\/reveil-info.net\/#organization","name":"R\u00e9veil Info","url":"https:\/\/reveil-info.net\/","logo":{"@type":"ImageObject","inLanguage":"fr-FR","@id":"https:\/\/reveil-info.net\/#\/schema\/logo\/image\/","url":"https:\/\/reveil-info.net\/wp-content\/uploads\/2024\/07\/bnddd1.jpg","contentUrl":"https:\/\/reveil-info.net\/wp-content\/uploads\/2024\/07\/bnddd1.jpg","width":903,"height":125,"caption":"R\u00e9veil Info"},"image":{"@id":"https:\/\/reveil-info.net\/#\/schema\/logo\/image\/"}},{"@type":"Person","@id":"https:\/\/reveil-info.net\/#\/schema\/person\/ca0cc8e70088e0a2b5e92556c1ee60f5","name":"R\u00e9veil info","image":{"@type":"ImageObject","inLanguage":"fr-FR","@id":"https:\/\/secure.gravatar.com\/avatar\/e4ad5bb743c8b6cb174d9df6c7d30a8a16f6889731241345fc6444e6485f02af?s=96&d=mm&r=g","url":"https:\/\/secure.gravatar.com\/avatar\/e4ad5bb743c8b6cb174d9df6c7d30a8a16f6889731241345fc6444e6485f02af?s=96&d=mm&r=g","contentUrl":"https:\/\/secure.gravatar.com\/avatar\/e4ad5bb743c8b6cb174d9df6c7d30a8a16f6889731241345fc6444e6485f02af?s=96&d=mm&r=g","caption":"R\u00e9veil info"},"sameAs":["https:\/\/reveil-info.net"],"url":"https:\/\/reveil-info.net\/?author=1"}]}},"jetpack_featured_media_url":"","featured_image_urls":{"full":"","thumbnail":"","medium":"","medium_large":"","large":"","1536x1536":"","2048x2048":"","chromenews-featured":"","chromenews-large":"","chromenews-medium":""},"author_info":{"display_name":"R\u00e9veil info","author_link":"https:\/\/reveil-info.net\/?author=1"},"category_info":"<a href=\"https:\/\/reveil-info.net\/?cat=8\" rel=\"category\">International<\/a>","tag_info":"International","comment_count":"0","_links":{"self":[{"href":"https:\/\/reveil-info.net\/index.php?rest_route=\/wp\/v2\/posts\/50820","targetHints":{"allow":["GET"]}}],"collection":[{"href":"https:\/\/reveil-info.net\/index.php?rest_route=\/wp\/v2\/posts"}],"about":[{"href":"https:\/\/reveil-info.net\/index.php?rest_route=\/wp\/v2\/types\/post"}],"author":[{"embeddable":true,"href":"https:\/\/reveil-info.net\/index.php?rest_route=\/wp\/v2\/users\/1"}],"replies":[{"embeddable":true,"href":"https:\/\/reveil-info.net\/index.php?rest_route=%2Fwp%2Fv2%2Fcomments&post=50820"}],"version-history":[{"count":4,"href":"https:\/\/reveil-info.net\/index.php?rest_route=\/wp\/v2\/posts\/50820\/revisions"}],"predecessor-version":[{"id":50825,"href":"https:\/\/reveil-info.net\/index.php?rest_route=\/wp\/v2\/posts\/50820\/revisions\/50825"}],"wp:attachment":[{"href":"https:\/\/reveil-info.net\/index.php?rest_route=%2Fwp%2Fv2%2Fmedia&parent=50820"}],"wp:term":[{"taxonomy":"category","embeddable":true,"href":"https:\/\/reveil-info.net\/index.php?rest_route=%2Fwp%2Fv2%2Fcategories&post=50820"},{"taxonomy":"post_tag","embeddable":true,"href":"https:\/\/reveil-info.net\/index.php?rest_route=%2Fwp%2Fv2%2Ftags&post=50820"}],"curies":[{"name":"wp","href":"https:\/\/api.w.org\/{rel}","templated":true}]}}