{"id":50787,"date":"2026-04-30T10:45:05","date_gmt":"2026-04-30T10:45:05","guid":{"rendered":"https:\/\/reveil-info.net\/?p=50787"},"modified":"2026-04-30T10:45:05","modified_gmt":"2026-04-30T10:45:05","slug":"jubile-dargent-25-ans-du-groupe-scolaire-saint-viateur-un-quart-de-siecle-au-service-de-lexcellence-educative","status":"publish","type":"post","link":"https:\/\/reveil-info.net\/?p=50787","title":{"rendered":"Jubil\u00e9 d\u2019argent (25 ans) du Groupe Scolaire Saint Viateur : un quart de si\u00e8cle au service de l\u2019excellence \u00e9ducative"},"content":{"rendered":"<p><strong>Dans le cadre des pr\u00e9paratifs de la c\u00e9l\u00e9bration de son jubil\u00e9 d\u2019argent marquant ses 25 ann\u00e9es d\u2019existence, le Groupe Scolaire Saint Viateur (GSSV) a organis\u00e9 une conf\u00e9rence de presse afin de faire le point sur l\u2019\u00e9tat d\u2019avancement des pr\u00e9paratifs de cet \u00e9v\u00e9nement majeur. Cette rencontre avec les professionnels des m\u00e9dias a permis de d\u00e9voiler les grandes articulations de cette c\u00e9l\u00e9bration qui se tiendra du 7 au 27 mai 2026.<\/strong><\/p>\n<p><a href=\"https:\/\/reveil-info.net\/?attachment_id=50793\" rel=\"attachment wp-att-50793\"><img loading=\"lazy\" decoding=\"async\" class=\"aligncenter size-full wp-image-50793\" src=\"https:\/\/reveil-info.net\/wp-content\/uploads\/2026\/04\/685105647_1017621244570378_3717267986882460766_n.jpg\" alt=\"\" width=\"2048\" height=\"1365\" srcset=\"https:\/\/reveil-info.net\/wp-content\/uploads\/2026\/04\/685105647_1017621244570378_3717267986882460766_n.jpg 2048w, https:\/\/reveil-info.net\/wp-content\/uploads\/2026\/04\/685105647_1017621244570378_3717267986882460766_n-300x200.jpg 300w, https:\/\/reveil-info.net\/wp-content\/uploads\/2026\/04\/685105647_1017621244570378_3717267986882460766_n-1024x683.jpg 1024w, https:\/\/reveil-info.net\/wp-content\/uploads\/2026\/04\/685105647_1017621244570378_3717267986882460766_n-768x512.jpg 768w, https:\/\/reveil-info.net\/wp-content\/uploads\/2026\/04\/685105647_1017621244570378_3717267986882460766_n-1536x1024.jpg 1536w\" sizes=\"auto, (max-width: 2048px) 100vw, 2048px\" \/><\/a><br \/>\nAnim\u00e9e par plusieurs membres du comit\u00e9 d\u2019organisation, avec \u00e0 leur t\u00eate sa pr\u00e9sidente, Madame Agueratou ZONGO\/SAWADOGO, assist\u00e9e du Directeur g\u00e9n\u00e9ral du Groupe Scolaire Saint Viateur, Fr\u00e8re Hermann BAMOUNI, la conf\u00e9rence avait pour objectif de pr\u00e9senter les grandes orientations du jubil\u00e9, notamment son th\u00e8me central, le programme des activit\u00e9s ainsi que les projets structurants pr\u00e9vus \u00e0 cette occasion.<br \/>\nPlac\u00e9e sous le th\u00e8me : \u00ab GSSV : 25 ans de foi, de discipline et d\u2019excellence pour une formation int\u00e9grale au service d\u2019une nation forte et r\u00e9siliente \u00bb, cette c\u00e9l\u00e9bration entend mettre en lumi\u00e8re le parcours, les valeurs et les ambitions de l\u2019\u00e9tablissement.<br \/>\nSelon la pr\u00e9sidente du comit\u00e9 d\u2019organisation, l\u2019organisation de ce jubil\u00e9 a \u00e9t\u00e9 confi\u00e9e \u00e0 une \u00e9quipe compos\u00e9e de parents d\u2019\u00e9l\u00e8ves, d\u2019anciens \u00e9l\u00e8ves, de membres du personnel administratif ainsi que du corps enseignant. Un d\u00e9fi qu\u2019ils entendent relever avec d\u00e9termination, conscients de l\u2019importance historique et symbolique de cet anniversaire.<\/p>\n<p><a href=\"https:\/\/reveil-info.net\/?attachment_id=50795\" rel=\"attachment wp-att-50795\"><img loading=\"lazy\" decoding=\"async\" class=\"aligncenter size-full wp-image-50795\" src=\"https:\/\/reveil-info.net\/wp-content\/uploads\/2026\/04\/685239287_1017621724570330_101677848207938278_n.jpg\" alt=\"\" width=\"2048\" height=\"1365\" srcset=\"https:\/\/reveil-info.net\/wp-content\/uploads\/2026\/04\/685239287_1017621724570330_101677848207938278_n.jpg 2048w, https:\/\/reveil-info.net\/wp-content\/uploads\/2026\/04\/685239287_1017621724570330_101677848207938278_n-300x200.jpg 300w, https:\/\/reveil-info.net\/wp-content\/uploads\/2026\/04\/685239287_1017621724570330_101677848207938278_n-1024x683.jpg 1024w, https:\/\/reveil-info.net\/wp-content\/uploads\/2026\/04\/685239287_1017621724570330_101677848207938278_n-768x512.jpg 768w, https:\/\/reveil-info.net\/wp-content\/uploads\/2026\/04\/685239287_1017621724570330_101677848207938278_n-1536x1024.jpg 1536w\" sizes=\"auto, (max-width: 2048px) 100vw, 2048px\" \/><\/a><\/p>\n<p>Elle a \u00e9galement pr\u00e9cis\u00e9 que l\u2019\u00e9v\u00e9nement est plac\u00e9 sous le haut patronage de Son Excellence Monsieur le Premier Ministre, Chef du Gouvernement, avec la copr\u00e9sidence de Monsieur Jacques Sosth\u00e8ne DINGARA, Ministre de l\u2019Enseignement de base, de l\u2019Alphab\u00e9tisation et de la Promotion des langues nationales, de Monsieur Moumouni ZOUNGRANA, Ministre de l\u2019Enseignement secondaire, de la Formation professionnelle et technique, ainsi que de Madame Annick PIKBOUGOUM\/ZINGU\u00c9 OUATTARA, Ministre des Sports, de la Jeunesse et de l\u2019Emploi. Des anciens \u00e9l\u00e8ves de l\u2019\u00e9tablissement ont \u00e9galement \u00e9t\u00e9 d\u00e9sign\u00e9s parrains de cette c\u00e9l\u00e9bration.<br \/>\nRevenant sur le choix du th\u00e8me, Madame Agueratou ZONGO\/SAWADOGO a expliqu\u00e9 qu\u2019il se veut une synth\u00e8se fid\u00e8le de l\u2019histoire, des valeurs et des traditions du Groupe Scolaire Saint Viateur. Il conf\u00e8re \u00e0 ce jubil\u00e9 une dimension \u00e0 la fois m\u00e9morielle, \u00e9ducative, citoyenne et prospective, en parfaite coh\u00e9rence avec le projet \u00e9ducatif viatorien et les d\u00e9fis actuels du Burkina Faso.<\/p>\n<p><a href=\"https:\/\/reveil-info.net\/?attachment_id=50796\" rel=\"attachment wp-att-50796\"><img loading=\"lazy\" decoding=\"async\" class=\"aligncenter size-full wp-image-50796\" src=\"https:\/\/reveil-info.net\/wp-content\/uploads\/2026\/04\/685374436_1017621657903670_4107172034692852544_n.jpg\" alt=\"\" width=\"2048\" height=\"1365\" srcset=\"https:\/\/reveil-info.net\/wp-content\/uploads\/2026\/04\/685374436_1017621657903670_4107172034692852544_n.jpg 2048w, https:\/\/reveil-info.net\/wp-content\/uploads\/2026\/04\/685374436_1017621657903670_4107172034692852544_n-300x200.jpg 300w, https:\/\/reveil-info.net\/wp-content\/uploads\/2026\/04\/685374436_1017621657903670_4107172034692852544_n-1024x683.jpg 1024w, https:\/\/reveil-info.net\/wp-content\/uploads\/2026\/04\/685374436_1017621657903670_4107172034692852544_n-768x512.jpg 768w, https:\/\/reveil-info.net\/wp-content\/uploads\/2026\/04\/685374436_1017621657903670_4107172034692852544_n-1536x1024.jpg 1536w\" sizes=\"auto, (max-width: 2048px) 100vw, 2048px\" \/><\/a><br \/>\n\u00c0 travers cette comm\u00e9moration, le GSSV entend c\u00e9l\u00e9brer un quart de si\u00e8cle d\u2019engagement \u00e9ducatif fond\u00e9 sur des valeurs solides. La pr\u00e9sidente du comit\u00e9 d\u2019organisation a soulign\u00e9 que cette c\u00e9l\u00e9bration ne se veut pas un simple \u00e9v\u00e9nement festif, mais un processus structur\u00e9 autour d\u2019activit\u00e9s spirituelles, acad\u00e9miques, culturelles et sportives.<br \/>\nParmi les temps forts annonc\u00e9s figurent un colloque scientifique, une journ\u00e9e de reconnaissance, plusieurs comp\u00e9titions sportives, une grande kermesse, une messe d\u2019action de gr\u00e2ce, une soir\u00e9e cin\u00e9matographique ainsi qu\u2019un d\u00eener gala.<br \/>\nAu-del\u00e0 de l\u2019aspect comm\u00e9moratif, ce jubil\u00e9 vise \u00e9galement \u00e0 mobiliser les partenaires autour de projets d\u2019am\u00e9lioration du cadre de vie scolaire, notamment la construction de blocs de toilettes modernes au primaire et au secondaire, le pavage de la cour, le renforcement de l\u2019\u00e9clairage ainsi que l\u2019acquisition de mobilier scolaire.<br \/>\nPrenant la parole, le Directeur g\u00e9n\u00e9ral du Groupe Scolaire Saint Viateur, Fr\u00e8re Hermann BAMOUNI, a exprim\u00e9 sa gratitude \u00e0 l\u2019endroit des parents d\u2019\u00e9l\u00e8ves, des anciens \u00e9l\u00e8ves et de l\u2019ensemble des partenaires pour leur engagement constant. Il a \u00e9galement salu\u00e9 la mobilisation des professionnels des m\u00e9dias, tout en les invitant \u00e0 accompagner l\u2019\u00e9tablissement pour une meilleure visibilit\u00e9 de cet \u00e9v\u00e9nement.<\/p>\n<p><a href=\"https:\/\/reveil-info.net\/?attachment_id=50798\" rel=\"attachment wp-att-50798\"><img loading=\"lazy\" decoding=\"async\" class=\"aligncenter size-full wp-image-50798\" src=\"https:\/\/reveil-info.net\/wp-content\/uploads\/2026\/04\/687666342_1017621857903650_1420077157383536587_n.jpg\" alt=\"\" width=\"2048\" height=\"1365\" srcset=\"https:\/\/reveil-info.net\/wp-content\/uploads\/2026\/04\/687666342_1017621857903650_1420077157383536587_n.jpg 2048w, https:\/\/reveil-info.net\/wp-content\/uploads\/2026\/04\/687666342_1017621857903650_1420077157383536587_n-300x200.jpg 300w, https:\/\/reveil-info.net\/wp-content\/uploads\/2026\/04\/687666342_1017621857903650_1420077157383536587_n-1024x683.jpg 1024w, https:\/\/reveil-info.net\/wp-content\/uploads\/2026\/04\/687666342_1017621857903650_1420077157383536587_n-768x512.jpg 768w, https:\/\/reveil-info.net\/wp-content\/uploads\/2026\/04\/687666342_1017621857903650_1420077157383536587_n-1536x1024.jpg 1536w\" sizes=\"auto, (max-width: 2048px) 100vw, 2048px\" \/><\/a><br \/>\n<strong>Programme g\u00e9n\u00e9ral des activit\u00e9s<\/strong><br \/>\n25 avril : Comp\u00e9tition inter-\u00e9coles catholiques (football)<br \/>\n07 mai : Cross populaire et s\u00e9ance a\u00e9robique<br \/>\n09 mai : Comp\u00e9tition inter-promotions<br \/>\n11 et 12 mai : Colloque scientifique<br \/>\n12 mai : Journ\u00e9e de reconnaissance et finale inter-\u00e9coles<br \/>\n13 mai : Finale inter-promotions<br \/>\n15 mai : Match de gala de basketball et jeux<br \/>\n15 et 16 mai : Kermesse et journ\u00e9e carri\u00e8re<br \/>\n16 mai : Messe d\u2019action de gr\u00e2ce<br \/>\n22 mai : Soir\u00e9e cin\u00e9matographique<br \/>\n27 mai : Journ\u00e9e d\u2019excellence scolaire et d\u00eener gala<br \/>\n\u00c0 noter que, hormis le d\u00eener gala, toutes les activit\u00e9s se d\u00e9rouleront au sein du Groupe Scolaire Saint Viateur.<\/p>\n<p><strong>Le service de communication SNEC<\/strong><\/p>\n<p><strong>Reveil-info<\/strong><\/p>\n","protected":false},"excerpt":{"rendered":"<p>Dans le cadre des pr\u00e9paratifs de la c\u00e9l\u00e9bration de son jubil\u00e9 d\u2019argent marquant ses 25<\/p>\n","protected":false},"author":1,"featured_media":0,"comment_status":"open","ping_status":"open","sticky":false,"template":"","format":"standard","meta":{"footnotes":""},"categories":[2],"tags":[],"class_list":["post-50787","post","type-post","status-publish","format-standard","hentry","category-actu"],"yoast_head":"<!-- This site is optimized with the Yoast SEO plugin v27.5 - https:\/\/yoast.com\/product\/yoast-seo-wordpress\/ -->\n<title>Jubil\u00e9 d\u2019argent (25 ans) du Groupe Scolaire Saint Viateur : un quart de si\u00e8cle au service de l\u2019excellence \u00e9ducative - R\u00e9veil Info<\/title>\n<meta name=\"robots\" content=\"noindex, follow, max-snippet:-1, max-image-preview:large, max-video-preview:-1\" \/>\n<meta property=\"og:locale\" content=\"fr_FR\" \/>\n<meta property=\"og:type\" content=\"article\" \/>\n<meta property=\"og:title\" content=\"Jubil\u00e9 d\u2019argent (25 ans) du Groupe Scolaire Saint Viateur : un quart de si\u00e8cle au service de l\u2019excellence \u00e9ducative - R\u00e9veil Info\" \/>\n<meta property=\"og:description\" content=\"Dans le cadre des pr\u00e9paratifs de la c\u00e9l\u00e9bration de son jubil\u00e9 d\u2019argent marquant ses 25\" \/>\n<meta property=\"og:url\" content=\"https:\/\/reveil-info.net\/?p=50787\" \/>\n<meta property=\"og:site_name\" content=\"R\u00e9veil Info\" \/>\n<meta property=\"article:published_time\" content=\"2026-04-30T10:45:05+00:00\" \/>\n<meta property=\"og:image\" content=\"https:\/\/reveil-info.net\/wp-content\/uploads\/2026\/04\/685105647_1017621244570378_3717267986882460766_n.jpg\" \/>\n\t<meta property=\"og:image:width\" content=\"2048\" \/>\n\t<meta property=\"og:image:height\" content=\"1365\" \/>\n\t<meta property=\"og:image:type\" content=\"image\/jpeg\" \/>\n<meta name=\"author\" content=\"R\u00e9veil info\" \/>\n<meta name=\"twitter:card\" content=\"summary_large_image\" \/>\n<meta name=\"twitter:label1\" content=\"\u00c9crit par\" \/>\n\t<meta name=\"twitter:data1\" content=\"R\u00e9veil info\" \/>\n\t<meta name=\"twitter:label2\" content=\"Dur\u00e9e de lecture estim\u00e9e\" \/>\n\t<meta name=\"twitter:data2\" content=\"5 minutes\" \/>\n<script type=\"application\/ld+json\" class=\"yoast-schema-graph\">{\"@context\":\"https:\\\/\\\/schema.org\",\"@graph\":[{\"@type\":\"Article\",\"@id\":\"https:\\\/\\\/reveil-info.net\\\/?p=50787#article\",\"isPartOf\":{\"@id\":\"https:\\\/\\\/reveil-info.net\\\/?p=50787\"},\"author\":{\"name\":\"R\u00e9veil info\",\"@id\":\"https:\\\/\\\/reveil-info.net\\\/#\\\/schema\\\/person\\\/ca0cc8e70088e0a2b5e92556c1ee60f5\"},\"headline\":\"Jubil\u00e9 d\u2019argent (25 ans) du Groupe Scolaire Saint Viateur : un quart de si\u00e8cle au service de l\u2019excellence \u00e9ducative\",\"datePublished\":\"2026-04-30T10:45:05+00:00\",\"mainEntityOfPage\":{\"@id\":\"https:\\\/\\\/reveil-info.net\\\/?p=50787\"},\"wordCount\":777,\"commentCount\":0,\"publisher\":{\"@id\":\"https:\\\/\\\/reveil-info.net\\\/#organization\"},\"image\":{\"@id\":\"https:\\\/\\\/reveil-info.net\\\/?p=50787#primaryimage\"},\"thumbnailUrl\":\"https:\\\/\\\/reveil-info.net\\\/wp-content\\\/uploads\\\/2026\\\/04\\\/685105647_1017621244570378_3717267986882460766_n.jpg\",\"articleSection\":[\"Actualit\u00e9\"],\"inLanguage\":\"fr-FR\",\"potentialAction\":[{\"@type\":\"CommentAction\",\"name\":\"Comment\",\"target\":[\"https:\\\/\\\/reveil-info.net\\\/?p=50787#respond\"]}]},{\"@type\":\"WebPage\",\"@id\":\"https:\\\/\\\/reveil-info.net\\\/?p=50787\",\"url\":\"https:\\\/\\\/reveil-info.net\\\/?p=50787\",\"name\":\"Jubil\u00e9 d\u2019argent (25 ans) du Groupe Scolaire Saint Viateur : un quart de si\u00e8cle au service de l\u2019excellence \u00e9ducative - R\u00e9veil Info\",\"isPartOf\":{\"@id\":\"https:\\\/\\\/reveil-info.net\\\/#website\"},\"primaryImageOfPage\":{\"@id\":\"https:\\\/\\\/reveil-info.net\\\/?p=50787#primaryimage\"},\"image\":{\"@id\":\"https:\\\/\\\/reveil-info.net\\\/?p=50787#primaryimage\"},\"thumbnailUrl\":\"https:\\\/\\\/reveil-info.net\\\/wp-content\\\/uploads\\\/2026\\\/04\\\/685105647_1017621244570378_3717267986882460766_n.jpg\",\"datePublished\":\"2026-04-30T10:45:05+00:00\",\"breadcrumb\":{\"@id\":\"https:\\\/\\\/reveil-info.net\\\/?p=50787#breadcrumb\"},\"inLanguage\":\"fr-FR\",\"potentialAction\":[{\"@type\":\"ReadAction\",\"target\":[\"https:\\\/\\\/reveil-info.net\\\/?p=50787\"]}]},{\"@type\":\"ImageObject\",\"inLanguage\":\"fr-FR\",\"@id\":\"https:\\\/\\\/reveil-info.net\\\/?p=50787#primaryimage\",\"url\":\"https:\\\/\\\/reveil-info.net\\\/wp-content\\\/uploads\\\/2026\\\/04\\\/685105647_1017621244570378_3717267986882460766_n.jpg\",\"contentUrl\":\"https:\\\/\\\/reveil-info.net\\\/wp-content\\\/uploads\\\/2026\\\/04\\\/685105647_1017621244570378_3717267986882460766_n.jpg\",\"width\":2048,\"height\":1365},{\"@type\":\"BreadcrumbList\",\"@id\":\"https:\\\/\\\/reveil-info.net\\\/?p=50787#breadcrumb\",\"itemListElement\":[{\"@type\":\"ListItem\",\"position\":1,\"name\":\"Home\",\"item\":\"https:\\\/\\\/reveil-info.net\\\/\"},{\"@type\":\"ListItem\",\"position\":2,\"name\":\"Jubil\u00e9 d\u2019argent (25 ans) du Groupe Scolaire Saint Viateur : un quart de si\u00e8cle au service de l\u2019excellence \u00e9ducative\"}]},{\"@type\":\"WebSite\",\"@id\":\"https:\\\/\\\/reveil-info.net\\\/#website\",\"url\":\"https:\\\/\\\/reveil-info.net\\\/\",\"name\":\"R\u00e9veil Info\",\"description\":\"Le devoir d&#039;informer!\",\"publisher\":{\"@id\":\"https:\\\/\\\/reveil-info.net\\\/#organization\"},\"potentialAction\":[{\"@type\":\"SearchAction\",\"target\":{\"@type\":\"EntryPoint\",\"urlTemplate\":\"https:\\\/\\\/reveil-info.net\\\/?s={search_term_string}\"},\"query-input\":{\"@type\":\"PropertyValueSpecification\",\"valueRequired\":true,\"valueName\":\"search_term_string\"}}],\"inLanguage\":\"fr-FR\"},{\"@type\":\"Organization\",\"@id\":\"https:\\\/\\\/reveil-info.net\\\/#organization\",\"name\":\"R\u00e9veil Info\",\"url\":\"https:\\\/\\\/reveil-info.net\\\/\",\"logo\":{\"@type\":\"ImageObject\",\"inLanguage\":\"fr-FR\",\"@id\":\"https:\\\/\\\/reveil-info.net\\\/#\\\/schema\\\/logo\\\/image\\\/\",\"url\":\"https:\\\/\\\/reveil-info.net\\\/wp-content\\\/uploads\\\/2024\\\/07\\\/bnddd1.jpg\",\"contentUrl\":\"https:\\\/\\\/reveil-info.net\\\/wp-content\\\/uploads\\\/2024\\\/07\\\/bnddd1.jpg\",\"width\":903,\"height\":125,\"caption\":\"R\u00e9veil Info\"},\"image\":{\"@id\":\"https:\\\/\\\/reveil-info.net\\\/#\\\/schema\\\/logo\\\/image\\\/\"}},{\"@type\":\"Person\",\"@id\":\"https:\\\/\\\/reveil-info.net\\\/#\\\/schema\\\/person\\\/ca0cc8e70088e0a2b5e92556c1ee60f5\",\"name\":\"R\u00e9veil info\",\"image\":{\"@type\":\"ImageObject\",\"inLanguage\":\"fr-FR\",\"@id\":\"https:\\\/\\\/secure.gravatar.com\\\/avatar\\\/e4ad5bb743c8b6cb174d9df6c7d30a8a16f6889731241345fc6444e6485f02af?s=96&d=mm&r=g\",\"url\":\"https:\\\/\\\/secure.gravatar.com\\\/avatar\\\/e4ad5bb743c8b6cb174d9df6c7d30a8a16f6889731241345fc6444e6485f02af?s=96&d=mm&r=g\",\"contentUrl\":\"https:\\\/\\\/secure.gravatar.com\\\/avatar\\\/e4ad5bb743c8b6cb174d9df6c7d30a8a16f6889731241345fc6444e6485f02af?s=96&d=mm&r=g\",\"caption\":\"R\u00e9veil info\"},\"sameAs\":[\"https:\\\/\\\/reveil-info.net\"],\"url\":\"https:\\\/\\\/reveil-info.net\\\/?author=1\"}]}<\/script>\n<!-- \/ Yoast SEO plugin. -->","yoast_head_json":{"title":"Jubil\u00e9 d\u2019argent (25 ans) du Groupe Scolaire Saint Viateur : un quart de si\u00e8cle au service de l\u2019excellence \u00e9ducative - R\u00e9veil Info","robots":{"index":"noindex","follow":"follow","max-snippet":"max-snippet:-1","max-image-preview":"max-image-preview:large","max-video-preview":"max-video-preview:-1"},"og_locale":"fr_FR","og_type":"article","og_title":"Jubil\u00e9 d\u2019argent (25 ans) du Groupe Scolaire Saint Viateur : un quart de si\u00e8cle au service de l\u2019excellence \u00e9ducative - R\u00e9veil Info","og_description":"Dans le cadre des pr\u00e9paratifs de la c\u00e9l\u00e9bration de son jubil\u00e9 d\u2019argent marquant ses 25","og_url":"https:\/\/reveil-info.net\/?p=50787","og_site_name":"R\u00e9veil Info","article_published_time":"2026-04-30T10:45:05+00:00","og_image":[{"width":2048,"height":1365,"url":"https:\/\/reveil-info.net\/wp-content\/uploads\/2026\/04\/685105647_1017621244570378_3717267986882460766_n.jpg","type":"image\/jpeg"}],"author":"R\u00e9veil info","twitter_card":"summary_large_image","twitter_misc":{"\u00c9crit par":"R\u00e9veil info","Dur\u00e9e de lecture estim\u00e9e":"5 minutes"},"schema":{"@context":"https:\/\/schema.org","@graph":[{"@type":"Article","@id":"https:\/\/reveil-info.net\/?p=50787#article","isPartOf":{"@id":"https:\/\/reveil-info.net\/?p=50787"},"author":{"name":"R\u00e9veil info","@id":"https:\/\/reveil-info.net\/#\/schema\/person\/ca0cc8e70088e0a2b5e92556c1ee60f5"},"headline":"Jubil\u00e9 d\u2019argent (25 ans) du Groupe Scolaire Saint Viateur : un quart de si\u00e8cle au service de l\u2019excellence \u00e9ducative","datePublished":"2026-04-30T10:45:05+00:00","mainEntityOfPage":{"@id":"https:\/\/reveil-info.net\/?p=50787"},"wordCount":777,"commentCount":0,"publisher":{"@id":"https:\/\/reveil-info.net\/#organization"},"image":{"@id":"https:\/\/reveil-info.net\/?p=50787#primaryimage"},"thumbnailUrl":"https:\/\/reveil-info.net\/wp-content\/uploads\/2026\/04\/685105647_1017621244570378_3717267986882460766_n.jpg","articleSection":["Actualit\u00e9"],"inLanguage":"fr-FR","potentialAction":[{"@type":"CommentAction","name":"Comment","target":["https:\/\/reveil-info.net\/?p=50787#respond"]}]},{"@type":"WebPage","@id":"https:\/\/reveil-info.net\/?p=50787","url":"https:\/\/reveil-info.net\/?p=50787","name":"Jubil\u00e9 d\u2019argent (25 ans) du Groupe Scolaire Saint Viateur : un quart de si\u00e8cle au service de l\u2019excellence \u00e9ducative - R\u00e9veil Info","isPartOf":{"@id":"https:\/\/reveil-info.net\/#website"},"primaryImageOfPage":{"@id":"https:\/\/reveil-info.net\/?p=50787#primaryimage"},"image":{"@id":"https:\/\/reveil-info.net\/?p=50787#primaryimage"},"thumbnailUrl":"https:\/\/reveil-info.net\/wp-content\/uploads\/2026\/04\/685105647_1017621244570378_3717267986882460766_n.jpg","datePublished":"2026-04-30T10:45:05+00:00","breadcrumb":{"@id":"https:\/\/reveil-info.net\/?p=50787#breadcrumb"},"inLanguage":"fr-FR","potentialAction":[{"@type":"ReadAction","target":["https:\/\/reveil-info.net\/?p=50787"]}]},{"@type":"ImageObject","inLanguage":"fr-FR","@id":"https:\/\/reveil-info.net\/?p=50787#primaryimage","url":"https:\/\/reveil-info.net\/wp-content\/uploads\/2026\/04\/685105647_1017621244570378_3717267986882460766_n.jpg","contentUrl":"https:\/\/reveil-info.net\/wp-content\/uploads\/2026\/04\/685105647_1017621244570378_3717267986882460766_n.jpg","width":2048,"height":1365},{"@type":"BreadcrumbList","@id":"https:\/\/reveil-info.net\/?p=50787#breadcrumb","itemListElement":[{"@type":"ListItem","position":1,"name":"Home","item":"https:\/\/reveil-info.net\/"},{"@type":"ListItem","position":2,"name":"Jubil\u00e9 d\u2019argent (25 ans) du Groupe Scolaire Saint Viateur : un quart de si\u00e8cle au service de l\u2019excellence \u00e9ducative"}]},{"@type":"WebSite","@id":"https:\/\/reveil-info.net\/#website","url":"https:\/\/reveil-info.net\/","name":"R\u00e9veil Info","description":"Le devoir d&#039;informer!","publisher":{"@id":"https:\/\/reveil-info.net\/#organization"},"potentialAction":[{"@type":"SearchAction","target":{"@type":"EntryPoint","urlTemplate":"https:\/\/reveil-info.net\/?s={search_term_string}"},"query-input":{"@type":"PropertyValueSpecification","valueRequired":true,"valueName":"search_term_string"}}],"inLanguage":"fr-FR"},{"@type":"Organization","@id":"https:\/\/reveil-info.net\/#organization","name":"R\u00e9veil Info","url":"https:\/\/reveil-info.net\/","logo":{"@type":"ImageObject","inLanguage":"fr-FR","@id":"https:\/\/reveil-info.net\/#\/schema\/logo\/image\/","url":"https:\/\/reveil-info.net\/wp-content\/uploads\/2024\/07\/bnddd1.jpg","contentUrl":"https:\/\/reveil-info.net\/wp-content\/uploads\/2024\/07\/bnddd1.jpg","width":903,"height":125,"caption":"R\u00e9veil Info"},"image":{"@id":"https:\/\/reveil-info.net\/#\/schema\/logo\/image\/"}},{"@type":"Person","@id":"https:\/\/reveil-info.net\/#\/schema\/person\/ca0cc8e70088e0a2b5e92556c1ee60f5","name":"R\u00e9veil info","image":{"@type":"ImageObject","inLanguage":"fr-FR","@id":"https:\/\/secure.gravatar.com\/avatar\/e4ad5bb743c8b6cb174d9df6c7d30a8a16f6889731241345fc6444e6485f02af?s=96&d=mm&r=g","url":"https:\/\/secure.gravatar.com\/avatar\/e4ad5bb743c8b6cb174d9df6c7d30a8a16f6889731241345fc6444e6485f02af?s=96&d=mm&r=g","contentUrl":"https:\/\/secure.gravatar.com\/avatar\/e4ad5bb743c8b6cb174d9df6c7d30a8a16f6889731241345fc6444e6485f02af?s=96&d=mm&r=g","caption":"R\u00e9veil info"},"sameAs":["https:\/\/reveil-info.net"],"url":"https:\/\/reveil-info.net\/?author=1"}]}},"jetpack_featured_media_url":"","featured_image_urls":{"full":"","thumbnail":"","medium":"","medium_large":"","large":"","1536x1536":"","2048x2048":"","chromenews-featured":"","chromenews-large":"","chromenews-medium":""},"author_info":{"display_name":"R\u00e9veil info","author_link":"https:\/\/reveil-info.net\/?author=1"},"category_info":"<a href=\"https:\/\/reveil-info.net\/?cat=2\" rel=\"category\">Actualit\u00e9<\/a>","tag_info":"Actualit\u00e9","comment_count":"0","_links":{"self":[{"href":"https:\/\/reveil-info.net\/index.php?rest_route=\/wp\/v2\/posts\/50787","targetHints":{"allow":["GET"]}}],"collection":[{"href":"https:\/\/reveil-info.net\/index.php?rest_route=\/wp\/v2\/posts"}],"about":[{"href":"https:\/\/reveil-info.net\/index.php?rest_route=\/wp\/v2\/types\/post"}],"author":[{"embeddable":true,"href":"https:\/\/reveil-info.net\/index.php?rest_route=\/wp\/v2\/users\/1"}],"replies":[{"embeddable":true,"href":"https:\/\/reveil-info.net\/index.php?rest_route=%2Fwp%2Fv2%2Fcomments&post=50787"}],"version-history":[{"count":8,"href":"https:\/\/reveil-info.net\/index.php?rest_route=\/wp\/v2\/posts\/50787\/revisions"}],"predecessor-version":[{"id":50799,"href":"https:\/\/reveil-info.net\/index.php?rest_route=\/wp\/v2\/posts\/50787\/revisions\/50799"}],"wp:attachment":[{"href":"https:\/\/reveil-info.net\/index.php?rest_route=%2Fwp%2Fv2%2Fmedia&parent=50787"}],"wp:term":[{"taxonomy":"category","embeddable":true,"href":"https:\/\/reveil-info.net\/index.php?rest_route=%2Fwp%2Fv2%2Fcategories&post=50787"},{"taxonomy":"post_tag","embeddable":true,"href":"https:\/\/reveil-info.net\/index.php?rest_route=%2Fwp%2Fv2%2Ftags&post=50787"}],"curies":[{"name":"wp","href":"https:\/\/api.w.org\/{rel}","templated":true}]}}