{"id":50751,"date":"2026-04-29T18:16:53","date_gmt":"2026-04-29T18:16:53","guid":{"rendered":"https:\/\/reveil-info.net\/?p=50751"},"modified":"2026-04-29T18:16:53","modified_gmt":"2026-04-29T18:16:53","slug":"mali-rencontre-du-conseil-superieur-de-la-defense-nationale","status":"publish","type":"post","link":"https:\/\/reveil-info.net\/?p=50751","title":{"rendered":"Mali : rencontre du Conseil sup\u00e9rieur de la d\u00e9fense nationale"},"content":{"rendered":"<p>CONSEIL SUP\u00c9RIEUR DE LA D\u00c9FENSE NATIONALE : Le G\u00e9n\u00e9ral d\u2019Arm\u00e9e Assimi GO\u00cfTA fixe les orientations strat\u00e9giques apr\u00e8s les attaques du 25 avril<\/p>\n<p><a href=\"https:\/\/reveil-info.net\/?attachment_id=50745\" rel=\"attachment wp-att-50745\"><img loading=\"lazy\" decoding=\"async\" class=\"aligncenter size-full wp-image-50745\" src=\"https:\/\/reveil-info.net\/wp-content\/uploads\/2026\/04\/1777486112150.jpg\" alt=\"\" width=\"720\" height=\"480\" srcset=\"https:\/\/reveil-info.net\/wp-content\/uploads\/2026\/04\/1777486112150.jpg 720w, https:\/\/reveil-info.net\/wp-content\/uploads\/2026\/04\/1777486112150-300x200.jpg 300w\" sizes=\"auto, (max-width: 720px) 100vw, 720px\" \/><\/a><\/p>\n<p>Ce mercredi 29 avril 2026, le Pr\u00e9sident de la Transition, Chef de l\u2019\u00c9tat et Chef supr\u00eame des Arm\u00e9es, le G\u00e9n\u00e9ral d\u2019Arm\u00e9e Assimi GO\u00cfTA, a pr\u00e9sid\u00e9 une session du Conseil sup\u00e9rieur de la D\u00e9fense nationale consacr\u00e9e \u00e0 l\u2019\u00e9valuation de la situation s\u00e9curitaire sur l\u2019ensemble du territoire national, avec une attention particuli\u00e8re port\u00e9e aux attaques coordonn\u00e9es du 25 avril 2026.<\/p>\n<p>La rencontre s\u2019est tenue en pr\u00e9sence du Premier ministre, du Ministre de la S\u00e9curit\u00e9 et de la Protection civile, des membres du Gouvernement et du Chef d\u2019\u00c9tat-major g\u00e9n\u00e9ral des Arm\u00e9es.<\/p>\n<p><a href=\"https:\/\/reveil-info.net\/?attachment_id=50747\" rel=\"attachment wp-att-50747\"><img loading=\"lazy\" decoding=\"async\" class=\"aligncenter size-full wp-image-50747\" src=\"https:\/\/reveil-info.net\/wp-content\/uploads\/2026\/04\/1777485988386.jpg\" alt=\"\" width=\"720\" height=\"480\" srcset=\"https:\/\/reveil-info.net\/wp-content\/uploads\/2026\/04\/1777485988386.jpg 720w, https:\/\/reveil-info.net\/wp-content\/uploads\/2026\/04\/1777485988386-300x200.jpg 300w\" sizes=\"auto, (max-width: 720px) 100vw, 720px\" \/><\/a><\/p>\n<p>\u00c0 l\u2019issue des travaux, le Ministre de la S\u00e9curit\u00e9 et de la Protection civile, le G\u00e9n\u00e9ral de Division Daoud Aly MOHAMMEDINE, a accord\u00e9 une d\u00e9claration \u00e0 la presse. Il a exprim\u00e9 les condol\u00e9ances les plus attrist\u00e9es de la Nation \u00e0 l\u2019endroit des victimes des \u00e9v\u00e9nements du 25 avril, tout en saluant la m\u00e9moire du Ministre d\u2019\u00c9tat, Ministre de la D\u00e9fense et des Anciens Combattants, le G\u00e9n\u00e9ral de Corps d\u2019Arm\u00e9e Sadio CAMARA, tomb\u00e9 au service de la Patrie. Il a rendu hommage \u00e0 son engagement exemplaire et \u00e0 son sacrifice supr\u00eame pour la d\u00e9fense de l\u2019int\u00e9grit\u00e9 territoriale et de la souverainet\u00e9 nationale.<\/p>\n<p><a href=\"https:\/\/reveil-info.net\/?attachment_id=50748\" rel=\"attachment wp-att-50748\"><img loading=\"lazy\" decoding=\"async\" class=\"aligncenter size-full wp-image-50748\" src=\"https:\/\/reveil-info.net\/wp-content\/uploads\/2026\/04\/1777485996011.jpg\" alt=\"\" width=\"720\" height=\"480\" srcset=\"https:\/\/reveil-info.net\/wp-content\/uploads\/2026\/04\/1777485996011.jpg 720w, https:\/\/reveil-info.net\/wp-content\/uploads\/2026\/04\/1777485996011-300x200.jpg 300w\" sizes=\"auto, (max-width: 720px) 100vw, 720px\" \/><\/a><br \/>\nLe Ministre de la S\u00e9curit\u00e9 et de la Protection civile a indiqu\u00e9 que les attaques simultan\u00e9es perp\u00e9tr\u00e9es contre plusieurs localit\u00e9s du pays avaient \u00e9t\u00e9 minutieusement pr\u00e9par\u00e9es par les groupes arm\u00e9es terroristes, avec des objectifs strat\u00e9giques clairement d\u00e9finis. Toutefois, gr\u00e2ce \u00e0 la r\u00e9activit\u00e9, \u00e0 la d\u00e9termination et au professionnalisme des Forces arm\u00e9es et de s\u00e9curit\u00e9, les assaillants ont subi d\u2019importantes pertes humaines et mat\u00e9rielles avant d\u2019\u00eatre contraints au repli.<\/p>\n<p>Le Conseil sup\u00e9rieur de la D\u00e9fense nationale a proc\u00e9d\u00e9 \u00e0 une analyse approfondie de la situation s\u00e9curitaire. \u00c0 cette occasion, le Chef supr\u00eame des Arm\u00e9es a formul\u00e9 seize orientations strat\u00e9giques destin\u00e9es \u00e0 renforcer davantage le dispositif national de d\u00e9fense et de s\u00e9curit\u00e9.<\/p>\n<p><a href=\"https:\/\/reveil-info.net\/?attachment_id=50749\" rel=\"attachment wp-att-50749\"><img loading=\"lazy\" decoding=\"async\" class=\"aligncenter size-full wp-image-50749\" src=\"https:\/\/reveil-info.net\/wp-content\/uploads\/2026\/04\/1777485999881.jpg\" alt=\"\" width=\"720\" height=\"480\" srcset=\"https:\/\/reveil-info.net\/wp-content\/uploads\/2026\/04\/1777485999881.jpg 720w, https:\/\/reveil-info.net\/wp-content\/uploads\/2026\/04\/1777485999881-300x200.jpg 300w\" sizes=\"auto, (max-width: 720px) 100vw, 720px\" \/><\/a><\/p>\n<p>Le G\u00e9n\u00e9ral de Division Daoud Aly MOHAMMEDINE a assur\u00e9 que la situation demeure sous contr\u00f4le sur l\u2019ensemble du territoire national. Il a \u00e9galement salu\u00e9 la mobilisation patriotique des populations ainsi que leur contribution d\u00e9terminante \u00e0 travers le renseignement op\u00e9rationnel.<\/p>\n<p>Enfin, le Ministre a invit\u00e9 les citoyens au calme, \u00e0 la vigilance et \u00e0 la coh\u00e9sion nationale, tout en exhortant les populations \u00e0 se r\u00e9f\u00e9rer exclusivement aux canaux officiels de communication face aux campagnes de d\u00e9sinformation relay\u00e9es sur les r\u00e9seaux sociaux.<\/p>\n<p>Source : pr\u00e9sidence<\/p>\n<p>Reveil-info<\/p>\n","protected":false},"excerpt":{"rendered":"<p>CONSEIL SUP\u00c9RIEUR DE LA D\u00c9FENSE NATIONALE : Le G\u00e9n\u00e9ral d\u2019Arm\u00e9e Assimi GO\u00cfTA fixe les orientations<\/p>\n","protected":false},"author":1,"featured_media":0,"comment_status":"open","ping_status":"open","sticky":false,"template":"","format":"standard","meta":{"footnotes":""},"categories":[2,47],"tags":[],"class_list":["post-50751","post","type-post","status-publish","format-standard","hentry","category-actu","category-aes"],"yoast_head":"<!-- This site is optimized with the Yoast SEO plugin v27.5 - https:\/\/yoast.com\/product\/yoast-seo-wordpress\/ -->\n<title>Mali : rencontre du Conseil sup\u00e9rieur de la d\u00e9fense nationale - R\u00e9veil Info<\/title>\n<meta name=\"robots\" content=\"noindex, follow, max-snippet:-1, max-image-preview:large, max-video-preview:-1\" \/>\n<meta property=\"og:locale\" content=\"fr_FR\" \/>\n<meta property=\"og:type\" content=\"article\" \/>\n<meta property=\"og:title\" content=\"Mali : rencontre du Conseil sup\u00e9rieur de la d\u00e9fense nationale - R\u00e9veil Info\" \/>\n<meta property=\"og:description\" content=\"CONSEIL SUP\u00c9RIEUR DE LA D\u00c9FENSE NATIONALE : Le G\u00e9n\u00e9ral d\u2019Arm\u00e9e Assimi GO\u00cfTA fixe les orientations\" \/>\n<meta property=\"og:url\" content=\"https:\/\/reveil-info.net\/?p=50751\" \/>\n<meta property=\"og:site_name\" content=\"R\u00e9veil Info\" \/>\n<meta property=\"article:published_time\" content=\"2026-04-29T18:16:53+00:00\" \/>\n<meta property=\"og:image\" content=\"https:\/\/reveil-info.net\/wp-content\/uploads\/2026\/04\/1777486112150.jpg\" \/>\n\t<meta property=\"og:image:width\" content=\"720\" \/>\n\t<meta property=\"og:image:height\" content=\"480\" \/>\n\t<meta property=\"og:image:type\" content=\"image\/jpeg\" \/>\n<meta name=\"author\" content=\"R\u00e9veil info\" \/>\n<meta name=\"twitter:card\" content=\"summary_large_image\" \/>\n<meta name=\"twitter:label1\" content=\"\u00c9crit par\" \/>\n\t<meta name=\"twitter:data1\" content=\"R\u00e9veil info\" \/>\n\t<meta name=\"twitter:label2\" content=\"Dur\u00e9e de lecture estim\u00e9e\" \/>\n\t<meta name=\"twitter:data2\" content=\"3 minutes\" \/>\n<script type=\"application\/ld+json\" class=\"yoast-schema-graph\">{\"@context\":\"https:\\\/\\\/schema.org\",\"@graph\":[{\"@type\":\"Article\",\"@id\":\"https:\\\/\\\/reveil-info.net\\\/?p=50751#article\",\"isPartOf\":{\"@id\":\"https:\\\/\\\/reveil-info.net\\\/?p=50751\"},\"author\":{\"name\":\"R\u00e9veil info\",\"@id\":\"https:\\\/\\\/reveil-info.net\\\/#\\\/schema\\\/person\\\/ca0cc8e70088e0a2b5e92556c1ee60f5\"},\"headline\":\"Mali : rencontre du Conseil sup\u00e9rieur de la d\u00e9fense nationale\",\"datePublished\":\"2026-04-29T18:16:53+00:00\",\"mainEntityOfPage\":{\"@id\":\"https:\\\/\\\/reveil-info.net\\\/?p=50751\"},\"wordCount\":489,\"commentCount\":0,\"publisher\":{\"@id\":\"https:\\\/\\\/reveil-info.net\\\/#organization\"},\"image\":{\"@id\":\"https:\\\/\\\/reveil-info.net\\\/?p=50751#primaryimage\"},\"thumbnailUrl\":\"https:\\\/\\\/reveil-info.net\\\/wp-content\\\/uploads\\\/2026\\\/04\\\/1777486112150.jpg\",\"articleSection\":[\"Actualit\u00e9\",\"AES\"],\"inLanguage\":\"fr-FR\",\"potentialAction\":[{\"@type\":\"CommentAction\",\"name\":\"Comment\",\"target\":[\"https:\\\/\\\/reveil-info.net\\\/?p=50751#respond\"]}]},{\"@type\":\"WebPage\",\"@id\":\"https:\\\/\\\/reveil-info.net\\\/?p=50751\",\"url\":\"https:\\\/\\\/reveil-info.net\\\/?p=50751\",\"name\":\"Mali : rencontre du Conseil sup\u00e9rieur de la d\u00e9fense nationale - R\u00e9veil Info\",\"isPartOf\":{\"@id\":\"https:\\\/\\\/reveil-info.net\\\/#website\"},\"primaryImageOfPage\":{\"@id\":\"https:\\\/\\\/reveil-info.net\\\/?p=50751#primaryimage\"},\"image\":{\"@id\":\"https:\\\/\\\/reveil-info.net\\\/?p=50751#primaryimage\"},\"thumbnailUrl\":\"https:\\\/\\\/reveil-info.net\\\/wp-content\\\/uploads\\\/2026\\\/04\\\/1777486112150.jpg\",\"datePublished\":\"2026-04-29T18:16:53+00:00\",\"breadcrumb\":{\"@id\":\"https:\\\/\\\/reveil-info.net\\\/?p=50751#breadcrumb\"},\"inLanguage\":\"fr-FR\",\"potentialAction\":[{\"@type\":\"ReadAction\",\"target\":[\"https:\\\/\\\/reveil-info.net\\\/?p=50751\"]}]},{\"@type\":\"ImageObject\",\"inLanguage\":\"fr-FR\",\"@id\":\"https:\\\/\\\/reveil-info.net\\\/?p=50751#primaryimage\",\"url\":\"https:\\\/\\\/reveil-info.net\\\/wp-content\\\/uploads\\\/2026\\\/04\\\/1777486112150.jpg\",\"contentUrl\":\"https:\\\/\\\/reveil-info.net\\\/wp-content\\\/uploads\\\/2026\\\/04\\\/1777486112150.jpg\",\"width\":720,\"height\":480},{\"@type\":\"BreadcrumbList\",\"@id\":\"https:\\\/\\\/reveil-info.net\\\/?p=50751#breadcrumb\",\"itemListElement\":[{\"@type\":\"ListItem\",\"position\":1,\"name\":\"Home\",\"item\":\"https:\\\/\\\/reveil-info.net\\\/\"},{\"@type\":\"ListItem\",\"position\":2,\"name\":\"Mali : rencontre du Conseil sup\u00e9rieur de la d\u00e9fense nationale\"}]},{\"@type\":\"WebSite\",\"@id\":\"https:\\\/\\\/reveil-info.net\\\/#website\",\"url\":\"https:\\\/\\\/reveil-info.net\\\/\",\"name\":\"R\u00e9veil Info\",\"description\":\"Le devoir d&#039;informer!\",\"publisher\":{\"@id\":\"https:\\\/\\\/reveil-info.net\\\/#organization\"},\"potentialAction\":[{\"@type\":\"SearchAction\",\"target\":{\"@type\":\"EntryPoint\",\"urlTemplate\":\"https:\\\/\\\/reveil-info.net\\\/?s={search_term_string}\"},\"query-input\":{\"@type\":\"PropertyValueSpecification\",\"valueRequired\":true,\"valueName\":\"search_term_string\"}}],\"inLanguage\":\"fr-FR\"},{\"@type\":\"Organization\",\"@id\":\"https:\\\/\\\/reveil-info.net\\\/#organization\",\"name\":\"R\u00e9veil Info\",\"url\":\"https:\\\/\\\/reveil-info.net\\\/\",\"logo\":{\"@type\":\"ImageObject\",\"inLanguage\":\"fr-FR\",\"@id\":\"https:\\\/\\\/reveil-info.net\\\/#\\\/schema\\\/logo\\\/image\\\/\",\"url\":\"https:\\\/\\\/reveil-info.net\\\/wp-content\\\/uploads\\\/2024\\\/07\\\/bnddd1.jpg\",\"contentUrl\":\"https:\\\/\\\/reveil-info.net\\\/wp-content\\\/uploads\\\/2024\\\/07\\\/bnddd1.jpg\",\"width\":903,\"height\":125,\"caption\":\"R\u00e9veil Info\"},\"image\":{\"@id\":\"https:\\\/\\\/reveil-info.net\\\/#\\\/schema\\\/logo\\\/image\\\/\"}},{\"@type\":\"Person\",\"@id\":\"https:\\\/\\\/reveil-info.net\\\/#\\\/schema\\\/person\\\/ca0cc8e70088e0a2b5e92556c1ee60f5\",\"name\":\"R\u00e9veil info\",\"image\":{\"@type\":\"ImageObject\",\"inLanguage\":\"fr-FR\",\"@id\":\"https:\\\/\\\/secure.gravatar.com\\\/avatar\\\/e4ad5bb743c8b6cb174d9df6c7d30a8a16f6889731241345fc6444e6485f02af?s=96&d=mm&r=g\",\"url\":\"https:\\\/\\\/secure.gravatar.com\\\/avatar\\\/e4ad5bb743c8b6cb174d9df6c7d30a8a16f6889731241345fc6444e6485f02af?s=96&d=mm&r=g\",\"contentUrl\":\"https:\\\/\\\/secure.gravatar.com\\\/avatar\\\/e4ad5bb743c8b6cb174d9df6c7d30a8a16f6889731241345fc6444e6485f02af?s=96&d=mm&r=g\",\"caption\":\"R\u00e9veil info\"},\"sameAs\":[\"https:\\\/\\\/reveil-info.net\"],\"url\":\"https:\\\/\\\/reveil-info.net\\\/?author=1\"}]}<\/script>\n<!-- \/ Yoast SEO plugin. -->","yoast_head_json":{"title":"Mali : rencontre du Conseil sup\u00e9rieur de la d\u00e9fense nationale - R\u00e9veil Info","robots":{"index":"noindex","follow":"follow","max-snippet":"max-snippet:-1","max-image-preview":"max-image-preview:large","max-video-preview":"max-video-preview:-1"},"og_locale":"fr_FR","og_type":"article","og_title":"Mali : rencontre du Conseil sup\u00e9rieur de la d\u00e9fense nationale - R\u00e9veil Info","og_description":"CONSEIL SUP\u00c9RIEUR DE LA D\u00c9FENSE NATIONALE : Le G\u00e9n\u00e9ral d\u2019Arm\u00e9e Assimi GO\u00cfTA fixe les orientations","og_url":"https:\/\/reveil-info.net\/?p=50751","og_site_name":"R\u00e9veil Info","article_published_time":"2026-04-29T18:16:53+00:00","og_image":[{"width":720,"height":480,"url":"https:\/\/reveil-info.net\/wp-content\/uploads\/2026\/04\/1777486112150.jpg","type":"image\/jpeg"}],"author":"R\u00e9veil info","twitter_card":"summary_large_image","twitter_misc":{"\u00c9crit par":"R\u00e9veil info","Dur\u00e9e de lecture estim\u00e9e":"3 minutes"},"schema":{"@context":"https:\/\/schema.org","@graph":[{"@type":"Article","@id":"https:\/\/reveil-info.net\/?p=50751#article","isPartOf":{"@id":"https:\/\/reveil-info.net\/?p=50751"},"author":{"name":"R\u00e9veil info","@id":"https:\/\/reveil-info.net\/#\/schema\/person\/ca0cc8e70088e0a2b5e92556c1ee60f5"},"headline":"Mali : rencontre du Conseil sup\u00e9rieur de la d\u00e9fense nationale","datePublished":"2026-04-29T18:16:53+00:00","mainEntityOfPage":{"@id":"https:\/\/reveil-info.net\/?p=50751"},"wordCount":489,"commentCount":0,"publisher":{"@id":"https:\/\/reveil-info.net\/#organization"},"image":{"@id":"https:\/\/reveil-info.net\/?p=50751#primaryimage"},"thumbnailUrl":"https:\/\/reveil-info.net\/wp-content\/uploads\/2026\/04\/1777486112150.jpg","articleSection":["Actualit\u00e9","AES"],"inLanguage":"fr-FR","potentialAction":[{"@type":"CommentAction","name":"Comment","target":["https:\/\/reveil-info.net\/?p=50751#respond"]}]},{"@type":"WebPage","@id":"https:\/\/reveil-info.net\/?p=50751","url":"https:\/\/reveil-info.net\/?p=50751","name":"Mali : rencontre du Conseil sup\u00e9rieur de la d\u00e9fense nationale - R\u00e9veil Info","isPartOf":{"@id":"https:\/\/reveil-info.net\/#website"},"primaryImageOfPage":{"@id":"https:\/\/reveil-info.net\/?p=50751#primaryimage"},"image":{"@id":"https:\/\/reveil-info.net\/?p=50751#primaryimage"},"thumbnailUrl":"https:\/\/reveil-info.net\/wp-content\/uploads\/2026\/04\/1777486112150.jpg","datePublished":"2026-04-29T18:16:53+00:00","breadcrumb":{"@id":"https:\/\/reveil-info.net\/?p=50751#breadcrumb"},"inLanguage":"fr-FR","potentialAction":[{"@type":"ReadAction","target":["https:\/\/reveil-info.net\/?p=50751"]}]},{"@type":"ImageObject","inLanguage":"fr-FR","@id":"https:\/\/reveil-info.net\/?p=50751#primaryimage","url":"https:\/\/reveil-info.net\/wp-content\/uploads\/2026\/04\/1777486112150.jpg","contentUrl":"https:\/\/reveil-info.net\/wp-content\/uploads\/2026\/04\/1777486112150.jpg","width":720,"height":480},{"@type":"BreadcrumbList","@id":"https:\/\/reveil-info.net\/?p=50751#breadcrumb","itemListElement":[{"@type":"ListItem","position":1,"name":"Home","item":"https:\/\/reveil-info.net\/"},{"@type":"ListItem","position":2,"name":"Mali : rencontre du Conseil sup\u00e9rieur de la d\u00e9fense nationale"}]},{"@type":"WebSite","@id":"https:\/\/reveil-info.net\/#website","url":"https:\/\/reveil-info.net\/","name":"R\u00e9veil Info","description":"Le devoir d&#039;informer!","publisher":{"@id":"https:\/\/reveil-info.net\/#organization"},"potentialAction":[{"@type":"SearchAction","target":{"@type":"EntryPoint","urlTemplate":"https:\/\/reveil-info.net\/?s={search_term_string}"},"query-input":{"@type":"PropertyValueSpecification","valueRequired":true,"valueName":"search_term_string"}}],"inLanguage":"fr-FR"},{"@type":"Organization","@id":"https:\/\/reveil-info.net\/#organization","name":"R\u00e9veil Info","url":"https:\/\/reveil-info.net\/","logo":{"@type":"ImageObject","inLanguage":"fr-FR","@id":"https:\/\/reveil-info.net\/#\/schema\/logo\/image\/","url":"https:\/\/reveil-info.net\/wp-content\/uploads\/2024\/07\/bnddd1.jpg","contentUrl":"https:\/\/reveil-info.net\/wp-content\/uploads\/2024\/07\/bnddd1.jpg","width":903,"height":125,"caption":"R\u00e9veil Info"},"image":{"@id":"https:\/\/reveil-info.net\/#\/schema\/logo\/image\/"}},{"@type":"Person","@id":"https:\/\/reveil-info.net\/#\/schema\/person\/ca0cc8e70088e0a2b5e92556c1ee60f5","name":"R\u00e9veil info","image":{"@type":"ImageObject","inLanguage":"fr-FR","@id":"https:\/\/secure.gravatar.com\/avatar\/e4ad5bb743c8b6cb174d9df6c7d30a8a16f6889731241345fc6444e6485f02af?s=96&d=mm&r=g","url":"https:\/\/secure.gravatar.com\/avatar\/e4ad5bb743c8b6cb174d9df6c7d30a8a16f6889731241345fc6444e6485f02af?s=96&d=mm&r=g","contentUrl":"https:\/\/secure.gravatar.com\/avatar\/e4ad5bb743c8b6cb174d9df6c7d30a8a16f6889731241345fc6444e6485f02af?s=96&d=mm&r=g","caption":"R\u00e9veil info"},"sameAs":["https:\/\/reveil-info.net"],"url":"https:\/\/reveil-info.net\/?author=1"}]}},"jetpack_featured_media_url":"","featured_image_urls":{"full":"","thumbnail":"","medium":"","medium_large":"","large":"","1536x1536":"","2048x2048":"","chromenews-featured":"","chromenews-large":"","chromenews-medium":""},"author_info":{"display_name":"R\u00e9veil info","author_link":"https:\/\/reveil-info.net\/?author=1"},"category_info":"<a href=\"https:\/\/reveil-info.net\/?cat=2\" rel=\"category\">Actualit\u00e9<\/a> <a href=\"https:\/\/reveil-info.net\/?cat=47\" rel=\"category\">AES<\/a>","tag_info":"AES","comment_count":"0","_links":{"self":[{"href":"https:\/\/reveil-info.net\/index.php?rest_route=\/wp\/v2\/posts\/50751","targetHints":{"allow":["GET"]}}],"collection":[{"href":"https:\/\/reveil-info.net\/index.php?rest_route=\/wp\/v2\/posts"}],"about":[{"href":"https:\/\/reveil-info.net\/index.php?rest_route=\/wp\/v2\/types\/post"}],"author":[{"embeddable":true,"href":"https:\/\/reveil-info.net\/index.php?rest_route=\/wp\/v2\/users\/1"}],"replies":[{"embeddable":true,"href":"https:\/\/reveil-info.net\/index.php?rest_route=%2Fwp%2Fv2%2Fcomments&post=50751"}],"version-history":[{"count":3,"href":"https:\/\/reveil-info.net\/index.php?rest_route=\/wp\/v2\/posts\/50751\/revisions"}],"predecessor-version":[{"id":50754,"href":"https:\/\/reveil-info.net\/index.php?rest_route=\/wp\/v2\/posts\/50751\/revisions\/50754"}],"wp:attachment":[{"href":"https:\/\/reveil-info.net\/index.php?rest_route=%2Fwp%2Fv2%2Fmedia&parent=50751"}],"wp:term":[{"taxonomy":"category","embeddable":true,"href":"https:\/\/reveil-info.net\/index.php?rest_route=%2Fwp%2Fv2%2Fcategories&post=50751"},{"taxonomy":"post_tag","embeddable":true,"href":"https:\/\/reveil-info.net\/index.php?rest_route=%2Fwp%2Fv2%2Ftags&post=50751"}],"curies":[{"name":"wp","href":"https:\/\/api.w.org\/{rel}","templated":true}]}}