{"id":50683,"date":"2026-04-29T09:20:05","date_gmt":"2026-04-29T09:20:05","guid":{"rendered":"https:\/\/reveil-info.net\/?p=50683"},"modified":"2026-04-29T09:21:18","modified_gmt":"2026-04-29T09:21:18","slug":"president-assimi-goita-denonce-un-plan-de-destabilisation-avec-des-soutiens-internes-et-externes","status":"publish","type":"post","link":"https:\/\/reveil-info.net\/?p=50683","title":{"rendered":"Le Pr\u00e9sident Assimi Go\u00efta d\u00e9nonce un plan de d\u00e9stabilisation avec des soutiens  internes et externes"},"content":{"rendered":"<p>Le pr\u00e9sident de la Transition Assimi Go\u00efta a affirm\u00e9 ce 28 avril que les attaques terroristes du 25 avril rel\u00e8vent d\u2019un vaste plan de d\u00e9stabilisation impliquant des soutiens internes et externes, tout en assurant que la situation est d\u00e9sormais sous contr\u00f4le.<\/p>\n<p><a href=\"https:\/\/reveil-info.net\/?attachment_id=50687\" rel=\"attachment wp-att-50687\"><img loading=\"lazy\" decoding=\"async\" class=\"alignright size-full wp-image-50687\" src=\"https:\/\/reveil-info.net\/wp-content\/uploads\/2026\/04\/1777454017840.jpg\" alt=\"\" width=\"720\" height=\"378\" srcset=\"https:\/\/reveil-info.net\/wp-content\/uploads\/2026\/04\/1777454017840.jpg 720w, https:\/\/reveil-info.net\/wp-content\/uploads\/2026\/04\/1777454017840-300x158.jpg 300w\" sizes=\"auto, (max-width: 720px) 100vw, 720px\" \/><\/a><\/p>\n<p>Dans une adresse \u00e0 la Nation, le chef de l\u2019\u00c9tat a indiqu\u00e9 que les offensives coordonn\u00e9es visant plusieurs villes, dont Bamako, Kati, Gao et Kidal, ont \u00e9t\u00e9 contenues gr\u00e2ce \u00e0 la r\u00e9activit\u00e9 des forces arm\u00e9es et de s\u00e9curit\u00e9. Il a \u00e9voqu\u00e9 un \u00ab violent coup d\u2019arr\u00eat \u00bb inflig\u00e9 aux assaillants, dont un nombre important aurait \u00e9t\u00e9 neutralis\u00e9.<\/p>\n<p>Les op\u00e9rations de ratissage, de renseignement et de s\u00e9curisation se poursuivent sur l\u2019ensemble du territoire, avec un dispositif militaire renforc\u00e9 dans les zones affect\u00e9es.<\/p>\n<p>Le pr\u00e9sident malien a \u00e9galement rendu hommage au ministre de la D\u00e9fense, Sadio Camara, d\u00e9c\u00e9d\u00e9 lors des attaques. Il a salu\u00e9 la m\u00e9moire d\u2019un officier \u00ab loyal et courageux \u00bb, engag\u00e9 dans la lutte contre le terrorisme, tout en adressant les condol\u00e9ances de la Nation \u00e0 sa famille et aux forces arm\u00e9es.<\/p>\n<p>Selon Assimi Go\u00efta, ces attaques ne sont pas isol\u00e9es mais s\u2019inscrivent dans une strat\u00e9gie globale visant \u00e0 instaurer un climat de violence et \u00e0 fragiliser les institutions. Il a d\u00e9nonc\u00e9 l\u2019implication de r\u00e9seaux de soutien fournissant renseignements et moyens logistiques aux groupes arm\u00e9s.<\/p>\n<p>R\u00e9affirmant le cap de la souverainet\u00e9 et de la refondation, il a insist\u00e9 sur la n\u00e9cessit\u00e9 de maintenir cette orientation malgr\u00e9 les d\u00e9fis s\u00e9curitaires, la pr\u00e9sentant comme essentielle pour l\u2019avenir du pays.<\/p>\n<p>Le chef de l\u2019\u00c9tat a par ailleurs appel\u00e9 \u00e0 l\u2019unit\u00e9 nationale, exhortant les populations \u00e0 soutenir les forces de d\u00e9fense, \u00e0 faire preuve de vigilance et \u00e0 \u00e9viter la propagation de fausses informations, qu\u2019il consid\u00e8re comme un levier exploit\u00e9 par les groupes terroristes.<\/p>\n<p>Il a \u00e9galement salu\u00e9 la coop\u00e9ration s\u00e9curitaire au sein de la Conf\u00e9d\u00e9ration des \u00c9tats du Sahel ainsi que le partenariat strat\u00e9gique avec la Russie.<\/p>\n<p>Enfin, des mesures ont \u00e9t\u00e9 annonc\u00e9es pour renforcer l\u2019assistance aux victimes, soutenir les familles endeuill\u00e9es et am\u00e9liorer la prise en charge des bless\u00e9s, dans un contexte o\u00f9 les autorit\u00e9s assurent que la dynamique s\u00e9curitaire reste sous contr\u00f4le malgr\u00e9 la persistance de la menace.<\/p>\n<p>Reveil-info<\/p>\n<p>Voxafrica<\/p>\n","protected":false},"excerpt":{"rendered":"<p>Le pr\u00e9sident de la Transition Assimi Go\u00efta a affirm\u00e9 ce 28 avril que les attaques<\/p>\n","protected":false},"author":1,"featured_media":0,"comment_status":"open","ping_status":"open","sticky":false,"template":"","format":"standard","meta":{"footnotes":""},"categories":[2,47],"tags":[],"class_list":["post-50683","post","type-post","status-publish","format-standard","hentry","category-actu","category-aes"],"yoast_head":"<!-- This site is optimized with the Yoast SEO plugin v27.5 - https:\/\/yoast.com\/product\/yoast-seo-wordpress\/ -->\n<title>Le Pr\u00e9sident Assimi Go\u00efta d\u00e9nonce un plan de d\u00e9stabilisation avec des soutiens internes et externes - R\u00e9veil Info<\/title>\n<meta name=\"robots\" content=\"noindex, follow, max-snippet:-1, max-image-preview:large, max-video-preview:-1\" \/>\n<meta property=\"og:locale\" content=\"fr_FR\" \/>\n<meta property=\"og:type\" content=\"article\" \/>\n<meta property=\"og:title\" content=\"Le Pr\u00e9sident Assimi Go\u00efta d\u00e9nonce un plan de d\u00e9stabilisation avec des soutiens internes et externes - R\u00e9veil Info\" \/>\n<meta property=\"og:description\" content=\"Le pr\u00e9sident de la Transition Assimi Go\u00efta a affirm\u00e9 ce 28 avril que les attaques\" \/>\n<meta property=\"og:url\" content=\"https:\/\/reveil-info.net\/?p=50683\" \/>\n<meta property=\"og:site_name\" content=\"R\u00e9veil Info\" \/>\n<meta property=\"article:published_time\" content=\"2026-04-29T09:20:05+00:00\" \/>\n<meta property=\"article:modified_time\" content=\"2026-04-29T09:21:18+00:00\" \/>\n<meta property=\"og:image\" content=\"https:\/\/reveil-info.net\/wp-content\/uploads\/2026\/04\/1777454017840.jpg\" \/>\n\t<meta property=\"og:image:width\" content=\"720\" \/>\n\t<meta property=\"og:image:height\" content=\"378\" \/>\n\t<meta property=\"og:image:type\" content=\"image\/jpeg\" \/>\n<meta name=\"author\" content=\"R\u00e9veil info\" \/>\n<meta name=\"twitter:card\" content=\"summary_large_image\" \/>\n<meta name=\"twitter:label1\" content=\"\u00c9crit par\" \/>\n\t<meta name=\"twitter:data1\" content=\"R\u00e9veil info\" \/>\n\t<meta name=\"twitter:label2\" content=\"Dur\u00e9e de lecture estim\u00e9e\" \/>\n\t<meta name=\"twitter:data2\" content=\"3 minutes\" \/>\n<script type=\"application\/ld+json\" class=\"yoast-schema-graph\">{\"@context\":\"https:\\\/\\\/schema.org\",\"@graph\":[{\"@type\":\"Article\",\"@id\":\"https:\\\/\\\/reveil-info.net\\\/?p=50683#article\",\"isPartOf\":{\"@id\":\"https:\\\/\\\/reveil-info.net\\\/?p=50683\"},\"author\":{\"name\":\"R\u00e9veil info\",\"@id\":\"https:\\\/\\\/reveil-info.net\\\/#\\\/schema\\\/person\\\/ca0cc8e70088e0a2b5e92556c1ee60f5\"},\"headline\":\"Le Pr\u00e9sident Assimi Go\u00efta d\u00e9nonce un plan de d\u00e9stabilisation avec des soutiens internes et externes\",\"datePublished\":\"2026-04-29T09:20:05+00:00\",\"dateModified\":\"2026-04-29T09:21:18+00:00\",\"mainEntityOfPage\":{\"@id\":\"https:\\\/\\\/reveil-info.net\\\/?p=50683\"},\"wordCount\":424,\"commentCount\":0,\"publisher\":{\"@id\":\"https:\\\/\\\/reveil-info.net\\\/#organization\"},\"image\":{\"@id\":\"https:\\\/\\\/reveil-info.net\\\/?p=50683#primaryimage\"},\"thumbnailUrl\":\"https:\\\/\\\/reveil-info.net\\\/wp-content\\\/uploads\\\/2026\\\/04\\\/1777454017840.jpg\",\"articleSection\":[\"Actualit\u00e9\",\"AES\"],\"inLanguage\":\"fr-FR\",\"potentialAction\":[{\"@type\":\"CommentAction\",\"name\":\"Comment\",\"target\":[\"https:\\\/\\\/reveil-info.net\\\/?p=50683#respond\"]}]},{\"@type\":\"WebPage\",\"@id\":\"https:\\\/\\\/reveil-info.net\\\/?p=50683\",\"url\":\"https:\\\/\\\/reveil-info.net\\\/?p=50683\",\"name\":\"Le Pr\u00e9sident Assimi Go\u00efta d\u00e9nonce un plan de d\u00e9stabilisation avec des soutiens internes et externes - R\u00e9veil Info\",\"isPartOf\":{\"@id\":\"https:\\\/\\\/reveil-info.net\\\/#website\"},\"primaryImageOfPage\":{\"@id\":\"https:\\\/\\\/reveil-info.net\\\/?p=50683#primaryimage\"},\"image\":{\"@id\":\"https:\\\/\\\/reveil-info.net\\\/?p=50683#primaryimage\"},\"thumbnailUrl\":\"https:\\\/\\\/reveil-info.net\\\/wp-content\\\/uploads\\\/2026\\\/04\\\/1777454017840.jpg\",\"datePublished\":\"2026-04-29T09:20:05+00:00\",\"dateModified\":\"2026-04-29T09:21:18+00:00\",\"breadcrumb\":{\"@id\":\"https:\\\/\\\/reveil-info.net\\\/?p=50683#breadcrumb\"},\"inLanguage\":\"fr-FR\",\"potentialAction\":[{\"@type\":\"ReadAction\",\"target\":[\"https:\\\/\\\/reveil-info.net\\\/?p=50683\"]}]},{\"@type\":\"ImageObject\",\"inLanguage\":\"fr-FR\",\"@id\":\"https:\\\/\\\/reveil-info.net\\\/?p=50683#primaryimage\",\"url\":\"https:\\\/\\\/reveil-info.net\\\/wp-content\\\/uploads\\\/2026\\\/04\\\/1777454017840.jpg\",\"contentUrl\":\"https:\\\/\\\/reveil-info.net\\\/wp-content\\\/uploads\\\/2026\\\/04\\\/1777454017840.jpg\",\"width\":720,\"height\":378},{\"@type\":\"BreadcrumbList\",\"@id\":\"https:\\\/\\\/reveil-info.net\\\/?p=50683#breadcrumb\",\"itemListElement\":[{\"@type\":\"ListItem\",\"position\":1,\"name\":\"Home\",\"item\":\"https:\\\/\\\/reveil-info.net\\\/\"},{\"@type\":\"ListItem\",\"position\":2,\"name\":\"Le Pr\u00e9sident Assimi Go\u00efta d\u00e9nonce un plan de d\u00e9stabilisation avec des soutiens internes et externes\"}]},{\"@type\":\"WebSite\",\"@id\":\"https:\\\/\\\/reveil-info.net\\\/#website\",\"url\":\"https:\\\/\\\/reveil-info.net\\\/\",\"name\":\"R\u00e9veil Info\",\"description\":\"Le devoir d&#039;informer!\",\"publisher\":{\"@id\":\"https:\\\/\\\/reveil-info.net\\\/#organization\"},\"potentialAction\":[{\"@type\":\"SearchAction\",\"target\":{\"@type\":\"EntryPoint\",\"urlTemplate\":\"https:\\\/\\\/reveil-info.net\\\/?s={search_term_string}\"},\"query-input\":{\"@type\":\"PropertyValueSpecification\",\"valueRequired\":true,\"valueName\":\"search_term_string\"}}],\"inLanguage\":\"fr-FR\"},{\"@type\":\"Organization\",\"@id\":\"https:\\\/\\\/reveil-info.net\\\/#organization\",\"name\":\"R\u00e9veil Info\",\"url\":\"https:\\\/\\\/reveil-info.net\\\/\",\"logo\":{\"@type\":\"ImageObject\",\"inLanguage\":\"fr-FR\",\"@id\":\"https:\\\/\\\/reveil-info.net\\\/#\\\/schema\\\/logo\\\/image\\\/\",\"url\":\"https:\\\/\\\/reveil-info.net\\\/wp-content\\\/uploads\\\/2024\\\/07\\\/bnddd1.jpg\",\"contentUrl\":\"https:\\\/\\\/reveil-info.net\\\/wp-content\\\/uploads\\\/2024\\\/07\\\/bnddd1.jpg\",\"width\":903,\"height\":125,\"caption\":\"R\u00e9veil Info\"},\"image\":{\"@id\":\"https:\\\/\\\/reveil-info.net\\\/#\\\/schema\\\/logo\\\/image\\\/\"}},{\"@type\":\"Person\",\"@id\":\"https:\\\/\\\/reveil-info.net\\\/#\\\/schema\\\/person\\\/ca0cc8e70088e0a2b5e92556c1ee60f5\",\"name\":\"R\u00e9veil info\",\"image\":{\"@type\":\"ImageObject\",\"inLanguage\":\"fr-FR\",\"@id\":\"https:\\\/\\\/secure.gravatar.com\\\/avatar\\\/e4ad5bb743c8b6cb174d9df6c7d30a8a16f6889731241345fc6444e6485f02af?s=96&d=mm&r=g\",\"url\":\"https:\\\/\\\/secure.gravatar.com\\\/avatar\\\/e4ad5bb743c8b6cb174d9df6c7d30a8a16f6889731241345fc6444e6485f02af?s=96&d=mm&r=g\",\"contentUrl\":\"https:\\\/\\\/secure.gravatar.com\\\/avatar\\\/e4ad5bb743c8b6cb174d9df6c7d30a8a16f6889731241345fc6444e6485f02af?s=96&d=mm&r=g\",\"caption\":\"R\u00e9veil info\"},\"sameAs\":[\"https:\\\/\\\/reveil-info.net\"],\"url\":\"https:\\\/\\\/reveil-info.net\\\/?author=1\"}]}<\/script>\n<!-- \/ Yoast SEO plugin. -->","yoast_head_json":{"title":"Le Pr\u00e9sident Assimi Go\u00efta d\u00e9nonce un plan de d\u00e9stabilisation avec des soutiens internes et externes - R\u00e9veil Info","robots":{"index":"noindex","follow":"follow","max-snippet":"max-snippet:-1","max-image-preview":"max-image-preview:large","max-video-preview":"max-video-preview:-1"},"og_locale":"fr_FR","og_type":"article","og_title":"Le Pr\u00e9sident Assimi Go\u00efta d\u00e9nonce un plan de d\u00e9stabilisation avec des soutiens internes et externes - R\u00e9veil Info","og_description":"Le pr\u00e9sident de la Transition Assimi Go\u00efta a affirm\u00e9 ce 28 avril que les attaques","og_url":"https:\/\/reveil-info.net\/?p=50683","og_site_name":"R\u00e9veil Info","article_published_time":"2026-04-29T09:20:05+00:00","article_modified_time":"2026-04-29T09:21:18+00:00","og_image":[{"width":720,"height":378,"url":"https:\/\/reveil-info.net\/wp-content\/uploads\/2026\/04\/1777454017840.jpg","type":"image\/jpeg"}],"author":"R\u00e9veil info","twitter_card":"summary_large_image","twitter_misc":{"\u00c9crit par":"R\u00e9veil info","Dur\u00e9e de lecture estim\u00e9e":"3 minutes"},"schema":{"@context":"https:\/\/schema.org","@graph":[{"@type":"Article","@id":"https:\/\/reveil-info.net\/?p=50683#article","isPartOf":{"@id":"https:\/\/reveil-info.net\/?p=50683"},"author":{"name":"R\u00e9veil info","@id":"https:\/\/reveil-info.net\/#\/schema\/person\/ca0cc8e70088e0a2b5e92556c1ee60f5"},"headline":"Le Pr\u00e9sident Assimi Go\u00efta d\u00e9nonce un plan de d\u00e9stabilisation avec des soutiens internes et externes","datePublished":"2026-04-29T09:20:05+00:00","dateModified":"2026-04-29T09:21:18+00:00","mainEntityOfPage":{"@id":"https:\/\/reveil-info.net\/?p=50683"},"wordCount":424,"commentCount":0,"publisher":{"@id":"https:\/\/reveil-info.net\/#organization"},"image":{"@id":"https:\/\/reveil-info.net\/?p=50683#primaryimage"},"thumbnailUrl":"https:\/\/reveil-info.net\/wp-content\/uploads\/2026\/04\/1777454017840.jpg","articleSection":["Actualit\u00e9","AES"],"inLanguage":"fr-FR","potentialAction":[{"@type":"CommentAction","name":"Comment","target":["https:\/\/reveil-info.net\/?p=50683#respond"]}]},{"@type":"WebPage","@id":"https:\/\/reveil-info.net\/?p=50683","url":"https:\/\/reveil-info.net\/?p=50683","name":"Le Pr\u00e9sident Assimi Go\u00efta d\u00e9nonce un plan de d\u00e9stabilisation avec des soutiens internes et externes - R\u00e9veil Info","isPartOf":{"@id":"https:\/\/reveil-info.net\/#website"},"primaryImageOfPage":{"@id":"https:\/\/reveil-info.net\/?p=50683#primaryimage"},"image":{"@id":"https:\/\/reveil-info.net\/?p=50683#primaryimage"},"thumbnailUrl":"https:\/\/reveil-info.net\/wp-content\/uploads\/2026\/04\/1777454017840.jpg","datePublished":"2026-04-29T09:20:05+00:00","dateModified":"2026-04-29T09:21:18+00:00","breadcrumb":{"@id":"https:\/\/reveil-info.net\/?p=50683#breadcrumb"},"inLanguage":"fr-FR","potentialAction":[{"@type":"ReadAction","target":["https:\/\/reveil-info.net\/?p=50683"]}]},{"@type":"ImageObject","inLanguage":"fr-FR","@id":"https:\/\/reveil-info.net\/?p=50683#primaryimage","url":"https:\/\/reveil-info.net\/wp-content\/uploads\/2026\/04\/1777454017840.jpg","contentUrl":"https:\/\/reveil-info.net\/wp-content\/uploads\/2026\/04\/1777454017840.jpg","width":720,"height":378},{"@type":"BreadcrumbList","@id":"https:\/\/reveil-info.net\/?p=50683#breadcrumb","itemListElement":[{"@type":"ListItem","position":1,"name":"Home","item":"https:\/\/reveil-info.net\/"},{"@type":"ListItem","position":2,"name":"Le Pr\u00e9sident Assimi Go\u00efta d\u00e9nonce un plan de d\u00e9stabilisation avec des soutiens internes et externes"}]},{"@type":"WebSite","@id":"https:\/\/reveil-info.net\/#website","url":"https:\/\/reveil-info.net\/","name":"R\u00e9veil Info","description":"Le devoir d&#039;informer!","publisher":{"@id":"https:\/\/reveil-info.net\/#organization"},"potentialAction":[{"@type":"SearchAction","target":{"@type":"EntryPoint","urlTemplate":"https:\/\/reveil-info.net\/?s={search_term_string}"},"query-input":{"@type":"PropertyValueSpecification","valueRequired":true,"valueName":"search_term_string"}}],"inLanguage":"fr-FR"},{"@type":"Organization","@id":"https:\/\/reveil-info.net\/#organization","name":"R\u00e9veil Info","url":"https:\/\/reveil-info.net\/","logo":{"@type":"ImageObject","inLanguage":"fr-FR","@id":"https:\/\/reveil-info.net\/#\/schema\/logo\/image\/","url":"https:\/\/reveil-info.net\/wp-content\/uploads\/2024\/07\/bnddd1.jpg","contentUrl":"https:\/\/reveil-info.net\/wp-content\/uploads\/2024\/07\/bnddd1.jpg","width":903,"height":125,"caption":"R\u00e9veil Info"},"image":{"@id":"https:\/\/reveil-info.net\/#\/schema\/logo\/image\/"}},{"@type":"Person","@id":"https:\/\/reveil-info.net\/#\/schema\/person\/ca0cc8e70088e0a2b5e92556c1ee60f5","name":"R\u00e9veil info","image":{"@type":"ImageObject","inLanguage":"fr-FR","@id":"https:\/\/secure.gravatar.com\/avatar\/e4ad5bb743c8b6cb174d9df6c7d30a8a16f6889731241345fc6444e6485f02af?s=96&d=mm&r=g","url":"https:\/\/secure.gravatar.com\/avatar\/e4ad5bb743c8b6cb174d9df6c7d30a8a16f6889731241345fc6444e6485f02af?s=96&d=mm&r=g","contentUrl":"https:\/\/secure.gravatar.com\/avatar\/e4ad5bb743c8b6cb174d9df6c7d30a8a16f6889731241345fc6444e6485f02af?s=96&d=mm&r=g","caption":"R\u00e9veil info"},"sameAs":["https:\/\/reveil-info.net"],"url":"https:\/\/reveil-info.net\/?author=1"}]}},"jetpack_featured_media_url":"","featured_image_urls":{"full":"","thumbnail":"","medium":"","medium_large":"","large":"","1536x1536":"","2048x2048":"","chromenews-featured":"","chromenews-large":"","chromenews-medium":""},"author_info":{"display_name":"R\u00e9veil info","author_link":"https:\/\/reveil-info.net\/?author=1"},"category_info":"<a href=\"https:\/\/reveil-info.net\/?cat=2\" rel=\"category\">Actualit\u00e9<\/a> <a href=\"https:\/\/reveil-info.net\/?cat=47\" rel=\"category\">AES<\/a>","tag_info":"AES","comment_count":"0","_links":{"self":[{"href":"https:\/\/reveil-info.net\/index.php?rest_route=\/wp\/v2\/posts\/50683","targetHints":{"allow":["GET"]}}],"collection":[{"href":"https:\/\/reveil-info.net\/index.php?rest_route=\/wp\/v2\/posts"}],"about":[{"href":"https:\/\/reveil-info.net\/index.php?rest_route=\/wp\/v2\/types\/post"}],"author":[{"embeddable":true,"href":"https:\/\/reveil-info.net\/index.php?rest_route=\/wp\/v2\/users\/1"}],"replies":[{"embeddable":true,"href":"https:\/\/reveil-info.net\/index.php?rest_route=%2Fwp%2Fv2%2Fcomments&post=50683"}],"version-history":[{"count":5,"href":"https:\/\/reveil-info.net\/index.php?rest_route=\/wp\/v2\/posts\/50683\/revisions"}],"predecessor-version":[{"id":50689,"href":"https:\/\/reveil-info.net\/index.php?rest_route=\/wp\/v2\/posts\/50683\/revisions\/50689"}],"wp:attachment":[{"href":"https:\/\/reveil-info.net\/index.php?rest_route=%2Fwp%2Fv2%2Fmedia&parent=50683"}],"wp:term":[{"taxonomy":"category","embeddable":true,"href":"https:\/\/reveil-info.net\/index.php?rest_route=%2Fwp%2Fv2%2Fcategories&post=50683"},{"taxonomy":"post_tag","embeddable":true,"href":"https:\/\/reveil-info.net\/index.php?rest_route=%2Fwp%2Fv2%2Ftags&post=50683"}],"curies":[{"name":"wp","href":"https:\/\/api.w.org\/{rel}","templated":true}]}}