{"id":50633,"date":"2026-04-28T15:27:08","date_gmt":"2026-04-28T15:27:08","guid":{"rendered":"https:\/\/reveil-info.net\/?p=50633"},"modified":"2026-04-28T15:27:08","modified_gmt":"2026-04-28T15:27:08","slug":"production-de-consommables-medicaux-le-premier-ministre-rimtalba-inaugure-consomed-burkina","status":"publish","type":"post","link":"https:\/\/reveil-info.net\/?p=50633","title":{"rendered":"Production de consommables m\u00e9dicaux : le premier ministre Rimtalba inaugure CONSOMED Burkina"},"content":{"rendered":"<p>Production de consommables m\u00e9dicaux : le Premier ministre inaugure CONSOMED Burkina<\/p>\n<p><a href=\"https:\/\/reveil-info.net\/?attachment_id=50636\" rel=\"attachment wp-att-50636\"><img loading=\"lazy\" decoding=\"async\" class=\"alignright size-full wp-image-50636\" src=\"https:\/\/reveil-info.net\/wp-content\/uploads\/2026\/04\/IMG-20260428-WA0041.jpg\" alt=\"\" width=\"2560\" height=\"1664\" srcset=\"https:\/\/reveil-info.net\/wp-content\/uploads\/2026\/04\/IMG-20260428-WA0041.jpg 2560w, https:\/\/reveil-info.net\/wp-content\/uploads\/2026\/04\/IMG-20260428-WA0041-300x195.jpg 300w, https:\/\/reveil-info.net\/wp-content\/uploads\/2026\/04\/IMG-20260428-WA0041-1024x666.jpg 1024w, https:\/\/reveil-info.net\/wp-content\/uploads\/2026\/04\/IMG-20260428-WA0041-768x499.jpg 768w, https:\/\/reveil-info.net\/wp-content\/uploads\/2026\/04\/IMG-20260428-WA0041-1536x998.jpg 1536w, https:\/\/reveil-info.net\/wp-content\/uploads\/2026\/04\/IMG-20260428-WA0041-2048x1331.jpg 2048w\" sizes=\"auto, (max-width: 2560px) 100vw, 2560px\" \/><\/a><\/p>\n<p>Le Premier ministre, Chef du Gouvernement, Rimtalba Jean Emmanuel Ou\u00e9draogo, a proc\u00e9d\u00e9, ce mardi 28 avril 2026 \u00e0 Bobo-Dioulasso, \u00e0 l\u2019inauguration officielle de CONSOMED Burkina, une unit\u00e9 industrielle sp\u00e9cialis\u00e9e dans la production de consommables m\u00e9dicaux \u00e0 usage unique, notamment les casaques chirurgicales, les champs op\u00e9ratoires et les kits m\u00e9dicaux.<\/p>\n<p>Fruit d\u2019un partenariat entre le promoteur burkinab\u00e8, Dr Albert Bamouni, et un partenaire tunisien, cette infrastructure s\u2019inscrit dans la dynamique de renforcement de la souverainet\u00e9 sanitaire et de promotion de l\u2019industrialisation nationale.<\/p>\n<p><a href=\"https:\/\/reveil-info.net\/?attachment_id=50637\" rel=\"attachment wp-att-50637\"><img loading=\"lazy\" decoding=\"async\" class=\"alignright size-full wp-image-50637\" src=\"https:\/\/reveil-info.net\/wp-content\/uploads\/2026\/04\/IMG-20260428-WA0032.jpg\" alt=\"\" width=\"2560\" height=\"1633\" srcset=\"https:\/\/reveil-info.net\/wp-content\/uploads\/2026\/04\/IMG-20260428-WA0032.jpg 2560w, https:\/\/reveil-info.net\/wp-content\/uploads\/2026\/04\/IMG-20260428-WA0032-300x191.jpg 300w, https:\/\/reveil-info.net\/wp-content\/uploads\/2026\/04\/IMG-20260428-WA0032-1024x653.jpg 1024w, https:\/\/reveil-info.net\/wp-content\/uploads\/2026\/04\/IMG-20260428-WA0032-768x490.jpg 768w, https:\/\/reveil-info.net\/wp-content\/uploads\/2026\/04\/IMG-20260428-WA0032-1536x980.jpg 1536w, https:\/\/reveil-info.net\/wp-content\/uploads\/2026\/04\/IMG-20260428-WA0032-2048x1306.jpg 2048w\" sizes=\"auto, (max-width: 2560px) 100vw, 2560px\" \/><\/a><\/p>\n<p>&nbsp;<\/p>\n<p>Implant\u00e9e dans la ville de Sya, l\u2019unit\u00e9 dispose d\u2019un atelier moderne, d\u2019une salle blanche conforme aux normes de production en milieu st\u00e9rile et d\u2019un laboratoire de contr\u00f4le qualit\u00e9. Avec une capacit\u00e9 estim\u00e9e \u00e0 plus de 1,5 million d\u2019unit\u00e9s par an, CONSOMED Burkina entend contribuer \u00e0 la s\u00e9curisation de l\u2019approvisionnement des structures sanitaires et au d\u00e9veloppement \u00e9conomique local.<\/p>\n<p><a href=\"https:\/\/reveil-info.net\/?attachment_id=50640\" rel=\"attachment wp-att-50640\"><img loading=\"lazy\" decoding=\"async\" class=\"alignright size-full wp-image-50640\" src=\"https:\/\/reveil-info.net\/wp-content\/uploads\/2026\/04\/IMG-20260428-WA0026.jpg\" alt=\"\" width=\"2560\" height=\"1679\" srcset=\"https:\/\/reveil-info.net\/wp-content\/uploads\/2026\/04\/IMG-20260428-WA0026.jpg 2560w, https:\/\/reveil-info.net\/wp-content\/uploads\/2026\/04\/IMG-20260428-WA0026-300x197.jpg 300w, https:\/\/reveil-info.net\/wp-content\/uploads\/2026\/04\/IMG-20260428-WA0026-1024x672.jpg 1024w, https:\/\/reveil-info.net\/wp-content\/uploads\/2026\/04\/IMG-20260428-WA0026-768x504.jpg 768w, https:\/\/reveil-info.net\/wp-content\/uploads\/2026\/04\/IMG-20260428-WA0026-1536x1007.jpg 1536w, https:\/\/reveil-info.net\/wp-content\/uploads\/2026\/04\/IMG-20260428-WA0026-2048x1343.jpg 2048w\" sizes=\"auto, (max-width: 2560px) 100vw, 2560px\" \/><\/a><\/p>\n<p>Apr\u00e8s la visite des installations, le Chef du Gouvernement a salu\u00e9 une initiative strat\u00e9gique, en phase avec la vision de transformation structurelle du pays. Rappelant les enseignements de la pand\u00e9mie de COVID-19, il a soulign\u00e9 la n\u00e9cessit\u00e9 pour le Burkina Faso de r\u00e9duire sa d\u00e9pendance ext\u00e9rieure en produits m\u00e9dicaux essentiels. \u00ab Il n\u2019est pas normal que nous continuions d\u2019importer des consommables aussi \u00e9l\u00e9mentaires que les compresses \u00bb, a-t-il affirm\u00e9. Il a, par ailleurs, rassur\u00e9 les promoteurs de l\u2019accompagnement de l\u2019\u00c9tat, avec l\u2019ambition de couvrir les besoins nationaux et de conqu\u00e9rir les march\u00e9s sous-r\u00e9gionaux.<\/p>\n<p><a href=\"https:\/\/reveil-info.net\/?attachment_id=50642\" rel=\"attachment wp-att-50642\"><img loading=\"lazy\" decoding=\"async\" class=\"alignright size-full wp-image-50642\" src=\"https:\/\/reveil-info.net\/wp-content\/uploads\/2026\/04\/IMG-20260428-WA0050.jpg\" alt=\"\" width=\"2560\" height=\"1746\" srcset=\"https:\/\/reveil-info.net\/wp-content\/uploads\/2026\/04\/IMG-20260428-WA0050.jpg 2560w, https:\/\/reveil-info.net\/wp-content\/uploads\/2026\/04\/IMG-20260428-WA0050-300x205.jpg 300w, https:\/\/reveil-info.net\/wp-content\/uploads\/2026\/04\/IMG-20260428-WA0050-1024x698.jpg 1024w, https:\/\/reveil-info.net\/wp-content\/uploads\/2026\/04\/IMG-20260428-WA0050-768x524.jpg 768w, https:\/\/reveil-info.net\/wp-content\/uploads\/2026\/04\/IMG-20260428-WA0050-1536x1048.jpg 1536w, https:\/\/reveil-info.net\/wp-content\/uploads\/2026\/04\/IMG-20260428-WA0050-2048x1397.jpg 2048w\" sizes=\"auto, (max-width: 2560px) 100vw, 2560px\" \/><\/a><\/p>\n<p>Le ministre de la Sant\u00e9, Dr Robert Kargougou, a salu\u00e9 un projet \u00e0 fort impact, appel\u00e9 \u00e0 contribuer \u00e0 la s\u00e9curisation de l\u2019approvisionnement des structures sanitaires, \u00e0 la r\u00e9duction des co\u00fbts des produits de sant\u00e9, \u00e0 la cr\u00e9ation d\u2019emplois et \u00e0 la dynamisation du tissu industriel. L\u2019ambassadeur de Tunisie au Burkina Faso, Mounir Jomnie, a, pour sa part, relev\u00e9 la port\u00e9e de cette coop\u00e9ration, fond\u00e9e sur le transfert de comp\u00e9tences, de technologies et de normes de qualit\u00e9.<\/p>\n<p>Le promoteur de CONSOMED Burkina, Dr Albert Bamouni, a exprim\u00e9 sa fiert\u00e9 de voir se concr\u00e9tiser un \u00ab r\u00eave patriotique \u00bb, n\u00e9 de la volont\u00e9 de contribuer \u00e0 la r\u00e9duction des ruptures r\u00e9currentes de consommables m\u00e9dicaux dans les h\u00f4pitaux. Il a plaid\u00e9 pour un accompagnement soutenu, notamment \u00e0 travers la commande publique et des mesures de protection du march\u00e9 local.<\/p>\n<p>DCRP\/Primature<\/p>\n<p>Reveil-info<\/p>\n","protected":false},"excerpt":{"rendered":"<p>Production de consommables m\u00e9dicaux : le Premier ministre inaugure CONSOMED Burkina Le Premier ministre, Chef<\/p>\n","protected":false},"author":1,"featured_media":0,"comment_status":"open","ping_status":"open","sticky":false,"template":"","format":"standard","meta":{"footnotes":""},"categories":[2,14],"tags":[],"class_list":["post-50633","post","type-post","status-publish","format-standard","hentry","category-actu","category-sante"],"yoast_head":"<!-- This site is optimized with the Yoast SEO plugin v27.5 - https:\/\/yoast.com\/product\/yoast-seo-wordpress\/ -->\n<title>Production de consommables m\u00e9dicaux : le premier ministre Rimtalba inaugure CONSOMED Burkina - R\u00e9veil Info<\/title>\n<meta name=\"robots\" content=\"noindex, follow, max-snippet:-1, max-image-preview:large, max-video-preview:-1\" \/>\n<meta property=\"og:locale\" content=\"fr_FR\" \/>\n<meta property=\"og:type\" content=\"article\" \/>\n<meta property=\"og:title\" content=\"Production de consommables m\u00e9dicaux : le premier ministre Rimtalba inaugure CONSOMED Burkina - R\u00e9veil Info\" \/>\n<meta property=\"og:description\" content=\"Production de consommables m\u00e9dicaux : le Premier ministre inaugure CONSOMED Burkina Le Premier ministre, Chef\" \/>\n<meta property=\"og:url\" content=\"https:\/\/reveil-info.net\/?p=50633\" \/>\n<meta property=\"og:site_name\" content=\"R\u00e9veil Info\" \/>\n<meta property=\"article:published_time\" content=\"2026-04-28T15:27:08+00:00\" \/>\n<meta property=\"og:image\" content=\"https:\/\/reveil-info.net\/wp-content\/uploads\/2026\/04\/IMG-20260428-WA0041.jpg\" \/>\n\t<meta property=\"og:image:width\" content=\"2560\" \/>\n\t<meta property=\"og:image:height\" content=\"1664\" \/>\n\t<meta property=\"og:image:type\" content=\"image\/jpeg\" \/>\n<meta name=\"author\" content=\"R\u00e9veil info\" \/>\n<meta name=\"twitter:card\" content=\"summary_large_image\" \/>\n<meta name=\"twitter:label1\" content=\"\u00c9crit par\" \/>\n\t<meta name=\"twitter:data1\" content=\"R\u00e9veil info\" \/>\n\t<meta name=\"twitter:label2\" content=\"Dur\u00e9e de lecture estim\u00e9e\" \/>\n\t<meta name=\"twitter:data2\" content=\"3 minutes\" \/>\n<script type=\"application\/ld+json\" class=\"yoast-schema-graph\">{\"@context\":\"https:\\\/\\\/schema.org\",\"@graph\":[{\"@type\":\"Article\",\"@id\":\"https:\\\/\\\/reveil-info.net\\\/?p=50633#article\",\"isPartOf\":{\"@id\":\"https:\\\/\\\/reveil-info.net\\\/?p=50633\"},\"author\":{\"name\":\"R\u00e9veil info\",\"@id\":\"https:\\\/\\\/reveil-info.net\\\/#\\\/schema\\\/person\\\/ca0cc8e70088e0a2b5e92556c1ee60f5\"},\"headline\":\"Production de consommables m\u00e9dicaux : le premier ministre Rimtalba inaugure CONSOMED Burkina\",\"datePublished\":\"2026-04-28T15:27:08+00:00\",\"mainEntityOfPage\":{\"@id\":\"https:\\\/\\\/reveil-info.net\\\/?p=50633\"},\"wordCount\":433,\"commentCount\":0,\"publisher\":{\"@id\":\"https:\\\/\\\/reveil-info.net\\\/#organization\"},\"image\":{\"@id\":\"https:\\\/\\\/reveil-info.net\\\/?p=50633#primaryimage\"},\"thumbnailUrl\":\"https:\\\/\\\/reveil-info.net\\\/wp-content\\\/uploads\\\/2026\\\/04\\\/IMG-20260428-WA0041.jpg\",\"articleSection\":[\"Actualit\u00e9\",\"Sant\u00e9\"],\"inLanguage\":\"fr-FR\",\"potentialAction\":[{\"@type\":\"CommentAction\",\"name\":\"Comment\",\"target\":[\"https:\\\/\\\/reveil-info.net\\\/?p=50633#respond\"]}]},{\"@type\":\"WebPage\",\"@id\":\"https:\\\/\\\/reveil-info.net\\\/?p=50633\",\"url\":\"https:\\\/\\\/reveil-info.net\\\/?p=50633\",\"name\":\"Production de consommables m\u00e9dicaux : le premier ministre Rimtalba inaugure CONSOMED Burkina - R\u00e9veil Info\",\"isPartOf\":{\"@id\":\"https:\\\/\\\/reveil-info.net\\\/#website\"},\"primaryImageOfPage\":{\"@id\":\"https:\\\/\\\/reveil-info.net\\\/?p=50633#primaryimage\"},\"image\":{\"@id\":\"https:\\\/\\\/reveil-info.net\\\/?p=50633#primaryimage\"},\"thumbnailUrl\":\"https:\\\/\\\/reveil-info.net\\\/wp-content\\\/uploads\\\/2026\\\/04\\\/IMG-20260428-WA0041.jpg\",\"datePublished\":\"2026-04-28T15:27:08+00:00\",\"breadcrumb\":{\"@id\":\"https:\\\/\\\/reveil-info.net\\\/?p=50633#breadcrumb\"},\"inLanguage\":\"fr-FR\",\"potentialAction\":[{\"@type\":\"ReadAction\",\"target\":[\"https:\\\/\\\/reveil-info.net\\\/?p=50633\"]}]},{\"@type\":\"ImageObject\",\"inLanguage\":\"fr-FR\",\"@id\":\"https:\\\/\\\/reveil-info.net\\\/?p=50633#primaryimage\",\"url\":\"https:\\\/\\\/reveil-info.net\\\/wp-content\\\/uploads\\\/2026\\\/04\\\/IMG-20260428-WA0041.jpg\",\"contentUrl\":\"https:\\\/\\\/reveil-info.net\\\/wp-content\\\/uploads\\\/2026\\\/04\\\/IMG-20260428-WA0041.jpg\",\"width\":2560,\"height\":1664},{\"@type\":\"BreadcrumbList\",\"@id\":\"https:\\\/\\\/reveil-info.net\\\/?p=50633#breadcrumb\",\"itemListElement\":[{\"@type\":\"ListItem\",\"position\":1,\"name\":\"Home\",\"item\":\"https:\\\/\\\/reveil-info.net\\\/\"},{\"@type\":\"ListItem\",\"position\":2,\"name\":\"Production de consommables m\u00e9dicaux : le premier ministre Rimtalba inaugure CONSOMED Burkina\"}]},{\"@type\":\"WebSite\",\"@id\":\"https:\\\/\\\/reveil-info.net\\\/#website\",\"url\":\"https:\\\/\\\/reveil-info.net\\\/\",\"name\":\"R\u00e9veil Info\",\"description\":\"Le devoir d&#039;informer!\",\"publisher\":{\"@id\":\"https:\\\/\\\/reveil-info.net\\\/#organization\"},\"potentialAction\":[{\"@type\":\"SearchAction\",\"target\":{\"@type\":\"EntryPoint\",\"urlTemplate\":\"https:\\\/\\\/reveil-info.net\\\/?s={search_term_string}\"},\"query-input\":{\"@type\":\"PropertyValueSpecification\",\"valueRequired\":true,\"valueName\":\"search_term_string\"}}],\"inLanguage\":\"fr-FR\"},{\"@type\":\"Organization\",\"@id\":\"https:\\\/\\\/reveil-info.net\\\/#organization\",\"name\":\"R\u00e9veil Info\",\"url\":\"https:\\\/\\\/reveil-info.net\\\/\",\"logo\":{\"@type\":\"ImageObject\",\"inLanguage\":\"fr-FR\",\"@id\":\"https:\\\/\\\/reveil-info.net\\\/#\\\/schema\\\/logo\\\/image\\\/\",\"url\":\"https:\\\/\\\/reveil-info.net\\\/wp-content\\\/uploads\\\/2024\\\/07\\\/bnddd1.jpg\",\"contentUrl\":\"https:\\\/\\\/reveil-info.net\\\/wp-content\\\/uploads\\\/2024\\\/07\\\/bnddd1.jpg\",\"width\":903,\"height\":125,\"caption\":\"R\u00e9veil Info\"},\"image\":{\"@id\":\"https:\\\/\\\/reveil-info.net\\\/#\\\/schema\\\/logo\\\/image\\\/\"}},{\"@type\":\"Person\",\"@id\":\"https:\\\/\\\/reveil-info.net\\\/#\\\/schema\\\/person\\\/ca0cc8e70088e0a2b5e92556c1ee60f5\",\"name\":\"R\u00e9veil info\",\"image\":{\"@type\":\"ImageObject\",\"inLanguage\":\"fr-FR\",\"@id\":\"https:\\\/\\\/secure.gravatar.com\\\/avatar\\\/e4ad5bb743c8b6cb174d9df6c7d30a8a16f6889731241345fc6444e6485f02af?s=96&d=mm&r=g\",\"url\":\"https:\\\/\\\/secure.gravatar.com\\\/avatar\\\/e4ad5bb743c8b6cb174d9df6c7d30a8a16f6889731241345fc6444e6485f02af?s=96&d=mm&r=g\",\"contentUrl\":\"https:\\\/\\\/secure.gravatar.com\\\/avatar\\\/e4ad5bb743c8b6cb174d9df6c7d30a8a16f6889731241345fc6444e6485f02af?s=96&d=mm&r=g\",\"caption\":\"R\u00e9veil info\"},\"sameAs\":[\"https:\\\/\\\/reveil-info.net\"],\"url\":\"https:\\\/\\\/reveil-info.net\\\/?author=1\"}]}<\/script>\n<!-- \/ Yoast SEO plugin. -->","yoast_head_json":{"title":"Production de consommables m\u00e9dicaux : le premier ministre Rimtalba inaugure CONSOMED Burkina - R\u00e9veil Info","robots":{"index":"noindex","follow":"follow","max-snippet":"max-snippet:-1","max-image-preview":"max-image-preview:large","max-video-preview":"max-video-preview:-1"},"og_locale":"fr_FR","og_type":"article","og_title":"Production de consommables m\u00e9dicaux : le premier ministre Rimtalba inaugure CONSOMED Burkina - R\u00e9veil Info","og_description":"Production de consommables m\u00e9dicaux : le Premier ministre inaugure CONSOMED Burkina Le Premier ministre, Chef","og_url":"https:\/\/reveil-info.net\/?p=50633","og_site_name":"R\u00e9veil Info","article_published_time":"2026-04-28T15:27:08+00:00","og_image":[{"width":2560,"height":1664,"url":"https:\/\/reveil-info.net\/wp-content\/uploads\/2026\/04\/IMG-20260428-WA0041.jpg","type":"image\/jpeg"}],"author":"R\u00e9veil info","twitter_card":"summary_large_image","twitter_misc":{"\u00c9crit par":"R\u00e9veil info","Dur\u00e9e de lecture estim\u00e9e":"3 minutes"},"schema":{"@context":"https:\/\/schema.org","@graph":[{"@type":"Article","@id":"https:\/\/reveil-info.net\/?p=50633#article","isPartOf":{"@id":"https:\/\/reveil-info.net\/?p=50633"},"author":{"name":"R\u00e9veil info","@id":"https:\/\/reveil-info.net\/#\/schema\/person\/ca0cc8e70088e0a2b5e92556c1ee60f5"},"headline":"Production de consommables m\u00e9dicaux : le premier ministre Rimtalba inaugure CONSOMED Burkina","datePublished":"2026-04-28T15:27:08+00:00","mainEntityOfPage":{"@id":"https:\/\/reveil-info.net\/?p=50633"},"wordCount":433,"commentCount":0,"publisher":{"@id":"https:\/\/reveil-info.net\/#organization"},"image":{"@id":"https:\/\/reveil-info.net\/?p=50633#primaryimage"},"thumbnailUrl":"https:\/\/reveil-info.net\/wp-content\/uploads\/2026\/04\/IMG-20260428-WA0041.jpg","articleSection":["Actualit\u00e9","Sant\u00e9"],"inLanguage":"fr-FR","potentialAction":[{"@type":"CommentAction","name":"Comment","target":["https:\/\/reveil-info.net\/?p=50633#respond"]}]},{"@type":"WebPage","@id":"https:\/\/reveil-info.net\/?p=50633","url":"https:\/\/reveil-info.net\/?p=50633","name":"Production de consommables m\u00e9dicaux : le premier ministre Rimtalba inaugure CONSOMED Burkina - R\u00e9veil Info","isPartOf":{"@id":"https:\/\/reveil-info.net\/#website"},"primaryImageOfPage":{"@id":"https:\/\/reveil-info.net\/?p=50633#primaryimage"},"image":{"@id":"https:\/\/reveil-info.net\/?p=50633#primaryimage"},"thumbnailUrl":"https:\/\/reveil-info.net\/wp-content\/uploads\/2026\/04\/IMG-20260428-WA0041.jpg","datePublished":"2026-04-28T15:27:08+00:00","breadcrumb":{"@id":"https:\/\/reveil-info.net\/?p=50633#breadcrumb"},"inLanguage":"fr-FR","potentialAction":[{"@type":"ReadAction","target":["https:\/\/reveil-info.net\/?p=50633"]}]},{"@type":"ImageObject","inLanguage":"fr-FR","@id":"https:\/\/reveil-info.net\/?p=50633#primaryimage","url":"https:\/\/reveil-info.net\/wp-content\/uploads\/2026\/04\/IMG-20260428-WA0041.jpg","contentUrl":"https:\/\/reveil-info.net\/wp-content\/uploads\/2026\/04\/IMG-20260428-WA0041.jpg","width":2560,"height":1664},{"@type":"BreadcrumbList","@id":"https:\/\/reveil-info.net\/?p=50633#breadcrumb","itemListElement":[{"@type":"ListItem","position":1,"name":"Home","item":"https:\/\/reveil-info.net\/"},{"@type":"ListItem","position":2,"name":"Production de consommables m\u00e9dicaux : le premier ministre Rimtalba inaugure CONSOMED Burkina"}]},{"@type":"WebSite","@id":"https:\/\/reveil-info.net\/#website","url":"https:\/\/reveil-info.net\/","name":"R\u00e9veil Info","description":"Le devoir d&#039;informer!","publisher":{"@id":"https:\/\/reveil-info.net\/#organization"},"potentialAction":[{"@type":"SearchAction","target":{"@type":"EntryPoint","urlTemplate":"https:\/\/reveil-info.net\/?s={search_term_string}"},"query-input":{"@type":"PropertyValueSpecification","valueRequired":true,"valueName":"search_term_string"}}],"inLanguage":"fr-FR"},{"@type":"Organization","@id":"https:\/\/reveil-info.net\/#organization","name":"R\u00e9veil Info","url":"https:\/\/reveil-info.net\/","logo":{"@type":"ImageObject","inLanguage":"fr-FR","@id":"https:\/\/reveil-info.net\/#\/schema\/logo\/image\/","url":"https:\/\/reveil-info.net\/wp-content\/uploads\/2024\/07\/bnddd1.jpg","contentUrl":"https:\/\/reveil-info.net\/wp-content\/uploads\/2024\/07\/bnddd1.jpg","width":903,"height":125,"caption":"R\u00e9veil Info"},"image":{"@id":"https:\/\/reveil-info.net\/#\/schema\/logo\/image\/"}},{"@type":"Person","@id":"https:\/\/reveil-info.net\/#\/schema\/person\/ca0cc8e70088e0a2b5e92556c1ee60f5","name":"R\u00e9veil info","image":{"@type":"ImageObject","inLanguage":"fr-FR","@id":"https:\/\/secure.gravatar.com\/avatar\/e4ad5bb743c8b6cb174d9df6c7d30a8a16f6889731241345fc6444e6485f02af?s=96&d=mm&r=g","url":"https:\/\/secure.gravatar.com\/avatar\/e4ad5bb743c8b6cb174d9df6c7d30a8a16f6889731241345fc6444e6485f02af?s=96&d=mm&r=g","contentUrl":"https:\/\/secure.gravatar.com\/avatar\/e4ad5bb743c8b6cb174d9df6c7d30a8a16f6889731241345fc6444e6485f02af?s=96&d=mm&r=g","caption":"R\u00e9veil info"},"sameAs":["https:\/\/reveil-info.net"],"url":"https:\/\/reveil-info.net\/?author=1"}]}},"jetpack_featured_media_url":"","featured_image_urls":{"full":"","thumbnail":"","medium":"","medium_large":"","large":"","1536x1536":"","2048x2048":"","chromenews-featured":"","chromenews-large":"","chromenews-medium":""},"author_info":{"display_name":"R\u00e9veil info","author_link":"https:\/\/reveil-info.net\/?author=1"},"category_info":"<a href=\"https:\/\/reveil-info.net\/?cat=2\" rel=\"category\">Actualit\u00e9<\/a> <a href=\"https:\/\/reveil-info.net\/?cat=14\" rel=\"category\">Sant\u00e9<\/a>","tag_info":"Sant\u00e9","comment_count":"0","_links":{"self":[{"href":"https:\/\/reveil-info.net\/index.php?rest_route=\/wp\/v2\/posts\/50633","targetHints":{"allow":["GET"]}}],"collection":[{"href":"https:\/\/reveil-info.net\/index.php?rest_route=\/wp\/v2\/posts"}],"about":[{"href":"https:\/\/reveil-info.net\/index.php?rest_route=\/wp\/v2\/types\/post"}],"author":[{"embeddable":true,"href":"https:\/\/reveil-info.net\/index.php?rest_route=\/wp\/v2\/users\/1"}],"replies":[{"embeddable":true,"href":"https:\/\/reveil-info.net\/index.php?rest_route=%2Fwp%2Fv2%2Fcomments&post=50633"}],"version-history":[{"count":5,"href":"https:\/\/reveil-info.net\/index.php?rest_route=\/wp\/v2\/posts\/50633\/revisions"}],"predecessor-version":[{"id":50643,"href":"https:\/\/reveil-info.net\/index.php?rest_route=\/wp\/v2\/posts\/50633\/revisions\/50643"}],"wp:attachment":[{"href":"https:\/\/reveil-info.net\/index.php?rest_route=%2Fwp%2Fv2%2Fmedia&parent=50633"}],"wp:term":[{"taxonomy":"category","embeddable":true,"href":"https:\/\/reveil-info.net\/index.php?rest_route=%2Fwp%2Fv2%2Fcategories&post=50633"},{"taxonomy":"post_tag","embeddable":true,"href":"https:\/\/reveil-info.net\/index.php?rest_route=%2Fwp%2Fv2%2Ftags&post=50633"}],"curies":[{"name":"wp","href":"https:\/\/api.w.org\/{rel}","templated":true}]}}