{"id":50615,"date":"2026-04-28T12:01:25","date_gmt":"2026-04-28T12:01:25","guid":{"rendered":"https:\/\/reveil-info.net\/?p=50615"},"modified":"2026-04-28T12:34:23","modified_gmt":"2026-04-28T12:34:23","slug":"deuil-national-au-mali-les-hautes-autorites-se-recueillent-aupres-de-la-famille-du-general-sadio-camara-a-kati","status":"publish","type":"post","link":"https:\/\/reveil-info.net\/?p=50615","title":{"rendered":"Deuil national au Mali : Les hautes autorit\u00e9s  se recueillent aupr\u00e8s de la famille du G\u00e9n\u00e9ral Sadio Camara \u00e0 Kati"},"content":{"rendered":"<div class=\"xdj266r x14z9mp xat24cr x1lziwak x1vvkbs x126k92a\">\n<div dir=\"auto\">Dans un \u00e9lan de solidarit\u00e9 et de respect r\u00e9publicain, le sommet de l&rsquo;\u00c9tat malien a tenu \u00e0 marquer son soutien \u00e0 l&rsquo;un des piliers de la Transition. Ce lundi, le Premier ministre Abdoulaye Ma\u00efga, accompagn\u00e9 du Pr\u00e9sident du Conseil National de Transition (CNT), Malick Diaw, s&rsquo;est rendu au domicile du G\u00e9n\u00e9ral Sadio Camara \u00e0 Kati.<\/div>\n<\/div>\n<div class=\"x14z9mp xat24cr x1lziwak x1vvkbs xtlvy1s x126k92a\">\n<div dir=\"auto\"><a href=\"https:\/\/reveil-info.net\/?attachment_id=50617\" rel=\"attachment wp-att-50617\"><img loading=\"lazy\" decoding=\"async\" class=\"alignright size-full wp-image-50617\" src=\"https:\/\/reveil-info.net\/wp-content\/uploads\/2026\/04\/683806392_1387244086778424_5440587781617075833_n.jpg\" alt=\"\" width=\"1079\" height=\"720\" srcset=\"https:\/\/reveil-info.net\/wp-content\/uploads\/2026\/04\/683806392_1387244086778424_5440587781617075833_n.jpg 1079w, https:\/\/reveil-info.net\/wp-content\/uploads\/2026\/04\/683806392_1387244086778424_5440587781617075833_n-300x200.jpg 300w, https:\/\/reveil-info.net\/wp-content\/uploads\/2026\/04\/683806392_1387244086778424_5440587781617075833_n-1024x683.jpg 1024w, https:\/\/reveil-info.net\/wp-content\/uploads\/2026\/04\/683806392_1387244086778424_5440587781617075833_n-768x512.jpg 768w\" sizes=\"auto, (max-width: 1079px) 100vw, 1079px\" \/><\/a><\/div>\n<div dir=\"auto\"><a href=\"https:\/\/reveil-info.net\/?attachment_id=50618\" rel=\"attachment wp-att-50618\"><img loading=\"lazy\" decoding=\"async\" class=\"alignright size-full wp-image-50618\" src=\"https:\/\/reveil-info.net\/wp-content\/uploads\/2026\/04\/684890145_1387243973445102_8420870981694901741_n.jpg\" alt=\"\" width=\"1079\" height=\"720\" srcset=\"https:\/\/reveil-info.net\/wp-content\/uploads\/2026\/04\/684890145_1387243973445102_8420870981694901741_n.jpg 1079w, https:\/\/reveil-info.net\/wp-content\/uploads\/2026\/04\/684890145_1387243973445102_8420870981694901741_n-300x200.jpg 300w, https:\/\/reveil-info.net\/wp-content\/uploads\/2026\/04\/684890145_1387243973445102_8420870981694901741_n-1024x683.jpg 1024w, https:\/\/reveil-info.net\/wp-content\/uploads\/2026\/04\/684890145_1387243973445102_8420870981694901741_n-768x512.jpg 768w\" sizes=\"auto, (max-width: 1079px) 100vw, 1079px\" \/><\/a> Ce d\u00e9placement solennel visait \u00e0 pr\u00e9senter les condol\u00e9ances de la Nation suite au d\u00e9c\u00e8s ayant frapp\u00e9 la famille de l&rsquo;officier g\u00e9n\u00e9ral. Ce geste de fraternit\u00e9 entre les plus hauts responsables du pays t\u00e9moigne de l&rsquo;unit\u00e9 des institutions dans les moments d&rsquo;\u00e9preuve, rendant un hommage empreint de dignit\u00e9 \u00e0 la m\u00e9moire du disparu tout en apportant un r\u00e9confort moral aux proches endeuill\u00e9s.<\/div>\n<div dir=\"auto\">Unissons nos pri\u00e8res pour le repos de l&rsquo;\u00e2me du d\u00e9funt.<\/div>\n<div dir=\"auto\"><strong>Mali actu<\/strong><\/div>\n<div dir=\"auto\"><strong>reveil-info<\/strong><\/div>\n<\/div>\n","protected":false},"excerpt":{"rendered":"<p>Dans un \u00e9lan de solidarit\u00e9 et de respect r\u00e9publicain, le sommet de l&rsquo;\u00c9tat malien a<\/p>\n","protected":false},"author":1,"featured_media":0,"comment_status":"open","ping_status":"open","sticky":false,"template":"","format":"standard","meta":{"footnotes":""},"categories":[2,47],"tags":[],"class_list":["post-50615","post","type-post","status-publish","format-standard","hentry","category-actu","category-aes"],"yoast_head":"<!-- This site is optimized with the Yoast SEO plugin v27.5 - https:\/\/yoast.com\/product\/yoast-seo-wordpress\/ -->\n<title>Deuil national au Mali : Les hautes autorit\u00e9s se recueillent aupr\u00e8s de la famille du G\u00e9n\u00e9ral Sadio Camara \u00e0 Kati - R\u00e9veil Info<\/title>\n<meta name=\"robots\" content=\"noindex, follow, max-snippet:-1, max-image-preview:large, max-video-preview:-1\" \/>\n<meta property=\"og:locale\" content=\"fr_FR\" \/>\n<meta property=\"og:type\" content=\"article\" \/>\n<meta property=\"og:title\" content=\"Deuil national au Mali : Les hautes autorit\u00e9s se recueillent aupr\u00e8s de la famille du G\u00e9n\u00e9ral Sadio Camara \u00e0 Kati - R\u00e9veil Info\" \/>\n<meta property=\"og:description\" content=\"Dans un \u00e9lan de solidarit\u00e9 et de respect r\u00e9publicain, le sommet de l&rsquo;\u00c9tat malien a\" \/>\n<meta property=\"og:url\" content=\"https:\/\/reveil-info.net\/?p=50615\" \/>\n<meta property=\"og:site_name\" content=\"R\u00e9veil Info\" \/>\n<meta property=\"article:published_time\" content=\"2026-04-28T12:01:25+00:00\" \/>\n<meta property=\"article:modified_time\" content=\"2026-04-28T12:34:23+00:00\" \/>\n<meta property=\"og:image\" content=\"https:\/\/reveil-info.net\/wp-content\/uploads\/2026\/04\/683806392_1387244086778424_5440587781617075833_n.jpg\" \/>\n\t<meta property=\"og:image:width\" content=\"1079\" \/>\n\t<meta property=\"og:image:height\" content=\"720\" \/>\n\t<meta property=\"og:image:type\" content=\"image\/jpeg\" \/>\n<meta name=\"author\" content=\"R\u00e9veil info\" \/>\n<meta name=\"twitter:card\" content=\"summary_large_image\" \/>\n<meta name=\"twitter:label1\" content=\"\u00c9crit par\" \/>\n\t<meta name=\"twitter:data1\" content=\"R\u00e9veil info\" \/>\n\t<meta name=\"twitter:label2\" content=\"Dur\u00e9e de lecture estim\u00e9e\" \/>\n\t<meta name=\"twitter:data2\" content=\"2 minutes\" \/>\n<script type=\"application\/ld+json\" class=\"yoast-schema-graph\">{\"@context\":\"https:\\\/\\\/schema.org\",\"@graph\":[{\"@type\":\"Article\",\"@id\":\"https:\\\/\\\/reveil-info.net\\\/?p=50615#article\",\"isPartOf\":{\"@id\":\"https:\\\/\\\/reveil-info.net\\\/?p=50615\"},\"author\":{\"name\":\"R\u00e9veil info\",\"@id\":\"https:\\\/\\\/reveil-info.net\\\/#\\\/schema\\\/person\\\/ca0cc8e70088e0a2b5e92556c1ee60f5\"},\"headline\":\"Deuil national au Mali : Les hautes autorit\u00e9s se recueillent aupr\u00e8s de la famille du G\u00e9n\u00e9ral Sadio Camara \u00e0 Kati\",\"datePublished\":\"2026-04-28T12:01:25+00:00\",\"dateModified\":\"2026-04-28T12:34:23+00:00\",\"mainEntityOfPage\":{\"@id\":\"https:\\\/\\\/reveil-info.net\\\/?p=50615\"},\"wordCount\":171,\"commentCount\":0,\"publisher\":{\"@id\":\"https:\\\/\\\/reveil-info.net\\\/#organization\"},\"image\":{\"@id\":\"https:\\\/\\\/reveil-info.net\\\/?p=50615#primaryimage\"},\"thumbnailUrl\":\"https:\\\/\\\/reveil-info.net\\\/wp-content\\\/uploads\\\/2026\\\/04\\\/683806392_1387244086778424_5440587781617075833_n.jpg\",\"articleSection\":[\"Actualit\u00e9\",\"AES\"],\"inLanguage\":\"fr-FR\",\"potentialAction\":[{\"@type\":\"CommentAction\",\"name\":\"Comment\",\"target\":[\"https:\\\/\\\/reveil-info.net\\\/?p=50615#respond\"]}]},{\"@type\":\"WebPage\",\"@id\":\"https:\\\/\\\/reveil-info.net\\\/?p=50615\",\"url\":\"https:\\\/\\\/reveil-info.net\\\/?p=50615\",\"name\":\"Deuil national au Mali : Les hautes autorit\u00e9s se recueillent aupr\u00e8s de la famille du G\u00e9n\u00e9ral Sadio Camara \u00e0 Kati - R\u00e9veil Info\",\"isPartOf\":{\"@id\":\"https:\\\/\\\/reveil-info.net\\\/#website\"},\"primaryImageOfPage\":{\"@id\":\"https:\\\/\\\/reveil-info.net\\\/?p=50615#primaryimage\"},\"image\":{\"@id\":\"https:\\\/\\\/reveil-info.net\\\/?p=50615#primaryimage\"},\"thumbnailUrl\":\"https:\\\/\\\/reveil-info.net\\\/wp-content\\\/uploads\\\/2026\\\/04\\\/683806392_1387244086778424_5440587781617075833_n.jpg\",\"datePublished\":\"2026-04-28T12:01:25+00:00\",\"dateModified\":\"2026-04-28T12:34:23+00:00\",\"breadcrumb\":{\"@id\":\"https:\\\/\\\/reveil-info.net\\\/?p=50615#breadcrumb\"},\"inLanguage\":\"fr-FR\",\"potentialAction\":[{\"@type\":\"ReadAction\",\"target\":[\"https:\\\/\\\/reveil-info.net\\\/?p=50615\"]}]},{\"@type\":\"ImageObject\",\"inLanguage\":\"fr-FR\",\"@id\":\"https:\\\/\\\/reveil-info.net\\\/?p=50615#primaryimage\",\"url\":\"https:\\\/\\\/reveil-info.net\\\/wp-content\\\/uploads\\\/2026\\\/04\\\/683806392_1387244086778424_5440587781617075833_n.jpg\",\"contentUrl\":\"https:\\\/\\\/reveil-info.net\\\/wp-content\\\/uploads\\\/2026\\\/04\\\/683806392_1387244086778424_5440587781617075833_n.jpg\",\"width\":1079,\"height\":720},{\"@type\":\"BreadcrumbList\",\"@id\":\"https:\\\/\\\/reveil-info.net\\\/?p=50615#breadcrumb\",\"itemListElement\":[{\"@type\":\"ListItem\",\"position\":1,\"name\":\"Home\",\"item\":\"https:\\\/\\\/reveil-info.net\\\/\"},{\"@type\":\"ListItem\",\"position\":2,\"name\":\"Deuil national au Mali : Les hautes autorit\u00e9s se recueillent aupr\u00e8s de la famille du G\u00e9n\u00e9ral Sadio Camara \u00e0 Kati\"}]},{\"@type\":\"WebSite\",\"@id\":\"https:\\\/\\\/reveil-info.net\\\/#website\",\"url\":\"https:\\\/\\\/reveil-info.net\\\/\",\"name\":\"R\u00e9veil Info\",\"description\":\"Le devoir d&#039;informer!\",\"publisher\":{\"@id\":\"https:\\\/\\\/reveil-info.net\\\/#organization\"},\"potentialAction\":[{\"@type\":\"SearchAction\",\"target\":{\"@type\":\"EntryPoint\",\"urlTemplate\":\"https:\\\/\\\/reveil-info.net\\\/?s={search_term_string}\"},\"query-input\":{\"@type\":\"PropertyValueSpecification\",\"valueRequired\":true,\"valueName\":\"search_term_string\"}}],\"inLanguage\":\"fr-FR\"},{\"@type\":\"Organization\",\"@id\":\"https:\\\/\\\/reveil-info.net\\\/#organization\",\"name\":\"R\u00e9veil Info\",\"url\":\"https:\\\/\\\/reveil-info.net\\\/\",\"logo\":{\"@type\":\"ImageObject\",\"inLanguage\":\"fr-FR\",\"@id\":\"https:\\\/\\\/reveil-info.net\\\/#\\\/schema\\\/logo\\\/image\\\/\",\"url\":\"https:\\\/\\\/reveil-info.net\\\/wp-content\\\/uploads\\\/2024\\\/07\\\/bnddd1.jpg\",\"contentUrl\":\"https:\\\/\\\/reveil-info.net\\\/wp-content\\\/uploads\\\/2024\\\/07\\\/bnddd1.jpg\",\"width\":903,\"height\":125,\"caption\":\"R\u00e9veil Info\"},\"image\":{\"@id\":\"https:\\\/\\\/reveil-info.net\\\/#\\\/schema\\\/logo\\\/image\\\/\"}},{\"@type\":\"Person\",\"@id\":\"https:\\\/\\\/reveil-info.net\\\/#\\\/schema\\\/person\\\/ca0cc8e70088e0a2b5e92556c1ee60f5\",\"name\":\"R\u00e9veil info\",\"image\":{\"@type\":\"ImageObject\",\"inLanguage\":\"fr-FR\",\"@id\":\"https:\\\/\\\/secure.gravatar.com\\\/avatar\\\/e4ad5bb743c8b6cb174d9df6c7d30a8a16f6889731241345fc6444e6485f02af?s=96&d=mm&r=g\",\"url\":\"https:\\\/\\\/secure.gravatar.com\\\/avatar\\\/e4ad5bb743c8b6cb174d9df6c7d30a8a16f6889731241345fc6444e6485f02af?s=96&d=mm&r=g\",\"contentUrl\":\"https:\\\/\\\/secure.gravatar.com\\\/avatar\\\/e4ad5bb743c8b6cb174d9df6c7d30a8a16f6889731241345fc6444e6485f02af?s=96&d=mm&r=g\",\"caption\":\"R\u00e9veil info\"},\"sameAs\":[\"https:\\\/\\\/reveil-info.net\"],\"url\":\"https:\\\/\\\/reveil-info.net\\\/?author=1\"}]}<\/script>\n<!-- \/ Yoast SEO plugin. -->","yoast_head_json":{"title":"Deuil national au Mali : Les hautes autorit\u00e9s se recueillent aupr\u00e8s de la famille du G\u00e9n\u00e9ral Sadio Camara \u00e0 Kati - R\u00e9veil Info","robots":{"index":"noindex","follow":"follow","max-snippet":"max-snippet:-1","max-image-preview":"max-image-preview:large","max-video-preview":"max-video-preview:-1"},"og_locale":"fr_FR","og_type":"article","og_title":"Deuil national au Mali : Les hautes autorit\u00e9s se recueillent aupr\u00e8s de la famille du G\u00e9n\u00e9ral Sadio Camara \u00e0 Kati - R\u00e9veil Info","og_description":"Dans un \u00e9lan de solidarit\u00e9 et de respect r\u00e9publicain, le sommet de l&rsquo;\u00c9tat malien a","og_url":"https:\/\/reveil-info.net\/?p=50615","og_site_name":"R\u00e9veil Info","article_published_time":"2026-04-28T12:01:25+00:00","article_modified_time":"2026-04-28T12:34:23+00:00","og_image":[{"width":1079,"height":720,"url":"https:\/\/reveil-info.net\/wp-content\/uploads\/2026\/04\/683806392_1387244086778424_5440587781617075833_n.jpg","type":"image\/jpeg"}],"author":"R\u00e9veil info","twitter_card":"summary_large_image","twitter_misc":{"\u00c9crit par":"R\u00e9veil info","Dur\u00e9e de lecture estim\u00e9e":"2 minutes"},"schema":{"@context":"https:\/\/schema.org","@graph":[{"@type":"Article","@id":"https:\/\/reveil-info.net\/?p=50615#article","isPartOf":{"@id":"https:\/\/reveil-info.net\/?p=50615"},"author":{"name":"R\u00e9veil info","@id":"https:\/\/reveil-info.net\/#\/schema\/person\/ca0cc8e70088e0a2b5e92556c1ee60f5"},"headline":"Deuil national au Mali : Les hautes autorit\u00e9s se recueillent aupr\u00e8s de la famille du G\u00e9n\u00e9ral Sadio Camara \u00e0 Kati","datePublished":"2026-04-28T12:01:25+00:00","dateModified":"2026-04-28T12:34:23+00:00","mainEntityOfPage":{"@id":"https:\/\/reveil-info.net\/?p=50615"},"wordCount":171,"commentCount":0,"publisher":{"@id":"https:\/\/reveil-info.net\/#organization"},"image":{"@id":"https:\/\/reveil-info.net\/?p=50615#primaryimage"},"thumbnailUrl":"https:\/\/reveil-info.net\/wp-content\/uploads\/2026\/04\/683806392_1387244086778424_5440587781617075833_n.jpg","articleSection":["Actualit\u00e9","AES"],"inLanguage":"fr-FR","potentialAction":[{"@type":"CommentAction","name":"Comment","target":["https:\/\/reveil-info.net\/?p=50615#respond"]}]},{"@type":"WebPage","@id":"https:\/\/reveil-info.net\/?p=50615","url":"https:\/\/reveil-info.net\/?p=50615","name":"Deuil national au Mali : Les hautes autorit\u00e9s se recueillent aupr\u00e8s de la famille du G\u00e9n\u00e9ral Sadio Camara \u00e0 Kati - R\u00e9veil Info","isPartOf":{"@id":"https:\/\/reveil-info.net\/#website"},"primaryImageOfPage":{"@id":"https:\/\/reveil-info.net\/?p=50615#primaryimage"},"image":{"@id":"https:\/\/reveil-info.net\/?p=50615#primaryimage"},"thumbnailUrl":"https:\/\/reveil-info.net\/wp-content\/uploads\/2026\/04\/683806392_1387244086778424_5440587781617075833_n.jpg","datePublished":"2026-04-28T12:01:25+00:00","dateModified":"2026-04-28T12:34:23+00:00","breadcrumb":{"@id":"https:\/\/reveil-info.net\/?p=50615#breadcrumb"},"inLanguage":"fr-FR","potentialAction":[{"@type":"ReadAction","target":["https:\/\/reveil-info.net\/?p=50615"]}]},{"@type":"ImageObject","inLanguage":"fr-FR","@id":"https:\/\/reveil-info.net\/?p=50615#primaryimage","url":"https:\/\/reveil-info.net\/wp-content\/uploads\/2026\/04\/683806392_1387244086778424_5440587781617075833_n.jpg","contentUrl":"https:\/\/reveil-info.net\/wp-content\/uploads\/2026\/04\/683806392_1387244086778424_5440587781617075833_n.jpg","width":1079,"height":720},{"@type":"BreadcrumbList","@id":"https:\/\/reveil-info.net\/?p=50615#breadcrumb","itemListElement":[{"@type":"ListItem","position":1,"name":"Home","item":"https:\/\/reveil-info.net\/"},{"@type":"ListItem","position":2,"name":"Deuil national au Mali : Les hautes autorit\u00e9s se recueillent aupr\u00e8s de la famille du G\u00e9n\u00e9ral Sadio Camara \u00e0 Kati"}]},{"@type":"WebSite","@id":"https:\/\/reveil-info.net\/#website","url":"https:\/\/reveil-info.net\/","name":"R\u00e9veil Info","description":"Le devoir d&#039;informer!","publisher":{"@id":"https:\/\/reveil-info.net\/#organization"},"potentialAction":[{"@type":"SearchAction","target":{"@type":"EntryPoint","urlTemplate":"https:\/\/reveil-info.net\/?s={search_term_string}"},"query-input":{"@type":"PropertyValueSpecification","valueRequired":true,"valueName":"search_term_string"}}],"inLanguage":"fr-FR"},{"@type":"Organization","@id":"https:\/\/reveil-info.net\/#organization","name":"R\u00e9veil Info","url":"https:\/\/reveil-info.net\/","logo":{"@type":"ImageObject","inLanguage":"fr-FR","@id":"https:\/\/reveil-info.net\/#\/schema\/logo\/image\/","url":"https:\/\/reveil-info.net\/wp-content\/uploads\/2024\/07\/bnddd1.jpg","contentUrl":"https:\/\/reveil-info.net\/wp-content\/uploads\/2024\/07\/bnddd1.jpg","width":903,"height":125,"caption":"R\u00e9veil Info"},"image":{"@id":"https:\/\/reveil-info.net\/#\/schema\/logo\/image\/"}},{"@type":"Person","@id":"https:\/\/reveil-info.net\/#\/schema\/person\/ca0cc8e70088e0a2b5e92556c1ee60f5","name":"R\u00e9veil info","image":{"@type":"ImageObject","inLanguage":"fr-FR","@id":"https:\/\/secure.gravatar.com\/avatar\/e4ad5bb743c8b6cb174d9df6c7d30a8a16f6889731241345fc6444e6485f02af?s=96&d=mm&r=g","url":"https:\/\/secure.gravatar.com\/avatar\/e4ad5bb743c8b6cb174d9df6c7d30a8a16f6889731241345fc6444e6485f02af?s=96&d=mm&r=g","contentUrl":"https:\/\/secure.gravatar.com\/avatar\/e4ad5bb743c8b6cb174d9df6c7d30a8a16f6889731241345fc6444e6485f02af?s=96&d=mm&r=g","caption":"R\u00e9veil info"},"sameAs":["https:\/\/reveil-info.net"],"url":"https:\/\/reveil-info.net\/?author=1"}]}},"jetpack_featured_media_url":"","featured_image_urls":{"full":"","thumbnail":"","medium":"","medium_large":"","large":"","1536x1536":"","2048x2048":"","chromenews-featured":"","chromenews-large":"","chromenews-medium":""},"author_info":{"display_name":"R\u00e9veil info","author_link":"https:\/\/reveil-info.net\/?author=1"},"category_info":"<a href=\"https:\/\/reveil-info.net\/?cat=2\" rel=\"category\">Actualit\u00e9<\/a> <a href=\"https:\/\/reveil-info.net\/?cat=47\" rel=\"category\">AES<\/a>","tag_info":"AES","comment_count":"0","_links":{"self":[{"href":"https:\/\/reveil-info.net\/index.php?rest_route=\/wp\/v2\/posts\/50615","targetHints":{"allow":["GET"]}}],"collection":[{"href":"https:\/\/reveil-info.net\/index.php?rest_route=\/wp\/v2\/posts"}],"about":[{"href":"https:\/\/reveil-info.net\/index.php?rest_route=\/wp\/v2\/types\/post"}],"author":[{"embeddable":true,"href":"https:\/\/reveil-info.net\/index.php?rest_route=\/wp\/v2\/users\/1"}],"replies":[{"embeddable":true,"href":"https:\/\/reveil-info.net\/index.php?rest_route=%2Fwp%2Fv2%2Fcomments&post=50615"}],"version-history":[{"count":4,"href":"https:\/\/reveil-info.net\/index.php?rest_route=\/wp\/v2\/posts\/50615\/revisions"}],"predecessor-version":[{"id":50621,"href":"https:\/\/reveil-info.net\/index.php?rest_route=\/wp\/v2\/posts\/50615\/revisions\/50621"}],"wp:attachment":[{"href":"https:\/\/reveil-info.net\/index.php?rest_route=%2Fwp%2Fv2%2Fmedia&parent=50615"}],"wp:term":[{"taxonomy":"category","embeddable":true,"href":"https:\/\/reveil-info.net\/index.php?rest_route=%2Fwp%2Fv2%2Fcategories&post=50615"},{"taxonomy":"post_tag","embeddable":true,"href":"https:\/\/reveil-info.net\/index.php?rest_route=%2Fwp%2Fv2%2Ftags&post=50615"}],"curies":[{"name":"wp","href":"https:\/\/api.w.org\/{rel}","templated":true}]}}