{"id":50549,"date":"2026-04-27T20:32:15","date_gmt":"2026-04-27T20:32:15","guid":{"rendered":"https:\/\/reveil-info.net\/?p=50549"},"modified":"2026-04-27T20:32:48","modified_gmt":"2026-04-27T20:32:48","slug":"defis-securitaire-et-solidarite-le-cip-uemoa-en-conclave-a-ouagadougou","status":"publish","type":"post","link":"https:\/\/reveil-info.net\/?p=50549","title":{"rendered":"D\u00e9fis s\u00e9curitaires et Solidarit\u00e9 : le CIP-UEMOA en conclave \u00e0 Ouagadougou"},"content":{"rendered":"<p>Ouagadougou, carrefour de la r\u00e9silience parlementaire<\/p>\n<p>Le CIP-UEMOA \u00e9change autour du d\u00e9fi s\u00e9curitaire<\/p>\n<p>En ce matin du 27 avril 2026, la capitale burkinab\u00e8 a accueilli le 39e comit\u00e9 interparlementaire de l&rsquo;espace UEMOA en vue d&rsquo;engager la r\u00e9flexion l\u00e9gislative r\u00e9gionale sur la question s\u00e9curitaire dans l&rsquo;espace.<\/p>\n<figure id=\"attachment_50552\" aria-describedby=\"caption-attachment-50552\" style=\"width: 1280px\" class=\"wp-caption alignright\"><a href=\"https:\/\/reveil-info.net\/?attachment_id=50552\" rel=\"attachment wp-att-50552\"><img loading=\"lazy\" decoding=\"async\" class=\"size-full wp-image-50552\" src=\"https:\/\/reveil-info.net\/wp-content\/uploads\/2026\/04\/IMG-20260427-WA0049.jpg\" alt=\"\" width=\"1280\" height=\"576\" srcset=\"https:\/\/reveil-info.net\/wp-content\/uploads\/2026\/04\/IMG-20260427-WA0049.jpg 1280w, https:\/\/reveil-info.net\/wp-content\/uploads\/2026\/04\/IMG-20260427-WA0049-300x135.jpg 300w, https:\/\/reveil-info.net\/wp-content\/uploads\/2026\/04\/IMG-20260427-WA0049-1024x461.jpg 1024w, https:\/\/reveil-info.net\/wp-content\/uploads\/2026\/04\/IMG-20260427-WA0049-768x346.jpg 768w\" sizes=\"auto, (max-width: 1280px) 100vw, 1280px\" \/><\/a><figcaption id=\"caption-attachment-50552\" class=\"wp-caption-text\">Une vue des participants \u00e0 l&rsquo;ouverture<\/figcaption><\/figure>\n<p>Les membres du Comit\u00e9 Interparlementaire de l\u2019Union \u00c9conomique et Mon\u00e9taire Ouest-Africaine (CIP-UEMOA) se sont r\u00e9unis pour l\u2019ouverture de leur 39e session extraordinaire, une rencontre plac\u00e9e sous le sceau de la question s\u00e9curitaire et de la solidarit\u00e9.<\/p>\n<p>Loin d&rsquo;\u00eatre une simple formalit\u00e9 institutionnelle, ce rendez-vous marque la volont\u00e9 manifeste des \u00e9lus de ne plus rester en marge de la r\u00e9ponse globale au d\u00e9fi s\u00e9curitaire dans l\u2019espace communautaire.<\/p>\n<figure id=\"attachment_50554\" aria-describedby=\"caption-attachment-50554\" style=\"width: 1280px\" class=\"wp-caption alignright\"><a href=\"https:\/\/reveil-info.net\/?attachment_id=50554\" rel=\"attachment wp-att-50554\"><img loading=\"lazy\" decoding=\"async\" class=\"size-full wp-image-50554\" src=\"https:\/\/reveil-info.net\/wp-content\/uploads\/2026\/04\/IMG-20260427-WA0047.jpg\" alt=\"\" width=\"1280\" height=\"576\" srcset=\"https:\/\/reveil-info.net\/wp-content\/uploads\/2026\/04\/IMG-20260427-WA0047.jpg 1280w, https:\/\/reveil-info.net\/wp-content\/uploads\/2026\/04\/IMG-20260427-WA0047-300x135.jpg 300w, https:\/\/reveil-info.net\/wp-content\/uploads\/2026\/04\/IMG-20260427-WA0047-1024x461.jpg 1024w, https:\/\/reveil-info.net\/wp-content\/uploads\/2026\/04\/IMG-20260427-WA0047-768x346.jpg 768w\" sizes=\"auto, (max-width: 1280px) 100vw, 1280px\" \/><\/a><figcaption id=\"caption-attachment-50554\" class=\"wp-caption-text\">Les parlementaires vont \u00e9changer autour de la question de la libre circulation<\/figcaption><\/figure>\n<p>Sous l&rsquo;\u00e9gide de Cheick Ahmed Coulibaly, pr\u00e9sident par int\u00e9rim de l\u2019institution, les travaux ont d\u00e9but\u00e9 par un hommage solennel, une minute de silence observ\u00e9e en m\u00e9moire des victimes de l\u2019attaque barbare ayant r\u00e9cemment frapp\u00e9 Bamako, emportant notamment le ministre d&rsquo;\u00c9tat malien en charge de la D\u00e9fense.<\/p>\n<p>Le ton de cette session, empreint de gravit\u00e9 mais aussi de d\u00e9termination, a \u00e9t\u00e9 donn\u00e9 d\u00e8s le discours inaugural. Cheick Ahmed Coulibaly a tenu \u00e0 saluer la vision strat\u00e9gique du Pr\u00e9sident du Faso, le Capitaine Ibrahim TRAOR\u00c9, dont l\u2019engagement dans la lutte contre le terrorisme et l\u2019hospitalit\u00e9 pour la tenue de ces assises ont \u00e9t\u00e9 vigoureusement soulign\u00e9s. Dans un contexte de g\u00e9opolitique r\u00e9gionale complexe, o\u00f9 les turbulences \u00e9conomiques et commerciales s&rsquo;entrem\u00ealent aux menaces asym\u00e9triques, le pr\u00e9sident du CIP a rappel\u00e9 que la libre circulation des personnes et des biens pilier fondamental de l&rsquo;int\u00e9gration sous-r\u00e9gionale se trouve aujourd&rsquo;hui directement fragilis\u00e9e par la question s\u00e9curitaire.<\/p>\n<figure id=\"attachment_50556\" aria-describedby=\"caption-attachment-50556\" style=\"width: 1280px\" class=\"wp-caption alignright\"><a href=\"https:\/\/reveil-info.net\/?attachment_id=50556\" rel=\"attachment wp-att-50556\"><img loading=\"lazy\" decoding=\"async\" class=\"size-full wp-image-50556\" src=\"https:\/\/reveil-info.net\/wp-content\/uploads\/2026\/04\/IMG-20260427-WA0046.jpg\" alt=\"\" width=\"1280\" height=\"576\" srcset=\"https:\/\/reveil-info.net\/wp-content\/uploads\/2026\/04\/IMG-20260427-WA0046.jpg 1280w, https:\/\/reveil-info.net\/wp-content\/uploads\/2026\/04\/IMG-20260427-WA0046-300x135.jpg 300w, https:\/\/reveil-info.net\/wp-content\/uploads\/2026\/04\/IMG-20260427-WA0046-1024x461.jpg 1024w, https:\/\/reveil-info.net\/wp-content\/uploads\/2026\/04\/IMG-20260427-WA0046-768x346.jpg 768w\" sizes=\"auto, (max-width: 1280px) 100vw, 1280px\" \/><\/a><figcaption id=\"caption-attachment-50556\" class=\"wp-caption-text\">Le pr\u00e9sident par int\u00e9rim du CIP-UEMOA<\/figcaption><\/figure>\n<p>Pour les parlementaires, l&rsquo;enjeu est clair : il s&rsquo;agit d&rsquo;analyser l&rsquo;impact r\u00e9el de cette crise sur les \u00e9changes et de formuler des pistes de solutions concr\u00e8tes pour pr\u00e9server les acquis de l&rsquo;Union.<\/p>\n<p>Cette dynamique de solidarit\u00e9 a \u00e9t\u00e9 relay\u00e9e par David Lompo, vice-pr\u00e9sident de l\u2019Assembl\u00e9e L\u00e9gislative du Peuple (ALP). Repr\u00e9sentant le Pr\u00e9sident de l\u2019ALP, il a r\u00e9it\u00e9r\u00e9 l\u2019hommage aux combattants tomb\u00e9s au front, tout en c\u00e9l\u00e9brant le sacrifice des Forces de D\u00e9fense et de S\u00e9curit\u00e9 dont l\u2019action demeure le dernier rempart de la qui\u00e9tude des populations.<\/p>\n<figure id=\"attachment_50558\" aria-describedby=\"caption-attachment-50558\" style=\"width: 1280px\" class=\"wp-caption alignright\"><a href=\"https:\/\/reveil-info.net\/?attachment_id=50558\" rel=\"attachment wp-att-50558\"><img loading=\"lazy\" decoding=\"async\" class=\"size-full wp-image-50558\" src=\"https:\/\/reveil-info.net\/wp-content\/uploads\/2026\/04\/IMG-20260427-WA0044.jpg\" alt=\"\" width=\"1280\" height=\"576\" srcset=\"https:\/\/reveil-info.net\/wp-content\/uploads\/2026\/04\/IMG-20260427-WA0044.jpg 1280w, https:\/\/reveil-info.net\/wp-content\/uploads\/2026\/04\/IMG-20260427-WA0044-300x135.jpg 300w, https:\/\/reveil-info.net\/wp-content\/uploads\/2026\/04\/IMG-20260427-WA0044-1024x461.jpg 1024w, https:\/\/reveil-info.net\/wp-content\/uploads\/2026\/04\/IMG-20260427-WA0044-768x346.jpg 768w\" sizes=\"auto, (max-width: 1280px) 100vw, 1280px\" \/><\/a><figcaption id=\"caption-attachment-50558\" class=\"wp-caption-text\">Une photo de famille \u00e0 l&rsquo;issue de la c\u00e9r\u00e9monie d&rsquo;ouverture<\/figcaption><\/figure>\n<p>En soulignant que la s\u00e9curit\u00e9 est le pr\u00e9alable indispensable \u00e0 toute prosp\u00e9rit\u00e9 \u00e9conomique, il a appel\u00e9 ses pairs \u00e0 une coop\u00e9ration r\u00e9gionale renforc\u00e9e. Pour les parlementaires, cette session ne doit pas seulement \u00eatre un espace de constat, mais un laboratoire d&rsquo;id\u00e9es o\u00f9 la l\u00e9gitimit\u00e9 populaire des parlementaires vient nourrir les strat\u00e9gies de r\u00e9silience de l&rsquo;espace UEMOA. C\u2019est sur cette note d\u2019espoir et d\u2019engagement que les officiels se sont retir\u00e9s, laissant place \u00e0 des d\u00e9bats techniques qui s&rsquo;annoncent d&rsquo;ores et d\u00e9j\u00e0 d\u00e9cisifs pour l&rsquo;avenir de l&rsquo;int\u00e9gration r\u00e9gionale.<\/p>\n<p>KISSANGOUL\u00c9- R\u00e9veil-info<\/p>\n","protected":false},"excerpt":{"rendered":"<p>Ouagadougou, carrefour de la r\u00e9silience parlementaire Le CIP-UEMOA \u00e9change autour du d\u00e9fi s\u00e9curitaire En ce<\/p>\n","protected":false},"author":1,"featured_media":0,"comment_status":"open","ping_status":"open","sticky":false,"template":"","format":"standard","meta":{"footnotes":""},"categories":[2],"tags":[],"class_list":["post-50549","post","type-post","status-publish","format-standard","hentry","category-actu"],"yoast_head":"<!-- This site is optimized with the Yoast SEO plugin v27.4 - https:\/\/yoast.com\/product\/yoast-seo-wordpress\/ -->\n<title>D\u00e9fis s\u00e9curitaires et Solidarit\u00e9 : le CIP-UEMOA en conclave \u00e0 Ouagadougou - R\u00e9veil Info<\/title>\n<meta name=\"robots\" content=\"noindex, follow, max-snippet:-1, max-image-preview:large, max-video-preview:-1\" \/>\n<meta property=\"og:locale\" content=\"fr_FR\" \/>\n<meta property=\"og:type\" content=\"article\" \/>\n<meta property=\"og:title\" content=\"D\u00e9fis s\u00e9curitaires et Solidarit\u00e9 : le CIP-UEMOA en conclave \u00e0 Ouagadougou - R\u00e9veil Info\" \/>\n<meta property=\"og:description\" content=\"Ouagadougou, carrefour de la r\u00e9silience parlementaire Le CIP-UEMOA \u00e9change autour du d\u00e9fi s\u00e9curitaire En ce\" \/>\n<meta property=\"og:url\" content=\"https:\/\/reveil-info.net\/?p=50549\" \/>\n<meta property=\"og:site_name\" content=\"R\u00e9veil Info\" \/>\n<meta property=\"article:published_time\" content=\"2026-04-27T20:32:15+00:00\" \/>\n<meta property=\"article:modified_time\" content=\"2026-04-27T20:32:48+00:00\" \/>\n<meta property=\"og:image\" content=\"https:\/\/reveil-info.net\/wp-content\/uploads\/2026\/04\/IMG-20260427-WA0049.jpg\" \/>\n\t<meta property=\"og:image:width\" content=\"1280\" \/>\n\t<meta property=\"og:image:height\" content=\"576\" \/>\n\t<meta property=\"og:image:type\" content=\"image\/jpeg\" \/>\n<meta name=\"author\" content=\"R\u00e9veil info\" \/>\n<meta name=\"twitter:card\" content=\"summary_large_image\" \/>\n<meta name=\"twitter:label1\" content=\"\u00c9crit par\" \/>\n\t<meta name=\"twitter:data1\" content=\"R\u00e9veil info\" \/>\n\t<meta name=\"twitter:label2\" content=\"Dur\u00e9e de lecture estim\u00e9e\" \/>\n\t<meta name=\"twitter:data2\" content=\"4 minutes\" \/>\n<script type=\"application\/ld+json\" class=\"yoast-schema-graph\">{\"@context\":\"https:\\\/\\\/schema.org\",\"@graph\":[{\"@type\":\"Article\",\"@id\":\"https:\\\/\\\/reveil-info.net\\\/?p=50549#article\",\"isPartOf\":{\"@id\":\"https:\\\/\\\/reveil-info.net\\\/?p=50549\"},\"author\":{\"name\":\"R\u00e9veil info\",\"@id\":\"https:\\\/\\\/reveil-info.net\\\/#\\\/schema\\\/person\\\/ca0cc8e70088e0a2b5e92556c1ee60f5\"},\"headline\":\"D\u00e9fis s\u00e9curitaires et Solidarit\u00e9 : le CIP-UEMOA en conclave \u00e0 Ouagadougou\",\"datePublished\":\"2026-04-27T20:32:15+00:00\",\"dateModified\":\"2026-04-27T20:32:48+00:00\",\"mainEntityOfPage\":{\"@id\":\"https:\\\/\\\/reveil-info.net\\\/?p=50549\"},\"wordCount\":609,\"commentCount\":0,\"publisher\":{\"@id\":\"https:\\\/\\\/reveil-info.net\\\/#organization\"},\"image\":{\"@id\":\"https:\\\/\\\/reveil-info.net\\\/?p=50549#primaryimage\"},\"thumbnailUrl\":\"https:\\\/\\\/reveil-info.net\\\/wp-content\\\/uploads\\\/2026\\\/04\\\/IMG-20260427-WA0049.jpg\",\"articleSection\":[\"Actualit\u00e9\"],\"inLanguage\":\"fr-FR\",\"potentialAction\":[{\"@type\":\"CommentAction\",\"name\":\"Comment\",\"target\":[\"https:\\\/\\\/reveil-info.net\\\/?p=50549#respond\"]}]},{\"@type\":\"WebPage\",\"@id\":\"https:\\\/\\\/reveil-info.net\\\/?p=50549\",\"url\":\"https:\\\/\\\/reveil-info.net\\\/?p=50549\",\"name\":\"D\u00e9fis s\u00e9curitaires et Solidarit\u00e9 : le CIP-UEMOA en conclave \u00e0 Ouagadougou - R\u00e9veil Info\",\"isPartOf\":{\"@id\":\"https:\\\/\\\/reveil-info.net\\\/#website\"},\"primaryImageOfPage\":{\"@id\":\"https:\\\/\\\/reveil-info.net\\\/?p=50549#primaryimage\"},\"image\":{\"@id\":\"https:\\\/\\\/reveil-info.net\\\/?p=50549#primaryimage\"},\"thumbnailUrl\":\"https:\\\/\\\/reveil-info.net\\\/wp-content\\\/uploads\\\/2026\\\/04\\\/IMG-20260427-WA0049.jpg\",\"datePublished\":\"2026-04-27T20:32:15+00:00\",\"dateModified\":\"2026-04-27T20:32:48+00:00\",\"breadcrumb\":{\"@id\":\"https:\\\/\\\/reveil-info.net\\\/?p=50549#breadcrumb\"},\"inLanguage\":\"fr-FR\",\"potentialAction\":[{\"@type\":\"ReadAction\",\"target\":[\"https:\\\/\\\/reveil-info.net\\\/?p=50549\"]}]},{\"@type\":\"ImageObject\",\"inLanguage\":\"fr-FR\",\"@id\":\"https:\\\/\\\/reveil-info.net\\\/?p=50549#primaryimage\",\"url\":\"https:\\\/\\\/reveil-info.net\\\/wp-content\\\/uploads\\\/2026\\\/04\\\/IMG-20260427-WA0049.jpg\",\"contentUrl\":\"https:\\\/\\\/reveil-info.net\\\/wp-content\\\/uploads\\\/2026\\\/04\\\/IMG-20260427-WA0049.jpg\",\"width\":1280,\"height\":576,\"caption\":\"Une vue des participants \u00e0 l'ouverture\"},{\"@type\":\"BreadcrumbList\",\"@id\":\"https:\\\/\\\/reveil-info.net\\\/?p=50549#breadcrumb\",\"itemListElement\":[{\"@type\":\"ListItem\",\"position\":1,\"name\":\"Home\",\"item\":\"https:\\\/\\\/reveil-info.net\\\/\"},{\"@type\":\"ListItem\",\"position\":2,\"name\":\"D\u00e9fis s\u00e9curitaires et Solidarit\u00e9 : le CIP-UEMOA en conclave \u00e0 Ouagadougou\"}]},{\"@type\":\"WebSite\",\"@id\":\"https:\\\/\\\/reveil-info.net\\\/#website\",\"url\":\"https:\\\/\\\/reveil-info.net\\\/\",\"name\":\"R\u00e9veil Info\",\"description\":\"Le devoir d&#039;informer!\",\"publisher\":{\"@id\":\"https:\\\/\\\/reveil-info.net\\\/#organization\"},\"potentialAction\":[{\"@type\":\"SearchAction\",\"target\":{\"@type\":\"EntryPoint\",\"urlTemplate\":\"https:\\\/\\\/reveil-info.net\\\/?s={search_term_string}\"},\"query-input\":{\"@type\":\"PropertyValueSpecification\",\"valueRequired\":true,\"valueName\":\"search_term_string\"}}],\"inLanguage\":\"fr-FR\"},{\"@type\":\"Organization\",\"@id\":\"https:\\\/\\\/reveil-info.net\\\/#organization\",\"name\":\"R\u00e9veil Info\",\"url\":\"https:\\\/\\\/reveil-info.net\\\/\",\"logo\":{\"@type\":\"ImageObject\",\"inLanguage\":\"fr-FR\",\"@id\":\"https:\\\/\\\/reveil-info.net\\\/#\\\/schema\\\/logo\\\/image\\\/\",\"url\":\"https:\\\/\\\/reveil-info.net\\\/wp-content\\\/uploads\\\/2024\\\/07\\\/bnddd1.jpg\",\"contentUrl\":\"https:\\\/\\\/reveil-info.net\\\/wp-content\\\/uploads\\\/2024\\\/07\\\/bnddd1.jpg\",\"width\":903,\"height\":125,\"caption\":\"R\u00e9veil Info\"},\"image\":{\"@id\":\"https:\\\/\\\/reveil-info.net\\\/#\\\/schema\\\/logo\\\/image\\\/\"}},{\"@type\":\"Person\",\"@id\":\"https:\\\/\\\/reveil-info.net\\\/#\\\/schema\\\/person\\\/ca0cc8e70088e0a2b5e92556c1ee60f5\",\"name\":\"R\u00e9veil info\",\"image\":{\"@type\":\"ImageObject\",\"inLanguage\":\"fr-FR\",\"@id\":\"https:\\\/\\\/secure.gravatar.com\\\/avatar\\\/e4ad5bb743c8b6cb174d9df6c7d30a8a16f6889731241345fc6444e6485f02af?s=96&d=mm&r=g\",\"url\":\"https:\\\/\\\/secure.gravatar.com\\\/avatar\\\/e4ad5bb743c8b6cb174d9df6c7d30a8a16f6889731241345fc6444e6485f02af?s=96&d=mm&r=g\",\"contentUrl\":\"https:\\\/\\\/secure.gravatar.com\\\/avatar\\\/e4ad5bb743c8b6cb174d9df6c7d30a8a16f6889731241345fc6444e6485f02af?s=96&d=mm&r=g\",\"caption\":\"R\u00e9veil info\"},\"sameAs\":[\"https:\\\/\\\/reveil-info.net\"],\"url\":\"https:\\\/\\\/reveil-info.net\\\/?author=1\"}]}<\/script>\n<!-- \/ Yoast SEO plugin. -->","yoast_head_json":{"title":"D\u00e9fis s\u00e9curitaires et Solidarit\u00e9 : le CIP-UEMOA en conclave \u00e0 Ouagadougou - R\u00e9veil Info","robots":{"index":"noindex","follow":"follow","max-snippet":"max-snippet:-1","max-image-preview":"max-image-preview:large","max-video-preview":"max-video-preview:-1"},"og_locale":"fr_FR","og_type":"article","og_title":"D\u00e9fis s\u00e9curitaires et Solidarit\u00e9 : le CIP-UEMOA en conclave \u00e0 Ouagadougou - R\u00e9veil Info","og_description":"Ouagadougou, carrefour de la r\u00e9silience parlementaire Le CIP-UEMOA \u00e9change autour du d\u00e9fi s\u00e9curitaire En ce","og_url":"https:\/\/reveil-info.net\/?p=50549","og_site_name":"R\u00e9veil Info","article_published_time":"2026-04-27T20:32:15+00:00","article_modified_time":"2026-04-27T20:32:48+00:00","og_image":[{"width":1280,"height":576,"url":"https:\/\/reveil-info.net\/wp-content\/uploads\/2026\/04\/IMG-20260427-WA0049.jpg","type":"image\/jpeg"}],"author":"R\u00e9veil info","twitter_card":"summary_large_image","twitter_misc":{"\u00c9crit par":"R\u00e9veil info","Dur\u00e9e de lecture estim\u00e9e":"4 minutes"},"schema":{"@context":"https:\/\/schema.org","@graph":[{"@type":"Article","@id":"https:\/\/reveil-info.net\/?p=50549#article","isPartOf":{"@id":"https:\/\/reveil-info.net\/?p=50549"},"author":{"name":"R\u00e9veil info","@id":"https:\/\/reveil-info.net\/#\/schema\/person\/ca0cc8e70088e0a2b5e92556c1ee60f5"},"headline":"D\u00e9fis s\u00e9curitaires et Solidarit\u00e9 : le CIP-UEMOA en conclave \u00e0 Ouagadougou","datePublished":"2026-04-27T20:32:15+00:00","dateModified":"2026-04-27T20:32:48+00:00","mainEntityOfPage":{"@id":"https:\/\/reveil-info.net\/?p=50549"},"wordCount":609,"commentCount":0,"publisher":{"@id":"https:\/\/reveil-info.net\/#organization"},"image":{"@id":"https:\/\/reveil-info.net\/?p=50549#primaryimage"},"thumbnailUrl":"https:\/\/reveil-info.net\/wp-content\/uploads\/2026\/04\/IMG-20260427-WA0049.jpg","articleSection":["Actualit\u00e9"],"inLanguage":"fr-FR","potentialAction":[{"@type":"CommentAction","name":"Comment","target":["https:\/\/reveil-info.net\/?p=50549#respond"]}]},{"@type":"WebPage","@id":"https:\/\/reveil-info.net\/?p=50549","url":"https:\/\/reveil-info.net\/?p=50549","name":"D\u00e9fis s\u00e9curitaires et Solidarit\u00e9 : le CIP-UEMOA en conclave \u00e0 Ouagadougou - R\u00e9veil Info","isPartOf":{"@id":"https:\/\/reveil-info.net\/#website"},"primaryImageOfPage":{"@id":"https:\/\/reveil-info.net\/?p=50549#primaryimage"},"image":{"@id":"https:\/\/reveil-info.net\/?p=50549#primaryimage"},"thumbnailUrl":"https:\/\/reveil-info.net\/wp-content\/uploads\/2026\/04\/IMG-20260427-WA0049.jpg","datePublished":"2026-04-27T20:32:15+00:00","dateModified":"2026-04-27T20:32:48+00:00","breadcrumb":{"@id":"https:\/\/reveil-info.net\/?p=50549#breadcrumb"},"inLanguage":"fr-FR","potentialAction":[{"@type":"ReadAction","target":["https:\/\/reveil-info.net\/?p=50549"]}]},{"@type":"ImageObject","inLanguage":"fr-FR","@id":"https:\/\/reveil-info.net\/?p=50549#primaryimage","url":"https:\/\/reveil-info.net\/wp-content\/uploads\/2026\/04\/IMG-20260427-WA0049.jpg","contentUrl":"https:\/\/reveil-info.net\/wp-content\/uploads\/2026\/04\/IMG-20260427-WA0049.jpg","width":1280,"height":576,"caption":"Une vue des participants \u00e0 l'ouverture"},{"@type":"BreadcrumbList","@id":"https:\/\/reveil-info.net\/?p=50549#breadcrumb","itemListElement":[{"@type":"ListItem","position":1,"name":"Home","item":"https:\/\/reveil-info.net\/"},{"@type":"ListItem","position":2,"name":"D\u00e9fis s\u00e9curitaires et Solidarit\u00e9 : le CIP-UEMOA en conclave \u00e0 Ouagadougou"}]},{"@type":"WebSite","@id":"https:\/\/reveil-info.net\/#website","url":"https:\/\/reveil-info.net\/","name":"R\u00e9veil Info","description":"Le devoir d&#039;informer!","publisher":{"@id":"https:\/\/reveil-info.net\/#organization"},"potentialAction":[{"@type":"SearchAction","target":{"@type":"EntryPoint","urlTemplate":"https:\/\/reveil-info.net\/?s={search_term_string}"},"query-input":{"@type":"PropertyValueSpecification","valueRequired":true,"valueName":"search_term_string"}}],"inLanguage":"fr-FR"},{"@type":"Organization","@id":"https:\/\/reveil-info.net\/#organization","name":"R\u00e9veil Info","url":"https:\/\/reveil-info.net\/","logo":{"@type":"ImageObject","inLanguage":"fr-FR","@id":"https:\/\/reveil-info.net\/#\/schema\/logo\/image\/","url":"https:\/\/reveil-info.net\/wp-content\/uploads\/2024\/07\/bnddd1.jpg","contentUrl":"https:\/\/reveil-info.net\/wp-content\/uploads\/2024\/07\/bnddd1.jpg","width":903,"height":125,"caption":"R\u00e9veil Info"},"image":{"@id":"https:\/\/reveil-info.net\/#\/schema\/logo\/image\/"}},{"@type":"Person","@id":"https:\/\/reveil-info.net\/#\/schema\/person\/ca0cc8e70088e0a2b5e92556c1ee60f5","name":"R\u00e9veil info","image":{"@type":"ImageObject","inLanguage":"fr-FR","@id":"https:\/\/secure.gravatar.com\/avatar\/e4ad5bb743c8b6cb174d9df6c7d30a8a16f6889731241345fc6444e6485f02af?s=96&d=mm&r=g","url":"https:\/\/secure.gravatar.com\/avatar\/e4ad5bb743c8b6cb174d9df6c7d30a8a16f6889731241345fc6444e6485f02af?s=96&d=mm&r=g","contentUrl":"https:\/\/secure.gravatar.com\/avatar\/e4ad5bb743c8b6cb174d9df6c7d30a8a16f6889731241345fc6444e6485f02af?s=96&d=mm&r=g","caption":"R\u00e9veil info"},"sameAs":["https:\/\/reveil-info.net"],"url":"https:\/\/reveil-info.net\/?author=1"}]}},"jetpack_featured_media_url":"","featured_image_urls":{"full":"","thumbnail":"","medium":"","medium_large":"","large":"","1536x1536":"","2048x2048":"","chromenews-featured":"","chromenews-large":"","chromenews-medium":""},"author_info":{"display_name":"R\u00e9veil info","author_link":"https:\/\/reveil-info.net\/?author=1"},"category_info":"<a href=\"https:\/\/reveil-info.net\/?cat=2\" rel=\"category\">Actualit\u00e9<\/a>","tag_info":"Actualit\u00e9","comment_count":"0","_links":{"self":[{"href":"https:\/\/reveil-info.net\/index.php?rest_route=\/wp\/v2\/posts\/50549","targetHints":{"allow":["GET"]}}],"collection":[{"href":"https:\/\/reveil-info.net\/index.php?rest_route=\/wp\/v2\/posts"}],"about":[{"href":"https:\/\/reveil-info.net\/index.php?rest_route=\/wp\/v2\/types\/post"}],"author":[{"embeddable":true,"href":"https:\/\/reveil-info.net\/index.php?rest_route=\/wp\/v2\/users\/1"}],"replies":[{"embeddable":true,"href":"https:\/\/reveil-info.net\/index.php?rest_route=%2Fwp%2Fv2%2Fcomments&post=50549"}],"version-history":[{"count":9,"href":"https:\/\/reveil-info.net\/index.php?rest_route=\/wp\/v2\/posts\/50549\/revisions"}],"predecessor-version":[{"id":50562,"href":"https:\/\/reveil-info.net\/index.php?rest_route=\/wp\/v2\/posts\/50549\/revisions\/50562"}],"wp:attachment":[{"href":"https:\/\/reveil-info.net\/index.php?rest_route=%2Fwp%2Fv2%2Fmedia&parent=50549"}],"wp:term":[{"taxonomy":"category","embeddable":true,"href":"https:\/\/reveil-info.net\/index.php?rest_route=%2Fwp%2Fv2%2Fcategories&post=50549"},{"taxonomy":"post_tag","embeddable":true,"href":"https:\/\/reveil-info.net\/index.php?rest_route=%2Fwp%2Fv2%2Ftags&post=50549"}],"curies":[{"name":"wp","href":"https:\/\/api.w.org\/{rel}","templated":true}]}}