{"id":50524,"date":"2026-04-27T16:56:58","date_gmt":"2026-04-27T16:56:58","guid":{"rendered":"https:\/\/reveil-info.net\/?p=50524"},"modified":"2026-04-27T16:56:58","modified_gmt":"2026-04-27T16:56:58","slug":"situation-au-mali-le-premier-ministre-malien-de-retour-de-bobo-dioulasso-parle","status":"publish","type":"post","link":"https:\/\/reveil-info.net\/?p=50524","title":{"rendered":"Situation au Mali : le premier ministre malien de retour de Bobo-Dioulasso parle"},"content":{"rendered":"<p>POINT DE PRESSE RELATIF AUX ATTAQUES TERRORISTES DU 25 AVRIL 2026<\/p>\n<p><a href=\"https:\/\/reveil-info.net\/?attachment_id=50526\" rel=\"attachment wp-att-50526\"><img loading=\"lazy\" decoding=\"async\" class=\"alignright size-full wp-image-50526\" src=\"https:\/\/reveil-info.net\/wp-content\/uploads\/2026\/04\/1777308700692.jpg\" alt=\"\" width=\"720\" height=\"480\" srcset=\"https:\/\/reveil-info.net\/wp-content\/uploads\/2026\/04\/1777308700692.jpg 720w, https:\/\/reveil-info.net\/wp-content\/uploads\/2026\/04\/1777308700692-300x200.jpg 300w\" sizes=\"auto, (max-width: 720px) 100vw, 720px\" \/><\/a><\/p>\n<p>Chers compatriotes<\/p>\n<p>M\u2019exprimer aujourd\u2019hui n\u2019est pas ais\u00e9e, d\u2019autant plus qu\u2019il s\u2019agit du 1er jour d\u2019un deuil national de deux jours d\u00e9cr\u00e9t\u00e9 par Son Excellence, le Pr\u00e9sident de la Transition, pour rendre hommage \u00e0 Feu G\u00e9n\u00e9ral Sadio Camara.<\/p>\n<p>Je m\u2019incline devant la m\u00e9moire de l\u2019illustre disparu et d\u2019autres victimes civiles comme militaires, qui ont perdu la vie, tout en souhaitant prompt r\u00e9tablissement aux bless\u00e9s.<\/p>\n<p>Le 25 Avril 2026, la Nation malienne a \u00e9t\u00e9 endeuill\u00e9e par des attaques terroristes simultan\u00e9es, qui se sont d\u00e9roul\u00e9es dans plusieurs localit\u00e9s. Au-del\u00e0, du mode op\u00e9ratoire, il est \u00e9vident que seul l\u2019appui des sponsors a permis ces actes l\u00e2ches et barbares.<\/p>\n<p>Quels \u00e9taient leurs objectifs :<\/p>\n<p>1. Semer la peur et le doute: nous n\u2019avons pas eu peur, ni dout\u00e9 et nous n\u2019aurons jamais peur<\/p>\n<p>2. Briser la coh\u00e9sion nationale : plus que jamais nous unis comme. La coh\u00e9sion nationale sera renforc\u00e9e.<\/p>\n<p>3. Affaiblir notre d\u00e9termination plus que jamais, nous sommes d\u00e9termin\u00e9s. L\u2019engagement collectif ira crescendo.<\/p>\n<p><a href=\"https:\/\/reveil-info.net\/?attachment_id=50528\" rel=\"attachment wp-att-50528\"><img loading=\"lazy\" decoding=\"async\" class=\"alignright size-full wp-image-50528\" src=\"https:\/\/reveil-info.net\/wp-content\/uploads\/2026\/04\/1777308773974.jpg\" alt=\"\" width=\"720\" height=\"480\" srcset=\"https:\/\/reveil-info.net\/wp-content\/uploads\/2026\/04\/1777308773974.jpg 720w, https:\/\/reveil-info.net\/wp-content\/uploads\/2026\/04\/1777308773974-300x200.jpg 300w\" sizes=\"auto, (max-width: 720px) 100vw, 720px\" \/><\/a><\/p>\n<p>Plus que de simples incidents terroristes, le but de l\u2019ennemi \u00e9tait de conqu\u00e9rir le pouvoir, en d\u00e9mantelant les Institutions de la R\u00e9publique et mettant un terme au processus de Transition. La r\u00e9ponse cinglante qui leur \u00e9t\u00e9 inflig\u00e9e est l\u2019\u0153uvre de l\u2019abn\u00e9gation de nos vaillantes forces arm\u00e9es et de s\u00e9curit\u00e9, sous le leadership de Son Excellence, le Pr\u00e9sident de la Transition, Chef supr\u00eame des arm\u00e9es, qui ont r\u00e9ussi \u00e0 neutraliser des centaines de terroristes sur l\u2019ensemble du territoire nationale. Je voudrais saluer leur professionnalisme.<\/p>\n<p>Toutefois, il est utile de rappeler que la caract\u00e9ristique principale de l\u2019action terroriste est l\u2019asym\u00e9trie. Celle-ci nous oblige \u00e0 adapter constamment notre dispositif. Tirer les enseignements des incidents terroristes du 25 Avril est une obligation. Les facteurs de succ\u00e8s seront renforc\u00e9s et les correctifs n\u00e9cessaires seront apport\u00e9s pour une meilleure s\u00e9curisation. Je salue \u00e9galement la r\u00e9silience de la population malienne qui croit en son arm\u00e9e et \u00e0 la Refondation du Mali.<\/p>\n<p><a href=\"https:\/\/reveil-info.net\/?attachment_id=50529\" rel=\"attachment wp-att-50529\"><img loading=\"lazy\" decoding=\"async\" class=\"alignright size-full wp-image-50529\" src=\"https:\/\/reveil-info.net\/wp-content\/uploads\/2026\/04\/1777308783025.jpg\" alt=\"\" width=\"720\" height=\"480\" srcset=\"https:\/\/reveil-info.net\/wp-content\/uploads\/2026\/04\/1777308783025.jpg 720w, https:\/\/reveil-info.net\/wp-content\/uploads\/2026\/04\/1777308783025-300x200.jpg 300w\" sizes=\"auto, (max-width: 720px) 100vw, 720px\" \/><\/a><\/p>\n<p>En tant que croyant, je voudrais rappeler que selon le Coran \u00ab Toute \u00e2me go\u00fbtera la mort \u00bb. et \u00ab \u00c0 Dieu nous appartenons et \u00e0 Lui nous retournons \u00bb<\/p>\n<p>Le G\u00e9n\u00e9ral Camara, comme tant d\u2019autres victimes de l\u2019ins\u00e9curit\u00e9, a \u00e9t\u00e9 arrach\u00e9 \u00e0 notre affection. Toutefois, le type de combat pour lequel nous nous engageons sont des choix personnels.<\/p>\n<p>Le G\u00e9n\u00e9ral Camara, comme tant d\u2019autres militaires, a fait le choix de mourir les armes \u00e0 la main pour d\u00e9fendre sa patrie. Je formule le v\u0153u que l\u2019\u00e9tat d\u2019esprit celles et ceux qui sont dans cette disposition soit renforc\u00e9e. Sans d\u00e9sesp\u00e9rer de la nature humaine, celles et ceux qui ont une approche divergente, je formule le v\u0153u, qu\u2019ils retrouvent le droit chemin, il n\u2019est jamais trop tard pour aimer son pays.<\/p>\n<p>A ceux qui se font manipuler par des sponsors du terrorisme, qu\u2019ils se demandent tout simplement, raison pour laquelle, ces Etats paria du terrorisme ne r\u00e9alisent pas dans leur pays, les projets funestes qu\u2019ils veulent entreprendre chez les autres.<\/p>\n<p>Je saisis cette occasion que le combat pour notre dignit\u00e9 et notre honneur n\u2019est pas n\u00e9gociable. Nous le m\u00e8nerons \u00e0 son terme, jusqu\u2019\u00e0 l\u2019\u00e9radication totale du terrorisme et l\u2019\u00e9dification du Mali Kura.<\/p>\n<p>Il est important de garder constamment \u00e0 l\u2019esprit, le 3\u00e8me couplet de notre Hymne National. \u00ab La voie est dure tr\u00e8s dure. Qui m\u00e8ne au bonheur commun. Courage et d\u00e9vouement. Vigilance \u00e0 tout moment \u00bb.<\/p>\n<p>Ensemble, nous ferons le Mali Kura ! Qu&rsquo;Allah b\u00e9nisse le Mali et prot\u00e8ge les Maliens.<\/p>\n<p>CCRP-Primature-Mali<\/p>\n<p>Reveil-info<\/p>\n","protected":false},"excerpt":{"rendered":"<p>POINT DE PRESSE RELATIF AUX ATTAQUES TERRORISTES DU 25 AVRIL 2026 Chers compatriotes M\u2019exprimer aujourd\u2019hui<\/p>\n","protected":false},"author":1,"featured_media":0,"comment_status":"open","ping_status":"open","sticky":false,"template":"","format":"standard","meta":{"footnotes":""},"categories":[2,47],"tags":[],"class_list":["post-50524","post","type-post","status-publish","format-standard","hentry","category-actu","category-aes"],"yoast_head":"<!-- This site is optimized with the Yoast SEO plugin v27.4 - https:\/\/yoast.com\/product\/yoast-seo-wordpress\/ -->\n<title>Situation au Mali : le premier ministre malien de retour de Bobo-Dioulasso parle - R\u00e9veil Info<\/title>\n<meta name=\"robots\" content=\"noindex, follow, max-snippet:-1, max-image-preview:large, max-video-preview:-1\" \/>\n<meta property=\"og:locale\" content=\"fr_FR\" \/>\n<meta property=\"og:type\" content=\"article\" \/>\n<meta property=\"og:title\" content=\"Situation au Mali : le premier ministre malien de retour de Bobo-Dioulasso parle - R\u00e9veil Info\" \/>\n<meta property=\"og:description\" content=\"POINT DE PRESSE RELATIF AUX ATTAQUES TERRORISTES DU 25 AVRIL 2026 Chers compatriotes M\u2019exprimer aujourd\u2019hui\" \/>\n<meta property=\"og:url\" content=\"https:\/\/reveil-info.net\/?p=50524\" \/>\n<meta property=\"og:site_name\" content=\"R\u00e9veil Info\" \/>\n<meta property=\"article:published_time\" content=\"2026-04-27T16:56:58+00:00\" \/>\n<meta property=\"og:image\" content=\"https:\/\/reveil-info.net\/wp-content\/uploads\/2026\/04\/1777308700692.jpg\" \/>\n\t<meta property=\"og:image:width\" content=\"720\" \/>\n\t<meta property=\"og:image:height\" content=\"480\" \/>\n\t<meta property=\"og:image:type\" content=\"image\/jpeg\" \/>\n<meta name=\"author\" content=\"R\u00e9veil info\" \/>\n<meta name=\"twitter:card\" content=\"summary_large_image\" \/>\n<meta name=\"twitter:label1\" content=\"\u00c9crit par\" \/>\n\t<meta name=\"twitter:data1\" content=\"R\u00e9veil info\" \/>\n\t<meta name=\"twitter:label2\" content=\"Dur\u00e9e de lecture estim\u00e9e\" \/>\n\t<meta name=\"twitter:data2\" content=\"4 minutes\" \/>\n<script type=\"application\/ld+json\" class=\"yoast-schema-graph\">{\"@context\":\"https:\\\/\\\/schema.org\",\"@graph\":[{\"@type\":\"Article\",\"@id\":\"https:\\\/\\\/reveil-info.net\\\/?p=50524#article\",\"isPartOf\":{\"@id\":\"https:\\\/\\\/reveil-info.net\\\/?p=50524\"},\"author\":{\"name\":\"R\u00e9veil info\",\"@id\":\"https:\\\/\\\/reveil-info.net\\\/#\\\/schema\\\/person\\\/ca0cc8e70088e0a2b5e92556c1ee60f5\"},\"headline\":\"Situation au Mali : le premier ministre malien de retour de Bobo-Dioulasso parle\",\"datePublished\":\"2026-04-27T16:56:58+00:00\",\"mainEntityOfPage\":{\"@id\":\"https:\\\/\\\/reveil-info.net\\\/?p=50524\"},\"wordCount\":658,\"commentCount\":0,\"publisher\":{\"@id\":\"https:\\\/\\\/reveil-info.net\\\/#organization\"},\"image\":{\"@id\":\"https:\\\/\\\/reveil-info.net\\\/?p=50524#primaryimage\"},\"thumbnailUrl\":\"https:\\\/\\\/reveil-info.net\\\/wp-content\\\/uploads\\\/2026\\\/04\\\/1777308700692.jpg\",\"articleSection\":[\"Actualit\u00e9\",\"AES\"],\"inLanguage\":\"fr-FR\",\"potentialAction\":[{\"@type\":\"CommentAction\",\"name\":\"Comment\",\"target\":[\"https:\\\/\\\/reveil-info.net\\\/?p=50524#respond\"]}]},{\"@type\":\"WebPage\",\"@id\":\"https:\\\/\\\/reveil-info.net\\\/?p=50524\",\"url\":\"https:\\\/\\\/reveil-info.net\\\/?p=50524\",\"name\":\"Situation au Mali : le premier ministre malien de retour de Bobo-Dioulasso parle - R\u00e9veil Info\",\"isPartOf\":{\"@id\":\"https:\\\/\\\/reveil-info.net\\\/#website\"},\"primaryImageOfPage\":{\"@id\":\"https:\\\/\\\/reveil-info.net\\\/?p=50524#primaryimage\"},\"image\":{\"@id\":\"https:\\\/\\\/reveil-info.net\\\/?p=50524#primaryimage\"},\"thumbnailUrl\":\"https:\\\/\\\/reveil-info.net\\\/wp-content\\\/uploads\\\/2026\\\/04\\\/1777308700692.jpg\",\"datePublished\":\"2026-04-27T16:56:58+00:00\",\"breadcrumb\":{\"@id\":\"https:\\\/\\\/reveil-info.net\\\/?p=50524#breadcrumb\"},\"inLanguage\":\"fr-FR\",\"potentialAction\":[{\"@type\":\"ReadAction\",\"target\":[\"https:\\\/\\\/reveil-info.net\\\/?p=50524\"]}]},{\"@type\":\"ImageObject\",\"inLanguage\":\"fr-FR\",\"@id\":\"https:\\\/\\\/reveil-info.net\\\/?p=50524#primaryimage\",\"url\":\"https:\\\/\\\/reveil-info.net\\\/wp-content\\\/uploads\\\/2026\\\/04\\\/1777308700692.jpg\",\"contentUrl\":\"https:\\\/\\\/reveil-info.net\\\/wp-content\\\/uploads\\\/2026\\\/04\\\/1777308700692.jpg\",\"width\":720,\"height\":480},{\"@type\":\"BreadcrumbList\",\"@id\":\"https:\\\/\\\/reveil-info.net\\\/?p=50524#breadcrumb\",\"itemListElement\":[{\"@type\":\"ListItem\",\"position\":1,\"name\":\"Home\",\"item\":\"https:\\\/\\\/reveil-info.net\\\/\"},{\"@type\":\"ListItem\",\"position\":2,\"name\":\"Situation au Mali : le premier ministre malien de retour de Bobo-Dioulasso parle\"}]},{\"@type\":\"WebSite\",\"@id\":\"https:\\\/\\\/reveil-info.net\\\/#website\",\"url\":\"https:\\\/\\\/reveil-info.net\\\/\",\"name\":\"R\u00e9veil Info\",\"description\":\"Le devoir d&#039;informer!\",\"publisher\":{\"@id\":\"https:\\\/\\\/reveil-info.net\\\/#organization\"},\"potentialAction\":[{\"@type\":\"SearchAction\",\"target\":{\"@type\":\"EntryPoint\",\"urlTemplate\":\"https:\\\/\\\/reveil-info.net\\\/?s={search_term_string}\"},\"query-input\":{\"@type\":\"PropertyValueSpecification\",\"valueRequired\":true,\"valueName\":\"search_term_string\"}}],\"inLanguage\":\"fr-FR\"},{\"@type\":\"Organization\",\"@id\":\"https:\\\/\\\/reveil-info.net\\\/#organization\",\"name\":\"R\u00e9veil Info\",\"url\":\"https:\\\/\\\/reveil-info.net\\\/\",\"logo\":{\"@type\":\"ImageObject\",\"inLanguage\":\"fr-FR\",\"@id\":\"https:\\\/\\\/reveil-info.net\\\/#\\\/schema\\\/logo\\\/image\\\/\",\"url\":\"https:\\\/\\\/reveil-info.net\\\/wp-content\\\/uploads\\\/2024\\\/07\\\/bnddd1.jpg\",\"contentUrl\":\"https:\\\/\\\/reveil-info.net\\\/wp-content\\\/uploads\\\/2024\\\/07\\\/bnddd1.jpg\",\"width\":903,\"height\":125,\"caption\":\"R\u00e9veil Info\"},\"image\":{\"@id\":\"https:\\\/\\\/reveil-info.net\\\/#\\\/schema\\\/logo\\\/image\\\/\"}},{\"@type\":\"Person\",\"@id\":\"https:\\\/\\\/reveil-info.net\\\/#\\\/schema\\\/person\\\/ca0cc8e70088e0a2b5e92556c1ee60f5\",\"name\":\"R\u00e9veil info\",\"image\":{\"@type\":\"ImageObject\",\"inLanguage\":\"fr-FR\",\"@id\":\"https:\\\/\\\/secure.gravatar.com\\\/avatar\\\/e4ad5bb743c8b6cb174d9df6c7d30a8a16f6889731241345fc6444e6485f02af?s=96&d=mm&r=g\",\"url\":\"https:\\\/\\\/secure.gravatar.com\\\/avatar\\\/e4ad5bb743c8b6cb174d9df6c7d30a8a16f6889731241345fc6444e6485f02af?s=96&d=mm&r=g\",\"contentUrl\":\"https:\\\/\\\/secure.gravatar.com\\\/avatar\\\/e4ad5bb743c8b6cb174d9df6c7d30a8a16f6889731241345fc6444e6485f02af?s=96&d=mm&r=g\",\"caption\":\"R\u00e9veil info\"},\"sameAs\":[\"https:\\\/\\\/reveil-info.net\"],\"url\":\"https:\\\/\\\/reveil-info.net\\\/?author=1\"}]}<\/script>\n<!-- \/ Yoast SEO plugin. -->","yoast_head_json":{"title":"Situation au Mali : le premier ministre malien de retour de Bobo-Dioulasso parle - R\u00e9veil Info","robots":{"index":"noindex","follow":"follow","max-snippet":"max-snippet:-1","max-image-preview":"max-image-preview:large","max-video-preview":"max-video-preview:-1"},"og_locale":"fr_FR","og_type":"article","og_title":"Situation au Mali : le premier ministre malien de retour de Bobo-Dioulasso parle - R\u00e9veil Info","og_description":"POINT DE PRESSE RELATIF AUX ATTAQUES TERRORISTES DU 25 AVRIL 2026 Chers compatriotes M\u2019exprimer aujourd\u2019hui","og_url":"https:\/\/reveil-info.net\/?p=50524","og_site_name":"R\u00e9veil Info","article_published_time":"2026-04-27T16:56:58+00:00","og_image":[{"width":720,"height":480,"url":"https:\/\/reveil-info.net\/wp-content\/uploads\/2026\/04\/1777308700692.jpg","type":"image\/jpeg"}],"author":"R\u00e9veil info","twitter_card":"summary_large_image","twitter_misc":{"\u00c9crit par":"R\u00e9veil info","Dur\u00e9e de lecture estim\u00e9e":"4 minutes"},"schema":{"@context":"https:\/\/schema.org","@graph":[{"@type":"Article","@id":"https:\/\/reveil-info.net\/?p=50524#article","isPartOf":{"@id":"https:\/\/reveil-info.net\/?p=50524"},"author":{"name":"R\u00e9veil info","@id":"https:\/\/reveil-info.net\/#\/schema\/person\/ca0cc8e70088e0a2b5e92556c1ee60f5"},"headline":"Situation au Mali : le premier ministre malien de retour de Bobo-Dioulasso parle","datePublished":"2026-04-27T16:56:58+00:00","mainEntityOfPage":{"@id":"https:\/\/reveil-info.net\/?p=50524"},"wordCount":658,"commentCount":0,"publisher":{"@id":"https:\/\/reveil-info.net\/#organization"},"image":{"@id":"https:\/\/reveil-info.net\/?p=50524#primaryimage"},"thumbnailUrl":"https:\/\/reveil-info.net\/wp-content\/uploads\/2026\/04\/1777308700692.jpg","articleSection":["Actualit\u00e9","AES"],"inLanguage":"fr-FR","potentialAction":[{"@type":"CommentAction","name":"Comment","target":["https:\/\/reveil-info.net\/?p=50524#respond"]}]},{"@type":"WebPage","@id":"https:\/\/reveil-info.net\/?p=50524","url":"https:\/\/reveil-info.net\/?p=50524","name":"Situation au Mali : le premier ministre malien de retour de Bobo-Dioulasso parle - R\u00e9veil Info","isPartOf":{"@id":"https:\/\/reveil-info.net\/#website"},"primaryImageOfPage":{"@id":"https:\/\/reveil-info.net\/?p=50524#primaryimage"},"image":{"@id":"https:\/\/reveil-info.net\/?p=50524#primaryimage"},"thumbnailUrl":"https:\/\/reveil-info.net\/wp-content\/uploads\/2026\/04\/1777308700692.jpg","datePublished":"2026-04-27T16:56:58+00:00","breadcrumb":{"@id":"https:\/\/reveil-info.net\/?p=50524#breadcrumb"},"inLanguage":"fr-FR","potentialAction":[{"@type":"ReadAction","target":["https:\/\/reveil-info.net\/?p=50524"]}]},{"@type":"ImageObject","inLanguage":"fr-FR","@id":"https:\/\/reveil-info.net\/?p=50524#primaryimage","url":"https:\/\/reveil-info.net\/wp-content\/uploads\/2026\/04\/1777308700692.jpg","contentUrl":"https:\/\/reveil-info.net\/wp-content\/uploads\/2026\/04\/1777308700692.jpg","width":720,"height":480},{"@type":"BreadcrumbList","@id":"https:\/\/reveil-info.net\/?p=50524#breadcrumb","itemListElement":[{"@type":"ListItem","position":1,"name":"Home","item":"https:\/\/reveil-info.net\/"},{"@type":"ListItem","position":2,"name":"Situation au Mali : le premier ministre malien de retour de Bobo-Dioulasso parle"}]},{"@type":"WebSite","@id":"https:\/\/reveil-info.net\/#website","url":"https:\/\/reveil-info.net\/","name":"R\u00e9veil Info","description":"Le devoir d&#039;informer!","publisher":{"@id":"https:\/\/reveil-info.net\/#organization"},"potentialAction":[{"@type":"SearchAction","target":{"@type":"EntryPoint","urlTemplate":"https:\/\/reveil-info.net\/?s={search_term_string}"},"query-input":{"@type":"PropertyValueSpecification","valueRequired":true,"valueName":"search_term_string"}}],"inLanguage":"fr-FR"},{"@type":"Organization","@id":"https:\/\/reveil-info.net\/#organization","name":"R\u00e9veil Info","url":"https:\/\/reveil-info.net\/","logo":{"@type":"ImageObject","inLanguage":"fr-FR","@id":"https:\/\/reveil-info.net\/#\/schema\/logo\/image\/","url":"https:\/\/reveil-info.net\/wp-content\/uploads\/2024\/07\/bnddd1.jpg","contentUrl":"https:\/\/reveil-info.net\/wp-content\/uploads\/2024\/07\/bnddd1.jpg","width":903,"height":125,"caption":"R\u00e9veil Info"},"image":{"@id":"https:\/\/reveil-info.net\/#\/schema\/logo\/image\/"}},{"@type":"Person","@id":"https:\/\/reveil-info.net\/#\/schema\/person\/ca0cc8e70088e0a2b5e92556c1ee60f5","name":"R\u00e9veil info","image":{"@type":"ImageObject","inLanguage":"fr-FR","@id":"https:\/\/secure.gravatar.com\/avatar\/e4ad5bb743c8b6cb174d9df6c7d30a8a16f6889731241345fc6444e6485f02af?s=96&d=mm&r=g","url":"https:\/\/secure.gravatar.com\/avatar\/e4ad5bb743c8b6cb174d9df6c7d30a8a16f6889731241345fc6444e6485f02af?s=96&d=mm&r=g","contentUrl":"https:\/\/secure.gravatar.com\/avatar\/e4ad5bb743c8b6cb174d9df6c7d30a8a16f6889731241345fc6444e6485f02af?s=96&d=mm&r=g","caption":"R\u00e9veil info"},"sameAs":["https:\/\/reveil-info.net"],"url":"https:\/\/reveil-info.net\/?author=1"}]}},"jetpack_featured_media_url":"","featured_image_urls":{"full":"","thumbnail":"","medium":"","medium_large":"","large":"","1536x1536":"","2048x2048":"","chromenews-featured":"","chromenews-large":"","chromenews-medium":""},"author_info":{"display_name":"R\u00e9veil info","author_link":"https:\/\/reveil-info.net\/?author=1"},"category_info":"<a href=\"https:\/\/reveil-info.net\/?cat=2\" rel=\"category\">Actualit\u00e9<\/a> <a href=\"https:\/\/reveil-info.net\/?cat=47\" rel=\"category\">AES<\/a>","tag_info":"AES","comment_count":"0","_links":{"self":[{"href":"https:\/\/reveil-info.net\/index.php?rest_route=\/wp\/v2\/posts\/50524","targetHints":{"allow":["GET"]}}],"collection":[{"href":"https:\/\/reveil-info.net\/index.php?rest_route=\/wp\/v2\/posts"}],"about":[{"href":"https:\/\/reveil-info.net\/index.php?rest_route=\/wp\/v2\/types\/post"}],"author":[{"embeddable":true,"href":"https:\/\/reveil-info.net\/index.php?rest_route=\/wp\/v2\/users\/1"}],"replies":[{"embeddable":true,"href":"https:\/\/reveil-info.net\/index.php?rest_route=%2Fwp%2Fv2%2Fcomments&post=50524"}],"version-history":[{"count":4,"href":"https:\/\/reveil-info.net\/index.php?rest_route=\/wp\/v2\/posts\/50524\/revisions"}],"predecessor-version":[{"id":50531,"href":"https:\/\/reveil-info.net\/index.php?rest_route=\/wp\/v2\/posts\/50524\/revisions\/50531"}],"wp:attachment":[{"href":"https:\/\/reveil-info.net\/index.php?rest_route=%2Fwp%2Fv2%2Fmedia&parent=50524"}],"wp:term":[{"taxonomy":"category","embeddable":true,"href":"https:\/\/reveil-info.net\/index.php?rest_route=%2Fwp%2Fv2%2Fcategories&post=50524"},{"taxonomy":"post_tag","embeddable":true,"href":"https:\/\/reveil-info.net\/index.php?rest_route=%2Fwp%2Fv2%2Ftags&post=50524"}],"curies":[{"name":"wp","href":"https:\/\/api.w.org\/{rel}","templated":true}]}}