{"id":50476,"date":"2026-04-27T13:21:20","date_gmt":"2026-04-27T13:21:20","guid":{"rendered":"https:\/\/reveil-info.net\/?p=50476"},"modified":"2026-04-27T13:21:20","modified_gmt":"2026-04-27T13:21:20","slug":"amenagement-de-la-zad-de-bobo-le-premier-ministre-rimtalba-lance-officiellement-les-souscriptions-aux-parcelles","status":"publish","type":"post","link":"https:\/\/reveil-info.net\/?p=50476","title":{"rendered":"Am\u00e9nagement de la ZAD de BOBO : le premier ministre Rimtalba lance officiellement les souscriptions aux parcelles"},"content":{"rendered":"<p>Am\u00e9nagement de la ZAD de Bobo-Dioulasso : le Premier ministre lance officiellement les souscriptions aux parcelles<\/p>\n<p><a href=\"https:\/\/reveil-info.net\/?attachment_id=50479\" rel=\"attachment wp-att-50479\"><img loading=\"lazy\" decoding=\"async\" class=\"alignright size-full wp-image-50479\" src=\"https:\/\/reveil-info.net\/wp-content\/uploads\/2026\/04\/IMG-20260427-WA0010.jpg\" alt=\"\" width=\"1080\" height=\"842\" srcset=\"https:\/\/reveil-info.net\/wp-content\/uploads\/2026\/04\/IMG-20260427-WA0010.jpg 1080w, https:\/\/reveil-info.net\/wp-content\/uploads\/2026\/04\/IMG-20260427-WA0010-300x234.jpg 300w, https:\/\/reveil-info.net\/wp-content\/uploads\/2026\/04\/IMG-20260427-WA0010-1024x798.jpg 1024w, https:\/\/reveil-info.net\/wp-content\/uploads\/2026\/04\/IMG-20260427-WA0010-768x599.jpg 768w\" sizes=\"auto, (max-width: 1080px) 100vw, 1080px\" \/><\/a><\/p>\n<p>Le Premier ministre, Chef du Gouvernement, Rimtalba Jean Emmanuel Ou\u00e9draogo, a pr\u00e9sid\u00e9, ce lundi 27 avril 2026, la c\u00e9r\u00e9monie officielle de lancement des souscriptions aux parcelles de la Zone d\u2019activit\u00e9s diverses (ZAD) de Bobo-Dioulasso. Port\u00e9e par la Chambre de commerce et d\u2019industrie du Burkina Faso (CCI-BF), cette op\u00e9ration marque une \u00e9tape d\u00e9cisive dans la mise en \u0153uvre de cet espace \u00e9conomique strat\u00e9gique, destin\u00e9 \u00e0 renforcer l\u2019industrialisation, l\u2019entrepreneuriat et la comp\u00e9titivit\u00e9 de la r\u00e9gion du Guiriko.<\/p>\n<p><a href=\"https:\/\/reveil-info.net\/?attachment_id=50480\" rel=\"attachment wp-att-50480\"><img loading=\"lazy\" decoding=\"async\" class=\"alignright size-full wp-image-50480\" src=\"https:\/\/reveil-info.net\/wp-content\/uploads\/2026\/04\/IMG-20260427-WA0017.jpg\" alt=\"\" width=\"894\" height=\"994\" srcset=\"https:\/\/reveil-info.net\/wp-content\/uploads\/2026\/04\/IMG-20260427-WA0017.jpg 894w, https:\/\/reveil-info.net\/wp-content\/uploads\/2026\/04\/IMG-20260427-WA0017-270x300.jpg 270w, https:\/\/reveil-info.net\/wp-content\/uploads\/2026\/04\/IMG-20260427-WA0017-768x854.jpg 768w\" sizes=\"auto, (max-width: 894px) 100vw, 894px\" \/><\/a><\/p>\n<p>D\u2019une superficie d\u2019environ 80 hectares, la ZAD de la ville de Sya se veut un p\u00f4le \u00e9conomique int\u00e9gr\u00e9, moderne et comp\u00e9titif. Elle est con\u00e7ue pour accompagner la transformation du tissu productif, renforcer l\u2019ancrage industriel de l\u2019\u00e9conomie r\u00e9gionale et contribuer \u00e0 la dynamique nationale de d\u00e9veloppement.<\/p>\n<p><a href=\"https:\/\/reveil-info.net\/?attachment_id=50482\" rel=\"attachment wp-att-50482\"><img loading=\"lazy\" decoding=\"async\" class=\"alignright size-full wp-image-50482\" src=\"https:\/\/reveil-info.net\/wp-content\/uploads\/2026\/04\/IMG-20260427-WA0013.jpg\" alt=\"\" width=\"908\" height=\"582\" srcset=\"https:\/\/reveil-info.net\/wp-content\/uploads\/2026\/04\/IMG-20260427-WA0013.jpg 908w, https:\/\/reveil-info.net\/wp-content\/uploads\/2026\/04\/IMG-20260427-WA0013-300x192.jpg 300w, https:\/\/reveil-info.net\/wp-content\/uploads\/2026\/04\/IMG-20260427-WA0013-768x492.jpg 768w\" sizes=\"auto, (max-width: 908px) 100vw, 908px\" \/><\/a><\/p>\n<p><a href=\"https:\/\/reveil-info.net\/?attachment_id=50483\" rel=\"attachment wp-att-50483\"><img loading=\"lazy\" decoding=\"async\" class=\"alignright size-full wp-image-50483\" src=\"https:\/\/reveil-info.net\/wp-content\/uploads\/2026\/04\/IMG-20260427-WA0014.jpg\" alt=\"\" width=\"980\" height=\"571\" srcset=\"https:\/\/reveil-info.net\/wp-content\/uploads\/2026\/04\/IMG-20260427-WA0014.jpg 980w, https:\/\/reveil-info.net\/wp-content\/uploads\/2026\/04\/IMG-20260427-WA0014-300x175.jpg 300w, https:\/\/reveil-info.net\/wp-content\/uploads\/2026\/04\/IMG-20260427-WA0014-768x447.jpg 768w\" sizes=\"auto, (max-width: 980px) 100vw, 980px\" \/><\/a><\/p>\n<p>Le projet pr\u00e9voit notamment un espace d\u00e9di\u00e9 aux unit\u00e9s industrielles, des espaces logistiques de stockage et d\u2019entreposage, des bureaux administratifs et commerciaux, des showrooms pour la promotion des produits, ainsi que des services d\u2019appui comprenant des garages, des parkings et un centre de vie. Des infrastructures modernes en mati\u00e8re de voirie, d\u2019\u00e9nergie, d\u2019eau, de fibre optique et de s\u00e9curit\u00e9 sont \u00e9galement pr\u00e9vues.<\/p>\n<p>Au total, 162 parcelles am\u00e9nag\u00e9es, repr\u00e9sentant plus de 580 000 m\u00b2, soit 58 hectares de surface utile, seront progressivement mises \u00e0 la disposition des investisseurs. Le mod\u00e8le \u00e9conomique retenu combine la cession directe et le bail emphyt\u00e9otique. Il r\u00e9pond \u00e0 un double imp\u00e9ratif : assurer l\u2019autofinancement du projet, dont le co\u00fbt d\u2019am\u00e9nagement est estim\u00e9 \u00e0 10,8 milliards de FCFA, et pr\u00e9server durablement le patrimoine foncier et \u00e9conomique.<\/p>\n<p><a href=\"https:\/\/reveil-info.net\/?attachment_id=50485\" rel=\"attachment wp-att-50485\"><img loading=\"lazy\" decoding=\"async\" class=\"alignright size-full wp-image-50485\" src=\"https:\/\/reveil-info.net\/wp-content\/uploads\/2026\/04\/IMG-20260427-WA0015.jpg\" alt=\"\" width=\"895\" height=\"586\" srcset=\"https:\/\/reveil-info.net\/wp-content\/uploads\/2026\/04\/IMG-20260427-WA0015.jpg 895w, https:\/\/reveil-info.net\/wp-content\/uploads\/2026\/04\/IMG-20260427-WA0015-300x196.jpg 300w, https:\/\/reveil-info.net\/wp-content\/uploads\/2026\/04\/IMG-20260427-WA0015-768x503.jpg 768w\" sizes=\"auto, (max-width: 895px) 100vw, 895px\" \/><\/a><\/p>\n<p>Ce projet s\u2019inscrit dans la deuxi\u00e8me phase du projet de port sec de Bobo-Dioulasso, avec l\u2019ambition de doter la ville d\u2019infrastructures adapt\u00e9es \u00e0 son r\u00f4le de capitale \u00e9conomique et de carrefour commercial.<\/p>\n<p>Dans un souci de modernisation et de transparence, une plateforme num\u00e9rique de souscription a \u00e9t\u00e9 mise en place \u00e0 l\u2019adresse : zadbobo.cci.bf. Les souscriptions sont ouvertes jusqu\u2019au 31 mai 2026, \u00e0 23h59.<\/p>\n<p>Au cours de la c\u00e9r\u00e9monie, le Chef du Gouvernement a insist\u00e9 sur l\u2019exigence de transparence dans la conduite du processus et sur la n\u00e9cessit\u00e9 de lutter contre toute forme de sp\u00e9culation fonci\u00e8re.<\/p>\n<p><a href=\"https:\/\/reveil-info.net\/?attachment_id=50486\" rel=\"attachment wp-att-50486\"><img loading=\"lazy\" decoding=\"async\" class=\"alignright size-full wp-image-50486\" src=\"https:\/\/reveil-info.net\/wp-content\/uploads\/2026\/04\/IMG-20260427-WA0017-1.jpg\" alt=\"\" width=\"894\" height=\"994\" srcset=\"https:\/\/reveil-info.net\/wp-content\/uploads\/2026\/04\/IMG-20260427-WA0017-1.jpg 894w, https:\/\/reveil-info.net\/wp-content\/uploads\/2026\/04\/IMG-20260427-WA0017-1-270x300.jpg 270w, https:\/\/reveil-info.net\/wp-content\/uploads\/2026\/04\/IMG-20260427-WA0017-1-768x854.jpg 768w\" sizes=\"auto, (max-width: 894px) 100vw, 894px\" \/><\/a><\/p>\n<p>\u00ab Il y a des choses qui ne seront pas tol\u00e9r\u00e9es dans cette op\u00e9ration. Elle doit \u00eatre transparente, afin que tous les souscripteurs aient la m\u00eame chance. L\u2019op\u00e9ration n\u2019a pas pour objectif d\u2019attribuer des parcelles. Tout souscripteur doit \u00eatre porteur d\u2019un projet m\u00fbr, clair, avec des moyens d\u2019investissement. Tout attributaire qui ne respecte pas le cahier des charges et les d\u00e9lais d\u2019investissement se verra retirer son terrain. Le cahier des charges sera revu et nous serons tr\u00e8s fermes sur les d\u00e9lais d\u2019investissement \u00bb, a indiqu\u00e9 le Premier ministre, avec fermet\u00e9.<\/p>\n<p>Selon le Directeur g\u00e9n\u00e9ral de la CCI-BF, Seydou Tou, l\u2019acc\u00e8s aux parcelles est strictement r\u00e9serv\u00e9 aux entreprises formellement constitu\u00e9es, sur la base de projets viables, cr\u00e9dibles et financi\u00e8rement soutenables.<\/p>\n<p>Au nom des acteurs \u00e9conomiques du Guiriko et de l\u2019ensemble du secteur priv\u00e9 national, le pr\u00e9sident de la d\u00e9l\u00e9gation sp\u00e9ciale consulaire du Guiriko de la CCI-BF, Bachirou Tera, a exprim\u00e9 sa gratitude aux plus hautes autorit\u00e9s du pays pour la concr\u00e9tisation de cette vision porteuse d\u2019espoir pour le monde \u00e9conomique.<\/p>\n<p><a href=\"https:\/\/reveil-info.net\/?attachment_id=50488\" rel=\"attachment wp-att-50488\"><img loading=\"lazy\" decoding=\"async\" class=\"alignright size-full wp-image-50488\" src=\"https:\/\/reveil-info.net\/wp-content\/uploads\/2026\/04\/IMG-20260427-WA0016.jpg\" alt=\"\" width=\"898\" height=\"1035\" srcset=\"https:\/\/reveil-info.net\/wp-content\/uploads\/2026\/04\/IMG-20260427-WA0016.jpg 898w, https:\/\/reveil-info.net\/wp-content\/uploads\/2026\/04\/IMG-20260427-WA0016-260x300.jpg 260w, https:\/\/reveil-info.net\/wp-content\/uploads\/2026\/04\/IMG-20260427-WA0016-888x1024.jpg 888w, https:\/\/reveil-info.net\/wp-content\/uploads\/2026\/04\/IMG-20260427-WA0016-768x885.jpg 768w\" sizes=\"auto, (max-width: 898px) 100vw, 898px\" \/><\/a><\/p>\n<p>L\u2019\u00c9tat, pour sa part, s\u2019engage \u00e0 finaliser les travaux de voirie, d\u2019\u00e9lectrification, d\u2019adduction d\u2019eau et d\u2019assainissement de la zone, afin de garantir aux futurs investisseurs un cadre fonctionnel et propice au d\u00e9veloppement de leurs activit\u00e9s.<\/p>\n<p>Avec la ZAD, Bobo-Dioulasso conforte son statut de capitale \u00e9conomique et s\u2019arrime \u00e0 la politique nationale d\u2019am\u00e9nagement de zones \u00e9conomiques d\u00e9di\u00e9es, en vue d\u2019acc\u00e9l\u00e9rer la transformation structurelle de l\u2019\u00e9conomie burkinab\u00e8.<\/p>\n<p>DCRP\/Primature<\/p>\n<p>Reveil-info<\/p>\n","protected":false},"excerpt":{"rendered":"<p>Am\u00e9nagement de la ZAD de Bobo-Dioulasso : le Premier ministre lance officiellement les souscriptions aux<\/p>\n","protected":false},"author":1,"featured_media":0,"comment_status":"open","ping_status":"open","sticky":false,"template":"","format":"standard","meta":{"footnotes":""},"categories":[2],"tags":[],"class_list":["post-50476","post","type-post","status-publish","format-standard","hentry","category-actu"],"yoast_head":"<!-- This site is optimized with the Yoast SEO plugin v27.4 - https:\/\/yoast.com\/product\/yoast-seo-wordpress\/ -->\n<title>Am\u00e9nagement de la ZAD de BOBO : le premier ministre Rimtalba lance officiellement les souscriptions aux parcelles - R\u00e9veil Info<\/title>\n<meta name=\"robots\" content=\"noindex, follow, max-snippet:-1, max-image-preview:large, max-video-preview:-1\" \/>\n<meta property=\"og:locale\" content=\"fr_FR\" \/>\n<meta property=\"og:type\" content=\"article\" \/>\n<meta property=\"og:title\" content=\"Am\u00e9nagement de la ZAD de BOBO : le premier ministre Rimtalba lance officiellement les souscriptions aux parcelles - R\u00e9veil Info\" \/>\n<meta property=\"og:description\" content=\"Am\u00e9nagement de la ZAD de Bobo-Dioulasso : le Premier ministre lance officiellement les souscriptions aux\" \/>\n<meta property=\"og:url\" content=\"https:\/\/reveil-info.net\/?p=50476\" \/>\n<meta property=\"og:site_name\" content=\"R\u00e9veil Info\" \/>\n<meta property=\"article:published_time\" content=\"2026-04-27T13:21:20+00:00\" \/>\n<meta property=\"og:image\" content=\"https:\/\/reveil-info.net\/wp-content\/uploads\/2026\/04\/IMG-20260427-WA0010.jpg\" \/>\n\t<meta property=\"og:image:width\" content=\"1080\" \/>\n\t<meta property=\"og:image:height\" content=\"842\" \/>\n\t<meta property=\"og:image:type\" content=\"image\/jpeg\" \/>\n<meta name=\"author\" content=\"R\u00e9veil info\" \/>\n<meta name=\"twitter:card\" content=\"summary_large_image\" \/>\n<meta name=\"twitter:label1\" content=\"\u00c9crit par\" \/>\n\t<meta name=\"twitter:data1\" content=\"R\u00e9veil info\" \/>\n\t<meta name=\"twitter:label2\" content=\"Dur\u00e9e de lecture estim\u00e9e\" \/>\n\t<meta name=\"twitter:data2\" content=\"5 minutes\" \/>\n<script type=\"application\/ld+json\" class=\"yoast-schema-graph\">{\"@context\":\"https:\\\/\\\/schema.org\",\"@graph\":[{\"@type\":\"Article\",\"@id\":\"https:\\\/\\\/reveil-info.net\\\/?p=50476#article\",\"isPartOf\":{\"@id\":\"https:\\\/\\\/reveil-info.net\\\/?p=50476\"},\"author\":{\"name\":\"R\u00e9veil info\",\"@id\":\"https:\\\/\\\/reveil-info.net\\\/#\\\/schema\\\/person\\\/ca0cc8e70088e0a2b5e92556c1ee60f5\"},\"headline\":\"Am\u00e9nagement de la ZAD de BOBO : le premier ministre Rimtalba lance officiellement les souscriptions aux parcelles\",\"datePublished\":\"2026-04-27T13:21:20+00:00\",\"mainEntityOfPage\":{\"@id\":\"https:\\\/\\\/reveil-info.net\\\/?p=50476\"},\"wordCount\":704,\"commentCount\":0,\"publisher\":{\"@id\":\"https:\\\/\\\/reveil-info.net\\\/#organization\"},\"image\":{\"@id\":\"https:\\\/\\\/reveil-info.net\\\/?p=50476#primaryimage\"},\"thumbnailUrl\":\"https:\\\/\\\/reveil-info.net\\\/wp-content\\\/uploads\\\/2026\\\/04\\\/IMG-20260427-WA0010.jpg\",\"articleSection\":[\"Actualit\u00e9\"],\"inLanguage\":\"fr-FR\",\"potentialAction\":[{\"@type\":\"CommentAction\",\"name\":\"Comment\",\"target\":[\"https:\\\/\\\/reveil-info.net\\\/?p=50476#respond\"]}]},{\"@type\":\"WebPage\",\"@id\":\"https:\\\/\\\/reveil-info.net\\\/?p=50476\",\"url\":\"https:\\\/\\\/reveil-info.net\\\/?p=50476\",\"name\":\"Am\u00e9nagement de la ZAD de BOBO : le premier ministre Rimtalba lance officiellement les souscriptions aux parcelles - R\u00e9veil Info\",\"isPartOf\":{\"@id\":\"https:\\\/\\\/reveil-info.net\\\/#website\"},\"primaryImageOfPage\":{\"@id\":\"https:\\\/\\\/reveil-info.net\\\/?p=50476#primaryimage\"},\"image\":{\"@id\":\"https:\\\/\\\/reveil-info.net\\\/?p=50476#primaryimage\"},\"thumbnailUrl\":\"https:\\\/\\\/reveil-info.net\\\/wp-content\\\/uploads\\\/2026\\\/04\\\/IMG-20260427-WA0010.jpg\",\"datePublished\":\"2026-04-27T13:21:20+00:00\",\"breadcrumb\":{\"@id\":\"https:\\\/\\\/reveil-info.net\\\/?p=50476#breadcrumb\"},\"inLanguage\":\"fr-FR\",\"potentialAction\":[{\"@type\":\"ReadAction\",\"target\":[\"https:\\\/\\\/reveil-info.net\\\/?p=50476\"]}]},{\"@type\":\"ImageObject\",\"inLanguage\":\"fr-FR\",\"@id\":\"https:\\\/\\\/reveil-info.net\\\/?p=50476#primaryimage\",\"url\":\"https:\\\/\\\/reveil-info.net\\\/wp-content\\\/uploads\\\/2026\\\/04\\\/IMG-20260427-WA0010.jpg\",\"contentUrl\":\"https:\\\/\\\/reveil-info.net\\\/wp-content\\\/uploads\\\/2026\\\/04\\\/IMG-20260427-WA0010.jpg\",\"width\":1080,\"height\":842},{\"@type\":\"BreadcrumbList\",\"@id\":\"https:\\\/\\\/reveil-info.net\\\/?p=50476#breadcrumb\",\"itemListElement\":[{\"@type\":\"ListItem\",\"position\":1,\"name\":\"Home\",\"item\":\"https:\\\/\\\/reveil-info.net\\\/\"},{\"@type\":\"ListItem\",\"position\":2,\"name\":\"Am\u00e9nagement de la ZAD de BOBO : le premier ministre Rimtalba lance officiellement les souscriptions aux parcelles\"}]},{\"@type\":\"WebSite\",\"@id\":\"https:\\\/\\\/reveil-info.net\\\/#website\",\"url\":\"https:\\\/\\\/reveil-info.net\\\/\",\"name\":\"R\u00e9veil Info\",\"description\":\"Le devoir d&#039;informer!\",\"publisher\":{\"@id\":\"https:\\\/\\\/reveil-info.net\\\/#organization\"},\"potentialAction\":[{\"@type\":\"SearchAction\",\"target\":{\"@type\":\"EntryPoint\",\"urlTemplate\":\"https:\\\/\\\/reveil-info.net\\\/?s={search_term_string}\"},\"query-input\":{\"@type\":\"PropertyValueSpecification\",\"valueRequired\":true,\"valueName\":\"search_term_string\"}}],\"inLanguage\":\"fr-FR\"},{\"@type\":\"Organization\",\"@id\":\"https:\\\/\\\/reveil-info.net\\\/#organization\",\"name\":\"R\u00e9veil Info\",\"url\":\"https:\\\/\\\/reveil-info.net\\\/\",\"logo\":{\"@type\":\"ImageObject\",\"inLanguage\":\"fr-FR\",\"@id\":\"https:\\\/\\\/reveil-info.net\\\/#\\\/schema\\\/logo\\\/image\\\/\",\"url\":\"https:\\\/\\\/reveil-info.net\\\/wp-content\\\/uploads\\\/2024\\\/07\\\/bnddd1.jpg\",\"contentUrl\":\"https:\\\/\\\/reveil-info.net\\\/wp-content\\\/uploads\\\/2024\\\/07\\\/bnddd1.jpg\",\"width\":903,\"height\":125,\"caption\":\"R\u00e9veil Info\"},\"image\":{\"@id\":\"https:\\\/\\\/reveil-info.net\\\/#\\\/schema\\\/logo\\\/image\\\/\"}},{\"@type\":\"Person\",\"@id\":\"https:\\\/\\\/reveil-info.net\\\/#\\\/schema\\\/person\\\/ca0cc8e70088e0a2b5e92556c1ee60f5\",\"name\":\"R\u00e9veil info\",\"image\":{\"@type\":\"ImageObject\",\"inLanguage\":\"fr-FR\",\"@id\":\"https:\\\/\\\/secure.gravatar.com\\\/avatar\\\/e4ad5bb743c8b6cb174d9df6c7d30a8a16f6889731241345fc6444e6485f02af?s=96&d=mm&r=g\",\"url\":\"https:\\\/\\\/secure.gravatar.com\\\/avatar\\\/e4ad5bb743c8b6cb174d9df6c7d30a8a16f6889731241345fc6444e6485f02af?s=96&d=mm&r=g\",\"contentUrl\":\"https:\\\/\\\/secure.gravatar.com\\\/avatar\\\/e4ad5bb743c8b6cb174d9df6c7d30a8a16f6889731241345fc6444e6485f02af?s=96&d=mm&r=g\",\"caption\":\"R\u00e9veil info\"},\"sameAs\":[\"https:\\\/\\\/reveil-info.net\"],\"url\":\"https:\\\/\\\/reveil-info.net\\\/?author=1\"}]}<\/script>\n<!-- \/ Yoast SEO plugin. -->","yoast_head_json":{"title":"Am\u00e9nagement de la ZAD de BOBO : le premier ministre Rimtalba lance officiellement les souscriptions aux parcelles - R\u00e9veil Info","robots":{"index":"noindex","follow":"follow","max-snippet":"max-snippet:-1","max-image-preview":"max-image-preview:large","max-video-preview":"max-video-preview:-1"},"og_locale":"fr_FR","og_type":"article","og_title":"Am\u00e9nagement de la ZAD de BOBO : le premier ministre Rimtalba lance officiellement les souscriptions aux parcelles - R\u00e9veil Info","og_description":"Am\u00e9nagement de la ZAD de Bobo-Dioulasso : le Premier ministre lance officiellement les souscriptions aux","og_url":"https:\/\/reveil-info.net\/?p=50476","og_site_name":"R\u00e9veil Info","article_published_time":"2026-04-27T13:21:20+00:00","og_image":[{"width":1080,"height":842,"url":"https:\/\/reveil-info.net\/wp-content\/uploads\/2026\/04\/IMG-20260427-WA0010.jpg","type":"image\/jpeg"}],"author":"R\u00e9veil info","twitter_card":"summary_large_image","twitter_misc":{"\u00c9crit par":"R\u00e9veil info","Dur\u00e9e de lecture estim\u00e9e":"5 minutes"},"schema":{"@context":"https:\/\/schema.org","@graph":[{"@type":"Article","@id":"https:\/\/reveil-info.net\/?p=50476#article","isPartOf":{"@id":"https:\/\/reveil-info.net\/?p=50476"},"author":{"name":"R\u00e9veil info","@id":"https:\/\/reveil-info.net\/#\/schema\/person\/ca0cc8e70088e0a2b5e92556c1ee60f5"},"headline":"Am\u00e9nagement de la ZAD de BOBO : le premier ministre Rimtalba lance officiellement les souscriptions aux parcelles","datePublished":"2026-04-27T13:21:20+00:00","mainEntityOfPage":{"@id":"https:\/\/reveil-info.net\/?p=50476"},"wordCount":704,"commentCount":0,"publisher":{"@id":"https:\/\/reveil-info.net\/#organization"},"image":{"@id":"https:\/\/reveil-info.net\/?p=50476#primaryimage"},"thumbnailUrl":"https:\/\/reveil-info.net\/wp-content\/uploads\/2026\/04\/IMG-20260427-WA0010.jpg","articleSection":["Actualit\u00e9"],"inLanguage":"fr-FR","potentialAction":[{"@type":"CommentAction","name":"Comment","target":["https:\/\/reveil-info.net\/?p=50476#respond"]}]},{"@type":"WebPage","@id":"https:\/\/reveil-info.net\/?p=50476","url":"https:\/\/reveil-info.net\/?p=50476","name":"Am\u00e9nagement de la ZAD de BOBO : le premier ministre Rimtalba lance officiellement les souscriptions aux parcelles - R\u00e9veil Info","isPartOf":{"@id":"https:\/\/reveil-info.net\/#website"},"primaryImageOfPage":{"@id":"https:\/\/reveil-info.net\/?p=50476#primaryimage"},"image":{"@id":"https:\/\/reveil-info.net\/?p=50476#primaryimage"},"thumbnailUrl":"https:\/\/reveil-info.net\/wp-content\/uploads\/2026\/04\/IMG-20260427-WA0010.jpg","datePublished":"2026-04-27T13:21:20+00:00","breadcrumb":{"@id":"https:\/\/reveil-info.net\/?p=50476#breadcrumb"},"inLanguage":"fr-FR","potentialAction":[{"@type":"ReadAction","target":["https:\/\/reveil-info.net\/?p=50476"]}]},{"@type":"ImageObject","inLanguage":"fr-FR","@id":"https:\/\/reveil-info.net\/?p=50476#primaryimage","url":"https:\/\/reveil-info.net\/wp-content\/uploads\/2026\/04\/IMG-20260427-WA0010.jpg","contentUrl":"https:\/\/reveil-info.net\/wp-content\/uploads\/2026\/04\/IMG-20260427-WA0010.jpg","width":1080,"height":842},{"@type":"BreadcrumbList","@id":"https:\/\/reveil-info.net\/?p=50476#breadcrumb","itemListElement":[{"@type":"ListItem","position":1,"name":"Home","item":"https:\/\/reveil-info.net\/"},{"@type":"ListItem","position":2,"name":"Am\u00e9nagement de la ZAD de BOBO : le premier ministre Rimtalba lance officiellement les souscriptions aux parcelles"}]},{"@type":"WebSite","@id":"https:\/\/reveil-info.net\/#website","url":"https:\/\/reveil-info.net\/","name":"R\u00e9veil Info","description":"Le devoir d&#039;informer!","publisher":{"@id":"https:\/\/reveil-info.net\/#organization"},"potentialAction":[{"@type":"SearchAction","target":{"@type":"EntryPoint","urlTemplate":"https:\/\/reveil-info.net\/?s={search_term_string}"},"query-input":{"@type":"PropertyValueSpecification","valueRequired":true,"valueName":"search_term_string"}}],"inLanguage":"fr-FR"},{"@type":"Organization","@id":"https:\/\/reveil-info.net\/#organization","name":"R\u00e9veil Info","url":"https:\/\/reveil-info.net\/","logo":{"@type":"ImageObject","inLanguage":"fr-FR","@id":"https:\/\/reveil-info.net\/#\/schema\/logo\/image\/","url":"https:\/\/reveil-info.net\/wp-content\/uploads\/2024\/07\/bnddd1.jpg","contentUrl":"https:\/\/reveil-info.net\/wp-content\/uploads\/2024\/07\/bnddd1.jpg","width":903,"height":125,"caption":"R\u00e9veil Info"},"image":{"@id":"https:\/\/reveil-info.net\/#\/schema\/logo\/image\/"}},{"@type":"Person","@id":"https:\/\/reveil-info.net\/#\/schema\/person\/ca0cc8e70088e0a2b5e92556c1ee60f5","name":"R\u00e9veil info","image":{"@type":"ImageObject","inLanguage":"fr-FR","@id":"https:\/\/secure.gravatar.com\/avatar\/e4ad5bb743c8b6cb174d9df6c7d30a8a16f6889731241345fc6444e6485f02af?s=96&d=mm&r=g","url":"https:\/\/secure.gravatar.com\/avatar\/e4ad5bb743c8b6cb174d9df6c7d30a8a16f6889731241345fc6444e6485f02af?s=96&d=mm&r=g","contentUrl":"https:\/\/secure.gravatar.com\/avatar\/e4ad5bb743c8b6cb174d9df6c7d30a8a16f6889731241345fc6444e6485f02af?s=96&d=mm&r=g","caption":"R\u00e9veil info"},"sameAs":["https:\/\/reveil-info.net"],"url":"https:\/\/reveil-info.net\/?author=1"}]}},"jetpack_featured_media_url":"","featured_image_urls":{"full":"","thumbnail":"","medium":"","medium_large":"","large":"","1536x1536":"","2048x2048":"","chromenews-featured":"","chromenews-large":"","chromenews-medium":""},"author_info":{"display_name":"R\u00e9veil info","author_link":"https:\/\/reveil-info.net\/?author=1"},"category_info":"<a href=\"https:\/\/reveil-info.net\/?cat=2\" rel=\"category\">Actualit\u00e9<\/a>","tag_info":"Actualit\u00e9","comment_count":"0","_links":{"self":[{"href":"https:\/\/reveil-info.net\/index.php?rest_route=\/wp\/v2\/posts\/50476","targetHints":{"allow":["GET"]}}],"collection":[{"href":"https:\/\/reveil-info.net\/index.php?rest_route=\/wp\/v2\/posts"}],"about":[{"href":"https:\/\/reveil-info.net\/index.php?rest_route=\/wp\/v2\/types\/post"}],"author":[{"embeddable":true,"href":"https:\/\/reveil-info.net\/index.php?rest_route=\/wp\/v2\/users\/1"}],"replies":[{"embeddable":true,"href":"https:\/\/reveil-info.net\/index.php?rest_route=%2Fwp%2Fv2%2Fcomments&post=50476"}],"version-history":[{"count":6,"href":"https:\/\/reveil-info.net\/index.php?rest_route=\/wp\/v2\/posts\/50476\/revisions"}],"predecessor-version":[{"id":50489,"href":"https:\/\/reveil-info.net\/index.php?rest_route=\/wp\/v2\/posts\/50476\/revisions\/50489"}],"wp:attachment":[{"href":"https:\/\/reveil-info.net\/index.php?rest_route=%2Fwp%2Fv2%2Fmedia&parent=50476"}],"wp:term":[{"taxonomy":"category","embeddable":true,"href":"https:\/\/reveil-info.net\/index.php?rest_route=%2Fwp%2Fv2%2Fcategories&post=50476"},{"taxonomy":"post_tag","embeddable":true,"href":"https:\/\/reveil-info.net\/index.php?rest_route=%2Fwp%2Fv2%2Ftags&post=50476"}],"curies":[{"name":"wp","href":"https:\/\/api.w.org\/{rel}","templated":true}]}}