{"id":50459,"date":"2026-04-27T10:53:31","date_gmt":"2026-04-27T10:53:31","guid":{"rendered":"https:\/\/reveil-info.net\/?p=50459"},"modified":"2026-04-27T10:53:31","modified_gmt":"2026-04-27T10:53:31","slug":"mali-les-condoleances-de-lancien-premier-ministre-choguel-maiga","status":"publish","type":"post","link":"https:\/\/reveil-info.net\/?p=50459","title":{"rendered":"Mali : les condol\u00e9ances de l&rsquo;ancien premier ministre, Choguel MA\u00cfGA"},"content":{"rendered":"<p>Message de condol\u00e9ances de l&rsquo;ancien Premier ministre Choguel Kokalla Ma\u00efga, suite au d\u00e9c\u00e8s tragique du G\u00e9n\u00e9ral de Corps d&rsquo;arm\u00e9e Sadio Camara, ministre d\u2019Etat, ministre de la D\u00e9fense et des anciens combattants.<\/p>\n<p><a href=\"https:\/\/reveil-info.net\/?attachment_id=50461\" rel=\"attachment wp-att-50461\"><img loading=\"lazy\" decoding=\"async\" class=\"alignright size-full wp-image-50461\" src=\"https:\/\/reveil-info.net\/wp-content\/uploads\/2026\/04\/1777287035715.jpg\" alt=\"\" width=\"720\" height=\"720\" srcset=\"https:\/\/reveil-info.net\/wp-content\/uploads\/2026\/04\/1777287035715.jpg 720w, https:\/\/reveil-info.net\/wp-content\/uploads\/2026\/04\/1777287035715-300x300.jpg 300w, https:\/\/reveil-info.net\/wp-content\/uploads\/2026\/04\/1777287035715-150x150.jpg 150w\" sizes=\"auto, (max-width: 720px) 100vw, 720px\" \/><\/a><\/p>\n<p>C\u2019est avec une affliction indicible, mais une fiert\u00e9 nationale immense, que l\u2019ancien Premier ministre Choguel Kokalla Ma\u00efga a appris le d\u00e9c\u00e8s tragique et h\u00e9ro\u00efque du G\u00e9n\u00e9ral de Corps d&rsquo;Arm\u00e9e Sadio Camara, ministre d\u2019Etat, ministre de la D\u00e9fense et des Anciens Combattants, survenu le samedi 25 avril 2026.<br \/>\nEn ces heures de deuil national, les mots semblent bien fr\u00eales \u00e0 l\u2019ancien Premier ministre pour exprimer la dimension de la perte que subit notre Nation, tant l\u2019homme que nous pleurons et honorons aujourd\u2019hui incarnait l\u2019\u00e2me m\u00eame de notre combat pour la souverainet\u00e9 et la dignit\u00e9.<br \/>\nLe G\u00e9n\u00e9ral Sadio Camara n\u2019\u00e9tait pas seulement un collaborateur du gouvernement pour Choguel ou un fr\u00e8re d\u2019armes pour d\u2019autres ; il \u00e9tait l\u2019architecte silencieux et infatigable de la refondation et de la souverainet\u00e9 militaire de notre pays. Depuis le d\u00e9but de notre marche pour la Refondation, l\u2019ancien Premier ministre Choguel Kokalla Ma\u00efga t\u00e9moigne de sa rigueur de fer, de son patriotisme incandescent et de sa loyaut\u00e9 sans faille envers les id\u00e9aux de notre peuple. Il \u00e9tait de ceux qui agissent dans l\u2019ombre pour que la lumi\u00e8re de la souverainet\u00e9 puisse \u00e9clairer chaque foyer malien. Sa discr\u00e9tion, son \u00e9l\u00e9gance d\u2019officier et sa bonne \u00e9ducation n&rsquo;avaient d&rsquo;\u00e9gale que son efficacit\u00e9 redoutable sur le terrain de la d\u00e9fense nationale et des int\u00e9r\u00eats sup\u00e9rieurs du peuple malien.<br \/>\nSa disparition, survenue les armes \u00e0 la main face \u00e0 la barbarie terroriste, ne surprend gu\u00e8re l\u2019ancien Premier ministre Choguel Kokalla Ma\u00efga. Elle est la conclusion logique d\u2019une vie de rectitude et de fid\u00e9lit\u00e9 \u00e0 la Nation. Sadio a v\u00e9cu en soldat, il est mort en Guerrier, fid\u00e8le \u00e0 son serment de donner jusqu\u2019\u00e0 la derni\u00e8re goutte de son sang pour la patrie malienne. En refusant de c\u00e9der devant la menace, en neutralisant ses agresseurs jusque sur le seuil de sa demeure, il a envoy\u00e9 au monde un message clair : au Mali, les d\u00e9fenseurs de la patrie tombent debout, mais ne se soumettront jamais.<br \/>\nPour Choguel, l\u2019\u0153uvre du G\u00e9n\u00e9ral Sadio Camara est inalt\u00e9rable. Les drones qui surveillent nos ennemis et veillent sur nous, les camps qui prot\u00e8gent nos villes et la fiert\u00e9 retrouv\u00e9e de nos dignes soldats sont ses legs \u00e0 la nation. Il entres aujourd&rsquo;hui au Panth\u00e9on des h\u00e9ros \u00e9ternels du Mali, reconnait-il.<br \/>\n\u2018\u2019En te tuant, ils t\u2019ont rendu immortel\u2019\u2019. Dixit Choguel.<\/p>\n<p>Au nom de tous les patriotes \u00e9pris de justice et de libert\u00e9, l\u2019ancien Premier ministre Choguel Kokalla Ma\u00efga adresse ses condol\u00e9ances les plus attrist\u00e9es \u00e0 ses compagnons d\u2019armes, \u00e0 nos vaillantes Forces Arm\u00e9es Maliennes, \u00e0 sa famille et \u00e0 ses amis durement \u00e9prouv\u00e9s qui perdent aujourd\u2019hui l&rsquo;un de leurs plus grands conducteurs.<\/p>\n<p>Dors en paix, brave parmi les braves ; dors en paix digne fils de la Nation, car ton sacrifice ne sera jamais vain. La lutte continue, et elle sera victorieuse en ta m\u00e9moire.<\/p>\n<p>Bamako, le 27 avril 2026<\/p>\n<p>\u00c9quipe Com\/PM Choguel<\/p>\n<p>Reveil-info<\/p>\n","protected":false},"excerpt":{"rendered":"<p>Message de condol\u00e9ances de l&rsquo;ancien Premier ministre Choguel Kokalla Ma\u00efga, suite au d\u00e9c\u00e8s tragique du<\/p>\n","protected":false},"author":1,"featured_media":0,"comment_status":"open","ping_status":"open","sticky":false,"template":"","format":"standard","meta":{"footnotes":""},"categories":[2,47],"tags":[],"class_list":["post-50459","post","type-post","status-publish","format-standard","hentry","category-actu","category-aes"],"yoast_head":"<!-- This site is optimized with the Yoast SEO plugin v27.4 - https:\/\/yoast.com\/product\/yoast-seo-wordpress\/ -->\n<title>Mali : les condol\u00e9ances de l&#039;ancien premier ministre, Choguel MA\u00cfGA - R\u00e9veil Info<\/title>\n<meta name=\"robots\" content=\"noindex, follow, max-snippet:-1, max-image-preview:large, max-video-preview:-1\" \/>\n<meta property=\"og:locale\" content=\"fr_FR\" \/>\n<meta property=\"og:type\" content=\"article\" \/>\n<meta property=\"og:title\" content=\"Mali : les condol\u00e9ances de l&#039;ancien premier ministre, Choguel MA\u00cfGA - R\u00e9veil Info\" \/>\n<meta property=\"og:description\" content=\"Message de condol\u00e9ances de l&rsquo;ancien Premier ministre Choguel Kokalla Ma\u00efga, suite au d\u00e9c\u00e8s tragique du\" \/>\n<meta property=\"og:url\" content=\"https:\/\/reveil-info.net\/?p=50459\" \/>\n<meta property=\"og:site_name\" content=\"R\u00e9veil Info\" \/>\n<meta property=\"article:published_time\" content=\"2026-04-27T10:53:31+00:00\" \/>\n<meta property=\"og:image\" content=\"https:\/\/reveil-info.net\/wp-content\/uploads\/2026\/04\/1777287035715.jpg\" \/>\n\t<meta property=\"og:image:width\" content=\"720\" \/>\n\t<meta property=\"og:image:height\" content=\"720\" \/>\n\t<meta property=\"og:image:type\" content=\"image\/jpeg\" \/>\n<meta name=\"author\" content=\"R\u00e9veil info\" \/>\n<meta name=\"twitter:card\" content=\"summary_large_image\" \/>\n<meta name=\"twitter:label1\" content=\"\u00c9crit par\" \/>\n\t<meta name=\"twitter:data1\" content=\"R\u00e9veil info\" \/>\n\t<meta name=\"twitter:label2\" content=\"Dur\u00e9e de lecture estim\u00e9e\" \/>\n\t<meta name=\"twitter:data2\" content=\"3 minutes\" \/>\n<script type=\"application\/ld+json\" class=\"yoast-schema-graph\">{\"@context\":\"https:\\\/\\\/schema.org\",\"@graph\":[{\"@type\":\"Article\",\"@id\":\"https:\\\/\\\/reveil-info.net\\\/?p=50459#article\",\"isPartOf\":{\"@id\":\"https:\\\/\\\/reveil-info.net\\\/?p=50459\"},\"author\":{\"name\":\"R\u00e9veil info\",\"@id\":\"https:\\\/\\\/reveil-info.net\\\/#\\\/schema\\\/person\\\/ca0cc8e70088e0a2b5e92556c1ee60f5\"},\"headline\":\"Mali : les condol\u00e9ances de l&rsquo;ancien premier ministre, Choguel MA\u00cfGA\",\"datePublished\":\"2026-04-27T10:53:31+00:00\",\"mainEntityOfPage\":{\"@id\":\"https:\\\/\\\/reveil-info.net\\\/?p=50459\"},\"wordCount\":584,\"commentCount\":0,\"publisher\":{\"@id\":\"https:\\\/\\\/reveil-info.net\\\/#organization\"},\"image\":{\"@id\":\"https:\\\/\\\/reveil-info.net\\\/?p=50459#primaryimage\"},\"thumbnailUrl\":\"https:\\\/\\\/reveil-info.net\\\/wp-content\\\/uploads\\\/2026\\\/04\\\/1777287035715.jpg\",\"articleSection\":[\"Actualit\u00e9\",\"AES\"],\"inLanguage\":\"fr-FR\",\"potentialAction\":[{\"@type\":\"CommentAction\",\"name\":\"Comment\",\"target\":[\"https:\\\/\\\/reveil-info.net\\\/?p=50459#respond\"]}]},{\"@type\":\"WebPage\",\"@id\":\"https:\\\/\\\/reveil-info.net\\\/?p=50459\",\"url\":\"https:\\\/\\\/reveil-info.net\\\/?p=50459\",\"name\":\"Mali : les condol\u00e9ances de l'ancien premier ministre, Choguel MA\u00cfGA - R\u00e9veil Info\",\"isPartOf\":{\"@id\":\"https:\\\/\\\/reveil-info.net\\\/#website\"},\"primaryImageOfPage\":{\"@id\":\"https:\\\/\\\/reveil-info.net\\\/?p=50459#primaryimage\"},\"image\":{\"@id\":\"https:\\\/\\\/reveil-info.net\\\/?p=50459#primaryimage\"},\"thumbnailUrl\":\"https:\\\/\\\/reveil-info.net\\\/wp-content\\\/uploads\\\/2026\\\/04\\\/1777287035715.jpg\",\"datePublished\":\"2026-04-27T10:53:31+00:00\",\"breadcrumb\":{\"@id\":\"https:\\\/\\\/reveil-info.net\\\/?p=50459#breadcrumb\"},\"inLanguage\":\"fr-FR\",\"potentialAction\":[{\"@type\":\"ReadAction\",\"target\":[\"https:\\\/\\\/reveil-info.net\\\/?p=50459\"]}]},{\"@type\":\"ImageObject\",\"inLanguage\":\"fr-FR\",\"@id\":\"https:\\\/\\\/reveil-info.net\\\/?p=50459#primaryimage\",\"url\":\"https:\\\/\\\/reveil-info.net\\\/wp-content\\\/uploads\\\/2026\\\/04\\\/1777287035715.jpg\",\"contentUrl\":\"https:\\\/\\\/reveil-info.net\\\/wp-content\\\/uploads\\\/2026\\\/04\\\/1777287035715.jpg\",\"width\":720,\"height\":720},{\"@type\":\"BreadcrumbList\",\"@id\":\"https:\\\/\\\/reveil-info.net\\\/?p=50459#breadcrumb\",\"itemListElement\":[{\"@type\":\"ListItem\",\"position\":1,\"name\":\"Home\",\"item\":\"https:\\\/\\\/reveil-info.net\\\/\"},{\"@type\":\"ListItem\",\"position\":2,\"name\":\"Mali : les condol\u00e9ances de l&rsquo;ancien premier ministre, Choguel MA\u00cfGA\"}]},{\"@type\":\"WebSite\",\"@id\":\"https:\\\/\\\/reveil-info.net\\\/#website\",\"url\":\"https:\\\/\\\/reveil-info.net\\\/\",\"name\":\"R\u00e9veil Info\",\"description\":\"Le devoir d&#039;informer!\",\"publisher\":{\"@id\":\"https:\\\/\\\/reveil-info.net\\\/#organization\"},\"potentialAction\":[{\"@type\":\"SearchAction\",\"target\":{\"@type\":\"EntryPoint\",\"urlTemplate\":\"https:\\\/\\\/reveil-info.net\\\/?s={search_term_string}\"},\"query-input\":{\"@type\":\"PropertyValueSpecification\",\"valueRequired\":true,\"valueName\":\"search_term_string\"}}],\"inLanguage\":\"fr-FR\"},{\"@type\":\"Organization\",\"@id\":\"https:\\\/\\\/reveil-info.net\\\/#organization\",\"name\":\"R\u00e9veil Info\",\"url\":\"https:\\\/\\\/reveil-info.net\\\/\",\"logo\":{\"@type\":\"ImageObject\",\"inLanguage\":\"fr-FR\",\"@id\":\"https:\\\/\\\/reveil-info.net\\\/#\\\/schema\\\/logo\\\/image\\\/\",\"url\":\"https:\\\/\\\/reveil-info.net\\\/wp-content\\\/uploads\\\/2024\\\/07\\\/bnddd1.jpg\",\"contentUrl\":\"https:\\\/\\\/reveil-info.net\\\/wp-content\\\/uploads\\\/2024\\\/07\\\/bnddd1.jpg\",\"width\":903,\"height\":125,\"caption\":\"R\u00e9veil Info\"},\"image\":{\"@id\":\"https:\\\/\\\/reveil-info.net\\\/#\\\/schema\\\/logo\\\/image\\\/\"}},{\"@type\":\"Person\",\"@id\":\"https:\\\/\\\/reveil-info.net\\\/#\\\/schema\\\/person\\\/ca0cc8e70088e0a2b5e92556c1ee60f5\",\"name\":\"R\u00e9veil info\",\"image\":{\"@type\":\"ImageObject\",\"inLanguage\":\"fr-FR\",\"@id\":\"https:\\\/\\\/secure.gravatar.com\\\/avatar\\\/e4ad5bb743c8b6cb174d9df6c7d30a8a16f6889731241345fc6444e6485f02af?s=96&d=mm&r=g\",\"url\":\"https:\\\/\\\/secure.gravatar.com\\\/avatar\\\/e4ad5bb743c8b6cb174d9df6c7d30a8a16f6889731241345fc6444e6485f02af?s=96&d=mm&r=g\",\"contentUrl\":\"https:\\\/\\\/secure.gravatar.com\\\/avatar\\\/e4ad5bb743c8b6cb174d9df6c7d30a8a16f6889731241345fc6444e6485f02af?s=96&d=mm&r=g\",\"caption\":\"R\u00e9veil info\"},\"sameAs\":[\"https:\\\/\\\/reveil-info.net\"],\"url\":\"https:\\\/\\\/reveil-info.net\\\/?author=1\"}]}<\/script>\n<!-- \/ Yoast SEO plugin. -->","yoast_head_json":{"title":"Mali : les condol\u00e9ances de l'ancien premier ministre, Choguel MA\u00cfGA - R\u00e9veil Info","robots":{"index":"noindex","follow":"follow","max-snippet":"max-snippet:-1","max-image-preview":"max-image-preview:large","max-video-preview":"max-video-preview:-1"},"og_locale":"fr_FR","og_type":"article","og_title":"Mali : les condol\u00e9ances de l'ancien premier ministre, Choguel MA\u00cfGA - R\u00e9veil Info","og_description":"Message de condol\u00e9ances de l&rsquo;ancien Premier ministre Choguel Kokalla Ma\u00efga, suite au d\u00e9c\u00e8s tragique du","og_url":"https:\/\/reveil-info.net\/?p=50459","og_site_name":"R\u00e9veil Info","article_published_time":"2026-04-27T10:53:31+00:00","og_image":[{"width":720,"height":720,"url":"https:\/\/reveil-info.net\/wp-content\/uploads\/2026\/04\/1777287035715.jpg","type":"image\/jpeg"}],"author":"R\u00e9veil info","twitter_card":"summary_large_image","twitter_misc":{"\u00c9crit par":"R\u00e9veil info","Dur\u00e9e de lecture estim\u00e9e":"3 minutes"},"schema":{"@context":"https:\/\/schema.org","@graph":[{"@type":"Article","@id":"https:\/\/reveil-info.net\/?p=50459#article","isPartOf":{"@id":"https:\/\/reveil-info.net\/?p=50459"},"author":{"name":"R\u00e9veil info","@id":"https:\/\/reveil-info.net\/#\/schema\/person\/ca0cc8e70088e0a2b5e92556c1ee60f5"},"headline":"Mali : les condol\u00e9ances de l&rsquo;ancien premier ministre, Choguel MA\u00cfGA","datePublished":"2026-04-27T10:53:31+00:00","mainEntityOfPage":{"@id":"https:\/\/reveil-info.net\/?p=50459"},"wordCount":584,"commentCount":0,"publisher":{"@id":"https:\/\/reveil-info.net\/#organization"},"image":{"@id":"https:\/\/reveil-info.net\/?p=50459#primaryimage"},"thumbnailUrl":"https:\/\/reveil-info.net\/wp-content\/uploads\/2026\/04\/1777287035715.jpg","articleSection":["Actualit\u00e9","AES"],"inLanguage":"fr-FR","potentialAction":[{"@type":"CommentAction","name":"Comment","target":["https:\/\/reveil-info.net\/?p=50459#respond"]}]},{"@type":"WebPage","@id":"https:\/\/reveil-info.net\/?p=50459","url":"https:\/\/reveil-info.net\/?p=50459","name":"Mali : les condol\u00e9ances de l'ancien premier ministre, Choguel MA\u00cfGA - R\u00e9veil Info","isPartOf":{"@id":"https:\/\/reveil-info.net\/#website"},"primaryImageOfPage":{"@id":"https:\/\/reveil-info.net\/?p=50459#primaryimage"},"image":{"@id":"https:\/\/reveil-info.net\/?p=50459#primaryimage"},"thumbnailUrl":"https:\/\/reveil-info.net\/wp-content\/uploads\/2026\/04\/1777287035715.jpg","datePublished":"2026-04-27T10:53:31+00:00","breadcrumb":{"@id":"https:\/\/reveil-info.net\/?p=50459#breadcrumb"},"inLanguage":"fr-FR","potentialAction":[{"@type":"ReadAction","target":["https:\/\/reveil-info.net\/?p=50459"]}]},{"@type":"ImageObject","inLanguage":"fr-FR","@id":"https:\/\/reveil-info.net\/?p=50459#primaryimage","url":"https:\/\/reveil-info.net\/wp-content\/uploads\/2026\/04\/1777287035715.jpg","contentUrl":"https:\/\/reveil-info.net\/wp-content\/uploads\/2026\/04\/1777287035715.jpg","width":720,"height":720},{"@type":"BreadcrumbList","@id":"https:\/\/reveil-info.net\/?p=50459#breadcrumb","itemListElement":[{"@type":"ListItem","position":1,"name":"Home","item":"https:\/\/reveil-info.net\/"},{"@type":"ListItem","position":2,"name":"Mali : les condol\u00e9ances de l&rsquo;ancien premier ministre, Choguel MA\u00cfGA"}]},{"@type":"WebSite","@id":"https:\/\/reveil-info.net\/#website","url":"https:\/\/reveil-info.net\/","name":"R\u00e9veil Info","description":"Le devoir d&#039;informer!","publisher":{"@id":"https:\/\/reveil-info.net\/#organization"},"potentialAction":[{"@type":"SearchAction","target":{"@type":"EntryPoint","urlTemplate":"https:\/\/reveil-info.net\/?s={search_term_string}"},"query-input":{"@type":"PropertyValueSpecification","valueRequired":true,"valueName":"search_term_string"}}],"inLanguage":"fr-FR"},{"@type":"Organization","@id":"https:\/\/reveil-info.net\/#organization","name":"R\u00e9veil Info","url":"https:\/\/reveil-info.net\/","logo":{"@type":"ImageObject","inLanguage":"fr-FR","@id":"https:\/\/reveil-info.net\/#\/schema\/logo\/image\/","url":"https:\/\/reveil-info.net\/wp-content\/uploads\/2024\/07\/bnddd1.jpg","contentUrl":"https:\/\/reveil-info.net\/wp-content\/uploads\/2024\/07\/bnddd1.jpg","width":903,"height":125,"caption":"R\u00e9veil Info"},"image":{"@id":"https:\/\/reveil-info.net\/#\/schema\/logo\/image\/"}},{"@type":"Person","@id":"https:\/\/reveil-info.net\/#\/schema\/person\/ca0cc8e70088e0a2b5e92556c1ee60f5","name":"R\u00e9veil info","image":{"@type":"ImageObject","inLanguage":"fr-FR","@id":"https:\/\/secure.gravatar.com\/avatar\/e4ad5bb743c8b6cb174d9df6c7d30a8a16f6889731241345fc6444e6485f02af?s=96&d=mm&r=g","url":"https:\/\/secure.gravatar.com\/avatar\/e4ad5bb743c8b6cb174d9df6c7d30a8a16f6889731241345fc6444e6485f02af?s=96&d=mm&r=g","contentUrl":"https:\/\/secure.gravatar.com\/avatar\/e4ad5bb743c8b6cb174d9df6c7d30a8a16f6889731241345fc6444e6485f02af?s=96&d=mm&r=g","caption":"R\u00e9veil info"},"sameAs":["https:\/\/reveil-info.net"],"url":"https:\/\/reveil-info.net\/?author=1"}]}},"jetpack_featured_media_url":"","featured_image_urls":{"full":"","thumbnail":"","medium":"","medium_large":"","large":"","1536x1536":"","2048x2048":"","chromenews-featured":"","chromenews-large":"","chromenews-medium":""},"author_info":{"display_name":"R\u00e9veil info","author_link":"https:\/\/reveil-info.net\/?author=1"},"category_info":"<a href=\"https:\/\/reveil-info.net\/?cat=2\" rel=\"category\">Actualit\u00e9<\/a> <a href=\"https:\/\/reveil-info.net\/?cat=47\" rel=\"category\">AES<\/a>","tag_info":"AES","comment_count":"0","_links":{"self":[{"href":"https:\/\/reveil-info.net\/index.php?rest_route=\/wp\/v2\/posts\/50459","targetHints":{"allow":["GET"]}}],"collection":[{"href":"https:\/\/reveil-info.net\/index.php?rest_route=\/wp\/v2\/posts"}],"about":[{"href":"https:\/\/reveil-info.net\/index.php?rest_route=\/wp\/v2\/types\/post"}],"author":[{"embeddable":true,"href":"https:\/\/reveil-info.net\/index.php?rest_route=\/wp\/v2\/users\/1"}],"replies":[{"embeddable":true,"href":"https:\/\/reveil-info.net\/index.php?rest_route=%2Fwp%2Fv2%2Fcomments&post=50459"}],"version-history":[{"count":2,"href":"https:\/\/reveil-info.net\/index.php?rest_route=\/wp\/v2\/posts\/50459\/revisions"}],"predecessor-version":[{"id":50462,"href":"https:\/\/reveil-info.net\/index.php?rest_route=\/wp\/v2\/posts\/50459\/revisions\/50462"}],"wp:attachment":[{"href":"https:\/\/reveil-info.net\/index.php?rest_route=%2Fwp%2Fv2%2Fmedia&parent=50459"}],"wp:term":[{"taxonomy":"category","embeddable":true,"href":"https:\/\/reveil-info.net\/index.php?rest_route=%2Fwp%2Fv2%2Fcategories&post=50459"},{"taxonomy":"post_tag","embeddable":true,"href":"https:\/\/reveil-info.net\/index.php?rest_route=%2Fwp%2Fv2%2Ftags&post=50459"}],"curies":[{"name":"wp","href":"https:\/\/api.w.org\/{rel}","templated":true}]}}