{"id":50422,"date":"2026-04-26T14:02:44","date_gmt":"2026-04-26T14:02:44","guid":{"rendered":"https:\/\/reveil-info.net\/?p=50422"},"modified":"2026-04-26T14:02:44","modified_gmt":"2026-04-26T14:02:44","slug":"rpp-le-manifeste-est-lance","status":"publish","type":"post","link":"https:\/\/reveil-info.net\/?p=50422","title":{"rendered":"RPP: le manifeste est lanc\u00e9"},"content":{"rendered":"<p>R\u00c9VOLUTION PROGRESSISTE POPULAIRE : le Manifeste est disponible<\/p>\n<p><a href=\"https:\/\/reveil-info.net\/?attachment_id=50424\" rel=\"attachment wp-att-50424\"><img loading=\"lazy\" decoding=\"async\" class=\"alignright size-full wp-image-50424\" src=\"https:\/\/reveil-info.net\/wp-content\/uploads\/2026\/04\/1777211922875.jpg\" alt=\"\" width=\"720\" height=\"525\" srcset=\"https:\/\/reveil-info.net\/wp-content\/uploads\/2026\/04\/1777211922875.jpg 720w, https:\/\/reveil-info.net\/wp-content\/uploads\/2026\/04\/1777211922875-300x219.jpg 300w\" sizes=\"auto, (max-width: 720px) 100vw, 720px\" \/><\/a><\/p>\n<p>(Bobo-Dioulasso, 26 avril 2026). Le Premier ministre Rimtalba Jean Emmanuel OU\u00c9DRAOGO, repr\u00e9sentant le Pr\u00e9sident du Faso, Son Excellence le Capitaine Ibrahim TRAOR\u00c9, a proc\u00e9d\u00e9 au lancement du Manifeste de la R\u00e9volution Progressiste Populaire (RPP), ce dimanche au stand \u2018\u2019Koulouba\u2019\u2019 de la Pr\u00e9sidence du Faso, sis \u00e0 la Maison de la Culture Mgr Anselm-Titianma-SANOU.<\/p>\n<p>La c\u00e9r\u00e9monie de lancement du Manifeste de la R\u00e9volution Progressiste Populaire a enregistr\u00e9 la pr\u00e9sence des Premiers ministres du Mali, le G\u00e9n\u00e9ral de Division Abdoulaye MA\u00cfGA, et Ali Mahaman Lamine ZEINE du Niger.<\/p>\n<p><a href=\"https:\/\/reveil-info.net\/?attachment_id=50425\" rel=\"attachment wp-att-50425\"><img loading=\"lazy\" decoding=\"async\" class=\"alignright size-full wp-image-50425\" src=\"https:\/\/reveil-info.net\/wp-content\/uploads\/2026\/04\/1777211935551.jpg\" alt=\"\" width=\"720\" height=\"480\" srcset=\"https:\/\/reveil-info.net\/wp-content\/uploads\/2026\/04\/1777211935551.jpg 720w, https:\/\/reveil-info.net\/wp-content\/uploads\/2026\/04\/1777211935551-300x200.jpg 300w\" sizes=\"auto, (max-width: 720px) 100vw, 720px\" \/><\/a><\/p>\n<p>Selon le Premier ministre burkinab\u00e8, le Manifeste est un \u00ab livre de poche qui fixe le cap de la dynamique actuelle au Burkina Faso, et qui permet de d\u00e9couvrir les grands projets historiques, transformationnels que le Pr\u00e9sident du Faso a pour notre pays\u00bb.<\/p>\n<p><a href=\"https:\/\/reveil-info.net\/?attachment_id=50427\" rel=\"attachment wp-att-50427\"><img loading=\"lazy\" decoding=\"async\" class=\"alignright size-full wp-image-50427\" src=\"https:\/\/reveil-info.net\/wp-content\/uploads\/2026\/04\/1777211925620.jpg\" alt=\"\" width=\"720\" height=\"577\" srcset=\"https:\/\/reveil-info.net\/wp-content\/uploads\/2026\/04\/1777211925620.jpg 720w, https:\/\/reveil-info.net\/wp-content\/uploads\/2026\/04\/1777211925620-300x240.jpg 300w\" sizes=\"auto, (max-width: 720px) 100vw, 720px\" \/><\/a><\/p>\n<p>Le manifeste de 52 pages, est articul\u00e9 en six chapitres a expliqu\u00e9 le Ministre Directeur de cabinet du Pr\u00e9sident du Faso, le Capitaine Martha C\u00e9leste Anderson Dekomwin MEDAH. Il s\u2019agit de : la vision de la d\u00e9fense nationale et de la guerre, le progr\u00e8s socio\u00e9conomique inclusif, le r\u00e9armement culturel, la diplomatie et les relations internationales, le renforcement de la gouvernance et les probl\u00e9matiques soci\u00e9tales.<\/p>\n<p>Suivant l\u2019analyse du Ministre Directeur de cabinet du Pr\u00e9sident du Faso, le Manifeste \u00ab pr\u00e9sente la soci\u00e9t\u00e9 que nous avons aujourd\u2019hui avant de se projeter vers l\u2019id\u00e9al que nous recherchons \u00bb. Un id\u00e9al camp\u00e9 d\u00e9j\u00e0 dans le pr\u00e9ambule par le Capitaine Ibrahim TRAOR\u00c9 : \u00ab L&rsquo;Eldorado dont r\u00eave notre Peuple, nous pouvons le cr\u00e9er ici ! Nous avons confiance en ce Peuple \u00bb.<\/p>\n<p><a href=\"https:\/\/reveil-info.net\/?attachment_id=50428\" rel=\"attachment wp-att-50428\"><img loading=\"lazy\" decoding=\"async\" class=\"alignright size-full wp-image-50428\" src=\"https:\/\/reveil-info.net\/wp-content\/uploads\/2026\/04\/IMG-20260426-WA0026.jpg\" alt=\"\" width=\"1280\" height=\"961\" srcset=\"https:\/\/reveil-info.net\/wp-content\/uploads\/2026\/04\/IMG-20260426-WA0026.jpg 1280w, https:\/\/reveil-info.net\/wp-content\/uploads\/2026\/04\/IMG-20260426-WA0026-300x225.jpg 300w, https:\/\/reveil-info.net\/wp-content\/uploads\/2026\/04\/IMG-20260426-WA0026-1024x769.jpg 1024w, https:\/\/reveil-info.net\/wp-content\/uploads\/2026\/04\/IMG-20260426-WA0026-768x577.jpg 768w\" sizes=\"auto, (max-width: 1280px) 100vw, 1280px\" \/><\/a><\/p>\n<p>Pour faciliter l\u2019appropriation du Manifeste, la Pr\u00e9sidence du Faso annonce sa traduction dans les langues officielles nationales et en anglais. Le Capitaine MEDAH invite donc les populations \u00e0 \u00ab s\u2019abreuver de tout ce qui a \u00e9t\u00e9 consign\u00e9 dans ce Manifeste pour mieux percevoir cette R\u00e9volution \u00bb.<\/p>\n<p>Direction de la communication de la Pr\u00e9sidence du Faso<\/p>\n<p>Reveil-info<\/p>\n","protected":false},"excerpt":{"rendered":"<p>R\u00c9VOLUTION PROGRESSISTE POPULAIRE : le Manifeste est disponible (Bobo-Dioulasso, 26 avril 2026). Le Premier ministre<\/p>\n","protected":false},"author":1,"featured_media":0,"comment_status":"open","ping_status":"open","sticky":false,"template":"","format":"standard","meta":{"footnotes":""},"categories":[39,2],"tags":[],"class_list":["post-50422","post","type-post","status-publish","format-standard","hentry","category-une","category-actu"],"yoast_head":"<!-- This site is optimized with the Yoast SEO plugin v27.4 - https:\/\/yoast.com\/product\/yoast-seo-wordpress\/ -->\n<title>RPP: le manifeste est lanc\u00e9 - R\u00e9veil Info<\/title>\n<meta name=\"robots\" content=\"noindex, follow, max-snippet:-1, max-image-preview:large, max-video-preview:-1\" \/>\n<meta property=\"og:locale\" content=\"fr_FR\" \/>\n<meta property=\"og:type\" content=\"article\" \/>\n<meta property=\"og:title\" content=\"RPP: le manifeste est lanc\u00e9 - R\u00e9veil Info\" \/>\n<meta property=\"og:description\" content=\"R\u00c9VOLUTION PROGRESSISTE POPULAIRE : le Manifeste est disponible (Bobo-Dioulasso, 26 avril 2026). Le Premier ministre\" \/>\n<meta property=\"og:url\" content=\"https:\/\/reveil-info.net\/?p=50422\" \/>\n<meta property=\"og:site_name\" content=\"R\u00e9veil Info\" \/>\n<meta property=\"article:published_time\" content=\"2026-04-26T14:02:44+00:00\" \/>\n<meta property=\"og:image\" content=\"https:\/\/reveil-info.net\/wp-content\/uploads\/2026\/04\/1777211922875.jpg\" \/>\n\t<meta property=\"og:image:width\" content=\"720\" \/>\n\t<meta property=\"og:image:height\" content=\"525\" \/>\n\t<meta property=\"og:image:type\" content=\"image\/jpeg\" \/>\n<meta name=\"author\" content=\"R\u00e9veil info\" \/>\n<meta name=\"twitter:card\" content=\"summary_large_image\" \/>\n<meta name=\"twitter:label1\" content=\"\u00c9crit par\" \/>\n\t<meta name=\"twitter:data1\" content=\"R\u00e9veil info\" \/>\n\t<meta name=\"twitter:label2\" content=\"Dur\u00e9e de lecture estim\u00e9e\" \/>\n\t<meta name=\"twitter:data2\" content=\"3 minutes\" \/>\n<script type=\"application\/ld+json\" class=\"yoast-schema-graph\">{\"@context\":\"https:\\\/\\\/schema.org\",\"@graph\":[{\"@type\":\"Article\",\"@id\":\"https:\\\/\\\/reveil-info.net\\\/?p=50422#article\",\"isPartOf\":{\"@id\":\"https:\\\/\\\/reveil-info.net\\\/?p=50422\"},\"author\":{\"name\":\"R\u00e9veil info\",\"@id\":\"https:\\\/\\\/reveil-info.net\\\/#\\\/schema\\\/person\\\/ca0cc8e70088e0a2b5e92556c1ee60f5\"},\"headline\":\"RPP: le manifeste est lanc\u00e9\",\"datePublished\":\"2026-04-26T14:02:44+00:00\",\"mainEntityOfPage\":{\"@id\":\"https:\\\/\\\/reveil-info.net\\\/?p=50422\"},\"wordCount\":352,\"commentCount\":0,\"publisher\":{\"@id\":\"https:\\\/\\\/reveil-info.net\\\/#organization\"},\"image\":{\"@id\":\"https:\\\/\\\/reveil-info.net\\\/?p=50422#primaryimage\"},\"thumbnailUrl\":\"https:\\\/\\\/reveil-info.net\\\/wp-content\\\/uploads\\\/2026\\\/04\\\/1777211922875.jpg\",\"articleSection\":[\"A la une\",\"Actualit\u00e9\"],\"inLanguage\":\"fr-FR\",\"potentialAction\":[{\"@type\":\"CommentAction\",\"name\":\"Comment\",\"target\":[\"https:\\\/\\\/reveil-info.net\\\/?p=50422#respond\"]}]},{\"@type\":\"WebPage\",\"@id\":\"https:\\\/\\\/reveil-info.net\\\/?p=50422\",\"url\":\"https:\\\/\\\/reveil-info.net\\\/?p=50422\",\"name\":\"RPP: le manifeste est lanc\u00e9 - R\u00e9veil Info\",\"isPartOf\":{\"@id\":\"https:\\\/\\\/reveil-info.net\\\/#website\"},\"primaryImageOfPage\":{\"@id\":\"https:\\\/\\\/reveil-info.net\\\/?p=50422#primaryimage\"},\"image\":{\"@id\":\"https:\\\/\\\/reveil-info.net\\\/?p=50422#primaryimage\"},\"thumbnailUrl\":\"https:\\\/\\\/reveil-info.net\\\/wp-content\\\/uploads\\\/2026\\\/04\\\/1777211922875.jpg\",\"datePublished\":\"2026-04-26T14:02:44+00:00\",\"breadcrumb\":{\"@id\":\"https:\\\/\\\/reveil-info.net\\\/?p=50422#breadcrumb\"},\"inLanguage\":\"fr-FR\",\"potentialAction\":[{\"@type\":\"ReadAction\",\"target\":[\"https:\\\/\\\/reveil-info.net\\\/?p=50422\"]}]},{\"@type\":\"ImageObject\",\"inLanguage\":\"fr-FR\",\"@id\":\"https:\\\/\\\/reveil-info.net\\\/?p=50422#primaryimage\",\"url\":\"https:\\\/\\\/reveil-info.net\\\/wp-content\\\/uploads\\\/2026\\\/04\\\/1777211922875.jpg\",\"contentUrl\":\"https:\\\/\\\/reveil-info.net\\\/wp-content\\\/uploads\\\/2026\\\/04\\\/1777211922875.jpg\",\"width\":720,\"height\":525},{\"@type\":\"BreadcrumbList\",\"@id\":\"https:\\\/\\\/reveil-info.net\\\/?p=50422#breadcrumb\",\"itemListElement\":[{\"@type\":\"ListItem\",\"position\":1,\"name\":\"Home\",\"item\":\"https:\\\/\\\/reveil-info.net\\\/\"},{\"@type\":\"ListItem\",\"position\":2,\"name\":\"RPP: le manifeste est lanc\u00e9\"}]},{\"@type\":\"WebSite\",\"@id\":\"https:\\\/\\\/reveil-info.net\\\/#website\",\"url\":\"https:\\\/\\\/reveil-info.net\\\/\",\"name\":\"R\u00e9veil Info\",\"description\":\"Le devoir d&#039;informer!\",\"publisher\":{\"@id\":\"https:\\\/\\\/reveil-info.net\\\/#organization\"},\"potentialAction\":[{\"@type\":\"SearchAction\",\"target\":{\"@type\":\"EntryPoint\",\"urlTemplate\":\"https:\\\/\\\/reveil-info.net\\\/?s={search_term_string}\"},\"query-input\":{\"@type\":\"PropertyValueSpecification\",\"valueRequired\":true,\"valueName\":\"search_term_string\"}}],\"inLanguage\":\"fr-FR\"},{\"@type\":\"Organization\",\"@id\":\"https:\\\/\\\/reveil-info.net\\\/#organization\",\"name\":\"R\u00e9veil Info\",\"url\":\"https:\\\/\\\/reveil-info.net\\\/\",\"logo\":{\"@type\":\"ImageObject\",\"inLanguage\":\"fr-FR\",\"@id\":\"https:\\\/\\\/reveil-info.net\\\/#\\\/schema\\\/logo\\\/image\\\/\",\"url\":\"https:\\\/\\\/reveil-info.net\\\/wp-content\\\/uploads\\\/2024\\\/07\\\/bnddd1.jpg\",\"contentUrl\":\"https:\\\/\\\/reveil-info.net\\\/wp-content\\\/uploads\\\/2024\\\/07\\\/bnddd1.jpg\",\"width\":903,\"height\":125,\"caption\":\"R\u00e9veil Info\"},\"image\":{\"@id\":\"https:\\\/\\\/reveil-info.net\\\/#\\\/schema\\\/logo\\\/image\\\/\"}},{\"@type\":\"Person\",\"@id\":\"https:\\\/\\\/reveil-info.net\\\/#\\\/schema\\\/person\\\/ca0cc8e70088e0a2b5e92556c1ee60f5\",\"name\":\"R\u00e9veil info\",\"image\":{\"@type\":\"ImageObject\",\"inLanguage\":\"fr-FR\",\"@id\":\"https:\\\/\\\/secure.gravatar.com\\\/avatar\\\/e4ad5bb743c8b6cb174d9df6c7d30a8a16f6889731241345fc6444e6485f02af?s=96&d=mm&r=g\",\"url\":\"https:\\\/\\\/secure.gravatar.com\\\/avatar\\\/e4ad5bb743c8b6cb174d9df6c7d30a8a16f6889731241345fc6444e6485f02af?s=96&d=mm&r=g\",\"contentUrl\":\"https:\\\/\\\/secure.gravatar.com\\\/avatar\\\/e4ad5bb743c8b6cb174d9df6c7d30a8a16f6889731241345fc6444e6485f02af?s=96&d=mm&r=g\",\"caption\":\"R\u00e9veil info\"},\"sameAs\":[\"https:\\\/\\\/reveil-info.net\"],\"url\":\"https:\\\/\\\/reveil-info.net\\\/?author=1\"}]}<\/script>\n<!-- \/ Yoast SEO plugin. -->","yoast_head_json":{"title":"RPP: le manifeste est lanc\u00e9 - R\u00e9veil Info","robots":{"index":"noindex","follow":"follow","max-snippet":"max-snippet:-1","max-image-preview":"max-image-preview:large","max-video-preview":"max-video-preview:-1"},"og_locale":"fr_FR","og_type":"article","og_title":"RPP: le manifeste est lanc\u00e9 - R\u00e9veil Info","og_description":"R\u00c9VOLUTION PROGRESSISTE POPULAIRE : le Manifeste est disponible (Bobo-Dioulasso, 26 avril 2026). Le Premier ministre","og_url":"https:\/\/reveil-info.net\/?p=50422","og_site_name":"R\u00e9veil Info","article_published_time":"2026-04-26T14:02:44+00:00","og_image":[{"width":720,"height":525,"url":"https:\/\/reveil-info.net\/wp-content\/uploads\/2026\/04\/1777211922875.jpg","type":"image\/jpeg"}],"author":"R\u00e9veil info","twitter_card":"summary_large_image","twitter_misc":{"\u00c9crit par":"R\u00e9veil info","Dur\u00e9e de lecture estim\u00e9e":"3 minutes"},"schema":{"@context":"https:\/\/schema.org","@graph":[{"@type":"Article","@id":"https:\/\/reveil-info.net\/?p=50422#article","isPartOf":{"@id":"https:\/\/reveil-info.net\/?p=50422"},"author":{"name":"R\u00e9veil info","@id":"https:\/\/reveil-info.net\/#\/schema\/person\/ca0cc8e70088e0a2b5e92556c1ee60f5"},"headline":"RPP: le manifeste est lanc\u00e9","datePublished":"2026-04-26T14:02:44+00:00","mainEntityOfPage":{"@id":"https:\/\/reveil-info.net\/?p=50422"},"wordCount":352,"commentCount":0,"publisher":{"@id":"https:\/\/reveil-info.net\/#organization"},"image":{"@id":"https:\/\/reveil-info.net\/?p=50422#primaryimage"},"thumbnailUrl":"https:\/\/reveil-info.net\/wp-content\/uploads\/2026\/04\/1777211922875.jpg","articleSection":["A la une","Actualit\u00e9"],"inLanguage":"fr-FR","potentialAction":[{"@type":"CommentAction","name":"Comment","target":["https:\/\/reveil-info.net\/?p=50422#respond"]}]},{"@type":"WebPage","@id":"https:\/\/reveil-info.net\/?p=50422","url":"https:\/\/reveil-info.net\/?p=50422","name":"RPP: le manifeste est lanc\u00e9 - R\u00e9veil Info","isPartOf":{"@id":"https:\/\/reveil-info.net\/#website"},"primaryImageOfPage":{"@id":"https:\/\/reveil-info.net\/?p=50422#primaryimage"},"image":{"@id":"https:\/\/reveil-info.net\/?p=50422#primaryimage"},"thumbnailUrl":"https:\/\/reveil-info.net\/wp-content\/uploads\/2026\/04\/1777211922875.jpg","datePublished":"2026-04-26T14:02:44+00:00","breadcrumb":{"@id":"https:\/\/reveil-info.net\/?p=50422#breadcrumb"},"inLanguage":"fr-FR","potentialAction":[{"@type":"ReadAction","target":["https:\/\/reveil-info.net\/?p=50422"]}]},{"@type":"ImageObject","inLanguage":"fr-FR","@id":"https:\/\/reveil-info.net\/?p=50422#primaryimage","url":"https:\/\/reveil-info.net\/wp-content\/uploads\/2026\/04\/1777211922875.jpg","contentUrl":"https:\/\/reveil-info.net\/wp-content\/uploads\/2026\/04\/1777211922875.jpg","width":720,"height":525},{"@type":"BreadcrumbList","@id":"https:\/\/reveil-info.net\/?p=50422#breadcrumb","itemListElement":[{"@type":"ListItem","position":1,"name":"Home","item":"https:\/\/reveil-info.net\/"},{"@type":"ListItem","position":2,"name":"RPP: le manifeste est lanc\u00e9"}]},{"@type":"WebSite","@id":"https:\/\/reveil-info.net\/#website","url":"https:\/\/reveil-info.net\/","name":"R\u00e9veil Info","description":"Le devoir d&#039;informer!","publisher":{"@id":"https:\/\/reveil-info.net\/#organization"},"potentialAction":[{"@type":"SearchAction","target":{"@type":"EntryPoint","urlTemplate":"https:\/\/reveil-info.net\/?s={search_term_string}"},"query-input":{"@type":"PropertyValueSpecification","valueRequired":true,"valueName":"search_term_string"}}],"inLanguage":"fr-FR"},{"@type":"Organization","@id":"https:\/\/reveil-info.net\/#organization","name":"R\u00e9veil Info","url":"https:\/\/reveil-info.net\/","logo":{"@type":"ImageObject","inLanguage":"fr-FR","@id":"https:\/\/reveil-info.net\/#\/schema\/logo\/image\/","url":"https:\/\/reveil-info.net\/wp-content\/uploads\/2024\/07\/bnddd1.jpg","contentUrl":"https:\/\/reveil-info.net\/wp-content\/uploads\/2024\/07\/bnddd1.jpg","width":903,"height":125,"caption":"R\u00e9veil Info"},"image":{"@id":"https:\/\/reveil-info.net\/#\/schema\/logo\/image\/"}},{"@type":"Person","@id":"https:\/\/reveil-info.net\/#\/schema\/person\/ca0cc8e70088e0a2b5e92556c1ee60f5","name":"R\u00e9veil info","image":{"@type":"ImageObject","inLanguage":"fr-FR","@id":"https:\/\/secure.gravatar.com\/avatar\/e4ad5bb743c8b6cb174d9df6c7d30a8a16f6889731241345fc6444e6485f02af?s=96&d=mm&r=g","url":"https:\/\/secure.gravatar.com\/avatar\/e4ad5bb743c8b6cb174d9df6c7d30a8a16f6889731241345fc6444e6485f02af?s=96&d=mm&r=g","contentUrl":"https:\/\/secure.gravatar.com\/avatar\/e4ad5bb743c8b6cb174d9df6c7d30a8a16f6889731241345fc6444e6485f02af?s=96&d=mm&r=g","caption":"R\u00e9veil info"},"sameAs":["https:\/\/reveil-info.net"],"url":"https:\/\/reveil-info.net\/?author=1"}]}},"jetpack_featured_media_url":"","featured_image_urls":{"full":"","thumbnail":"","medium":"","medium_large":"","large":"","1536x1536":"","2048x2048":"","chromenews-featured":"","chromenews-large":"","chromenews-medium":""},"author_info":{"display_name":"R\u00e9veil info","author_link":"https:\/\/reveil-info.net\/?author=1"},"category_info":"<a href=\"https:\/\/reveil-info.net\/?cat=39\" rel=\"category\">A la une<\/a> <a href=\"https:\/\/reveil-info.net\/?cat=2\" rel=\"category\">Actualit\u00e9<\/a>","tag_info":"Actualit\u00e9","comment_count":"0","_links":{"self":[{"href":"https:\/\/reveil-info.net\/index.php?rest_route=\/wp\/v2\/posts\/50422","targetHints":{"allow":["GET"]}}],"collection":[{"href":"https:\/\/reveil-info.net\/index.php?rest_route=\/wp\/v2\/posts"}],"about":[{"href":"https:\/\/reveil-info.net\/index.php?rest_route=\/wp\/v2\/types\/post"}],"author":[{"embeddable":true,"href":"https:\/\/reveil-info.net\/index.php?rest_route=\/wp\/v2\/users\/1"}],"replies":[{"embeddable":true,"href":"https:\/\/reveil-info.net\/index.php?rest_route=%2Fwp%2Fv2%2Fcomments&post=50422"}],"version-history":[{"count":4,"href":"https:\/\/reveil-info.net\/index.php?rest_route=\/wp\/v2\/posts\/50422\/revisions"}],"predecessor-version":[{"id":50430,"href":"https:\/\/reveil-info.net\/index.php?rest_route=\/wp\/v2\/posts\/50422\/revisions\/50430"}],"wp:attachment":[{"href":"https:\/\/reveil-info.net\/index.php?rest_route=%2Fwp%2Fv2%2Fmedia&parent=50422"}],"wp:term":[{"taxonomy":"category","embeddable":true,"href":"https:\/\/reveil-info.net\/index.php?rest_route=%2Fwp%2Fv2%2Fcategories&post=50422"},{"taxonomy":"post_tag","embeddable":true,"href":"https:\/\/reveil-info.net\/index.php?rest_route=%2Fwp%2Fv2%2Ftags&post=50422"}],"curies":[{"name":"wp","href":"https:\/\/api.w.org\/{rel}","templated":true}]}}