{"id":50399,"date":"2026-04-26T11:45:06","date_gmt":"2026-04-26T11:45:06","guid":{"rendered":"https:\/\/reveil-info.net\/?p=50399"},"modified":"2026-04-26T11:45:06","modified_gmt":"2026-04-26T11:45:06","slug":"lutte-contre-le-terrorisme-formation-de-cadres-vdp-a-kaya-sur-la-prise-en-compte-des-droits-humains","status":"publish","type":"post","link":"https:\/\/reveil-info.net\/?p=50399","title":{"rendered":"Lutte contre le terrorisme : formation de cadres VDP \u00e0 Kaya sur la prise en compte des Droits humains"},"content":{"rendered":"<p>Du 21 au 24 avril 2026, les cadres des Volontaires pour la D\u00e9fense de la Patrie (VDP) de la r\u00e9gion des Kuils\u00e9 ont b\u00e9n\u00e9fici\u00e9 d\u2019une session de formation ax\u00e9e sur la prise en compte des droits humains dans les op\u00e9rations de lutte contre le terrorisme.<\/p>\n<p><a href=\"https:\/\/reveil-info.net\/?attachment_id=50402\" rel=\"attachment wp-att-50402\"><img loading=\"lazy\" decoding=\"async\" class=\"alignright size-full wp-image-50402\" src=\"https:\/\/reveil-info.net\/wp-content\/uploads\/2026\/04\/1777203647668.jpg\" alt=\"\" width=\"720\" height=\"417\" srcset=\"https:\/\/reveil-info.net\/wp-content\/uploads\/2026\/04\/1777203647668.jpg 720w, https:\/\/reveil-info.net\/wp-content\/uploads\/2026\/04\/1777203647668-300x174.jpg 300w\" sizes=\"auto, (max-width: 720px) 100vw, 720px\" \/><\/a><\/p>\n<p>Cette initiative vise \u00e0 renforcer les capacit\u00e9s des cadres VDP sur les questions li\u00e9es aux droits humains afin de favoriser leur int\u00e9gration dans les diff\u00e9rentes op\u00e9rations men\u00e9es sur le terrain. \u00c0 terme, cette d\u00e9marche entend contribuer \u00e0 une meilleure consolidation des actions de lutte contre le terrorisme dans le respect des droits fondamentaux des populations.<\/p>\n<p><a href=\"https:\/\/reveil-info.net\/?attachment_id=50403\" rel=\"attachment wp-att-50403\"><img loading=\"lazy\" decoding=\"async\" class=\"alignright size-full wp-image-50403\" src=\"https:\/\/reveil-info.net\/wp-content\/uploads\/2026\/04\/1777203635101.jpg\" alt=\"\" width=\"720\" height=\"540\" srcset=\"https:\/\/reveil-info.net\/wp-content\/uploads\/2026\/04\/1777203635101.jpg 720w, https:\/\/reveil-info.net\/wp-content\/uploads\/2026\/04\/1777203635101-300x225.jpg 300w\" sizes=\"auto, (max-width: 720px) 100vw, 720px\" \/><\/a><\/p>\n<p><a href=\"https:\/\/reveil-info.net\/?attachment_id=50404\" rel=\"attachment wp-att-50404\"><img loading=\"lazy\" decoding=\"async\" class=\"alignright size-full wp-image-50404\" src=\"https:\/\/reveil-info.net\/wp-content\/uploads\/2026\/04\/1777203630610.jpg\" alt=\"\" width=\"720\" height=\"480\" srcset=\"https:\/\/reveil-info.net\/wp-content\/uploads\/2026\/04\/1777203630610.jpg 720w, https:\/\/reveil-info.net\/wp-content\/uploads\/2026\/04\/1777203630610-300x200.jpg 300w\" sizes=\"auto, (max-width: 720px) 100vw, 720px\" \/><\/a><\/p>\n<p>La c\u00e9r\u00e9monie d\u2019ouverture de cette session de formation a \u00e9t\u00e9 pr\u00e9sid\u00e9e par Madame Agn\u00e8s Bayili, Directrice de l\u2019\u00e9ducation aux droits humains et du partenariat, repr\u00e9sentant le Directeur g\u00e9n\u00e9ral des droits humains. Elle s\u2019est d\u00e9roul\u00e9e en pr\u00e9sence de Madame Adjaratou Zongo, conseill\u00e8re en droits humains et conseill\u00e8re technique du Commandant de la Brigade des Volontaires pour la D\u00e9fense de la Patrie (BVDP) sur les questions des droits humains, repr\u00e9sentant \u00e9galement le Commandant de la BVDP.<\/p>\n<p><a href=\"https:\/\/reveil-info.net\/?attachment_id=50406\" rel=\"attachment wp-att-50406\"><img loading=\"lazy\" decoding=\"async\" class=\"alignright size-full wp-image-50406\" src=\"https:\/\/reveil-info.net\/wp-content\/uploads\/2026\/04\/1777203643890.jpg\" alt=\"\" width=\"720\" height=\"431\" srcset=\"https:\/\/reveil-info.net\/wp-content\/uploads\/2026\/04\/1777203643890.jpg 720w, https:\/\/reveil-info.net\/wp-content\/uploads\/2026\/04\/1777203643890-300x180.jpg 300w\" sizes=\"auto, (max-width: 720px) 100vw, 720px\" \/><\/a><\/p>\n<p>Le Capitaine Khalifa Abdoul Kader Baro, coordonnateur r\u00e9gional des VDP des kuils\u00e9, a \u00e9galement pris part \u00e0 cette c\u00e9r\u00e9monie, aux c\u00f4t\u00e9s des diff\u00e9rents participants venus renforcer leurs connaissances sur les principes fondamentaux des droits humains.<\/p>\n<p>Au cours des quatre jours de formation, les participants ont \u00e9t\u00e9 outill\u00e9s sur les bonnes pratiques \u00e0 adopter dans le cadre des op\u00e9rations de s\u00e9curisation afin de concilier imp\u00e9ratifs s\u00e9curitaires et respect des droits humains.<\/p>\n<p>Dans un contexte marqu\u00e9 par la persistance de la menace terroriste, les autorit\u00e9s entendent ainsi promouvoir une approche plus professionnelle et respectueuse des droits humains dans la conduite des op\u00e9rations sur le terrain.<\/p>\n<p>Cette session traduit la volont\u00e9 des autorit\u00e9s burkinab\u00e8 de faire des droits humains un pilier essentiel dans la lutte contre le terrorisme et la pr\u00e9servation de la coh\u00e9sion sociale.<\/p>\n<p>Bureau Communication et Relations Publiques\/BVDP<\/p>\n<p>Reveil-info<\/p>\n","protected":false},"excerpt":{"rendered":"<p>Du 21 au 24 avril 2026, les cadres des Volontaires pour la D\u00e9fense de la<\/p>\n","protected":false},"author":1,"featured_media":0,"comment_status":"open","ping_status":"open","sticky":false,"template":"","format":"standard","meta":{"footnotes":""},"categories":[16],"tags":[],"class_list":["post-50399","post","type-post","status-publish","format-standard","hentry","category-societe"],"yoast_head":"<!-- This site is optimized with the Yoast SEO plugin v27.4 - https:\/\/yoast.com\/product\/yoast-seo-wordpress\/ -->\n<title>Lutte contre le terrorisme : formation de cadres VDP \u00e0 Kaya sur la prise en compte des Droits humains - R\u00e9veil Info<\/title>\n<meta name=\"robots\" content=\"noindex, follow, max-snippet:-1, max-image-preview:large, max-video-preview:-1\" \/>\n<meta property=\"og:locale\" content=\"fr_FR\" \/>\n<meta property=\"og:type\" content=\"article\" \/>\n<meta property=\"og:title\" content=\"Lutte contre le terrorisme : formation de cadres VDP \u00e0 Kaya sur la prise en compte des Droits humains - R\u00e9veil Info\" \/>\n<meta property=\"og:description\" content=\"Du 21 au 24 avril 2026, les cadres des Volontaires pour la D\u00e9fense de la\" \/>\n<meta property=\"og:url\" content=\"https:\/\/reveil-info.net\/?p=50399\" \/>\n<meta property=\"og:site_name\" content=\"R\u00e9veil Info\" \/>\n<meta property=\"article:published_time\" content=\"2026-04-26T11:45:06+00:00\" \/>\n<meta property=\"og:image\" content=\"https:\/\/reveil-info.net\/wp-content\/uploads\/2026\/04\/1777203647668.jpg\" \/>\n\t<meta property=\"og:image:width\" content=\"720\" \/>\n\t<meta property=\"og:image:height\" content=\"417\" \/>\n\t<meta property=\"og:image:type\" content=\"image\/jpeg\" \/>\n<meta name=\"author\" content=\"R\u00e9veil info\" \/>\n<meta name=\"twitter:card\" content=\"summary_large_image\" \/>\n<meta name=\"twitter:label1\" content=\"\u00c9crit par\" \/>\n\t<meta name=\"twitter:data1\" content=\"R\u00e9veil info\" \/>\n\t<meta name=\"twitter:label2\" content=\"Dur\u00e9e de lecture estim\u00e9e\" \/>\n\t<meta name=\"twitter:data2\" content=\"3 minutes\" \/>\n<script type=\"application\/ld+json\" class=\"yoast-schema-graph\">{\"@context\":\"https:\\\/\\\/schema.org\",\"@graph\":[{\"@type\":\"Article\",\"@id\":\"https:\\\/\\\/reveil-info.net\\\/?p=50399#article\",\"isPartOf\":{\"@id\":\"https:\\\/\\\/reveil-info.net\\\/?p=50399\"},\"author\":{\"name\":\"R\u00e9veil info\",\"@id\":\"https:\\\/\\\/reveil-info.net\\\/#\\\/schema\\\/person\\\/ca0cc8e70088e0a2b5e92556c1ee60f5\"},\"headline\":\"Lutte contre le terrorisme : formation de cadres VDP \u00e0 Kaya sur la prise en compte des Droits humains\",\"datePublished\":\"2026-04-26T11:45:06+00:00\",\"mainEntityOfPage\":{\"@id\":\"https:\\\/\\\/reveil-info.net\\\/?p=50399\"},\"wordCount\":370,\"commentCount\":0,\"publisher\":{\"@id\":\"https:\\\/\\\/reveil-info.net\\\/#organization\"},\"image\":{\"@id\":\"https:\\\/\\\/reveil-info.net\\\/?p=50399#primaryimage\"},\"thumbnailUrl\":\"https:\\\/\\\/reveil-info.net\\\/wp-content\\\/uploads\\\/2026\\\/04\\\/1777203647668.jpg\",\"articleSection\":[\"Soci\u00e9t\u00e9\"],\"inLanguage\":\"fr-FR\",\"potentialAction\":[{\"@type\":\"CommentAction\",\"name\":\"Comment\",\"target\":[\"https:\\\/\\\/reveil-info.net\\\/?p=50399#respond\"]}]},{\"@type\":\"WebPage\",\"@id\":\"https:\\\/\\\/reveil-info.net\\\/?p=50399\",\"url\":\"https:\\\/\\\/reveil-info.net\\\/?p=50399\",\"name\":\"Lutte contre le terrorisme : formation de cadres VDP \u00e0 Kaya sur la prise en compte des Droits humains - R\u00e9veil Info\",\"isPartOf\":{\"@id\":\"https:\\\/\\\/reveil-info.net\\\/#website\"},\"primaryImageOfPage\":{\"@id\":\"https:\\\/\\\/reveil-info.net\\\/?p=50399#primaryimage\"},\"image\":{\"@id\":\"https:\\\/\\\/reveil-info.net\\\/?p=50399#primaryimage\"},\"thumbnailUrl\":\"https:\\\/\\\/reveil-info.net\\\/wp-content\\\/uploads\\\/2026\\\/04\\\/1777203647668.jpg\",\"datePublished\":\"2026-04-26T11:45:06+00:00\",\"breadcrumb\":{\"@id\":\"https:\\\/\\\/reveil-info.net\\\/?p=50399#breadcrumb\"},\"inLanguage\":\"fr-FR\",\"potentialAction\":[{\"@type\":\"ReadAction\",\"target\":[\"https:\\\/\\\/reveil-info.net\\\/?p=50399\"]}]},{\"@type\":\"ImageObject\",\"inLanguage\":\"fr-FR\",\"@id\":\"https:\\\/\\\/reveil-info.net\\\/?p=50399#primaryimage\",\"url\":\"https:\\\/\\\/reveil-info.net\\\/wp-content\\\/uploads\\\/2026\\\/04\\\/1777203647668.jpg\",\"contentUrl\":\"https:\\\/\\\/reveil-info.net\\\/wp-content\\\/uploads\\\/2026\\\/04\\\/1777203647668.jpg\",\"width\":720,\"height\":417},{\"@type\":\"BreadcrumbList\",\"@id\":\"https:\\\/\\\/reveil-info.net\\\/?p=50399#breadcrumb\",\"itemListElement\":[{\"@type\":\"ListItem\",\"position\":1,\"name\":\"Home\",\"item\":\"https:\\\/\\\/reveil-info.net\\\/\"},{\"@type\":\"ListItem\",\"position\":2,\"name\":\"Lutte contre le terrorisme : formation de cadres VDP \u00e0 Kaya sur la prise en compte des Droits humains\"}]},{\"@type\":\"WebSite\",\"@id\":\"https:\\\/\\\/reveil-info.net\\\/#website\",\"url\":\"https:\\\/\\\/reveil-info.net\\\/\",\"name\":\"R\u00e9veil Info\",\"description\":\"Le devoir d&#039;informer!\",\"publisher\":{\"@id\":\"https:\\\/\\\/reveil-info.net\\\/#organization\"},\"potentialAction\":[{\"@type\":\"SearchAction\",\"target\":{\"@type\":\"EntryPoint\",\"urlTemplate\":\"https:\\\/\\\/reveil-info.net\\\/?s={search_term_string}\"},\"query-input\":{\"@type\":\"PropertyValueSpecification\",\"valueRequired\":true,\"valueName\":\"search_term_string\"}}],\"inLanguage\":\"fr-FR\"},{\"@type\":\"Organization\",\"@id\":\"https:\\\/\\\/reveil-info.net\\\/#organization\",\"name\":\"R\u00e9veil Info\",\"url\":\"https:\\\/\\\/reveil-info.net\\\/\",\"logo\":{\"@type\":\"ImageObject\",\"inLanguage\":\"fr-FR\",\"@id\":\"https:\\\/\\\/reveil-info.net\\\/#\\\/schema\\\/logo\\\/image\\\/\",\"url\":\"https:\\\/\\\/reveil-info.net\\\/wp-content\\\/uploads\\\/2024\\\/07\\\/bnddd1.jpg\",\"contentUrl\":\"https:\\\/\\\/reveil-info.net\\\/wp-content\\\/uploads\\\/2024\\\/07\\\/bnddd1.jpg\",\"width\":903,\"height\":125,\"caption\":\"R\u00e9veil Info\"},\"image\":{\"@id\":\"https:\\\/\\\/reveil-info.net\\\/#\\\/schema\\\/logo\\\/image\\\/\"}},{\"@type\":\"Person\",\"@id\":\"https:\\\/\\\/reveil-info.net\\\/#\\\/schema\\\/person\\\/ca0cc8e70088e0a2b5e92556c1ee60f5\",\"name\":\"R\u00e9veil info\",\"image\":{\"@type\":\"ImageObject\",\"inLanguage\":\"fr-FR\",\"@id\":\"https:\\\/\\\/secure.gravatar.com\\\/avatar\\\/e4ad5bb743c8b6cb174d9df6c7d30a8a16f6889731241345fc6444e6485f02af?s=96&d=mm&r=g\",\"url\":\"https:\\\/\\\/secure.gravatar.com\\\/avatar\\\/e4ad5bb743c8b6cb174d9df6c7d30a8a16f6889731241345fc6444e6485f02af?s=96&d=mm&r=g\",\"contentUrl\":\"https:\\\/\\\/secure.gravatar.com\\\/avatar\\\/e4ad5bb743c8b6cb174d9df6c7d30a8a16f6889731241345fc6444e6485f02af?s=96&d=mm&r=g\",\"caption\":\"R\u00e9veil info\"},\"sameAs\":[\"https:\\\/\\\/reveil-info.net\"],\"url\":\"https:\\\/\\\/reveil-info.net\\\/?author=1\"}]}<\/script>\n<!-- \/ Yoast SEO plugin. -->","yoast_head_json":{"title":"Lutte contre le terrorisme : formation de cadres VDP \u00e0 Kaya sur la prise en compte des Droits humains - R\u00e9veil Info","robots":{"index":"noindex","follow":"follow","max-snippet":"max-snippet:-1","max-image-preview":"max-image-preview:large","max-video-preview":"max-video-preview:-1"},"og_locale":"fr_FR","og_type":"article","og_title":"Lutte contre le terrorisme : formation de cadres VDP \u00e0 Kaya sur la prise en compte des Droits humains - R\u00e9veil Info","og_description":"Du 21 au 24 avril 2026, les cadres des Volontaires pour la D\u00e9fense de la","og_url":"https:\/\/reveil-info.net\/?p=50399","og_site_name":"R\u00e9veil Info","article_published_time":"2026-04-26T11:45:06+00:00","og_image":[{"width":720,"height":417,"url":"https:\/\/reveil-info.net\/wp-content\/uploads\/2026\/04\/1777203647668.jpg","type":"image\/jpeg"}],"author":"R\u00e9veil info","twitter_card":"summary_large_image","twitter_misc":{"\u00c9crit par":"R\u00e9veil info","Dur\u00e9e de lecture estim\u00e9e":"3 minutes"},"schema":{"@context":"https:\/\/schema.org","@graph":[{"@type":"Article","@id":"https:\/\/reveil-info.net\/?p=50399#article","isPartOf":{"@id":"https:\/\/reveil-info.net\/?p=50399"},"author":{"name":"R\u00e9veil info","@id":"https:\/\/reveil-info.net\/#\/schema\/person\/ca0cc8e70088e0a2b5e92556c1ee60f5"},"headline":"Lutte contre le terrorisme : formation de cadres VDP \u00e0 Kaya sur la prise en compte des Droits humains","datePublished":"2026-04-26T11:45:06+00:00","mainEntityOfPage":{"@id":"https:\/\/reveil-info.net\/?p=50399"},"wordCount":370,"commentCount":0,"publisher":{"@id":"https:\/\/reveil-info.net\/#organization"},"image":{"@id":"https:\/\/reveil-info.net\/?p=50399#primaryimage"},"thumbnailUrl":"https:\/\/reveil-info.net\/wp-content\/uploads\/2026\/04\/1777203647668.jpg","articleSection":["Soci\u00e9t\u00e9"],"inLanguage":"fr-FR","potentialAction":[{"@type":"CommentAction","name":"Comment","target":["https:\/\/reveil-info.net\/?p=50399#respond"]}]},{"@type":"WebPage","@id":"https:\/\/reveil-info.net\/?p=50399","url":"https:\/\/reveil-info.net\/?p=50399","name":"Lutte contre le terrorisme : formation de cadres VDP \u00e0 Kaya sur la prise en compte des Droits humains - R\u00e9veil Info","isPartOf":{"@id":"https:\/\/reveil-info.net\/#website"},"primaryImageOfPage":{"@id":"https:\/\/reveil-info.net\/?p=50399#primaryimage"},"image":{"@id":"https:\/\/reveil-info.net\/?p=50399#primaryimage"},"thumbnailUrl":"https:\/\/reveil-info.net\/wp-content\/uploads\/2026\/04\/1777203647668.jpg","datePublished":"2026-04-26T11:45:06+00:00","breadcrumb":{"@id":"https:\/\/reveil-info.net\/?p=50399#breadcrumb"},"inLanguage":"fr-FR","potentialAction":[{"@type":"ReadAction","target":["https:\/\/reveil-info.net\/?p=50399"]}]},{"@type":"ImageObject","inLanguage":"fr-FR","@id":"https:\/\/reveil-info.net\/?p=50399#primaryimage","url":"https:\/\/reveil-info.net\/wp-content\/uploads\/2026\/04\/1777203647668.jpg","contentUrl":"https:\/\/reveil-info.net\/wp-content\/uploads\/2026\/04\/1777203647668.jpg","width":720,"height":417},{"@type":"BreadcrumbList","@id":"https:\/\/reveil-info.net\/?p=50399#breadcrumb","itemListElement":[{"@type":"ListItem","position":1,"name":"Home","item":"https:\/\/reveil-info.net\/"},{"@type":"ListItem","position":2,"name":"Lutte contre le terrorisme : formation de cadres VDP \u00e0 Kaya sur la prise en compte des Droits humains"}]},{"@type":"WebSite","@id":"https:\/\/reveil-info.net\/#website","url":"https:\/\/reveil-info.net\/","name":"R\u00e9veil Info","description":"Le devoir d&#039;informer!","publisher":{"@id":"https:\/\/reveil-info.net\/#organization"},"potentialAction":[{"@type":"SearchAction","target":{"@type":"EntryPoint","urlTemplate":"https:\/\/reveil-info.net\/?s={search_term_string}"},"query-input":{"@type":"PropertyValueSpecification","valueRequired":true,"valueName":"search_term_string"}}],"inLanguage":"fr-FR"},{"@type":"Organization","@id":"https:\/\/reveil-info.net\/#organization","name":"R\u00e9veil Info","url":"https:\/\/reveil-info.net\/","logo":{"@type":"ImageObject","inLanguage":"fr-FR","@id":"https:\/\/reveil-info.net\/#\/schema\/logo\/image\/","url":"https:\/\/reveil-info.net\/wp-content\/uploads\/2024\/07\/bnddd1.jpg","contentUrl":"https:\/\/reveil-info.net\/wp-content\/uploads\/2024\/07\/bnddd1.jpg","width":903,"height":125,"caption":"R\u00e9veil Info"},"image":{"@id":"https:\/\/reveil-info.net\/#\/schema\/logo\/image\/"}},{"@type":"Person","@id":"https:\/\/reveil-info.net\/#\/schema\/person\/ca0cc8e70088e0a2b5e92556c1ee60f5","name":"R\u00e9veil info","image":{"@type":"ImageObject","inLanguage":"fr-FR","@id":"https:\/\/secure.gravatar.com\/avatar\/e4ad5bb743c8b6cb174d9df6c7d30a8a16f6889731241345fc6444e6485f02af?s=96&d=mm&r=g","url":"https:\/\/secure.gravatar.com\/avatar\/e4ad5bb743c8b6cb174d9df6c7d30a8a16f6889731241345fc6444e6485f02af?s=96&d=mm&r=g","contentUrl":"https:\/\/secure.gravatar.com\/avatar\/e4ad5bb743c8b6cb174d9df6c7d30a8a16f6889731241345fc6444e6485f02af?s=96&d=mm&r=g","caption":"R\u00e9veil info"},"sameAs":["https:\/\/reveil-info.net"],"url":"https:\/\/reveil-info.net\/?author=1"}]}},"jetpack_featured_media_url":"","featured_image_urls":{"full":"","thumbnail":"","medium":"","medium_large":"","large":"","1536x1536":"","2048x2048":"","chromenews-featured":"","chromenews-large":"","chromenews-medium":""},"author_info":{"display_name":"R\u00e9veil info","author_link":"https:\/\/reveil-info.net\/?author=1"},"category_info":"<a href=\"https:\/\/reveil-info.net\/?cat=16\" rel=\"category\">Soci\u00e9t\u00e9<\/a>","tag_info":"Soci\u00e9t\u00e9","comment_count":"0","_links":{"self":[{"href":"https:\/\/reveil-info.net\/index.php?rest_route=\/wp\/v2\/posts\/50399","targetHints":{"allow":["GET"]}}],"collection":[{"href":"https:\/\/reveil-info.net\/index.php?rest_route=\/wp\/v2\/posts"}],"about":[{"href":"https:\/\/reveil-info.net\/index.php?rest_route=\/wp\/v2\/types\/post"}],"author":[{"embeddable":true,"href":"https:\/\/reveil-info.net\/index.php?rest_route=\/wp\/v2\/users\/1"}],"replies":[{"embeddable":true,"href":"https:\/\/reveil-info.net\/index.php?rest_route=%2Fwp%2Fv2%2Fcomments&post=50399"}],"version-history":[{"count":4,"href":"https:\/\/reveil-info.net\/index.php?rest_route=\/wp\/v2\/posts\/50399\/revisions"}],"predecessor-version":[{"id":50407,"href":"https:\/\/reveil-info.net\/index.php?rest_route=\/wp\/v2\/posts\/50399\/revisions\/50407"}],"wp:attachment":[{"href":"https:\/\/reveil-info.net\/index.php?rest_route=%2Fwp%2Fv2%2Fmedia&parent=50399"}],"wp:term":[{"taxonomy":"category","embeddable":true,"href":"https:\/\/reveil-info.net\/index.php?rest_route=%2Fwp%2Fv2%2Fcategories&post=50399"},{"taxonomy":"post_tag","embeddable":true,"href":"https:\/\/reveil-info.net\/index.php?rest_route=%2Fwp%2Fv2%2Ftags&post=50399"}],"curies":[{"name":"wp","href":"https:\/\/api.w.org\/{rel}","templated":true}]}}