{"id":50369,"date":"2026-04-26T09:33:55","date_gmt":"2026-04-26T09:33:55","guid":{"rendered":"https:\/\/reveil-info.net\/?p=50369"},"modified":"2026-04-26T09:33:55","modified_gmt":"2026-04-26T09:33:55","slug":"regard-sur-le-passe-cote-divoire-amade-oueremile-burkinabe-seigneur-du-mont-peko","status":"publish","type":"post","link":"https:\/\/reveil-info.net\/?p=50369","title":{"rendered":"Regard sur le pass\u00e9- C\u00f4te d&rsquo;Ivoire : Amad\u00e9 Ou\u00e9r\u00e9mi,le Burkinab\u00e8  Seigneur du Mont PEKO"},"content":{"rendered":"<p>AMAD\u00c9 OU\u00c9R\u00c9MI : L\u2019ASCENSION ET LA CHUTE DU SEIGNEUR DU MONT P\u00c9KO<\/p>\n<p><a href=\"https:\/\/reveil-info.net\/?attachment_id=50373\" rel=\"attachment wp-att-50373\"><img loading=\"lazy\" decoding=\"async\" class=\"alignright size-full wp-image-50373\" src=\"https:\/\/reveil-info.net\/wp-content\/uploads\/2026\/04\/1777194698894.jpg\" alt=\"\" width=\"476\" height=\"367\" srcset=\"https:\/\/reveil-info.net\/wp-content\/uploads\/2026\/04\/1777194698894.jpg 476w, https:\/\/reveil-info.net\/wp-content\/uploads\/2026\/04\/1777194698894-300x231.jpg 300w\" sizes=\"auto, (max-width: 476px) 100vw, 476px\" \/><\/a><\/p>\n<p><a href=\"https:\/\/reveil-info.net\/?attachment_id=50374\" rel=\"attachment wp-att-50374\"><img loading=\"lazy\" decoding=\"async\" class=\"alignright size-full wp-image-50374\" src=\"https:\/\/reveil-info.net\/wp-content\/uploads\/2026\/04\/1777194704811.jpg\" alt=\"\" width=\"528\" height=\"378\" srcset=\"https:\/\/reveil-info.net\/wp-content\/uploads\/2026\/04\/1777194704811.jpg 528w, https:\/\/reveil-info.net\/wp-content\/uploads\/2026\/04\/1777194704811-300x215.jpg 300w\" sizes=\"auto, (max-width: 528px) 100vw, 528px\" \/><\/a><\/p>\n<p>L\u2019histoire de la C\u00f4te d\u2019Ivoire contemporaine comporte des zones d\u2019ombre que le temps commence \u00e0 peine \u00e0 \u00e9claircir. Parmi elles, le destin d\u2019Amad\u00e9 Ou\u00e9r\u00e9mi s\u2019inscrit comme l\u2019un des chapitres les plus sombres de la crise qui a d\u00e9chir\u00e9 le pays entre 2010 et 2011.<br \/>\nComment un simple planteur de cacao est-il devenu un chef de guerre condamn\u00e9 pour crimes contre l\u2019humanit\u00e9 ? Plongez dans les d\u00e9tails d&rsquo;une \u00e9pop\u00e9e sanglante.<\/p>\n<p>L\u2019EMPIRE CLANDESTIN DU MONT P\u00c9KO<br \/>\nTout commence dans l&rsquo;\u00e9paisse v\u00e9g\u00e9tation de l&rsquo;Ouest ivoirien. Amad\u00e9 Ou\u00e9r\u00e9mi, ressortissant burkinab\u00e9, s&rsquo;installe ill\u00e9galement dans la for\u00eat class\u00e9e du Mont P\u00e9ko. Ce qui n&rsquo;\u00e9tait qu&rsquo;une infiltration agricole se transforme en un v\u00e9ritable syst\u00e8me f\u00e9odal.<br \/>\nPendant des ann\u00e9es, il r\u00e8gne en ma\u00eetre sur des milliers d&rsquo;hectares de terres prot\u00e9g\u00e9es. Il y installe des milliers de planteurs, pr\u00e9l\u00e8ve des imp\u00f4ts, et b\u00e2tit une puissance financi\u00e8re colossale gr\u00e2ce \u00e0 \u00ab\u00a0l&rsquo;or brun\u00a0\u00bb : le cacao. Le Mont P\u00e9ko n&rsquo;\u00e9tait plus une r\u00e9serve naturelle, c&rsquo;\u00e9tait devenu son royaume, un territoire \u00e9chappant totalement au contr\u00f4le de l&rsquo;\u00c9tat.<\/p>\n<p><a href=\"https:\/\/reveil-info.net\/?attachment_id=50375\" rel=\"attachment wp-att-50375\"><img loading=\"lazy\" decoding=\"async\" class=\"alignright size-full wp-image-50375\" src=\"https:\/\/reveil-info.net\/wp-content\/uploads\/2026\/04\/IMG-20260426-WA0007.jpg\" alt=\"\" width=\"400\" height=\"500\" srcset=\"https:\/\/reveil-info.net\/wp-content\/uploads\/2026\/04\/IMG-20260426-WA0007.jpg 400w, https:\/\/reveil-info.net\/wp-content\/uploads\/2026\/04\/IMG-20260426-WA0007-240x300.jpg 240w\" sizes=\"auto, (max-width: 400px) 100vw, 400px\" \/><\/a><\/p>\n<p>LE CHAOS DE LA GUERRE (2010-2011)<br \/>\nLorsque la crise post-\u00e9lectorale \u00e9clate, le \u00ab\u00a0seigneur de la for\u00eat\u00a0\u00bb sort de l&rsquo;ombre. Il transforme ses ouvriers agricoles en une milice lourdement arm\u00e9e.<br \/>\nLors de la progression vers Abidjan, ses hommes font cause commune avec les Forces R\u00e9publicaines de C\u00f4te d&rsquo;Ivoire (FRCI) \u2014 l&rsquo;arm\u00e9e cr\u00e9\u00e9e par d\u00e9cret pour soutenir Alassane Ouattara. Mais c&rsquo;est \u00e0 Du\u00e9kou\u00e9, carrefour strat\u00e9gique de l&rsquo;Ouest, que l&rsquo;horreur atteint son paroxysme. En mars 2011, le quartier \u00ab\u00a0Carrefour\u00a0\u00bb subit un massacre de grande ampleur. Les organisations internationales d\u00e9noncent l&rsquo;ex\u00e9cution syst\u00e9matique de civils, principalement issus de l&rsquo;ethnie W\u00ea, per\u00e7ue comme un soutien historique de Laurent Gbagbo.<\/p>\n<p>LA FIN DE L&rsquo;IMPUNIT\u00c9<br \/>\nApr\u00e8s la victoire militaire, Ou\u00e9r\u00e9mi refuse de d\u00e9sarmer et de quitter sa for\u00eat. Il se croit intouchable. Mais en mai 2013, le gouvernement ivoirien d\u00e9cide de mettre fin \u00e0 cet affront. L&rsquo;arm\u00e9e r\u00e9guli\u00e8re lance une op\u00e9ration d&rsquo;envergure. Captur\u00e9 dans son bastion, il est conduit \u00e0 Abidjan sous haute escorte.<br \/>\nLe 15 avril 2021, le verdict tombe. Devant le tribunal criminel, Amad\u00e9 Ou\u00e9r\u00e9mi tente de se d\u00e9fendre en affirmant n&rsquo;avoir \u00e9t\u00e9 qu&rsquo;un ex\u00e9cutant aux ordres de la hi\u00e9rarchie militaire. Ses arguments ne convainquent pas les juges. Il est reconnu coupable de :<br \/>\nCrimes contre l&rsquo;humanit\u00e9 ;<br \/>\nAssassinats et viols ;<br \/>\nPillages et disparitions forc\u00e9es.<br \/>\nLa sentence : la prison \u00e0 perp\u00e9tuit\u00e9.<\/p>\n<p><a href=\"https:\/\/reveil-info.net\/?attachment_id=50377\" rel=\"attachment wp-att-50377\"><img loading=\"lazy\" decoding=\"async\" class=\"alignright size-full wp-image-50377\" src=\"https:\/\/reveil-info.net\/wp-content\/uploads\/2026\/04\/1777194694076.jpg\" alt=\"\" width=\"519\" height=\"385\" srcset=\"https:\/\/reveil-info.net\/wp-content\/uploads\/2026\/04\/1777194694076.jpg 519w, https:\/\/reveil-info.net\/wp-content\/uploads\/2026\/04\/1777194694076-300x223.jpg 300w\" sizes=\"auto, (max-width: 519px) 100vw, 519px\" \/><\/a><\/p>\n<p>POURQUOI CETTE HISTOIRE EST-ELLE CRUCIALE ?<br \/>\nAu-del\u00e0 de l&rsquo;homme, le cas Ou\u00e9r\u00e9mi symbolise la difficult\u00e9 de la justice en p\u00e9riode de conflit. Il reste, \u00e0 ce jour, l&rsquo;une des rares figures ayant combattu aux c\u00f4t\u00e9s des forces victorieuses \u00e0 avoir \u00e9t\u00e9 condamn\u00e9e pour des crimes de sang. C&rsquo;est un rappel brutal des blessures encore vives de l&rsquo;Ouest ivoirien et des d\u00e9fis li\u00e9s \u00e0 la protection de l&rsquo;environnement face \u00e0 l&rsquo;exploitation ill\u00e9gale.<\/p>\n<p>Et vous, pensez-vous que ce proc\u00e8s a permis de rendre justice aux victimes de l&rsquo;Ouest ?<br \/>\nL&rsquo;histoire est un miroir, regardons-la pour ne pas r\u00e9p\u00e9ter les m\u00eames erreurs.<br \/>\nSource :HistoireIvoire<\/p>\n<p>Reveil-info<\/p>\n","protected":false},"excerpt":{"rendered":"<p>AMAD\u00c9 OU\u00c9R\u00c9MI : L\u2019ASCENSION ET LA CHUTE DU SEIGNEUR DU MONT P\u00c9KO L\u2019histoire de la<\/p>\n","protected":false},"author":1,"featured_media":0,"comment_status":"open","ping_status":"open","sticky":false,"template":"","format":"standard","meta":{"footnotes":""},"categories":[8,16],"tags":[],"class_list":["post-50369","post","type-post","status-publish","format-standard","hentry","category-international","category-societe"],"yoast_head":"<!-- This site is optimized with the Yoast SEO plugin v27.4 - https:\/\/yoast.com\/product\/yoast-seo-wordpress\/ -->\n<title>Regard sur le pass\u00e9- C\u00f4te d&#039;Ivoire : Amad\u00e9 Ou\u00e9r\u00e9mi,le Burkinab\u00e8 Seigneur du Mont PEKO - R\u00e9veil Info<\/title>\n<meta name=\"robots\" content=\"noindex, follow, max-snippet:-1, max-image-preview:large, max-video-preview:-1\" \/>\n<meta property=\"og:locale\" content=\"fr_FR\" \/>\n<meta property=\"og:type\" content=\"article\" \/>\n<meta property=\"og:title\" content=\"Regard sur le pass\u00e9- C\u00f4te d&#039;Ivoire : Amad\u00e9 Ou\u00e9r\u00e9mi,le Burkinab\u00e8 Seigneur du Mont PEKO - R\u00e9veil Info\" \/>\n<meta property=\"og:description\" content=\"AMAD\u00c9 OU\u00c9R\u00c9MI : L\u2019ASCENSION ET LA CHUTE DU SEIGNEUR DU MONT P\u00c9KO L\u2019histoire de la\" \/>\n<meta property=\"og:url\" content=\"https:\/\/reveil-info.net\/?p=50369\" \/>\n<meta property=\"og:site_name\" content=\"R\u00e9veil Info\" \/>\n<meta property=\"article:published_time\" content=\"2026-04-26T09:33:55+00:00\" \/>\n<meta property=\"og:image\" content=\"https:\/\/reveil-info.net\/wp-content\/uploads\/2026\/04\/1777194698894.jpg\" \/>\n\t<meta property=\"og:image:width\" content=\"476\" \/>\n\t<meta property=\"og:image:height\" content=\"367\" \/>\n\t<meta property=\"og:image:type\" content=\"image\/jpeg\" \/>\n<meta name=\"author\" content=\"R\u00e9veil info\" \/>\n<meta name=\"twitter:card\" content=\"summary_large_image\" \/>\n<meta name=\"twitter:label1\" content=\"\u00c9crit par\" \/>\n\t<meta name=\"twitter:data1\" content=\"R\u00e9veil info\" \/>\n\t<meta name=\"twitter:label2\" content=\"Dur\u00e9e de lecture estim\u00e9e\" \/>\n\t<meta name=\"twitter:data2\" content=\"4 minutes\" \/>\n<script type=\"application\/ld+json\" class=\"yoast-schema-graph\">{\"@context\":\"https:\\\/\\\/schema.org\",\"@graph\":[{\"@type\":\"Article\",\"@id\":\"https:\\\/\\\/reveil-info.net\\\/?p=50369#article\",\"isPartOf\":{\"@id\":\"https:\\\/\\\/reveil-info.net\\\/?p=50369\"},\"author\":{\"name\":\"R\u00e9veil info\",\"@id\":\"https:\\\/\\\/reveil-info.net\\\/#\\\/schema\\\/person\\\/ca0cc8e70088e0a2b5e92556c1ee60f5\"},\"headline\":\"Regard sur le pass\u00e9- C\u00f4te d&rsquo;Ivoire : Amad\u00e9 Ou\u00e9r\u00e9mi,le Burkinab\u00e8 Seigneur du Mont PEKO\",\"datePublished\":\"2026-04-26T09:33:55+00:00\",\"mainEntityOfPage\":{\"@id\":\"https:\\\/\\\/reveil-info.net\\\/?p=50369\"},\"wordCount\":609,\"commentCount\":0,\"publisher\":{\"@id\":\"https:\\\/\\\/reveil-info.net\\\/#organization\"},\"image\":{\"@id\":\"https:\\\/\\\/reveil-info.net\\\/?p=50369#primaryimage\"},\"thumbnailUrl\":\"https:\\\/\\\/reveil-info.net\\\/wp-content\\\/uploads\\\/2026\\\/04\\\/1777194698894.jpg\",\"articleSection\":[\"International\",\"Soci\u00e9t\u00e9\"],\"inLanguage\":\"fr-FR\",\"potentialAction\":[{\"@type\":\"CommentAction\",\"name\":\"Comment\",\"target\":[\"https:\\\/\\\/reveil-info.net\\\/?p=50369#respond\"]}]},{\"@type\":\"WebPage\",\"@id\":\"https:\\\/\\\/reveil-info.net\\\/?p=50369\",\"url\":\"https:\\\/\\\/reveil-info.net\\\/?p=50369\",\"name\":\"Regard sur le pass\u00e9- C\u00f4te d'Ivoire : Amad\u00e9 Ou\u00e9r\u00e9mi,le Burkinab\u00e8 Seigneur du Mont PEKO - R\u00e9veil Info\",\"isPartOf\":{\"@id\":\"https:\\\/\\\/reveil-info.net\\\/#website\"},\"primaryImageOfPage\":{\"@id\":\"https:\\\/\\\/reveil-info.net\\\/?p=50369#primaryimage\"},\"image\":{\"@id\":\"https:\\\/\\\/reveil-info.net\\\/?p=50369#primaryimage\"},\"thumbnailUrl\":\"https:\\\/\\\/reveil-info.net\\\/wp-content\\\/uploads\\\/2026\\\/04\\\/1777194698894.jpg\",\"datePublished\":\"2026-04-26T09:33:55+00:00\",\"breadcrumb\":{\"@id\":\"https:\\\/\\\/reveil-info.net\\\/?p=50369#breadcrumb\"},\"inLanguage\":\"fr-FR\",\"potentialAction\":[{\"@type\":\"ReadAction\",\"target\":[\"https:\\\/\\\/reveil-info.net\\\/?p=50369\"]}]},{\"@type\":\"ImageObject\",\"inLanguage\":\"fr-FR\",\"@id\":\"https:\\\/\\\/reveil-info.net\\\/?p=50369#primaryimage\",\"url\":\"https:\\\/\\\/reveil-info.net\\\/wp-content\\\/uploads\\\/2026\\\/04\\\/1777194698894.jpg\",\"contentUrl\":\"https:\\\/\\\/reveil-info.net\\\/wp-content\\\/uploads\\\/2026\\\/04\\\/1777194698894.jpg\",\"width\":476,\"height\":367},{\"@type\":\"BreadcrumbList\",\"@id\":\"https:\\\/\\\/reveil-info.net\\\/?p=50369#breadcrumb\",\"itemListElement\":[{\"@type\":\"ListItem\",\"position\":1,\"name\":\"Home\",\"item\":\"https:\\\/\\\/reveil-info.net\\\/\"},{\"@type\":\"ListItem\",\"position\":2,\"name\":\"Regard sur le pass\u00e9- C\u00f4te d&rsquo;Ivoire : Amad\u00e9 Ou\u00e9r\u00e9mi,le Burkinab\u00e8 Seigneur du Mont PEKO\"}]},{\"@type\":\"WebSite\",\"@id\":\"https:\\\/\\\/reveil-info.net\\\/#website\",\"url\":\"https:\\\/\\\/reveil-info.net\\\/\",\"name\":\"R\u00e9veil Info\",\"description\":\"Le devoir d&#039;informer!\",\"publisher\":{\"@id\":\"https:\\\/\\\/reveil-info.net\\\/#organization\"},\"potentialAction\":[{\"@type\":\"SearchAction\",\"target\":{\"@type\":\"EntryPoint\",\"urlTemplate\":\"https:\\\/\\\/reveil-info.net\\\/?s={search_term_string}\"},\"query-input\":{\"@type\":\"PropertyValueSpecification\",\"valueRequired\":true,\"valueName\":\"search_term_string\"}}],\"inLanguage\":\"fr-FR\"},{\"@type\":\"Organization\",\"@id\":\"https:\\\/\\\/reveil-info.net\\\/#organization\",\"name\":\"R\u00e9veil Info\",\"url\":\"https:\\\/\\\/reveil-info.net\\\/\",\"logo\":{\"@type\":\"ImageObject\",\"inLanguage\":\"fr-FR\",\"@id\":\"https:\\\/\\\/reveil-info.net\\\/#\\\/schema\\\/logo\\\/image\\\/\",\"url\":\"https:\\\/\\\/reveil-info.net\\\/wp-content\\\/uploads\\\/2024\\\/07\\\/bnddd1.jpg\",\"contentUrl\":\"https:\\\/\\\/reveil-info.net\\\/wp-content\\\/uploads\\\/2024\\\/07\\\/bnddd1.jpg\",\"width\":903,\"height\":125,\"caption\":\"R\u00e9veil Info\"},\"image\":{\"@id\":\"https:\\\/\\\/reveil-info.net\\\/#\\\/schema\\\/logo\\\/image\\\/\"}},{\"@type\":\"Person\",\"@id\":\"https:\\\/\\\/reveil-info.net\\\/#\\\/schema\\\/person\\\/ca0cc8e70088e0a2b5e92556c1ee60f5\",\"name\":\"R\u00e9veil info\",\"image\":{\"@type\":\"ImageObject\",\"inLanguage\":\"fr-FR\",\"@id\":\"https:\\\/\\\/secure.gravatar.com\\\/avatar\\\/e4ad5bb743c8b6cb174d9df6c7d30a8a16f6889731241345fc6444e6485f02af?s=96&d=mm&r=g\",\"url\":\"https:\\\/\\\/secure.gravatar.com\\\/avatar\\\/e4ad5bb743c8b6cb174d9df6c7d30a8a16f6889731241345fc6444e6485f02af?s=96&d=mm&r=g\",\"contentUrl\":\"https:\\\/\\\/secure.gravatar.com\\\/avatar\\\/e4ad5bb743c8b6cb174d9df6c7d30a8a16f6889731241345fc6444e6485f02af?s=96&d=mm&r=g\",\"caption\":\"R\u00e9veil info\"},\"sameAs\":[\"https:\\\/\\\/reveil-info.net\"],\"url\":\"https:\\\/\\\/reveil-info.net\\\/?author=1\"}]}<\/script>\n<!-- \/ Yoast SEO plugin. -->","yoast_head_json":{"title":"Regard sur le pass\u00e9- C\u00f4te d'Ivoire : Amad\u00e9 Ou\u00e9r\u00e9mi,le Burkinab\u00e8 Seigneur du Mont PEKO - R\u00e9veil Info","robots":{"index":"noindex","follow":"follow","max-snippet":"max-snippet:-1","max-image-preview":"max-image-preview:large","max-video-preview":"max-video-preview:-1"},"og_locale":"fr_FR","og_type":"article","og_title":"Regard sur le pass\u00e9- C\u00f4te d'Ivoire : Amad\u00e9 Ou\u00e9r\u00e9mi,le Burkinab\u00e8 Seigneur du Mont PEKO - R\u00e9veil Info","og_description":"AMAD\u00c9 OU\u00c9R\u00c9MI : L\u2019ASCENSION ET LA CHUTE DU SEIGNEUR DU MONT P\u00c9KO L\u2019histoire de la","og_url":"https:\/\/reveil-info.net\/?p=50369","og_site_name":"R\u00e9veil Info","article_published_time":"2026-04-26T09:33:55+00:00","og_image":[{"width":476,"height":367,"url":"https:\/\/reveil-info.net\/wp-content\/uploads\/2026\/04\/1777194698894.jpg","type":"image\/jpeg"}],"author":"R\u00e9veil info","twitter_card":"summary_large_image","twitter_misc":{"\u00c9crit par":"R\u00e9veil info","Dur\u00e9e de lecture estim\u00e9e":"4 minutes"},"schema":{"@context":"https:\/\/schema.org","@graph":[{"@type":"Article","@id":"https:\/\/reveil-info.net\/?p=50369#article","isPartOf":{"@id":"https:\/\/reveil-info.net\/?p=50369"},"author":{"name":"R\u00e9veil info","@id":"https:\/\/reveil-info.net\/#\/schema\/person\/ca0cc8e70088e0a2b5e92556c1ee60f5"},"headline":"Regard sur le pass\u00e9- C\u00f4te d&rsquo;Ivoire : Amad\u00e9 Ou\u00e9r\u00e9mi,le Burkinab\u00e8 Seigneur du Mont PEKO","datePublished":"2026-04-26T09:33:55+00:00","mainEntityOfPage":{"@id":"https:\/\/reveil-info.net\/?p=50369"},"wordCount":609,"commentCount":0,"publisher":{"@id":"https:\/\/reveil-info.net\/#organization"},"image":{"@id":"https:\/\/reveil-info.net\/?p=50369#primaryimage"},"thumbnailUrl":"https:\/\/reveil-info.net\/wp-content\/uploads\/2026\/04\/1777194698894.jpg","articleSection":["International","Soci\u00e9t\u00e9"],"inLanguage":"fr-FR","potentialAction":[{"@type":"CommentAction","name":"Comment","target":["https:\/\/reveil-info.net\/?p=50369#respond"]}]},{"@type":"WebPage","@id":"https:\/\/reveil-info.net\/?p=50369","url":"https:\/\/reveil-info.net\/?p=50369","name":"Regard sur le pass\u00e9- C\u00f4te d'Ivoire : Amad\u00e9 Ou\u00e9r\u00e9mi,le Burkinab\u00e8 Seigneur du Mont PEKO - R\u00e9veil Info","isPartOf":{"@id":"https:\/\/reveil-info.net\/#website"},"primaryImageOfPage":{"@id":"https:\/\/reveil-info.net\/?p=50369#primaryimage"},"image":{"@id":"https:\/\/reveil-info.net\/?p=50369#primaryimage"},"thumbnailUrl":"https:\/\/reveil-info.net\/wp-content\/uploads\/2026\/04\/1777194698894.jpg","datePublished":"2026-04-26T09:33:55+00:00","breadcrumb":{"@id":"https:\/\/reveil-info.net\/?p=50369#breadcrumb"},"inLanguage":"fr-FR","potentialAction":[{"@type":"ReadAction","target":["https:\/\/reveil-info.net\/?p=50369"]}]},{"@type":"ImageObject","inLanguage":"fr-FR","@id":"https:\/\/reveil-info.net\/?p=50369#primaryimage","url":"https:\/\/reveil-info.net\/wp-content\/uploads\/2026\/04\/1777194698894.jpg","contentUrl":"https:\/\/reveil-info.net\/wp-content\/uploads\/2026\/04\/1777194698894.jpg","width":476,"height":367},{"@type":"BreadcrumbList","@id":"https:\/\/reveil-info.net\/?p=50369#breadcrumb","itemListElement":[{"@type":"ListItem","position":1,"name":"Home","item":"https:\/\/reveil-info.net\/"},{"@type":"ListItem","position":2,"name":"Regard sur le pass\u00e9- C\u00f4te d&rsquo;Ivoire : Amad\u00e9 Ou\u00e9r\u00e9mi,le Burkinab\u00e8 Seigneur du Mont PEKO"}]},{"@type":"WebSite","@id":"https:\/\/reveil-info.net\/#website","url":"https:\/\/reveil-info.net\/","name":"R\u00e9veil Info","description":"Le devoir d&#039;informer!","publisher":{"@id":"https:\/\/reveil-info.net\/#organization"},"potentialAction":[{"@type":"SearchAction","target":{"@type":"EntryPoint","urlTemplate":"https:\/\/reveil-info.net\/?s={search_term_string}"},"query-input":{"@type":"PropertyValueSpecification","valueRequired":true,"valueName":"search_term_string"}}],"inLanguage":"fr-FR"},{"@type":"Organization","@id":"https:\/\/reveil-info.net\/#organization","name":"R\u00e9veil Info","url":"https:\/\/reveil-info.net\/","logo":{"@type":"ImageObject","inLanguage":"fr-FR","@id":"https:\/\/reveil-info.net\/#\/schema\/logo\/image\/","url":"https:\/\/reveil-info.net\/wp-content\/uploads\/2024\/07\/bnddd1.jpg","contentUrl":"https:\/\/reveil-info.net\/wp-content\/uploads\/2024\/07\/bnddd1.jpg","width":903,"height":125,"caption":"R\u00e9veil Info"},"image":{"@id":"https:\/\/reveil-info.net\/#\/schema\/logo\/image\/"}},{"@type":"Person","@id":"https:\/\/reveil-info.net\/#\/schema\/person\/ca0cc8e70088e0a2b5e92556c1ee60f5","name":"R\u00e9veil info","image":{"@type":"ImageObject","inLanguage":"fr-FR","@id":"https:\/\/secure.gravatar.com\/avatar\/e4ad5bb743c8b6cb174d9df6c7d30a8a16f6889731241345fc6444e6485f02af?s=96&d=mm&r=g","url":"https:\/\/secure.gravatar.com\/avatar\/e4ad5bb743c8b6cb174d9df6c7d30a8a16f6889731241345fc6444e6485f02af?s=96&d=mm&r=g","contentUrl":"https:\/\/secure.gravatar.com\/avatar\/e4ad5bb743c8b6cb174d9df6c7d30a8a16f6889731241345fc6444e6485f02af?s=96&d=mm&r=g","caption":"R\u00e9veil info"},"sameAs":["https:\/\/reveil-info.net"],"url":"https:\/\/reveil-info.net\/?author=1"}]}},"jetpack_featured_media_url":"","featured_image_urls":{"full":"","thumbnail":"","medium":"","medium_large":"","large":"","1536x1536":"","2048x2048":"","chromenews-featured":"","chromenews-large":"","chromenews-medium":""},"author_info":{"display_name":"R\u00e9veil info","author_link":"https:\/\/reveil-info.net\/?author=1"},"category_info":"<a href=\"https:\/\/reveil-info.net\/?cat=8\" rel=\"category\">International<\/a> <a href=\"https:\/\/reveil-info.net\/?cat=16\" rel=\"category\">Soci\u00e9t\u00e9<\/a>","tag_info":"Soci\u00e9t\u00e9","comment_count":"0","_links":{"self":[{"href":"https:\/\/reveil-info.net\/index.php?rest_route=\/wp\/v2\/posts\/50369","targetHints":{"allow":["GET"]}}],"collection":[{"href":"https:\/\/reveil-info.net\/index.php?rest_route=\/wp\/v2\/posts"}],"about":[{"href":"https:\/\/reveil-info.net\/index.php?rest_route=\/wp\/v2\/types\/post"}],"author":[{"embeddable":true,"href":"https:\/\/reveil-info.net\/index.php?rest_route=\/wp\/v2\/users\/1"}],"replies":[{"embeddable":true,"href":"https:\/\/reveil-info.net\/index.php?rest_route=%2Fwp%2Fv2%2Fcomments&post=50369"}],"version-history":[{"count":6,"href":"https:\/\/reveil-info.net\/index.php?rest_route=\/wp\/v2\/posts\/50369\/revisions"}],"predecessor-version":[{"id":50379,"href":"https:\/\/reveil-info.net\/index.php?rest_route=\/wp\/v2\/posts\/50369\/revisions\/50379"}],"wp:attachment":[{"href":"https:\/\/reveil-info.net\/index.php?rest_route=%2Fwp%2Fv2%2Fmedia&parent=50369"}],"wp:term":[{"taxonomy":"category","embeddable":true,"href":"https:\/\/reveil-info.net\/index.php?rest_route=%2Fwp%2Fv2%2Fcategories&post=50369"},{"taxonomy":"post_tag","embeddable":true,"href":"https:\/\/reveil-info.net\/index.php?rest_route=%2Fwp%2Fv2%2Ftags&post=50369"}],"curies":[{"name":"wp","href":"https:\/\/api.w.org\/{rel}","templated":true}]}}