{"id":50364,"date":"2026-04-26T08:49:09","date_gmt":"2026-04-26T08:49:09","guid":{"rendered":"https:\/\/reveil-info.net\/?p=50364"},"modified":"2026-04-26T08:49:28","modified_gmt":"2026-04-26T08:49:28","slug":"attaques-terroristes-au-mali-le-senegal-condamne-le-communique-du-gouvernement","status":"publish","type":"post","link":"https:\/\/reveil-info.net\/?p=50364","title":{"rendered":"Attaques terroristes au Mali : le S\u00e9n\u00e9gal condamne ( le communiqu\u00e9 du gouvernement)"},"content":{"rendered":"<p>Situation s\u00e9curitaire au Mali<\/p>\n<p>Le Gouvernement du S\u00e9n\u00e9gal suit avec une vive pr\u00e9occupation l\u2019\u00e9volution de la situation s\u00e9curitaire au Mali, marqu\u00e9e par des attaques coordonn\u00e9es, perp\u00e9tr\u00e9es ce 25 avril 2026 contre plusieurs positions militaires et zones urbaines.<\/p>\n<p>Le S\u00e9n\u00e9gal condamne avec la plus grande fermet\u00e9 ces actes de violence, attribu\u00e9s \u00e0 des groupes arm\u00e9s terroristes, qui mettent gravement en danger les populations civiles et portent atteinte \u00e0 la stabilit\u00e9 du Mali et de l\u2019ensemble de la r\u00e9gion.<\/p>\n<p>Il exprime sa pleine solidarit\u00e9 au Gouvernement du Mali et au peuple maliens, ainsi que ses condol\u00e9ances \u00e9mues aux familles des victimes. Il affirme \u00e9galement son soutien aux forces de d\u00e9fense et de s\u00e9curit\u00e9 maliennes engag\u00e9es dans la lutte contre le terrorisme.<\/p>\n<p>Le S\u00e9n\u00e9gal r\u00e9affirme son attachement \u00e0 l\u2019unit\u00e9, \u00e0 la souverainet\u00e9 et \u00e0 l\u2019int\u00e9grit\u00e9 territoriale du Mali.<br \/>\nIl appelle \u00e0 un renforcement de la coop\u00e9ration entre les \u00c9tats de la r\u00e9gion, notamment dans le cadre des m\u00e9canismes existants, afin de faire face \u00e0 cette menace commune.<\/p>\n<p>Le S\u00e9n\u00e9gal r\u00e9it\u00e8re enfin sa disponibilit\u00e9 \u00e0 \u0153uvrer en faveur du r\u00e9tablissement durable de la s\u00e9curit\u00e9, de la paix et de la stabilit\u00e9 dans la r\u00e9gion.<\/p>\n<p>Fait \u00e0 Dakar le 25 avril 2026<\/p>\n<p><a href=\"https:\/\/reveil-info.net\/?attachment_id=50366\" rel=\"attachment wp-att-50366\"><img loading=\"lazy\" decoding=\"async\" class=\"alignright size-full wp-image-50366\" src=\"https:\/\/reveil-info.net\/wp-content\/uploads\/2026\/04\/1777193145462.jpg\" alt=\"\" width=\"720\" height=\"900\" srcset=\"https:\/\/reveil-info.net\/wp-content\/uploads\/2026\/04\/1777193145462.jpg 720w, https:\/\/reveil-info.net\/wp-content\/uploads\/2026\/04\/1777193145462-240x300.jpg 240w\" sizes=\"auto, (max-width: 720px) 100vw, 720px\" \/><\/a><\/p>\n","protected":false},"excerpt":{"rendered":"<p>Situation s\u00e9curitaire au Mali Le Gouvernement du S\u00e9n\u00e9gal suit avec une vive pr\u00e9occupation l\u2019\u00e9volution de<\/p>\n","protected":false},"author":1,"featured_media":0,"comment_status":"open","ping_status":"open","sticky":false,"template":"","format":"standard","meta":{"footnotes":""},"categories":[2,47,8],"tags":[],"class_list":["post-50364","post","type-post","status-publish","format-standard","hentry","category-actu","category-aes","category-international"],"yoast_head":"<!-- This site is optimized with the Yoast SEO plugin v27.4 - https:\/\/yoast.com\/product\/yoast-seo-wordpress\/ -->\n<title>Attaques terroristes au Mali : le S\u00e9n\u00e9gal condamne ( le communiqu\u00e9 du gouvernement) - R\u00e9veil Info<\/title>\n<meta name=\"robots\" content=\"noindex, follow, max-snippet:-1, max-image-preview:large, max-video-preview:-1\" \/>\n<meta property=\"og:locale\" content=\"fr_FR\" \/>\n<meta property=\"og:type\" content=\"article\" \/>\n<meta property=\"og:title\" content=\"Attaques terroristes au Mali : le S\u00e9n\u00e9gal condamne ( le communiqu\u00e9 du gouvernement) - R\u00e9veil Info\" \/>\n<meta property=\"og:description\" content=\"Situation s\u00e9curitaire au Mali Le Gouvernement du S\u00e9n\u00e9gal suit avec une vive pr\u00e9occupation l\u2019\u00e9volution de\" \/>\n<meta property=\"og:url\" content=\"https:\/\/reveil-info.net\/?p=50364\" \/>\n<meta property=\"og:site_name\" content=\"R\u00e9veil Info\" \/>\n<meta property=\"article:published_time\" content=\"2026-04-26T08:49:09+00:00\" \/>\n<meta property=\"article:modified_time\" content=\"2026-04-26T08:49:28+00:00\" \/>\n<meta property=\"og:image\" content=\"https:\/\/reveil-info.net\/wp-content\/uploads\/2026\/04\/1777193145462.jpg\" \/>\n\t<meta property=\"og:image:width\" content=\"720\" \/>\n\t<meta property=\"og:image:height\" content=\"900\" \/>\n\t<meta property=\"og:image:type\" content=\"image\/jpeg\" \/>\n<meta name=\"author\" content=\"R\u00e9veil info\" \/>\n<meta name=\"twitter:card\" content=\"summary_large_image\" \/>\n<meta name=\"twitter:label1\" content=\"\u00c9crit par\" \/>\n\t<meta name=\"twitter:data1\" content=\"R\u00e9veil info\" \/>\n\t<meta name=\"twitter:label2\" content=\"Dur\u00e9e de lecture estim\u00e9e\" \/>\n\t<meta name=\"twitter:data2\" content=\"2 minutes\" \/>\n<script type=\"application\/ld+json\" class=\"yoast-schema-graph\">{\"@context\":\"https:\\\/\\\/schema.org\",\"@graph\":[{\"@type\":\"Article\",\"@id\":\"https:\\\/\\\/reveil-info.net\\\/?p=50364#article\",\"isPartOf\":{\"@id\":\"https:\\\/\\\/reveil-info.net\\\/?p=50364\"},\"author\":{\"name\":\"R\u00e9veil info\",\"@id\":\"https:\\\/\\\/reveil-info.net\\\/#\\\/schema\\\/person\\\/ca0cc8e70088e0a2b5e92556c1ee60f5\"},\"headline\":\"Attaques terroristes au Mali : le S\u00e9n\u00e9gal condamne ( le communiqu\u00e9 du gouvernement)\",\"datePublished\":\"2026-04-26T08:49:09+00:00\",\"dateModified\":\"2026-04-26T08:49:28+00:00\",\"mainEntityOfPage\":{\"@id\":\"https:\\\/\\\/reveil-info.net\\\/?p=50364\"},\"wordCount\":233,\"commentCount\":0,\"publisher\":{\"@id\":\"https:\\\/\\\/reveil-info.net\\\/#organization\"},\"image\":{\"@id\":\"https:\\\/\\\/reveil-info.net\\\/?p=50364#primaryimage\"},\"thumbnailUrl\":\"https:\\\/\\\/reveil-info.net\\\/wp-content\\\/uploads\\\/2026\\\/04\\\/1777193145462.jpg\",\"articleSection\":[\"Actualit\u00e9\",\"AES\",\"International\"],\"inLanguage\":\"fr-FR\",\"potentialAction\":[{\"@type\":\"CommentAction\",\"name\":\"Comment\",\"target\":[\"https:\\\/\\\/reveil-info.net\\\/?p=50364#respond\"]}]},{\"@type\":\"WebPage\",\"@id\":\"https:\\\/\\\/reveil-info.net\\\/?p=50364\",\"url\":\"https:\\\/\\\/reveil-info.net\\\/?p=50364\",\"name\":\"Attaques terroristes au Mali : le S\u00e9n\u00e9gal condamne ( le communiqu\u00e9 du gouvernement) - R\u00e9veil Info\",\"isPartOf\":{\"@id\":\"https:\\\/\\\/reveil-info.net\\\/#website\"},\"primaryImageOfPage\":{\"@id\":\"https:\\\/\\\/reveil-info.net\\\/?p=50364#primaryimage\"},\"image\":{\"@id\":\"https:\\\/\\\/reveil-info.net\\\/?p=50364#primaryimage\"},\"thumbnailUrl\":\"https:\\\/\\\/reveil-info.net\\\/wp-content\\\/uploads\\\/2026\\\/04\\\/1777193145462.jpg\",\"datePublished\":\"2026-04-26T08:49:09+00:00\",\"dateModified\":\"2026-04-26T08:49:28+00:00\",\"breadcrumb\":{\"@id\":\"https:\\\/\\\/reveil-info.net\\\/?p=50364#breadcrumb\"},\"inLanguage\":\"fr-FR\",\"potentialAction\":[{\"@type\":\"ReadAction\",\"target\":[\"https:\\\/\\\/reveil-info.net\\\/?p=50364\"]}]},{\"@type\":\"ImageObject\",\"inLanguage\":\"fr-FR\",\"@id\":\"https:\\\/\\\/reveil-info.net\\\/?p=50364#primaryimage\",\"url\":\"https:\\\/\\\/reveil-info.net\\\/wp-content\\\/uploads\\\/2026\\\/04\\\/1777193145462.jpg\",\"contentUrl\":\"https:\\\/\\\/reveil-info.net\\\/wp-content\\\/uploads\\\/2026\\\/04\\\/1777193145462.jpg\",\"width\":720,\"height\":900},{\"@type\":\"BreadcrumbList\",\"@id\":\"https:\\\/\\\/reveil-info.net\\\/?p=50364#breadcrumb\",\"itemListElement\":[{\"@type\":\"ListItem\",\"position\":1,\"name\":\"Home\",\"item\":\"https:\\\/\\\/reveil-info.net\\\/\"},{\"@type\":\"ListItem\",\"position\":2,\"name\":\"Attaques terroristes au Mali : le S\u00e9n\u00e9gal condamne ( le communiqu\u00e9 du gouvernement)\"}]},{\"@type\":\"WebSite\",\"@id\":\"https:\\\/\\\/reveil-info.net\\\/#website\",\"url\":\"https:\\\/\\\/reveil-info.net\\\/\",\"name\":\"R\u00e9veil Info\",\"description\":\"Le devoir d&#039;informer!\",\"publisher\":{\"@id\":\"https:\\\/\\\/reveil-info.net\\\/#organization\"},\"potentialAction\":[{\"@type\":\"SearchAction\",\"target\":{\"@type\":\"EntryPoint\",\"urlTemplate\":\"https:\\\/\\\/reveil-info.net\\\/?s={search_term_string}\"},\"query-input\":{\"@type\":\"PropertyValueSpecification\",\"valueRequired\":true,\"valueName\":\"search_term_string\"}}],\"inLanguage\":\"fr-FR\"},{\"@type\":\"Organization\",\"@id\":\"https:\\\/\\\/reveil-info.net\\\/#organization\",\"name\":\"R\u00e9veil Info\",\"url\":\"https:\\\/\\\/reveil-info.net\\\/\",\"logo\":{\"@type\":\"ImageObject\",\"inLanguage\":\"fr-FR\",\"@id\":\"https:\\\/\\\/reveil-info.net\\\/#\\\/schema\\\/logo\\\/image\\\/\",\"url\":\"https:\\\/\\\/reveil-info.net\\\/wp-content\\\/uploads\\\/2024\\\/07\\\/bnddd1.jpg\",\"contentUrl\":\"https:\\\/\\\/reveil-info.net\\\/wp-content\\\/uploads\\\/2024\\\/07\\\/bnddd1.jpg\",\"width\":903,\"height\":125,\"caption\":\"R\u00e9veil Info\"},\"image\":{\"@id\":\"https:\\\/\\\/reveil-info.net\\\/#\\\/schema\\\/logo\\\/image\\\/\"}},{\"@type\":\"Person\",\"@id\":\"https:\\\/\\\/reveil-info.net\\\/#\\\/schema\\\/person\\\/ca0cc8e70088e0a2b5e92556c1ee60f5\",\"name\":\"R\u00e9veil info\",\"image\":{\"@type\":\"ImageObject\",\"inLanguage\":\"fr-FR\",\"@id\":\"https:\\\/\\\/secure.gravatar.com\\\/avatar\\\/e4ad5bb743c8b6cb174d9df6c7d30a8a16f6889731241345fc6444e6485f02af?s=96&d=mm&r=g\",\"url\":\"https:\\\/\\\/secure.gravatar.com\\\/avatar\\\/e4ad5bb743c8b6cb174d9df6c7d30a8a16f6889731241345fc6444e6485f02af?s=96&d=mm&r=g\",\"contentUrl\":\"https:\\\/\\\/secure.gravatar.com\\\/avatar\\\/e4ad5bb743c8b6cb174d9df6c7d30a8a16f6889731241345fc6444e6485f02af?s=96&d=mm&r=g\",\"caption\":\"R\u00e9veil info\"},\"sameAs\":[\"https:\\\/\\\/reveil-info.net\"],\"url\":\"https:\\\/\\\/reveil-info.net\\\/?author=1\"}]}<\/script>\n<!-- \/ Yoast SEO plugin. -->","yoast_head_json":{"title":"Attaques terroristes au Mali : le S\u00e9n\u00e9gal condamne ( le communiqu\u00e9 du gouvernement) - R\u00e9veil Info","robots":{"index":"noindex","follow":"follow","max-snippet":"max-snippet:-1","max-image-preview":"max-image-preview:large","max-video-preview":"max-video-preview:-1"},"og_locale":"fr_FR","og_type":"article","og_title":"Attaques terroristes au Mali : le S\u00e9n\u00e9gal condamne ( le communiqu\u00e9 du gouvernement) - R\u00e9veil Info","og_description":"Situation s\u00e9curitaire au Mali Le Gouvernement du S\u00e9n\u00e9gal suit avec une vive pr\u00e9occupation l\u2019\u00e9volution de","og_url":"https:\/\/reveil-info.net\/?p=50364","og_site_name":"R\u00e9veil Info","article_published_time":"2026-04-26T08:49:09+00:00","article_modified_time":"2026-04-26T08:49:28+00:00","og_image":[{"width":720,"height":900,"url":"https:\/\/reveil-info.net\/wp-content\/uploads\/2026\/04\/1777193145462.jpg","type":"image\/jpeg"}],"author":"R\u00e9veil info","twitter_card":"summary_large_image","twitter_misc":{"\u00c9crit par":"R\u00e9veil info","Dur\u00e9e de lecture estim\u00e9e":"2 minutes"},"schema":{"@context":"https:\/\/schema.org","@graph":[{"@type":"Article","@id":"https:\/\/reveil-info.net\/?p=50364#article","isPartOf":{"@id":"https:\/\/reveil-info.net\/?p=50364"},"author":{"name":"R\u00e9veil info","@id":"https:\/\/reveil-info.net\/#\/schema\/person\/ca0cc8e70088e0a2b5e92556c1ee60f5"},"headline":"Attaques terroristes au Mali : le S\u00e9n\u00e9gal condamne ( le communiqu\u00e9 du gouvernement)","datePublished":"2026-04-26T08:49:09+00:00","dateModified":"2026-04-26T08:49:28+00:00","mainEntityOfPage":{"@id":"https:\/\/reveil-info.net\/?p=50364"},"wordCount":233,"commentCount":0,"publisher":{"@id":"https:\/\/reveil-info.net\/#organization"},"image":{"@id":"https:\/\/reveil-info.net\/?p=50364#primaryimage"},"thumbnailUrl":"https:\/\/reveil-info.net\/wp-content\/uploads\/2026\/04\/1777193145462.jpg","articleSection":["Actualit\u00e9","AES","International"],"inLanguage":"fr-FR","potentialAction":[{"@type":"CommentAction","name":"Comment","target":["https:\/\/reveil-info.net\/?p=50364#respond"]}]},{"@type":"WebPage","@id":"https:\/\/reveil-info.net\/?p=50364","url":"https:\/\/reveil-info.net\/?p=50364","name":"Attaques terroristes au Mali : le S\u00e9n\u00e9gal condamne ( le communiqu\u00e9 du gouvernement) - R\u00e9veil Info","isPartOf":{"@id":"https:\/\/reveil-info.net\/#website"},"primaryImageOfPage":{"@id":"https:\/\/reveil-info.net\/?p=50364#primaryimage"},"image":{"@id":"https:\/\/reveil-info.net\/?p=50364#primaryimage"},"thumbnailUrl":"https:\/\/reveil-info.net\/wp-content\/uploads\/2026\/04\/1777193145462.jpg","datePublished":"2026-04-26T08:49:09+00:00","dateModified":"2026-04-26T08:49:28+00:00","breadcrumb":{"@id":"https:\/\/reveil-info.net\/?p=50364#breadcrumb"},"inLanguage":"fr-FR","potentialAction":[{"@type":"ReadAction","target":["https:\/\/reveil-info.net\/?p=50364"]}]},{"@type":"ImageObject","inLanguage":"fr-FR","@id":"https:\/\/reveil-info.net\/?p=50364#primaryimage","url":"https:\/\/reveil-info.net\/wp-content\/uploads\/2026\/04\/1777193145462.jpg","contentUrl":"https:\/\/reveil-info.net\/wp-content\/uploads\/2026\/04\/1777193145462.jpg","width":720,"height":900},{"@type":"BreadcrumbList","@id":"https:\/\/reveil-info.net\/?p=50364#breadcrumb","itemListElement":[{"@type":"ListItem","position":1,"name":"Home","item":"https:\/\/reveil-info.net\/"},{"@type":"ListItem","position":2,"name":"Attaques terroristes au Mali : le S\u00e9n\u00e9gal condamne ( le communiqu\u00e9 du gouvernement)"}]},{"@type":"WebSite","@id":"https:\/\/reveil-info.net\/#website","url":"https:\/\/reveil-info.net\/","name":"R\u00e9veil Info","description":"Le devoir d&#039;informer!","publisher":{"@id":"https:\/\/reveil-info.net\/#organization"},"potentialAction":[{"@type":"SearchAction","target":{"@type":"EntryPoint","urlTemplate":"https:\/\/reveil-info.net\/?s={search_term_string}"},"query-input":{"@type":"PropertyValueSpecification","valueRequired":true,"valueName":"search_term_string"}}],"inLanguage":"fr-FR"},{"@type":"Organization","@id":"https:\/\/reveil-info.net\/#organization","name":"R\u00e9veil Info","url":"https:\/\/reveil-info.net\/","logo":{"@type":"ImageObject","inLanguage":"fr-FR","@id":"https:\/\/reveil-info.net\/#\/schema\/logo\/image\/","url":"https:\/\/reveil-info.net\/wp-content\/uploads\/2024\/07\/bnddd1.jpg","contentUrl":"https:\/\/reveil-info.net\/wp-content\/uploads\/2024\/07\/bnddd1.jpg","width":903,"height":125,"caption":"R\u00e9veil Info"},"image":{"@id":"https:\/\/reveil-info.net\/#\/schema\/logo\/image\/"}},{"@type":"Person","@id":"https:\/\/reveil-info.net\/#\/schema\/person\/ca0cc8e70088e0a2b5e92556c1ee60f5","name":"R\u00e9veil info","image":{"@type":"ImageObject","inLanguage":"fr-FR","@id":"https:\/\/secure.gravatar.com\/avatar\/e4ad5bb743c8b6cb174d9df6c7d30a8a16f6889731241345fc6444e6485f02af?s=96&d=mm&r=g","url":"https:\/\/secure.gravatar.com\/avatar\/e4ad5bb743c8b6cb174d9df6c7d30a8a16f6889731241345fc6444e6485f02af?s=96&d=mm&r=g","contentUrl":"https:\/\/secure.gravatar.com\/avatar\/e4ad5bb743c8b6cb174d9df6c7d30a8a16f6889731241345fc6444e6485f02af?s=96&d=mm&r=g","caption":"R\u00e9veil info"},"sameAs":["https:\/\/reveil-info.net"],"url":"https:\/\/reveil-info.net\/?author=1"}]}},"jetpack_featured_media_url":"","featured_image_urls":{"full":"","thumbnail":"","medium":"","medium_large":"","large":"","1536x1536":"","2048x2048":"","chromenews-featured":"","chromenews-large":"","chromenews-medium":""},"author_info":{"display_name":"R\u00e9veil info","author_link":"https:\/\/reveil-info.net\/?author=1"},"category_info":"<a href=\"https:\/\/reveil-info.net\/?cat=2\" rel=\"category\">Actualit\u00e9<\/a> <a href=\"https:\/\/reveil-info.net\/?cat=47\" rel=\"category\">AES<\/a> <a href=\"https:\/\/reveil-info.net\/?cat=8\" rel=\"category\">International<\/a>","tag_info":"International","comment_count":"0","_links":{"self":[{"href":"https:\/\/reveil-info.net\/index.php?rest_route=\/wp\/v2\/posts\/50364","targetHints":{"allow":["GET"]}}],"collection":[{"href":"https:\/\/reveil-info.net\/index.php?rest_route=\/wp\/v2\/posts"}],"about":[{"href":"https:\/\/reveil-info.net\/index.php?rest_route=\/wp\/v2\/types\/post"}],"author":[{"embeddable":true,"href":"https:\/\/reveil-info.net\/index.php?rest_route=\/wp\/v2\/users\/1"}],"replies":[{"embeddable":true,"href":"https:\/\/reveil-info.net\/index.php?rest_route=%2Fwp%2Fv2%2Fcomments&post=50364"}],"version-history":[{"count":3,"href":"https:\/\/reveil-info.net\/index.php?rest_route=\/wp\/v2\/posts\/50364\/revisions"}],"predecessor-version":[{"id":50368,"href":"https:\/\/reveil-info.net\/index.php?rest_route=\/wp\/v2\/posts\/50364\/revisions\/50368"}],"wp:attachment":[{"href":"https:\/\/reveil-info.net\/index.php?rest_route=%2Fwp%2Fv2%2Fmedia&parent=50364"}],"wp:term":[{"taxonomy":"category","embeddable":true,"href":"https:\/\/reveil-info.net\/index.php?rest_route=%2Fwp%2Fv2%2Fcategories&post=50364"},{"taxonomy":"post_tag","embeddable":true,"href":"https:\/\/reveil-info.net\/index.php?rest_route=%2Fwp%2Fv2%2Ftags&post=50364"}],"curies":[{"name":"wp","href":"https:\/\/api.w.org\/{rel}","templated":true}]}}