{"id":47114,"date":"2026-03-16T08:26:14","date_gmt":"2026-03-16T08:26:14","guid":{"rendered":"https:\/\/reveil-info.net\/?p=47114"},"modified":"2026-03-16T08:26:14","modified_gmt":"2026-03-16T08:26:14","slug":"mali-communique-de-lemga-evasion-reussie-de-deux-militaires-fama-et-du-prefet-de-dioila","status":"publish","type":"post","link":"https:\/\/reveil-info.net\/?p=47114","title":{"rendered":"Mali-Communiqu\u00e9 de l&rsquo;EMGA : \u00c9vasion r\u00e9ussie de deux militaires FAMa et du pr\u00e9fet de Dio\u00efla"},"content":{"rendered":"<div class=\"xdj266r x14z9mp xat24cr x1lziwak x1vvkbs x126k92a\">\n<div dir=\"auto\"><strong>L\u2019\u00c9tat-Major G\u00e9n\u00e9ral des Arm\u00e9es informe l\u2019opinion nationale que, dans la nuit du 13 au 14 mars 2026, deux otages FAMa d\u00e9tenus par des groupes arm\u00e9s terroristes ont r\u00e9ussi \u00e0 s\u2019exfiltrer d\u2019un camp de r\u00e9fugi\u00e9s en Mauritanie avant de regagner le territoire national.<\/strong><\/div>\n<div dir=\"auto\"><img loading=\"lazy\" decoding=\"async\" class=\"alignnone size-full wp-image-47117\" src=\"https:\/\/reveil-info.net\/wp-content\/uploads\/2026\/03\/652610067_1333144555508299_6094618102156727210_n.jpg\" alt=\"\" width=\"1369\" height=\"653\" srcset=\"https:\/\/reveil-info.net\/wp-content\/uploads\/2026\/03\/652610067_1333144555508299_6094618102156727210_n.jpg 1369w, https:\/\/reveil-info.net\/wp-content\/uploads\/2026\/03\/652610067_1333144555508299_6094618102156727210_n-300x143.jpg 300w, https:\/\/reveil-info.net\/wp-content\/uploads\/2026\/03\/652610067_1333144555508299_6094618102156727210_n-1024x488.jpg 1024w, https:\/\/reveil-info.net\/wp-content\/uploads\/2026\/03\/652610067_1333144555508299_6094618102156727210_n-768x366.jpg 768w\" sizes=\"auto, (max-width: 1369px) 100vw, 1369px\" \/><\/div>\n<\/div>\n<div class=\"x14z9mp xat24cr x1lziwak x1vvkbs xtlvy1s x126k92a\">\n<div dir=\"auto\">Cette \u00e9vasion a \u00e9t\u00e9 rendue possible gr\u00e2ce aux op\u00e9rations men\u00e9es par les FAMa le long de la ligne frontali\u00e8re Mali-Mauritanie et dans la for\u00eat du Wagadou. Apr\u00e8s leur recueil \u00e0 Goundam, les deux militaires ont \u00e9t\u00e9 mis \u00e0 la disposition de la pr\u00e9v\u00f4t\u00e9, conform\u00e9ment aux proc\u00e9dures en vigueur.<\/div>\n<\/div>\n<div class=\"x14z9mp xat24cr x1lziwak x1vvkbs xtlvy1s x126k92a\">\n<div dir=\"auto\">Il s\u2019agit de:<\/div>\n<\/div>\n<div class=\"x14z9mp xat24cr x1lziwak x1vvkbs xtlvy1s x126k92a\">\n<div dir=\"auto\">1\u2019e classe cavalier Mohamed Wangaraba, du 633\u00ba escadron de reconnaissance;<\/div>\n<\/div>\n<div class=\"x14z9mp xat24cr x1lziwak x1vvkbs xtlvy1s x126k92a\">\n<div dir=\"auto\">1re classe cavalier Mahamed El Maouloud Diallo, du 635\u00ba r\u00e9giment blind\u00e9.<\/div>\n<\/div>\n<div class=\"x14z9mp xat24cr x1lziwak x1vvkbs xtlvy1s x126k92a\">\n<div dir=\"auto\">Ces deux militaires des Forces Arm\u00e9es Maliennes avaient \u00e9t\u00e9 enlev\u00e9s le 9 octobre 2025 sur le fleuve Niger alors qu\u2019ils \u00e9taient en permission.<\/div>\n<div dir=\"auto\">Par ailleurs, M. Alidji Bagna, pr\u00e9fet de Dioila, enlev\u00e9 le 14 f\u00e9vrier 2026 vers Kalifabougou, entre Fana et Dioila, a pu \u00e9chapper \u00e0 ses ravisseurs dans la zone de Macina le 13 mars 2026. Il est arriv\u00e9 \u00e0 Tenenkou sain et sauf, o\u00f9 il est pris en charge par les FAMa.<\/div>\n<div dir=\"auto\"><span class=\"html-span xdj266r x14z9mp xat24cr x1lziwak xexx8yu xyri2b x18d9i69 x1c1uobl x1hl2dhg x16tdsg8 x1vvkbs\"><a class=\"x1i10hfl xjbqb8w x1ejq31n x18oe1m7 x1sy0etr xstzfhl x972fbf x10w94by x1qhh985 x14e42zd x9f619 x1ypdohk xt0psk2 x3ct3a4 xdj266r x14z9mp xat24cr x1lziwak xexx8yu xyri2b x18d9i69 x1c1uobl x16tdsg8 x1hl2dhg xggy1nq x1a2a7pz xkrqix3 x1sur9pj x1fey0fg x1s688f\" tabindex=\"0\" role=\"link\" href=\"https:\/\/l.facebook.com\/l.php?u=http%3A%2F%2FBamada.net%2F%3Ffbclid%3DIwZXh0bgNhZW0CMTAAYnJpZBExNWhKMVZsWUZjZEJzVTJWVnNydGMGYXBwX2lkEDIyMjAzOTE3ODgyMDA4OTIAAR4zMIz1sm-CCjfvKxciAWWuCvUfKyhZrXjogJeVXPHdsxQDMIAs-9Oforrn7w_aem_bNkiZ0H-JkpEhlmaZnc-oQ&amp;h=AT6TMvrKAlhPnO962TlIbOkDpY1391f4hJCLVyE7dDo37P_zBKcaa__bzmeiIK8yJL6DxT807BA1iylX41vDHHfSnG3Y1XgekN4uMGRf_eOoRJ-d1DJ9US3jM1s1HtLln-sS8hEdFv1_-2vl&amp;__tn__=-UK-R&amp;c[0]=AT7RVcTGPH9L5IXPDB_BuZMnEpCwXj8Teoox7vyIBiwE3zLBPdrBgdBuGX6xTiwXuqXahv91HqBTmBjsAAEY3CWSPf1v4VVqfbMu5pnvi5akFzGxlssbHXZsEHEsI_O6YMTqsUkLsluUU7fN-oFQ92Q7UMlVCTsAET75dzkFQt7hsVkyqPnWGG-4wETrA5Xx189LFu-0e3YXppc_xBlEN6NLzQ\" target=\"_blank\" rel=\"nofollow noopener noreferrer\">Bamada.net<\/a><\/span><\/div>\n<\/div>\n","protected":false},"excerpt":{"rendered":"<p>L\u2019\u00c9tat-Major G\u00e9n\u00e9ral des Arm\u00e9es informe l\u2019opinion nationale que, dans la nuit du 13 au 14<\/p>\n","protected":false},"author":1,"featured_media":0,"comment_status":"open","ping_status":"open","sticky":false,"template":"","format":"standard","meta":{"footnotes":""},"categories":[2,47],"tags":[],"class_list":["post-47114","post","type-post","status-publish","format-standard","hentry","category-actu","category-aes"],"yoast_head":"<!-- This site is optimized with the Yoast SEO plugin v27.5 - https:\/\/yoast.com\/product\/yoast-seo-wordpress\/ -->\n<title>Mali-Communiqu\u00e9 de l&#039;EMGA : \u00c9vasion r\u00e9ussie de deux militaires FAMa et du pr\u00e9fet de Dio\u00efla - R\u00e9veil Info<\/title>\n<meta name=\"robots\" content=\"noindex, follow, max-snippet:-1, max-image-preview:large, max-video-preview:-1\" \/>\n<meta property=\"og:locale\" content=\"fr_FR\" \/>\n<meta property=\"og:type\" content=\"article\" \/>\n<meta property=\"og:title\" content=\"Mali-Communiqu\u00e9 de l&#039;EMGA : \u00c9vasion r\u00e9ussie de deux militaires FAMa et du pr\u00e9fet de Dio\u00efla - R\u00e9veil Info\" \/>\n<meta property=\"og:description\" content=\"L\u2019\u00c9tat-Major G\u00e9n\u00e9ral des Arm\u00e9es informe l\u2019opinion nationale que, dans la nuit du 13 au 14\" \/>\n<meta property=\"og:url\" content=\"https:\/\/reveil-info.net\/?p=47114\" \/>\n<meta property=\"og:site_name\" content=\"R\u00e9veil Info\" \/>\n<meta property=\"article:published_time\" content=\"2026-03-16T08:26:14+00:00\" \/>\n<meta property=\"og:image\" content=\"https:\/\/reveil-info.net\/wp-content\/uploads\/2026\/03\/652610067_1333144555508299_6094618102156727210_n.jpg\" \/>\n\t<meta property=\"og:image:width\" content=\"1369\" \/>\n\t<meta property=\"og:image:height\" content=\"653\" \/>\n\t<meta property=\"og:image:type\" content=\"image\/jpeg\" \/>\n<meta name=\"author\" content=\"R\u00e9veil info\" \/>\n<meta name=\"twitter:card\" content=\"summary_large_image\" \/>\n<meta name=\"twitter:label1\" content=\"\u00c9crit par\" \/>\n\t<meta name=\"twitter:data1\" content=\"R\u00e9veil info\" \/>\n\t<meta name=\"twitter:label2\" content=\"Dur\u00e9e de lecture estim\u00e9e\" \/>\n\t<meta name=\"twitter:data2\" content=\"2 minutes\" \/>\n<script type=\"application\/ld+json\" class=\"yoast-schema-graph\">{\"@context\":\"https:\\\/\\\/schema.org\",\"@graph\":[{\"@type\":\"Article\",\"@id\":\"https:\\\/\\\/reveil-info.net\\\/?p=47114#article\",\"isPartOf\":{\"@id\":\"https:\\\/\\\/reveil-info.net\\\/?p=47114\"},\"author\":{\"name\":\"R\u00e9veil info\",\"@id\":\"https:\\\/\\\/reveil-info.net\\\/#\\\/schema\\\/person\\\/ca0cc8e70088e0a2b5e92556c1ee60f5\"},\"headline\":\"Mali-Communiqu\u00e9 de l&rsquo;EMGA : \u00c9vasion r\u00e9ussie de deux militaires FAMa et du pr\u00e9fet de Dio\u00efla\",\"datePublished\":\"2026-03-16T08:26:14+00:00\",\"mainEntityOfPage\":{\"@id\":\"https:\\\/\\\/reveil-info.net\\\/?p=47114\"},\"wordCount\":221,\"commentCount\":0,\"publisher\":{\"@id\":\"https:\\\/\\\/reveil-info.net\\\/#organization\"},\"image\":{\"@id\":\"https:\\\/\\\/reveil-info.net\\\/?p=47114#primaryimage\"},\"thumbnailUrl\":\"https:\\\/\\\/reveil-info.net\\\/wp-content\\\/uploads\\\/2026\\\/03\\\/652610067_1333144555508299_6094618102156727210_n.jpg\",\"articleSection\":[\"Actualit\u00e9\",\"AES\"],\"inLanguage\":\"fr-FR\",\"potentialAction\":[{\"@type\":\"CommentAction\",\"name\":\"Comment\",\"target\":[\"https:\\\/\\\/reveil-info.net\\\/?p=47114#respond\"]}]},{\"@type\":\"WebPage\",\"@id\":\"https:\\\/\\\/reveil-info.net\\\/?p=47114\",\"url\":\"https:\\\/\\\/reveil-info.net\\\/?p=47114\",\"name\":\"Mali-Communiqu\u00e9 de l'EMGA : \u00c9vasion r\u00e9ussie de deux militaires FAMa et du pr\u00e9fet de Dio\u00efla - R\u00e9veil Info\",\"isPartOf\":{\"@id\":\"https:\\\/\\\/reveil-info.net\\\/#website\"},\"primaryImageOfPage\":{\"@id\":\"https:\\\/\\\/reveil-info.net\\\/?p=47114#primaryimage\"},\"image\":{\"@id\":\"https:\\\/\\\/reveil-info.net\\\/?p=47114#primaryimage\"},\"thumbnailUrl\":\"https:\\\/\\\/reveil-info.net\\\/wp-content\\\/uploads\\\/2026\\\/03\\\/652610067_1333144555508299_6094618102156727210_n.jpg\",\"datePublished\":\"2026-03-16T08:26:14+00:00\",\"breadcrumb\":{\"@id\":\"https:\\\/\\\/reveil-info.net\\\/?p=47114#breadcrumb\"},\"inLanguage\":\"fr-FR\",\"potentialAction\":[{\"@type\":\"ReadAction\",\"target\":[\"https:\\\/\\\/reveil-info.net\\\/?p=47114\"]}]},{\"@type\":\"ImageObject\",\"inLanguage\":\"fr-FR\",\"@id\":\"https:\\\/\\\/reveil-info.net\\\/?p=47114#primaryimage\",\"url\":\"https:\\\/\\\/reveil-info.net\\\/wp-content\\\/uploads\\\/2026\\\/03\\\/652610067_1333144555508299_6094618102156727210_n.jpg\",\"contentUrl\":\"https:\\\/\\\/reveil-info.net\\\/wp-content\\\/uploads\\\/2026\\\/03\\\/652610067_1333144555508299_6094618102156727210_n.jpg\",\"width\":1369,\"height\":653},{\"@type\":\"BreadcrumbList\",\"@id\":\"https:\\\/\\\/reveil-info.net\\\/?p=47114#breadcrumb\",\"itemListElement\":[{\"@type\":\"ListItem\",\"position\":1,\"name\":\"Home\",\"item\":\"https:\\\/\\\/reveil-info.net\\\/\"},{\"@type\":\"ListItem\",\"position\":2,\"name\":\"Mali-Communiqu\u00e9 de l&rsquo;EMGA : \u00c9vasion r\u00e9ussie de deux militaires FAMa et du pr\u00e9fet de Dio\u00efla\"}]},{\"@type\":\"WebSite\",\"@id\":\"https:\\\/\\\/reveil-info.net\\\/#website\",\"url\":\"https:\\\/\\\/reveil-info.net\\\/\",\"name\":\"R\u00e9veil Info\",\"description\":\"Le devoir d&#039;informer!\",\"publisher\":{\"@id\":\"https:\\\/\\\/reveil-info.net\\\/#organization\"},\"potentialAction\":[{\"@type\":\"SearchAction\",\"target\":{\"@type\":\"EntryPoint\",\"urlTemplate\":\"https:\\\/\\\/reveil-info.net\\\/?s={search_term_string}\"},\"query-input\":{\"@type\":\"PropertyValueSpecification\",\"valueRequired\":true,\"valueName\":\"search_term_string\"}}],\"inLanguage\":\"fr-FR\"},{\"@type\":\"Organization\",\"@id\":\"https:\\\/\\\/reveil-info.net\\\/#organization\",\"name\":\"R\u00e9veil Info\",\"url\":\"https:\\\/\\\/reveil-info.net\\\/\",\"logo\":{\"@type\":\"ImageObject\",\"inLanguage\":\"fr-FR\",\"@id\":\"https:\\\/\\\/reveil-info.net\\\/#\\\/schema\\\/logo\\\/image\\\/\",\"url\":\"https:\\\/\\\/reveil-info.net\\\/wp-content\\\/uploads\\\/2024\\\/07\\\/bnddd1.jpg\",\"contentUrl\":\"https:\\\/\\\/reveil-info.net\\\/wp-content\\\/uploads\\\/2024\\\/07\\\/bnddd1.jpg\",\"width\":903,\"height\":125,\"caption\":\"R\u00e9veil Info\"},\"image\":{\"@id\":\"https:\\\/\\\/reveil-info.net\\\/#\\\/schema\\\/logo\\\/image\\\/\"}},{\"@type\":\"Person\",\"@id\":\"https:\\\/\\\/reveil-info.net\\\/#\\\/schema\\\/person\\\/ca0cc8e70088e0a2b5e92556c1ee60f5\",\"name\":\"R\u00e9veil info\",\"image\":{\"@type\":\"ImageObject\",\"inLanguage\":\"fr-FR\",\"@id\":\"https:\\\/\\\/secure.gravatar.com\\\/avatar\\\/e4ad5bb743c8b6cb174d9df6c7d30a8a16f6889731241345fc6444e6485f02af?s=96&d=mm&r=g\",\"url\":\"https:\\\/\\\/secure.gravatar.com\\\/avatar\\\/e4ad5bb743c8b6cb174d9df6c7d30a8a16f6889731241345fc6444e6485f02af?s=96&d=mm&r=g\",\"contentUrl\":\"https:\\\/\\\/secure.gravatar.com\\\/avatar\\\/e4ad5bb743c8b6cb174d9df6c7d30a8a16f6889731241345fc6444e6485f02af?s=96&d=mm&r=g\",\"caption\":\"R\u00e9veil info\"},\"sameAs\":[\"https:\\\/\\\/reveil-info.net\"],\"url\":\"https:\\\/\\\/reveil-info.net\\\/?author=1\"}]}<\/script>\n<!-- \/ Yoast SEO plugin. -->","yoast_head_json":{"title":"Mali-Communiqu\u00e9 de l'EMGA : \u00c9vasion r\u00e9ussie de deux militaires FAMa et du pr\u00e9fet de Dio\u00efla - R\u00e9veil Info","robots":{"index":"noindex","follow":"follow","max-snippet":"max-snippet:-1","max-image-preview":"max-image-preview:large","max-video-preview":"max-video-preview:-1"},"og_locale":"fr_FR","og_type":"article","og_title":"Mali-Communiqu\u00e9 de l'EMGA : \u00c9vasion r\u00e9ussie de deux militaires FAMa et du pr\u00e9fet de Dio\u00efla - R\u00e9veil Info","og_description":"L\u2019\u00c9tat-Major G\u00e9n\u00e9ral des Arm\u00e9es informe l\u2019opinion nationale que, dans la nuit du 13 au 14","og_url":"https:\/\/reveil-info.net\/?p=47114","og_site_name":"R\u00e9veil Info","article_published_time":"2026-03-16T08:26:14+00:00","og_image":[{"width":1369,"height":653,"url":"https:\/\/reveil-info.net\/wp-content\/uploads\/2026\/03\/652610067_1333144555508299_6094618102156727210_n.jpg","type":"image\/jpeg"}],"author":"R\u00e9veil info","twitter_card":"summary_large_image","twitter_misc":{"\u00c9crit par":"R\u00e9veil info","Dur\u00e9e de lecture estim\u00e9e":"2 minutes"},"schema":{"@context":"https:\/\/schema.org","@graph":[{"@type":"Article","@id":"https:\/\/reveil-info.net\/?p=47114#article","isPartOf":{"@id":"https:\/\/reveil-info.net\/?p=47114"},"author":{"name":"R\u00e9veil info","@id":"https:\/\/reveil-info.net\/#\/schema\/person\/ca0cc8e70088e0a2b5e92556c1ee60f5"},"headline":"Mali-Communiqu\u00e9 de l&rsquo;EMGA : \u00c9vasion r\u00e9ussie de deux militaires FAMa et du pr\u00e9fet de Dio\u00efla","datePublished":"2026-03-16T08:26:14+00:00","mainEntityOfPage":{"@id":"https:\/\/reveil-info.net\/?p=47114"},"wordCount":221,"commentCount":0,"publisher":{"@id":"https:\/\/reveil-info.net\/#organization"},"image":{"@id":"https:\/\/reveil-info.net\/?p=47114#primaryimage"},"thumbnailUrl":"https:\/\/reveil-info.net\/wp-content\/uploads\/2026\/03\/652610067_1333144555508299_6094618102156727210_n.jpg","articleSection":["Actualit\u00e9","AES"],"inLanguage":"fr-FR","potentialAction":[{"@type":"CommentAction","name":"Comment","target":["https:\/\/reveil-info.net\/?p=47114#respond"]}]},{"@type":"WebPage","@id":"https:\/\/reveil-info.net\/?p=47114","url":"https:\/\/reveil-info.net\/?p=47114","name":"Mali-Communiqu\u00e9 de l'EMGA : \u00c9vasion r\u00e9ussie de deux militaires FAMa et du pr\u00e9fet de Dio\u00efla - R\u00e9veil Info","isPartOf":{"@id":"https:\/\/reveil-info.net\/#website"},"primaryImageOfPage":{"@id":"https:\/\/reveil-info.net\/?p=47114#primaryimage"},"image":{"@id":"https:\/\/reveil-info.net\/?p=47114#primaryimage"},"thumbnailUrl":"https:\/\/reveil-info.net\/wp-content\/uploads\/2026\/03\/652610067_1333144555508299_6094618102156727210_n.jpg","datePublished":"2026-03-16T08:26:14+00:00","breadcrumb":{"@id":"https:\/\/reveil-info.net\/?p=47114#breadcrumb"},"inLanguage":"fr-FR","potentialAction":[{"@type":"ReadAction","target":["https:\/\/reveil-info.net\/?p=47114"]}]},{"@type":"ImageObject","inLanguage":"fr-FR","@id":"https:\/\/reveil-info.net\/?p=47114#primaryimage","url":"https:\/\/reveil-info.net\/wp-content\/uploads\/2026\/03\/652610067_1333144555508299_6094618102156727210_n.jpg","contentUrl":"https:\/\/reveil-info.net\/wp-content\/uploads\/2026\/03\/652610067_1333144555508299_6094618102156727210_n.jpg","width":1369,"height":653},{"@type":"BreadcrumbList","@id":"https:\/\/reveil-info.net\/?p=47114#breadcrumb","itemListElement":[{"@type":"ListItem","position":1,"name":"Home","item":"https:\/\/reveil-info.net\/"},{"@type":"ListItem","position":2,"name":"Mali-Communiqu\u00e9 de l&rsquo;EMGA : \u00c9vasion r\u00e9ussie de deux militaires FAMa et du pr\u00e9fet de Dio\u00efla"}]},{"@type":"WebSite","@id":"https:\/\/reveil-info.net\/#website","url":"https:\/\/reveil-info.net\/","name":"R\u00e9veil Info","description":"Le devoir d&#039;informer!","publisher":{"@id":"https:\/\/reveil-info.net\/#organization"},"potentialAction":[{"@type":"SearchAction","target":{"@type":"EntryPoint","urlTemplate":"https:\/\/reveil-info.net\/?s={search_term_string}"},"query-input":{"@type":"PropertyValueSpecification","valueRequired":true,"valueName":"search_term_string"}}],"inLanguage":"fr-FR"},{"@type":"Organization","@id":"https:\/\/reveil-info.net\/#organization","name":"R\u00e9veil Info","url":"https:\/\/reveil-info.net\/","logo":{"@type":"ImageObject","inLanguage":"fr-FR","@id":"https:\/\/reveil-info.net\/#\/schema\/logo\/image\/","url":"https:\/\/reveil-info.net\/wp-content\/uploads\/2024\/07\/bnddd1.jpg","contentUrl":"https:\/\/reveil-info.net\/wp-content\/uploads\/2024\/07\/bnddd1.jpg","width":903,"height":125,"caption":"R\u00e9veil Info"},"image":{"@id":"https:\/\/reveil-info.net\/#\/schema\/logo\/image\/"}},{"@type":"Person","@id":"https:\/\/reveil-info.net\/#\/schema\/person\/ca0cc8e70088e0a2b5e92556c1ee60f5","name":"R\u00e9veil info","image":{"@type":"ImageObject","inLanguage":"fr-FR","@id":"https:\/\/secure.gravatar.com\/avatar\/e4ad5bb743c8b6cb174d9df6c7d30a8a16f6889731241345fc6444e6485f02af?s=96&d=mm&r=g","url":"https:\/\/secure.gravatar.com\/avatar\/e4ad5bb743c8b6cb174d9df6c7d30a8a16f6889731241345fc6444e6485f02af?s=96&d=mm&r=g","contentUrl":"https:\/\/secure.gravatar.com\/avatar\/e4ad5bb743c8b6cb174d9df6c7d30a8a16f6889731241345fc6444e6485f02af?s=96&d=mm&r=g","caption":"R\u00e9veil info"},"sameAs":["https:\/\/reveil-info.net"],"url":"https:\/\/reveil-info.net\/?author=1"}]}},"jetpack_featured_media_url":"","featured_image_urls":{"full":"","thumbnail":"","medium":"","medium_large":"","large":"","1536x1536":"","2048x2048":"","chromenews-featured":"","chromenews-large":"","chromenews-medium":""},"author_info":{"display_name":"R\u00e9veil info","author_link":"https:\/\/reveil-info.net\/?author=1"},"category_info":"<a href=\"https:\/\/reveil-info.net\/?cat=2\" rel=\"category\">Actualit\u00e9<\/a> <a href=\"https:\/\/reveil-info.net\/?cat=47\" rel=\"category\">AES<\/a>","tag_info":"AES","comment_count":"0","_links":{"self":[{"href":"https:\/\/reveil-info.net\/index.php?rest_route=\/wp\/v2\/posts\/47114","targetHints":{"allow":["GET"]}}],"collection":[{"href":"https:\/\/reveil-info.net\/index.php?rest_route=\/wp\/v2\/posts"}],"about":[{"href":"https:\/\/reveil-info.net\/index.php?rest_route=\/wp\/v2\/types\/post"}],"author":[{"embeddable":true,"href":"https:\/\/reveil-info.net\/index.php?rest_route=\/wp\/v2\/users\/1"}],"replies":[{"embeddable":true,"href":"https:\/\/reveil-info.net\/index.php?rest_route=%2Fwp%2Fv2%2Fcomments&post=47114"}],"version-history":[{"count":4,"href":"https:\/\/reveil-info.net\/index.php?rest_route=\/wp\/v2\/posts\/47114\/revisions"}],"predecessor-version":[{"id":47119,"href":"https:\/\/reveil-info.net\/index.php?rest_route=\/wp\/v2\/posts\/47114\/revisions\/47119"}],"wp:attachment":[{"href":"https:\/\/reveil-info.net\/index.php?rest_route=%2Fwp%2Fv2%2Fmedia&parent=47114"}],"wp:term":[{"taxonomy":"category","embeddable":true,"href":"https:\/\/reveil-info.net\/index.php?rest_route=%2Fwp%2Fv2%2Fcategories&post=47114"},{"taxonomy":"post_tag","embeddable":true,"href":"https:\/\/reveil-info.net\/index.php?rest_route=%2Fwp%2Fv2%2Ftags&post=47114"}],"curies":[{"name":"wp","href":"https:\/\/api.w.org\/{rel}","templated":true}]}}