{"id":47055,"date":"2026-03-15T13:23:05","date_gmt":"2026-03-15T13:23:05","guid":{"rendered":"https:\/\/reveil-info.net\/?p=47055"},"modified":"2026-03-15T13:23:05","modified_gmt":"2026-03-15T13:23:05","slug":"lutte-contre-lexportation-des-anes-au-burkina-un-convoi-de-197-anes-intercepte-et-saisi-a-koudougou","status":"publish","type":"post","link":"https:\/\/reveil-info.net\/?p=47055","title":{"rendered":"Lutte contre l&rsquo;exportation des \u00e2nes au Burkina :  un convoi de 197 \u00e2nes intercept\u00e9 et saisi  \u00e0 Koudougou"},"content":{"rendered":"<p>\ud835\udc0b\ud835\udc2e\ud835\udc2d\ud835\udc2d\ud835\udc1e \ud835\udc1c\ud835\udc28\ud835\udc27\ud835\udc2d\ud835\udc2b\ud835\udc1e \ud835\udc25\u2019\ud835\udc1e\ud835\udc31\ud835\udc29\ud835\udc28\ud835\udc2b\ud835\udc2d\ud835\udc1a\ud835\udc2d\ud835\udc22\ud835\udc28\ud835\udc27 \ud835\udc1d\ud835\udc1e\ud835\udc2c \u00e2\ud835\udc27\ud835\udc1e\ud835\udc2c \ud835\udc1a\ud835\udc2e \ud835\udc01\ud835\udc2e\ud835\udc2b\ud835\udc24\ud835\udc22\ud835\udc27\ud835\udc1a \ud835\udc05\ud835\udc1a\ud835\udc2c\ud835\udc28 : \ud835\udc2e\ud835\udc27 \ud835\udc1c\ud835\udc28\ud835\udc27\ud835\udc2f\ud835\udc28\ud835\udc22 \ud835\udc1d\ud835\udc1e \ud835\udfcf\ud835\udfd7\ud835\udfd5 \u00e2\ud835\udc27\ud835\udc1e\ud835\udc2c \ud835\udc22\ud835\udc27\ud835\udc2d\ud835\udc1e\ud835\udc2b\ud835\udc1c\ud835\udc1e\ud835\udc29\ud835\udc2d\u00e9 \ud835\udc1e\ud835\udc2d \ud835\udc2c\ud835\udc1a\ud835\udc22\ud835\udc2c\ud835\udc22 \u00e0 \ud835\udc0a\ud835\udc28\ud835\udc2e\ud835\udc1d\ud835\udc28\ud835\udc2e\ud835\udc20\ud835\udc28\ud835\udc2e<\/p>\n<p>Dans le cadre de la lutte contre l\u2019exportation et le transport illicites des \u00e2nes au Burkina Faso, les services comp\u00e9tents ont \u00e9t\u00e9 saisis d\u2019un cas suspect de convoyage d\u2019\u00e2nes dans la ville de Koudougou, dans la r\u00e9gion du Nando.<\/p>\n<p>Dans la nuit du 11 au 12 mars 2026, deux (02) camions transportant des \u00e2nes ont \u00e9t\u00e9 intercept\u00e9s par la Gendarmerie de Koudougou alors qu\u2019ils traversaient la ville en direction d\u2019un march\u00e9 situ\u00e9 \u00e0 la fronti\u00e8re avec un pays voisin.<\/p>\n<p>Les v\u00e9rifications effectu\u00e9es ont permis de d\u00e9nombrer 197 \u00e2nes, dont 190 vivants et 7 morts.<br \/>\nCes animaux \u00e9taient transport\u00e9s en violation des textes en vigueur au Burkina Faso r\u00e9gissant le transport et le convoyage des \u00e2nes.<\/p>\n<p>Le Ministre d\u2019\u00c9tat, Ministre de l\u2019Agriculture, de l\u2019Eau et des Ressources animales et halieutiques, le Commandant Isma\u00ebl SOMBIE, avait rappel\u00e9 dans un communiqu\u00e9 en date du 9 mars 2026 les dispositions du d\u00e9cret n\u00b02016-0857\/PRES\/PM\/MRAH\/MCIA\/MINEFID\/MATDSI du 7 septembre 2016 portant r\u00e9glementation de l\u2019abattage et de l\u2019exportation des asins, des \u00e9quins et de leurs produits au Burkina Faso.<\/p>\n<p>\u00c0 cet effet, les Forces de d\u00e9fense et de s\u00e9curit\u00e9 sont invit\u00e9es \u00e0 interpeller et \u00e0 traduire devant les juridictions comp\u00e9tentes toute personne se livrant au transport ou au convoyage de plus de trois (03) t\u00eates d\u2019asins sur le territoire national.<\/p>\n<p>La saisie de ce convoi illustre l\u2019engagement des Forces de d\u00e9fense et de s\u00e9curit\u00e9 ainsi que des services techniques de l\u2019\u00c9tat dans la lutte contre l\u2019exportation et le transport illicites des \u00e2nes au Burkina Faso. La proc\u00e9dure suit actuellement son cours aupr\u00e8s des autorit\u00e9s comp\u00e9tentes.<\/p>\n<p>\ud835\uddd7\ud835\uddd6\ud835\udde5\ud835\udde3\/\ud835\udde0\ud835\uddd4\ud835\uddd8\ud835\udde5\ud835\uddd4\ud835\udddb<\/p>\n<p>Reveil-info<\/p>\n","protected":false},"excerpt":{"rendered":"<p>\ud835\udc0b\ud835\udc2e\ud835\udc2d\ud835\udc2d\ud835\udc1e \ud835\udc1c\ud835\udc28\ud835\udc27\ud835\udc2d\ud835\udc2b\ud835\udc1e \ud835\udc25\u2019\ud835\udc1e\ud835\udc31\ud835\udc29\ud835\udc28\ud835\udc2b\ud835\udc2d\ud835\udc1a\ud835\udc2d\ud835\udc22\ud835\udc28\ud835\udc27 \ud835\udc1d\ud835\udc1e\ud835\udc2c \u00e2\ud835\udc27\ud835\udc1e\ud835\udc2c \ud835\udc1a\ud835\udc2e \ud835\udc01\ud835\udc2e\ud835\udc2b\ud835\udc24\ud835\udc22\ud835\udc27\ud835\udc1a \ud835\udc05\ud835\udc1a\ud835\udc2c\ud835\udc28 : \ud835\udc2e\ud835\udc27 \ud835\udc1c\ud835\udc28\ud835\udc27\ud835\udc2f\ud835\udc28\ud835\udc22 \ud835\udc1d\ud835\udc1e \ud835\udfcf\ud835\udfd7\ud835\udfd5 \u00e2\ud835\udc27\ud835\udc1e\ud835\udc2c \ud835\udc22\ud835\udc27\ud835\udc2d\ud835\udc1e\ud835\udc2b\ud835\udc1c\ud835\udc1e\ud835\udc29\ud835\udc2d\u00e9<\/p>\n","protected":false},"author":1,"featured_media":0,"comment_status":"open","ping_status":"open","sticky":false,"template":"","format":"standard","meta":{"footnotes":""},"categories":[2,16],"tags":[],"class_list":["post-47055","post","type-post","status-publish","format-standard","hentry","category-actu","category-societe"],"yoast_head":"<!-- This site is optimized with the Yoast SEO plugin v27.5 - https:\/\/yoast.com\/product\/yoast-seo-wordpress\/ -->\n<title>Lutte contre l&#039;exportation des \u00e2nes au Burkina : un convoi de 197 \u00e2nes intercept\u00e9 et saisi \u00e0 Koudougou - R\u00e9veil Info<\/title>\n<meta name=\"robots\" content=\"noindex, follow, max-snippet:-1, max-image-preview:large, max-video-preview:-1\" \/>\n<meta property=\"og:locale\" content=\"fr_FR\" \/>\n<meta property=\"og:type\" content=\"article\" \/>\n<meta property=\"og:title\" content=\"Lutte contre l&#039;exportation des \u00e2nes au Burkina : un convoi de 197 \u00e2nes intercept\u00e9 et saisi \u00e0 Koudougou - R\u00e9veil Info\" \/>\n<meta property=\"og:description\" content=\"\ud835\udc0b\ud835\udc2e\ud835\udc2d\ud835\udc2d\ud835\udc1e \ud835\udc1c\ud835\udc28\ud835\udc27\ud835\udc2d\ud835\udc2b\ud835\udc1e \ud835\udc25\u2019\ud835\udc1e\ud835\udc31\ud835\udc29\ud835\udc28\ud835\udc2b\ud835\udc2d\ud835\udc1a\ud835\udc2d\ud835\udc22\ud835\udc28\ud835\udc27 \ud835\udc1d\ud835\udc1e\ud835\udc2c \u00e2\ud835\udc27\ud835\udc1e\ud835\udc2c \ud835\udc1a\ud835\udc2e \ud835\udc01\ud835\udc2e\ud835\udc2b\ud835\udc24\ud835\udc22\ud835\udc27\ud835\udc1a \ud835\udc05\ud835\udc1a\ud835\udc2c\ud835\udc28 : \ud835\udc2e\ud835\udc27 \ud835\udc1c\ud835\udc28\ud835\udc27\ud835\udc2f\ud835\udc28\ud835\udc22 \ud835\udc1d\ud835\udc1e \ud835\udfcf\ud835\udfd7\ud835\udfd5 \u00e2\ud835\udc27\ud835\udc1e\ud835\udc2c \ud835\udc22\ud835\udc27\ud835\udc2d\ud835\udc1e\ud835\udc2b\ud835\udc1c\ud835\udc1e\ud835\udc29\ud835\udc2d\u00e9\" \/>\n<meta property=\"og:url\" content=\"https:\/\/reveil-info.net\/?p=47055\" \/>\n<meta property=\"og:site_name\" content=\"R\u00e9veil Info\" \/>\n<meta property=\"article:published_time\" content=\"2026-03-15T13:23:05+00:00\" \/>\n<meta name=\"author\" content=\"R\u00e9veil info\" \/>\n<meta name=\"twitter:card\" content=\"summary_large_image\" \/>\n<meta name=\"twitter:label1\" content=\"\u00c9crit par\" \/>\n\t<meta name=\"twitter:data1\" content=\"R\u00e9veil info\" \/>\n\t<meta name=\"twitter:label2\" content=\"Dur\u00e9e de lecture estim\u00e9e\" \/>\n\t<meta name=\"twitter:data2\" content=\"2 minutes\" \/>\n<script type=\"application\/ld+json\" class=\"yoast-schema-graph\">{\"@context\":\"https:\\\/\\\/schema.org\",\"@graph\":[{\"@type\":\"Article\",\"@id\":\"https:\\\/\\\/reveil-info.net\\\/?p=47055#article\",\"isPartOf\":{\"@id\":\"https:\\\/\\\/reveil-info.net\\\/?p=47055\"},\"author\":{\"name\":\"R\u00e9veil info\",\"@id\":\"https:\\\/\\\/reveil-info.net\\\/#\\\/schema\\\/person\\\/ca0cc8e70088e0a2b5e92556c1ee60f5\"},\"headline\":\"Lutte contre l&rsquo;exportation des \u00e2nes au Burkina : un convoi de 197 \u00e2nes intercept\u00e9 et saisi \u00e0 Koudougou\",\"datePublished\":\"2026-03-15T13:23:05+00:00\",\"mainEntityOfPage\":{\"@id\":\"https:\\\/\\\/reveil-info.net\\\/?p=47055\"},\"wordCount\":302,\"commentCount\":0,\"publisher\":{\"@id\":\"https:\\\/\\\/reveil-info.net\\\/#organization\"},\"articleSection\":[\"Actualit\u00e9\",\"Soci\u00e9t\u00e9\"],\"inLanguage\":\"fr-FR\",\"potentialAction\":[{\"@type\":\"CommentAction\",\"name\":\"Comment\",\"target\":[\"https:\\\/\\\/reveil-info.net\\\/?p=47055#respond\"]}]},{\"@type\":\"WebPage\",\"@id\":\"https:\\\/\\\/reveil-info.net\\\/?p=47055\",\"url\":\"https:\\\/\\\/reveil-info.net\\\/?p=47055\",\"name\":\"Lutte contre l'exportation des \u00e2nes au Burkina : un convoi de 197 \u00e2nes intercept\u00e9 et saisi \u00e0 Koudougou - R\u00e9veil Info\",\"isPartOf\":{\"@id\":\"https:\\\/\\\/reveil-info.net\\\/#website\"},\"datePublished\":\"2026-03-15T13:23:05+00:00\",\"breadcrumb\":{\"@id\":\"https:\\\/\\\/reveil-info.net\\\/?p=47055#breadcrumb\"},\"inLanguage\":\"fr-FR\",\"potentialAction\":[{\"@type\":\"ReadAction\",\"target\":[\"https:\\\/\\\/reveil-info.net\\\/?p=47055\"]}]},{\"@type\":\"BreadcrumbList\",\"@id\":\"https:\\\/\\\/reveil-info.net\\\/?p=47055#breadcrumb\",\"itemListElement\":[{\"@type\":\"ListItem\",\"position\":1,\"name\":\"Home\",\"item\":\"https:\\\/\\\/reveil-info.net\\\/\"},{\"@type\":\"ListItem\",\"position\":2,\"name\":\"Lutte contre l&rsquo;exportation des \u00e2nes au Burkina : un convoi de 197 \u00e2nes intercept\u00e9 et saisi \u00e0 Koudougou\"}]},{\"@type\":\"WebSite\",\"@id\":\"https:\\\/\\\/reveil-info.net\\\/#website\",\"url\":\"https:\\\/\\\/reveil-info.net\\\/\",\"name\":\"R\u00e9veil Info\",\"description\":\"Le devoir d&#039;informer!\",\"publisher\":{\"@id\":\"https:\\\/\\\/reveil-info.net\\\/#organization\"},\"potentialAction\":[{\"@type\":\"SearchAction\",\"target\":{\"@type\":\"EntryPoint\",\"urlTemplate\":\"https:\\\/\\\/reveil-info.net\\\/?s={search_term_string}\"},\"query-input\":{\"@type\":\"PropertyValueSpecification\",\"valueRequired\":true,\"valueName\":\"search_term_string\"}}],\"inLanguage\":\"fr-FR\"},{\"@type\":\"Organization\",\"@id\":\"https:\\\/\\\/reveil-info.net\\\/#organization\",\"name\":\"R\u00e9veil Info\",\"url\":\"https:\\\/\\\/reveil-info.net\\\/\",\"logo\":{\"@type\":\"ImageObject\",\"inLanguage\":\"fr-FR\",\"@id\":\"https:\\\/\\\/reveil-info.net\\\/#\\\/schema\\\/logo\\\/image\\\/\",\"url\":\"https:\\\/\\\/reveil-info.net\\\/wp-content\\\/uploads\\\/2024\\\/07\\\/bnddd1.jpg\",\"contentUrl\":\"https:\\\/\\\/reveil-info.net\\\/wp-content\\\/uploads\\\/2024\\\/07\\\/bnddd1.jpg\",\"width\":903,\"height\":125,\"caption\":\"R\u00e9veil Info\"},\"image\":{\"@id\":\"https:\\\/\\\/reveil-info.net\\\/#\\\/schema\\\/logo\\\/image\\\/\"}},{\"@type\":\"Person\",\"@id\":\"https:\\\/\\\/reveil-info.net\\\/#\\\/schema\\\/person\\\/ca0cc8e70088e0a2b5e92556c1ee60f5\",\"name\":\"R\u00e9veil info\",\"image\":{\"@type\":\"ImageObject\",\"inLanguage\":\"fr-FR\",\"@id\":\"https:\\\/\\\/secure.gravatar.com\\\/avatar\\\/e4ad5bb743c8b6cb174d9df6c7d30a8a16f6889731241345fc6444e6485f02af?s=96&d=mm&r=g\",\"url\":\"https:\\\/\\\/secure.gravatar.com\\\/avatar\\\/e4ad5bb743c8b6cb174d9df6c7d30a8a16f6889731241345fc6444e6485f02af?s=96&d=mm&r=g\",\"contentUrl\":\"https:\\\/\\\/secure.gravatar.com\\\/avatar\\\/e4ad5bb743c8b6cb174d9df6c7d30a8a16f6889731241345fc6444e6485f02af?s=96&d=mm&r=g\",\"caption\":\"R\u00e9veil info\"},\"sameAs\":[\"https:\\\/\\\/reveil-info.net\"],\"url\":\"https:\\\/\\\/reveil-info.net\\\/?author=1\"}]}<\/script>\n<!-- \/ Yoast SEO plugin. -->","yoast_head_json":{"title":"Lutte contre l'exportation des \u00e2nes au Burkina : un convoi de 197 \u00e2nes intercept\u00e9 et saisi \u00e0 Koudougou - R\u00e9veil Info","robots":{"index":"noindex","follow":"follow","max-snippet":"max-snippet:-1","max-image-preview":"max-image-preview:large","max-video-preview":"max-video-preview:-1"},"og_locale":"fr_FR","og_type":"article","og_title":"Lutte contre l'exportation des \u00e2nes au Burkina : un convoi de 197 \u00e2nes intercept\u00e9 et saisi \u00e0 Koudougou - R\u00e9veil Info","og_description":"\ud835\udc0b\ud835\udc2e\ud835\udc2d\ud835\udc2d\ud835\udc1e \ud835\udc1c\ud835\udc28\ud835\udc27\ud835\udc2d\ud835\udc2b\ud835\udc1e \ud835\udc25\u2019\ud835\udc1e\ud835\udc31\ud835\udc29\ud835\udc28\ud835\udc2b\ud835\udc2d\ud835\udc1a\ud835\udc2d\ud835\udc22\ud835\udc28\ud835\udc27 \ud835\udc1d\ud835\udc1e\ud835\udc2c \u00e2\ud835\udc27\ud835\udc1e\ud835\udc2c \ud835\udc1a\ud835\udc2e \ud835\udc01\ud835\udc2e\ud835\udc2b\ud835\udc24\ud835\udc22\ud835\udc27\ud835\udc1a \ud835\udc05\ud835\udc1a\ud835\udc2c\ud835\udc28 : \ud835\udc2e\ud835\udc27 \ud835\udc1c\ud835\udc28\ud835\udc27\ud835\udc2f\ud835\udc28\ud835\udc22 \ud835\udc1d\ud835\udc1e \ud835\udfcf\ud835\udfd7\ud835\udfd5 \u00e2\ud835\udc27\ud835\udc1e\ud835\udc2c \ud835\udc22\ud835\udc27\ud835\udc2d\ud835\udc1e\ud835\udc2b\ud835\udc1c\ud835\udc1e\ud835\udc29\ud835\udc2d\u00e9","og_url":"https:\/\/reveil-info.net\/?p=47055","og_site_name":"R\u00e9veil Info","article_published_time":"2026-03-15T13:23:05+00:00","author":"R\u00e9veil info","twitter_card":"summary_large_image","twitter_misc":{"\u00c9crit par":"R\u00e9veil info","Dur\u00e9e de lecture estim\u00e9e":"2 minutes"},"schema":{"@context":"https:\/\/schema.org","@graph":[{"@type":"Article","@id":"https:\/\/reveil-info.net\/?p=47055#article","isPartOf":{"@id":"https:\/\/reveil-info.net\/?p=47055"},"author":{"name":"R\u00e9veil info","@id":"https:\/\/reveil-info.net\/#\/schema\/person\/ca0cc8e70088e0a2b5e92556c1ee60f5"},"headline":"Lutte contre l&rsquo;exportation des \u00e2nes au Burkina : un convoi de 197 \u00e2nes intercept\u00e9 et saisi \u00e0 Koudougou","datePublished":"2026-03-15T13:23:05+00:00","mainEntityOfPage":{"@id":"https:\/\/reveil-info.net\/?p=47055"},"wordCount":302,"commentCount":0,"publisher":{"@id":"https:\/\/reveil-info.net\/#organization"},"articleSection":["Actualit\u00e9","Soci\u00e9t\u00e9"],"inLanguage":"fr-FR","potentialAction":[{"@type":"CommentAction","name":"Comment","target":["https:\/\/reveil-info.net\/?p=47055#respond"]}]},{"@type":"WebPage","@id":"https:\/\/reveil-info.net\/?p=47055","url":"https:\/\/reveil-info.net\/?p=47055","name":"Lutte contre l'exportation des \u00e2nes au Burkina : un convoi de 197 \u00e2nes intercept\u00e9 et saisi \u00e0 Koudougou - R\u00e9veil Info","isPartOf":{"@id":"https:\/\/reveil-info.net\/#website"},"datePublished":"2026-03-15T13:23:05+00:00","breadcrumb":{"@id":"https:\/\/reveil-info.net\/?p=47055#breadcrumb"},"inLanguage":"fr-FR","potentialAction":[{"@type":"ReadAction","target":["https:\/\/reveil-info.net\/?p=47055"]}]},{"@type":"BreadcrumbList","@id":"https:\/\/reveil-info.net\/?p=47055#breadcrumb","itemListElement":[{"@type":"ListItem","position":1,"name":"Home","item":"https:\/\/reveil-info.net\/"},{"@type":"ListItem","position":2,"name":"Lutte contre l&rsquo;exportation des \u00e2nes au Burkina : un convoi de 197 \u00e2nes intercept\u00e9 et saisi \u00e0 Koudougou"}]},{"@type":"WebSite","@id":"https:\/\/reveil-info.net\/#website","url":"https:\/\/reveil-info.net\/","name":"R\u00e9veil Info","description":"Le devoir d&#039;informer!","publisher":{"@id":"https:\/\/reveil-info.net\/#organization"},"potentialAction":[{"@type":"SearchAction","target":{"@type":"EntryPoint","urlTemplate":"https:\/\/reveil-info.net\/?s={search_term_string}"},"query-input":{"@type":"PropertyValueSpecification","valueRequired":true,"valueName":"search_term_string"}}],"inLanguage":"fr-FR"},{"@type":"Organization","@id":"https:\/\/reveil-info.net\/#organization","name":"R\u00e9veil Info","url":"https:\/\/reveil-info.net\/","logo":{"@type":"ImageObject","inLanguage":"fr-FR","@id":"https:\/\/reveil-info.net\/#\/schema\/logo\/image\/","url":"https:\/\/reveil-info.net\/wp-content\/uploads\/2024\/07\/bnddd1.jpg","contentUrl":"https:\/\/reveil-info.net\/wp-content\/uploads\/2024\/07\/bnddd1.jpg","width":903,"height":125,"caption":"R\u00e9veil Info"},"image":{"@id":"https:\/\/reveil-info.net\/#\/schema\/logo\/image\/"}},{"@type":"Person","@id":"https:\/\/reveil-info.net\/#\/schema\/person\/ca0cc8e70088e0a2b5e92556c1ee60f5","name":"R\u00e9veil info","image":{"@type":"ImageObject","inLanguage":"fr-FR","@id":"https:\/\/secure.gravatar.com\/avatar\/e4ad5bb743c8b6cb174d9df6c7d30a8a16f6889731241345fc6444e6485f02af?s=96&d=mm&r=g","url":"https:\/\/secure.gravatar.com\/avatar\/e4ad5bb743c8b6cb174d9df6c7d30a8a16f6889731241345fc6444e6485f02af?s=96&d=mm&r=g","contentUrl":"https:\/\/secure.gravatar.com\/avatar\/e4ad5bb743c8b6cb174d9df6c7d30a8a16f6889731241345fc6444e6485f02af?s=96&d=mm&r=g","caption":"R\u00e9veil info"},"sameAs":["https:\/\/reveil-info.net"],"url":"https:\/\/reveil-info.net\/?author=1"}]}},"jetpack_featured_media_url":"","featured_image_urls":{"full":"","thumbnail":"","medium":"","medium_large":"","large":"","1536x1536":"","2048x2048":"","chromenews-featured":"","chromenews-large":"","chromenews-medium":""},"author_info":{"display_name":"R\u00e9veil info","author_link":"https:\/\/reveil-info.net\/?author=1"},"category_info":"<a href=\"https:\/\/reveil-info.net\/?cat=2\" rel=\"category\">Actualit\u00e9<\/a> <a href=\"https:\/\/reveil-info.net\/?cat=16\" rel=\"category\">Soci\u00e9t\u00e9<\/a>","tag_info":"Soci\u00e9t\u00e9","comment_count":"0","_links":{"self":[{"href":"https:\/\/reveil-info.net\/index.php?rest_route=\/wp\/v2\/posts\/47055","targetHints":{"allow":["GET"]}}],"collection":[{"href":"https:\/\/reveil-info.net\/index.php?rest_route=\/wp\/v2\/posts"}],"about":[{"href":"https:\/\/reveil-info.net\/index.php?rest_route=\/wp\/v2\/types\/post"}],"author":[{"embeddable":true,"href":"https:\/\/reveil-info.net\/index.php?rest_route=\/wp\/v2\/users\/1"}],"replies":[{"embeddable":true,"href":"https:\/\/reveil-info.net\/index.php?rest_route=%2Fwp%2Fv2%2Fcomments&post=47055"}],"version-history":[{"count":3,"href":"https:\/\/reveil-info.net\/index.php?rest_route=\/wp\/v2\/posts\/47055\/revisions"}],"predecessor-version":[{"id":47058,"href":"https:\/\/reveil-info.net\/index.php?rest_route=\/wp\/v2\/posts\/47055\/revisions\/47058"}],"wp:attachment":[{"href":"https:\/\/reveil-info.net\/index.php?rest_route=%2Fwp%2Fv2%2Fmedia&parent=47055"}],"wp:term":[{"taxonomy":"category","embeddable":true,"href":"https:\/\/reveil-info.net\/index.php?rest_route=%2Fwp%2Fv2%2Fcategories&post=47055"},{"taxonomy":"post_tag","embeddable":true,"href":"https:\/\/reveil-info.net\/index.php?rest_route=%2Fwp%2Fv2%2Ftags&post=47055"}],"curies":[{"name":"wp","href":"https:\/\/api.w.org\/{rel}","templated":true}]}}