{"id":46973,"date":"2026-03-14T16:22:20","date_gmt":"2026-03-14T16:22:20","guid":{"rendered":"https:\/\/reveil-info.net\/?p=46973"},"modified":"2026-03-14T16:22:20","modified_gmt":"2026-03-14T16:22:20","slug":"dakar-rencontre-entre-lambassade-et-lunion-fraternelle-des-ressortissants-burkinabe-au-senegal","status":"publish","type":"post","link":"https:\/\/reveil-info.net\/?p=46973","title":{"rendered":"Dakar : rencontre entre l&rsquo;ambassade et l&rsquo;union fraternelle des ressortissants Burkinab\u00e8 au S\u00e9n\u00e9gal"},"content":{"rendered":"<p>Dakar, 14 mars 2026<\/p>\n<p>R\u00e9union trimestrielle entre l\u2019Ambassade du Burkina Faso \u00e0 Dakar et l\u2019Union Fraternelle des Ressortissants Burkinab\u00e8 au S\u00e9n\u00e9gal (UFRBS)<\/p>\n<p><img loading=\"lazy\" decoding=\"async\" class=\"alignnone size-full wp-image-46976\" src=\"https:\/\/reveil-info.net\/wp-content\/uploads\/2026\/03\/1773504955161.jpg\" alt=\"\" width=\"720\" height=\"818\" srcset=\"https:\/\/reveil-info.net\/wp-content\/uploads\/2026\/03\/1773504955161.jpg 720w, https:\/\/reveil-info.net\/wp-content\/uploads\/2026\/03\/1773504955161-264x300.jpg 264w\" sizes=\"auto, (max-width: 720px) 100vw, 720px\" \/><\/p>\n<p>Dans la matin\u00e9e de ce samedi 14 mars 2026, les locaux de la Chancellerie du Burkina Faso \u00e0 Dakar ont abrit\u00e9 la premi\u00e8re r\u00e9union trimestrielle de l\u2019ann\u00e9e 2026 entre la Repr\u00e9sentation diplomatique et l\u2019Union Fraternelle des Ressortissants Burkinab\u00e8 au S\u00e9n\u00e9gal (UFRBS).<\/p>\n<p>Pr\u00e9sid\u00e9e par Son Excellence Monsieur Sa\u00efdou MA\u00cfGA, Ambassadeur du Burkina Faso au S\u00e9n\u00e9gal, cette rencontre s\u2019est voulue un cadre d\u2019\u00e9changes constructifs et fraternels entre l\u2019Ambassade et les membres du bureau central de l\u2019UFRBS.<\/p>\n<p>\u00c0 cette occasion, Son Excellence a present\u00e9 un aper\u00e7u de la situation sociopolitique actuelle du Burkina Faso, tout en saluant l\u2019engagement constant et exemplaire de la communaut\u00e9 burkinab\u00e8 au S\u00e9n\u00e9gal en faveur de la coh\u00e9sion, de la solidarit\u00e9 et du rayonnement du pays.<\/p>\n<p><img loading=\"lazy\" decoding=\"async\" class=\"alignnone size-full wp-image-46978\" src=\"https:\/\/reveil-info.net\/wp-content\/uploads\/2026\/03\/1773504942390.jpg\" alt=\"\" width=\"720\" height=\"540\" srcset=\"https:\/\/reveil-info.net\/wp-content\/uploads\/2026\/03\/1773504942390.jpg 720w, https:\/\/reveil-info.net\/wp-content\/uploads\/2026\/03\/1773504942390-300x225.jpg 300w\" sizes=\"auto, (max-width: 720px) 100vw, 720px\" \/><\/p>\n<p>Les discussions ont \u00e9galement port\u00e9 sur les programmes d\u2019activit\u00e9s, tant celles d\u00e9j\u00e0 r\u00e9alis\u00e9es que celles \u00e0 venir, de l\u2019Ambassade et de l\u2019UFRBS, avec un point particulier sur l\u2019organisation des journ\u00e9es culturelles et patriotiques, ainsi que sur le Maracana de la communaut\u00e9.<\/p>\n<p>La rencontre s&rsquo;est poursuivie par une session interactive de questions-r\u00e9ponses, permettant d&rsquo;aborder plusieurs pr\u00e9occupations et suggestions des participants.<\/p>\n<p><img loading=\"lazy\" decoding=\"async\" class=\"alignnone size-full wp-image-46979\" src=\"https:\/\/reveil-info.net\/wp-content\/uploads\/2026\/03\/1773504938402.jpg\" alt=\"\" width=\"720\" height=\"960\" srcset=\"https:\/\/reveil-info.net\/wp-content\/uploads\/2026\/03\/1773504938402.jpg 720w, https:\/\/reveil-info.net\/wp-content\/uploads\/2026\/03\/1773504938402-225x300.jpg 225w\" sizes=\"auto, (max-width: 720px) 100vw, 720px\" \/><br \/>\nElle s&rsquo;est achev\u00e9e par un partage d&rsquo;informations g\u00e9n\u00e9rales sur la vie de la communaut\u00e9 et sur certaines initiatives en cours, notamment l&rsquo;initiative \u00ab Diaspora Bond \u00bb du Gouvernement, destin\u00e9e \u00e0 mobiliser les ressources de la diaspora pour contribuer au d\u00e9veloppement national.<\/p>\n<p>Source : ambassade du Burkina Au S\u00e9n\u00e9gal<\/p>\n","protected":false},"excerpt":{"rendered":"<p>Dakar, 14 mars 2026 R\u00e9union trimestrielle entre l\u2019Ambassade du Burkina Faso \u00e0 Dakar et l\u2019Union<\/p>\n","protected":false},"author":1,"featured_media":0,"comment_status":"open","ping_status":"open","sticky":false,"template":"","format":"standard","meta":{"footnotes":""},"categories":[41],"tags":[],"class_list":["post-46973","post","type-post","status-publish","format-standard","hentry","category-news-de-la-diaspora"],"yoast_head":"<!-- This site is optimized with the Yoast SEO plugin v27.5 - https:\/\/yoast.com\/product\/yoast-seo-wordpress\/ -->\n<title>Dakar : rencontre entre l&#039;ambassade et l&#039;union fraternelle des ressortissants Burkinab\u00e8 au S\u00e9n\u00e9gal - R\u00e9veil Info<\/title>\n<meta name=\"robots\" content=\"noindex, follow, max-snippet:-1, max-image-preview:large, max-video-preview:-1\" \/>\n<meta property=\"og:locale\" content=\"fr_FR\" \/>\n<meta property=\"og:type\" content=\"article\" \/>\n<meta property=\"og:title\" content=\"Dakar : rencontre entre l&#039;ambassade et l&#039;union fraternelle des ressortissants Burkinab\u00e8 au S\u00e9n\u00e9gal - R\u00e9veil Info\" \/>\n<meta property=\"og:description\" content=\"Dakar, 14 mars 2026 R\u00e9union trimestrielle entre l\u2019Ambassade du Burkina Faso \u00e0 Dakar et l\u2019Union\" \/>\n<meta property=\"og:url\" content=\"https:\/\/reveil-info.net\/?p=46973\" \/>\n<meta property=\"og:site_name\" content=\"R\u00e9veil Info\" \/>\n<meta property=\"article:published_time\" content=\"2026-03-14T16:22:20+00:00\" \/>\n<meta property=\"og:image\" content=\"https:\/\/reveil-info.net\/wp-content\/uploads\/2026\/03\/1773504955161.jpg\" \/>\n\t<meta property=\"og:image:width\" content=\"720\" \/>\n\t<meta property=\"og:image:height\" content=\"818\" \/>\n\t<meta property=\"og:image:type\" content=\"image\/jpeg\" \/>\n<meta name=\"author\" content=\"R\u00e9veil info\" \/>\n<meta name=\"twitter:card\" content=\"summary_large_image\" \/>\n<meta name=\"twitter:label1\" content=\"\u00c9crit par\" \/>\n\t<meta name=\"twitter:data1\" content=\"R\u00e9veil info\" \/>\n\t<meta name=\"twitter:label2\" content=\"Dur\u00e9e de lecture estim\u00e9e\" \/>\n\t<meta name=\"twitter:data2\" content=\"2 minutes\" \/>\n<script type=\"application\/ld+json\" class=\"yoast-schema-graph\">{\"@context\":\"https:\\\/\\\/schema.org\",\"@graph\":[{\"@type\":\"Article\",\"@id\":\"https:\\\/\\\/reveil-info.net\\\/?p=46973#article\",\"isPartOf\":{\"@id\":\"https:\\\/\\\/reveil-info.net\\\/?p=46973\"},\"author\":{\"name\":\"R\u00e9veil info\",\"@id\":\"https:\\\/\\\/reveil-info.net\\\/#\\\/schema\\\/person\\\/ca0cc8e70088e0a2b5e92556c1ee60f5\"},\"headline\":\"Dakar : rencontre entre l&rsquo;ambassade et l&rsquo;union fraternelle des ressortissants Burkinab\u00e8 au S\u00e9n\u00e9gal\",\"datePublished\":\"2026-03-14T16:22:20+00:00\",\"mainEntityOfPage\":{\"@id\":\"https:\\\/\\\/reveil-info.net\\\/?p=46973\"},\"wordCount\":301,\"commentCount\":0,\"publisher\":{\"@id\":\"https:\\\/\\\/reveil-info.net\\\/#organization\"},\"image\":{\"@id\":\"https:\\\/\\\/reveil-info.net\\\/?p=46973#primaryimage\"},\"thumbnailUrl\":\"https:\\\/\\\/reveil-info.net\\\/wp-content\\\/uploads\\\/2026\\\/03\\\/1773504955161.jpg\",\"articleSection\":[\"NEWS DE LA DIASPORA\"],\"inLanguage\":\"fr-FR\",\"potentialAction\":[{\"@type\":\"CommentAction\",\"name\":\"Comment\",\"target\":[\"https:\\\/\\\/reveil-info.net\\\/?p=46973#respond\"]}]},{\"@type\":\"WebPage\",\"@id\":\"https:\\\/\\\/reveil-info.net\\\/?p=46973\",\"url\":\"https:\\\/\\\/reveil-info.net\\\/?p=46973\",\"name\":\"Dakar : rencontre entre l'ambassade et l'union fraternelle des ressortissants Burkinab\u00e8 au S\u00e9n\u00e9gal - R\u00e9veil Info\",\"isPartOf\":{\"@id\":\"https:\\\/\\\/reveil-info.net\\\/#website\"},\"primaryImageOfPage\":{\"@id\":\"https:\\\/\\\/reveil-info.net\\\/?p=46973#primaryimage\"},\"image\":{\"@id\":\"https:\\\/\\\/reveil-info.net\\\/?p=46973#primaryimage\"},\"thumbnailUrl\":\"https:\\\/\\\/reveil-info.net\\\/wp-content\\\/uploads\\\/2026\\\/03\\\/1773504955161.jpg\",\"datePublished\":\"2026-03-14T16:22:20+00:00\",\"breadcrumb\":{\"@id\":\"https:\\\/\\\/reveil-info.net\\\/?p=46973#breadcrumb\"},\"inLanguage\":\"fr-FR\",\"potentialAction\":[{\"@type\":\"ReadAction\",\"target\":[\"https:\\\/\\\/reveil-info.net\\\/?p=46973\"]}]},{\"@type\":\"ImageObject\",\"inLanguage\":\"fr-FR\",\"@id\":\"https:\\\/\\\/reveil-info.net\\\/?p=46973#primaryimage\",\"url\":\"https:\\\/\\\/reveil-info.net\\\/wp-content\\\/uploads\\\/2026\\\/03\\\/1773504955161.jpg\",\"contentUrl\":\"https:\\\/\\\/reveil-info.net\\\/wp-content\\\/uploads\\\/2026\\\/03\\\/1773504955161.jpg\",\"width\":720,\"height\":818},{\"@type\":\"BreadcrumbList\",\"@id\":\"https:\\\/\\\/reveil-info.net\\\/?p=46973#breadcrumb\",\"itemListElement\":[{\"@type\":\"ListItem\",\"position\":1,\"name\":\"Home\",\"item\":\"https:\\\/\\\/reveil-info.net\\\/\"},{\"@type\":\"ListItem\",\"position\":2,\"name\":\"Dakar : rencontre entre l&rsquo;ambassade et l&rsquo;union fraternelle des ressortissants Burkinab\u00e8 au S\u00e9n\u00e9gal\"}]},{\"@type\":\"WebSite\",\"@id\":\"https:\\\/\\\/reveil-info.net\\\/#website\",\"url\":\"https:\\\/\\\/reveil-info.net\\\/\",\"name\":\"R\u00e9veil Info\",\"description\":\"Le devoir d&#039;informer!\",\"publisher\":{\"@id\":\"https:\\\/\\\/reveil-info.net\\\/#organization\"},\"potentialAction\":[{\"@type\":\"SearchAction\",\"target\":{\"@type\":\"EntryPoint\",\"urlTemplate\":\"https:\\\/\\\/reveil-info.net\\\/?s={search_term_string}\"},\"query-input\":{\"@type\":\"PropertyValueSpecification\",\"valueRequired\":true,\"valueName\":\"search_term_string\"}}],\"inLanguage\":\"fr-FR\"},{\"@type\":\"Organization\",\"@id\":\"https:\\\/\\\/reveil-info.net\\\/#organization\",\"name\":\"R\u00e9veil Info\",\"url\":\"https:\\\/\\\/reveil-info.net\\\/\",\"logo\":{\"@type\":\"ImageObject\",\"inLanguage\":\"fr-FR\",\"@id\":\"https:\\\/\\\/reveil-info.net\\\/#\\\/schema\\\/logo\\\/image\\\/\",\"url\":\"https:\\\/\\\/reveil-info.net\\\/wp-content\\\/uploads\\\/2024\\\/07\\\/bnddd1.jpg\",\"contentUrl\":\"https:\\\/\\\/reveil-info.net\\\/wp-content\\\/uploads\\\/2024\\\/07\\\/bnddd1.jpg\",\"width\":903,\"height\":125,\"caption\":\"R\u00e9veil Info\"},\"image\":{\"@id\":\"https:\\\/\\\/reveil-info.net\\\/#\\\/schema\\\/logo\\\/image\\\/\"}},{\"@type\":\"Person\",\"@id\":\"https:\\\/\\\/reveil-info.net\\\/#\\\/schema\\\/person\\\/ca0cc8e70088e0a2b5e92556c1ee60f5\",\"name\":\"R\u00e9veil info\",\"image\":{\"@type\":\"ImageObject\",\"inLanguage\":\"fr-FR\",\"@id\":\"https:\\\/\\\/secure.gravatar.com\\\/avatar\\\/e4ad5bb743c8b6cb174d9df6c7d30a8a16f6889731241345fc6444e6485f02af?s=96&d=mm&r=g\",\"url\":\"https:\\\/\\\/secure.gravatar.com\\\/avatar\\\/e4ad5bb743c8b6cb174d9df6c7d30a8a16f6889731241345fc6444e6485f02af?s=96&d=mm&r=g\",\"contentUrl\":\"https:\\\/\\\/secure.gravatar.com\\\/avatar\\\/e4ad5bb743c8b6cb174d9df6c7d30a8a16f6889731241345fc6444e6485f02af?s=96&d=mm&r=g\",\"caption\":\"R\u00e9veil info\"},\"sameAs\":[\"https:\\\/\\\/reveil-info.net\"],\"url\":\"https:\\\/\\\/reveil-info.net\\\/?author=1\"}]}<\/script>\n<!-- \/ Yoast SEO plugin. -->","yoast_head_json":{"title":"Dakar : rencontre entre l'ambassade et l'union fraternelle des ressortissants Burkinab\u00e8 au S\u00e9n\u00e9gal - R\u00e9veil Info","robots":{"index":"noindex","follow":"follow","max-snippet":"max-snippet:-1","max-image-preview":"max-image-preview:large","max-video-preview":"max-video-preview:-1"},"og_locale":"fr_FR","og_type":"article","og_title":"Dakar : rencontre entre l'ambassade et l'union fraternelle des ressortissants Burkinab\u00e8 au S\u00e9n\u00e9gal - R\u00e9veil Info","og_description":"Dakar, 14 mars 2026 R\u00e9union trimestrielle entre l\u2019Ambassade du Burkina Faso \u00e0 Dakar et l\u2019Union","og_url":"https:\/\/reveil-info.net\/?p=46973","og_site_name":"R\u00e9veil Info","article_published_time":"2026-03-14T16:22:20+00:00","og_image":[{"width":720,"height":818,"url":"https:\/\/reveil-info.net\/wp-content\/uploads\/2026\/03\/1773504955161.jpg","type":"image\/jpeg"}],"author":"R\u00e9veil info","twitter_card":"summary_large_image","twitter_misc":{"\u00c9crit par":"R\u00e9veil info","Dur\u00e9e de lecture estim\u00e9e":"2 minutes"},"schema":{"@context":"https:\/\/schema.org","@graph":[{"@type":"Article","@id":"https:\/\/reveil-info.net\/?p=46973#article","isPartOf":{"@id":"https:\/\/reveil-info.net\/?p=46973"},"author":{"name":"R\u00e9veil info","@id":"https:\/\/reveil-info.net\/#\/schema\/person\/ca0cc8e70088e0a2b5e92556c1ee60f5"},"headline":"Dakar : rencontre entre l&rsquo;ambassade et l&rsquo;union fraternelle des ressortissants Burkinab\u00e8 au S\u00e9n\u00e9gal","datePublished":"2026-03-14T16:22:20+00:00","mainEntityOfPage":{"@id":"https:\/\/reveil-info.net\/?p=46973"},"wordCount":301,"commentCount":0,"publisher":{"@id":"https:\/\/reveil-info.net\/#organization"},"image":{"@id":"https:\/\/reveil-info.net\/?p=46973#primaryimage"},"thumbnailUrl":"https:\/\/reveil-info.net\/wp-content\/uploads\/2026\/03\/1773504955161.jpg","articleSection":["NEWS DE LA DIASPORA"],"inLanguage":"fr-FR","potentialAction":[{"@type":"CommentAction","name":"Comment","target":["https:\/\/reveil-info.net\/?p=46973#respond"]}]},{"@type":"WebPage","@id":"https:\/\/reveil-info.net\/?p=46973","url":"https:\/\/reveil-info.net\/?p=46973","name":"Dakar : rencontre entre l'ambassade et l'union fraternelle des ressortissants Burkinab\u00e8 au S\u00e9n\u00e9gal - R\u00e9veil Info","isPartOf":{"@id":"https:\/\/reveil-info.net\/#website"},"primaryImageOfPage":{"@id":"https:\/\/reveil-info.net\/?p=46973#primaryimage"},"image":{"@id":"https:\/\/reveil-info.net\/?p=46973#primaryimage"},"thumbnailUrl":"https:\/\/reveil-info.net\/wp-content\/uploads\/2026\/03\/1773504955161.jpg","datePublished":"2026-03-14T16:22:20+00:00","breadcrumb":{"@id":"https:\/\/reveil-info.net\/?p=46973#breadcrumb"},"inLanguage":"fr-FR","potentialAction":[{"@type":"ReadAction","target":["https:\/\/reveil-info.net\/?p=46973"]}]},{"@type":"ImageObject","inLanguage":"fr-FR","@id":"https:\/\/reveil-info.net\/?p=46973#primaryimage","url":"https:\/\/reveil-info.net\/wp-content\/uploads\/2026\/03\/1773504955161.jpg","contentUrl":"https:\/\/reveil-info.net\/wp-content\/uploads\/2026\/03\/1773504955161.jpg","width":720,"height":818},{"@type":"BreadcrumbList","@id":"https:\/\/reveil-info.net\/?p=46973#breadcrumb","itemListElement":[{"@type":"ListItem","position":1,"name":"Home","item":"https:\/\/reveil-info.net\/"},{"@type":"ListItem","position":2,"name":"Dakar : rencontre entre l&rsquo;ambassade et l&rsquo;union fraternelle des ressortissants Burkinab\u00e8 au S\u00e9n\u00e9gal"}]},{"@type":"WebSite","@id":"https:\/\/reveil-info.net\/#website","url":"https:\/\/reveil-info.net\/","name":"R\u00e9veil Info","description":"Le devoir d&#039;informer!","publisher":{"@id":"https:\/\/reveil-info.net\/#organization"},"potentialAction":[{"@type":"SearchAction","target":{"@type":"EntryPoint","urlTemplate":"https:\/\/reveil-info.net\/?s={search_term_string}"},"query-input":{"@type":"PropertyValueSpecification","valueRequired":true,"valueName":"search_term_string"}}],"inLanguage":"fr-FR"},{"@type":"Organization","@id":"https:\/\/reveil-info.net\/#organization","name":"R\u00e9veil Info","url":"https:\/\/reveil-info.net\/","logo":{"@type":"ImageObject","inLanguage":"fr-FR","@id":"https:\/\/reveil-info.net\/#\/schema\/logo\/image\/","url":"https:\/\/reveil-info.net\/wp-content\/uploads\/2024\/07\/bnddd1.jpg","contentUrl":"https:\/\/reveil-info.net\/wp-content\/uploads\/2024\/07\/bnddd1.jpg","width":903,"height":125,"caption":"R\u00e9veil Info"},"image":{"@id":"https:\/\/reveil-info.net\/#\/schema\/logo\/image\/"}},{"@type":"Person","@id":"https:\/\/reveil-info.net\/#\/schema\/person\/ca0cc8e70088e0a2b5e92556c1ee60f5","name":"R\u00e9veil info","image":{"@type":"ImageObject","inLanguage":"fr-FR","@id":"https:\/\/secure.gravatar.com\/avatar\/e4ad5bb743c8b6cb174d9df6c7d30a8a16f6889731241345fc6444e6485f02af?s=96&d=mm&r=g","url":"https:\/\/secure.gravatar.com\/avatar\/e4ad5bb743c8b6cb174d9df6c7d30a8a16f6889731241345fc6444e6485f02af?s=96&d=mm&r=g","contentUrl":"https:\/\/secure.gravatar.com\/avatar\/e4ad5bb743c8b6cb174d9df6c7d30a8a16f6889731241345fc6444e6485f02af?s=96&d=mm&r=g","caption":"R\u00e9veil info"},"sameAs":["https:\/\/reveil-info.net"],"url":"https:\/\/reveil-info.net\/?author=1"}]}},"jetpack_featured_media_url":"","featured_image_urls":{"full":"","thumbnail":"","medium":"","medium_large":"","large":"","1536x1536":"","2048x2048":"","chromenews-featured":"","chromenews-large":"","chromenews-medium":""},"author_info":{"display_name":"R\u00e9veil info","author_link":"https:\/\/reveil-info.net\/?author=1"},"category_info":"<a href=\"https:\/\/reveil-info.net\/?cat=41\" rel=\"category\">NEWS DE LA DIASPORA<\/a>","tag_info":"NEWS DE LA DIASPORA","comment_count":"0","_links":{"self":[{"href":"https:\/\/reveil-info.net\/index.php?rest_route=\/wp\/v2\/posts\/46973","targetHints":{"allow":["GET"]}}],"collection":[{"href":"https:\/\/reveil-info.net\/index.php?rest_route=\/wp\/v2\/posts"}],"about":[{"href":"https:\/\/reveil-info.net\/index.php?rest_route=\/wp\/v2\/types\/post"}],"author":[{"embeddable":true,"href":"https:\/\/reveil-info.net\/index.php?rest_route=\/wp\/v2\/users\/1"}],"replies":[{"embeddable":true,"href":"https:\/\/reveil-info.net\/index.php?rest_route=%2Fwp%2Fv2%2Fcomments&post=46973"}],"version-history":[{"count":5,"href":"https:\/\/reveil-info.net\/index.php?rest_route=\/wp\/v2\/posts\/46973\/revisions"}],"predecessor-version":[{"id":46981,"href":"https:\/\/reveil-info.net\/index.php?rest_route=\/wp\/v2\/posts\/46973\/revisions\/46981"}],"wp:attachment":[{"href":"https:\/\/reveil-info.net\/index.php?rest_route=%2Fwp%2Fv2%2Fmedia&parent=46973"}],"wp:term":[{"taxonomy":"category","embeddable":true,"href":"https:\/\/reveil-info.net\/index.php?rest_route=%2Fwp%2Fv2%2Fcategories&post=46973"},{"taxonomy":"post_tag","embeddable":true,"href":"https:\/\/reveil-info.net\/index.php?rest_route=%2Fwp%2Fv2%2Ftags&post=46973"}],"curies":[{"name":"wp","href":"https:\/\/api.w.org\/{rel}","templated":true}]}}