{"id":46855,"date":"2026-03-13T10:40:40","date_gmt":"2026-03-13T10:40:40","guid":{"rendered":"https:\/\/reveil-info.net\/?p=46855"},"modified":"2026-03-13T10:40:40","modified_gmt":"2026-03-13T10:40:40","slug":"secteur-minier-au-mali-le-president-assimi-goita-veut-mettre-de-lordre","status":"publish","type":"post","link":"https:\/\/reveil-info.net\/?p=46855","title":{"rendered":"Secteur minier au Mali: le pr\u00e9sident Assimi Go\u00efta veut mettre de l&rsquo;ordre"},"content":{"rendered":"<p>Assimi Go\u00efta tape du poing sur la table : une brigade sp\u00e9ciale pour nettoyer le secteur minier au Mali<\/p>\n<p><img loading=\"lazy\" decoding=\"async\" class=\"alignnone size-full wp-image-46857\" src=\"https:\/\/reveil-info.net\/wp-content\/uploads\/2026\/03\/1773398196773.jpg\" alt=\"\" width=\"720\" height=\"727\" srcset=\"https:\/\/reveil-info.net\/wp-content\/uploads\/2026\/03\/1773398196773.jpg 720w, https:\/\/reveil-info.net\/wp-content\/uploads\/2026\/03\/1773398196773-297x300.jpg 297w, https:\/\/reveil-info.net\/wp-content\/uploads\/2026\/03\/1773398196773-150x150.jpg 150w\" sizes=\"auto, (max-width: 720px) 100vw, 720px\" \/><\/p>\n<p>Le gouvernement malien franchit une nouvelle \u00e9tape dans la lutte contre l\u2019orpaillage clandestin et les activit\u00e9s mini\u00e8res ill\u00e9gales. R\u00e9uni en Conseil des ministres au Palais de Koulouba sous la pr\u00e9sidence du G\u00e9n\u00e9ral d\u2019Arm\u00e9e Assimi Go\u00efta, Pr\u00e9sident de la Transition et Chef de l\u2019\u00c9tat, l\u2019ex\u00e9cutif a adopt\u00e9 des textes portant cr\u00e9ation d\u2019une Brigade sp\u00e9ciale des Mines.<\/p>\n<p>Objectif : renforcer le contr\u00f4le du secteur minier, lutter contre l\u2019exploitation ill\u00e9gale de l\u2019or et prot\u00e9ger l\u2019environnement face aux d\u00e9g\u00e2ts caus\u00e9s par certaines pratiques incontr\u00f4l\u00e9es.<\/p>\n<p><img loading=\"lazy\" decoding=\"async\" class=\"alignnone size-full wp-image-46859\" src=\"https:\/\/reveil-info.net\/wp-content\/uploads\/2026\/03\/1773398204713.jpg\" alt=\"\" width=\"680\" height=\"290\" srcset=\"https:\/\/reveil-info.net\/wp-content\/uploads\/2026\/03\/1773398204713.jpg 680w, https:\/\/reveil-info.net\/wp-content\/uploads\/2026\/03\/1773398204713-300x128.jpg 300w\" sizes=\"auto, (max-width: 680px) 100vw, 680px\" \/><\/p>\n<p>Cette nouvelle structure aura une comp\u00e9tence nationale et m\u00e8nera des missions de police judiciaire dans le domaine minier. Elle devra notamment traquer l\u2019orpaillage clandestin, s\u00e9curiser les sites d\u2019exploitation et appuyer l\u2019\u00c9tat dans la protection des ressources naturelles.<\/p>\n<p>Ces derni\u00e8res ann\u00e9es, plusieurs zones mini\u00e8res du Mali sont confront\u00e9es \u00e0 une multiplication de r\u00e9seaux organis\u00e9s d\u2019exploitation ill\u00e9gale, causant des pertes \u00e9conomiques importantes pour l\u2019\u00c9tat et des d\u00e9g\u00e2ts environnementaux parfois irr\u00e9versibles.<\/p>\n<p>Par ailleurs, le Conseil des ministres a aussi d\u00e9cid\u00e9 l\u2019affectation d\u2019un terrain de plus de 92 hectares \u00e0 Koutiala afin de relocaliser une partie des habitants du village de Koumb\u00e9, r\u00e9guli\u00e8rement touch\u00e9 par des inondations.<\/p>\n<p>Une d\u00e9cision qui vise \u00e0 s\u00e9curiser les populations et am\u00e9liorer leurs conditions de vie face aux risques climatiques.<\/p>\n<p>Entre protection des ressources naturelles, lutte contre les trafics et s\u00e9curit\u00e9 des populations, les autorit\u00e9s maliennes veulent renforcer la gouvernance dans des secteurs strat\u00e9giques pour l\u2019\u00e9conomie nationale.<\/p>\n<p>Source : BamadaNet<\/p>\n<p>Reveil-info<\/p>\n","protected":false},"excerpt":{"rendered":"<p>Assimi Go\u00efta tape du poing sur la table : une brigade sp\u00e9ciale pour nettoyer le<\/p>\n","protected":false},"author":1,"featured_media":0,"comment_status":"open","ping_status":"open","sticky":false,"template":"","format":"standard","meta":{"footnotes":""},"categories":[2,47],"tags":[],"class_list":["post-46855","post","type-post","status-publish","format-standard","hentry","category-actu","category-aes"],"yoast_head":"<!-- This site is optimized with the Yoast SEO plugin v27.5 - https:\/\/yoast.com\/product\/yoast-seo-wordpress\/ -->\n<title>Secteur minier au Mali: le pr\u00e9sident Assimi Go\u00efta veut mettre de l&#039;ordre - R\u00e9veil Info<\/title>\n<meta name=\"robots\" content=\"noindex, follow, max-snippet:-1, max-image-preview:large, max-video-preview:-1\" \/>\n<meta property=\"og:locale\" content=\"fr_FR\" \/>\n<meta property=\"og:type\" content=\"article\" \/>\n<meta property=\"og:title\" content=\"Secteur minier au Mali: le pr\u00e9sident Assimi Go\u00efta veut mettre de l&#039;ordre - R\u00e9veil Info\" \/>\n<meta property=\"og:description\" content=\"Assimi Go\u00efta tape du poing sur la table : une brigade sp\u00e9ciale pour nettoyer le\" \/>\n<meta property=\"og:url\" content=\"https:\/\/reveil-info.net\/?p=46855\" \/>\n<meta property=\"og:site_name\" content=\"R\u00e9veil Info\" \/>\n<meta property=\"article:published_time\" content=\"2026-03-13T10:40:40+00:00\" \/>\n<meta property=\"og:image\" content=\"https:\/\/reveil-info.net\/wp-content\/uploads\/2026\/03\/1773398196773.jpg\" \/>\n\t<meta property=\"og:image:width\" content=\"720\" \/>\n\t<meta property=\"og:image:height\" content=\"727\" \/>\n\t<meta property=\"og:image:type\" content=\"image\/jpeg\" \/>\n<meta name=\"author\" content=\"R\u00e9veil info\" \/>\n<meta name=\"twitter:card\" content=\"summary_large_image\" \/>\n<meta name=\"twitter:label1\" content=\"\u00c9crit par\" \/>\n\t<meta name=\"twitter:data1\" content=\"R\u00e9veil info\" \/>\n\t<meta name=\"twitter:label2\" content=\"Dur\u00e9e de lecture estim\u00e9e\" \/>\n\t<meta name=\"twitter:data2\" content=\"2 minutes\" \/>\n<script type=\"application\/ld+json\" class=\"yoast-schema-graph\">{\"@context\":\"https:\\\/\\\/schema.org\",\"@graph\":[{\"@type\":\"Article\",\"@id\":\"https:\\\/\\\/reveil-info.net\\\/?p=46855#article\",\"isPartOf\":{\"@id\":\"https:\\\/\\\/reveil-info.net\\\/?p=46855\"},\"author\":{\"name\":\"R\u00e9veil info\",\"@id\":\"https:\\\/\\\/reveil-info.net\\\/#\\\/schema\\\/person\\\/ca0cc8e70088e0a2b5e92556c1ee60f5\"},\"headline\":\"Secteur minier au Mali: le pr\u00e9sident Assimi Go\u00efta veut mettre de l&rsquo;ordre\",\"datePublished\":\"2026-03-13T10:40:40+00:00\",\"mainEntityOfPage\":{\"@id\":\"https:\\\/\\\/reveil-info.net\\\/?p=46855\"},\"wordCount\":320,\"commentCount\":0,\"publisher\":{\"@id\":\"https:\\\/\\\/reveil-info.net\\\/#organization\"},\"image\":{\"@id\":\"https:\\\/\\\/reveil-info.net\\\/?p=46855#primaryimage\"},\"thumbnailUrl\":\"https:\\\/\\\/reveil-info.net\\\/wp-content\\\/uploads\\\/2026\\\/03\\\/1773398196773.jpg\",\"articleSection\":[\"Actualit\u00e9\",\"AES\"],\"inLanguage\":\"fr-FR\",\"potentialAction\":[{\"@type\":\"CommentAction\",\"name\":\"Comment\",\"target\":[\"https:\\\/\\\/reveil-info.net\\\/?p=46855#respond\"]}]},{\"@type\":\"WebPage\",\"@id\":\"https:\\\/\\\/reveil-info.net\\\/?p=46855\",\"url\":\"https:\\\/\\\/reveil-info.net\\\/?p=46855\",\"name\":\"Secteur minier au Mali: le pr\u00e9sident Assimi Go\u00efta veut mettre de l'ordre - R\u00e9veil Info\",\"isPartOf\":{\"@id\":\"https:\\\/\\\/reveil-info.net\\\/#website\"},\"primaryImageOfPage\":{\"@id\":\"https:\\\/\\\/reveil-info.net\\\/?p=46855#primaryimage\"},\"image\":{\"@id\":\"https:\\\/\\\/reveil-info.net\\\/?p=46855#primaryimage\"},\"thumbnailUrl\":\"https:\\\/\\\/reveil-info.net\\\/wp-content\\\/uploads\\\/2026\\\/03\\\/1773398196773.jpg\",\"datePublished\":\"2026-03-13T10:40:40+00:00\",\"breadcrumb\":{\"@id\":\"https:\\\/\\\/reveil-info.net\\\/?p=46855#breadcrumb\"},\"inLanguage\":\"fr-FR\",\"potentialAction\":[{\"@type\":\"ReadAction\",\"target\":[\"https:\\\/\\\/reveil-info.net\\\/?p=46855\"]}]},{\"@type\":\"ImageObject\",\"inLanguage\":\"fr-FR\",\"@id\":\"https:\\\/\\\/reveil-info.net\\\/?p=46855#primaryimage\",\"url\":\"https:\\\/\\\/reveil-info.net\\\/wp-content\\\/uploads\\\/2026\\\/03\\\/1773398196773.jpg\",\"contentUrl\":\"https:\\\/\\\/reveil-info.net\\\/wp-content\\\/uploads\\\/2026\\\/03\\\/1773398196773.jpg\",\"width\":720,\"height\":727},{\"@type\":\"BreadcrumbList\",\"@id\":\"https:\\\/\\\/reveil-info.net\\\/?p=46855#breadcrumb\",\"itemListElement\":[{\"@type\":\"ListItem\",\"position\":1,\"name\":\"Home\",\"item\":\"https:\\\/\\\/reveil-info.net\\\/\"},{\"@type\":\"ListItem\",\"position\":2,\"name\":\"Secteur minier au Mali: le pr\u00e9sident Assimi Go\u00efta veut mettre de l&rsquo;ordre\"}]},{\"@type\":\"WebSite\",\"@id\":\"https:\\\/\\\/reveil-info.net\\\/#website\",\"url\":\"https:\\\/\\\/reveil-info.net\\\/\",\"name\":\"R\u00e9veil Info\",\"description\":\"Le devoir d&#039;informer!\",\"publisher\":{\"@id\":\"https:\\\/\\\/reveil-info.net\\\/#organization\"},\"potentialAction\":[{\"@type\":\"SearchAction\",\"target\":{\"@type\":\"EntryPoint\",\"urlTemplate\":\"https:\\\/\\\/reveil-info.net\\\/?s={search_term_string}\"},\"query-input\":{\"@type\":\"PropertyValueSpecification\",\"valueRequired\":true,\"valueName\":\"search_term_string\"}}],\"inLanguage\":\"fr-FR\"},{\"@type\":\"Organization\",\"@id\":\"https:\\\/\\\/reveil-info.net\\\/#organization\",\"name\":\"R\u00e9veil Info\",\"url\":\"https:\\\/\\\/reveil-info.net\\\/\",\"logo\":{\"@type\":\"ImageObject\",\"inLanguage\":\"fr-FR\",\"@id\":\"https:\\\/\\\/reveil-info.net\\\/#\\\/schema\\\/logo\\\/image\\\/\",\"url\":\"https:\\\/\\\/reveil-info.net\\\/wp-content\\\/uploads\\\/2024\\\/07\\\/bnddd1.jpg\",\"contentUrl\":\"https:\\\/\\\/reveil-info.net\\\/wp-content\\\/uploads\\\/2024\\\/07\\\/bnddd1.jpg\",\"width\":903,\"height\":125,\"caption\":\"R\u00e9veil Info\"},\"image\":{\"@id\":\"https:\\\/\\\/reveil-info.net\\\/#\\\/schema\\\/logo\\\/image\\\/\"}},{\"@type\":\"Person\",\"@id\":\"https:\\\/\\\/reveil-info.net\\\/#\\\/schema\\\/person\\\/ca0cc8e70088e0a2b5e92556c1ee60f5\",\"name\":\"R\u00e9veil info\",\"image\":{\"@type\":\"ImageObject\",\"inLanguage\":\"fr-FR\",\"@id\":\"https:\\\/\\\/secure.gravatar.com\\\/avatar\\\/e4ad5bb743c8b6cb174d9df6c7d30a8a16f6889731241345fc6444e6485f02af?s=96&d=mm&r=g\",\"url\":\"https:\\\/\\\/secure.gravatar.com\\\/avatar\\\/e4ad5bb743c8b6cb174d9df6c7d30a8a16f6889731241345fc6444e6485f02af?s=96&d=mm&r=g\",\"contentUrl\":\"https:\\\/\\\/secure.gravatar.com\\\/avatar\\\/e4ad5bb743c8b6cb174d9df6c7d30a8a16f6889731241345fc6444e6485f02af?s=96&d=mm&r=g\",\"caption\":\"R\u00e9veil info\"},\"sameAs\":[\"https:\\\/\\\/reveil-info.net\"],\"url\":\"https:\\\/\\\/reveil-info.net\\\/?author=1\"}]}<\/script>\n<!-- \/ Yoast SEO plugin. -->","yoast_head_json":{"title":"Secteur minier au Mali: le pr\u00e9sident Assimi Go\u00efta veut mettre de l'ordre - R\u00e9veil Info","robots":{"index":"noindex","follow":"follow","max-snippet":"max-snippet:-1","max-image-preview":"max-image-preview:large","max-video-preview":"max-video-preview:-1"},"og_locale":"fr_FR","og_type":"article","og_title":"Secteur minier au Mali: le pr\u00e9sident Assimi Go\u00efta veut mettre de l'ordre - R\u00e9veil Info","og_description":"Assimi Go\u00efta tape du poing sur la table : une brigade sp\u00e9ciale pour nettoyer le","og_url":"https:\/\/reveil-info.net\/?p=46855","og_site_name":"R\u00e9veil Info","article_published_time":"2026-03-13T10:40:40+00:00","og_image":[{"width":720,"height":727,"url":"https:\/\/reveil-info.net\/wp-content\/uploads\/2026\/03\/1773398196773.jpg","type":"image\/jpeg"}],"author":"R\u00e9veil info","twitter_card":"summary_large_image","twitter_misc":{"\u00c9crit par":"R\u00e9veil info","Dur\u00e9e de lecture estim\u00e9e":"2 minutes"},"schema":{"@context":"https:\/\/schema.org","@graph":[{"@type":"Article","@id":"https:\/\/reveil-info.net\/?p=46855#article","isPartOf":{"@id":"https:\/\/reveil-info.net\/?p=46855"},"author":{"name":"R\u00e9veil info","@id":"https:\/\/reveil-info.net\/#\/schema\/person\/ca0cc8e70088e0a2b5e92556c1ee60f5"},"headline":"Secteur minier au Mali: le pr\u00e9sident Assimi Go\u00efta veut mettre de l&rsquo;ordre","datePublished":"2026-03-13T10:40:40+00:00","mainEntityOfPage":{"@id":"https:\/\/reveil-info.net\/?p=46855"},"wordCount":320,"commentCount":0,"publisher":{"@id":"https:\/\/reveil-info.net\/#organization"},"image":{"@id":"https:\/\/reveil-info.net\/?p=46855#primaryimage"},"thumbnailUrl":"https:\/\/reveil-info.net\/wp-content\/uploads\/2026\/03\/1773398196773.jpg","articleSection":["Actualit\u00e9","AES"],"inLanguage":"fr-FR","potentialAction":[{"@type":"CommentAction","name":"Comment","target":["https:\/\/reveil-info.net\/?p=46855#respond"]}]},{"@type":"WebPage","@id":"https:\/\/reveil-info.net\/?p=46855","url":"https:\/\/reveil-info.net\/?p=46855","name":"Secteur minier au Mali: le pr\u00e9sident Assimi Go\u00efta veut mettre de l'ordre - R\u00e9veil Info","isPartOf":{"@id":"https:\/\/reveil-info.net\/#website"},"primaryImageOfPage":{"@id":"https:\/\/reveil-info.net\/?p=46855#primaryimage"},"image":{"@id":"https:\/\/reveil-info.net\/?p=46855#primaryimage"},"thumbnailUrl":"https:\/\/reveil-info.net\/wp-content\/uploads\/2026\/03\/1773398196773.jpg","datePublished":"2026-03-13T10:40:40+00:00","breadcrumb":{"@id":"https:\/\/reveil-info.net\/?p=46855#breadcrumb"},"inLanguage":"fr-FR","potentialAction":[{"@type":"ReadAction","target":["https:\/\/reveil-info.net\/?p=46855"]}]},{"@type":"ImageObject","inLanguage":"fr-FR","@id":"https:\/\/reveil-info.net\/?p=46855#primaryimage","url":"https:\/\/reveil-info.net\/wp-content\/uploads\/2026\/03\/1773398196773.jpg","contentUrl":"https:\/\/reveil-info.net\/wp-content\/uploads\/2026\/03\/1773398196773.jpg","width":720,"height":727},{"@type":"BreadcrumbList","@id":"https:\/\/reveil-info.net\/?p=46855#breadcrumb","itemListElement":[{"@type":"ListItem","position":1,"name":"Home","item":"https:\/\/reveil-info.net\/"},{"@type":"ListItem","position":2,"name":"Secteur minier au Mali: le pr\u00e9sident Assimi Go\u00efta veut mettre de l&rsquo;ordre"}]},{"@type":"WebSite","@id":"https:\/\/reveil-info.net\/#website","url":"https:\/\/reveil-info.net\/","name":"R\u00e9veil Info","description":"Le devoir d&#039;informer!","publisher":{"@id":"https:\/\/reveil-info.net\/#organization"},"potentialAction":[{"@type":"SearchAction","target":{"@type":"EntryPoint","urlTemplate":"https:\/\/reveil-info.net\/?s={search_term_string}"},"query-input":{"@type":"PropertyValueSpecification","valueRequired":true,"valueName":"search_term_string"}}],"inLanguage":"fr-FR"},{"@type":"Organization","@id":"https:\/\/reveil-info.net\/#organization","name":"R\u00e9veil Info","url":"https:\/\/reveil-info.net\/","logo":{"@type":"ImageObject","inLanguage":"fr-FR","@id":"https:\/\/reveil-info.net\/#\/schema\/logo\/image\/","url":"https:\/\/reveil-info.net\/wp-content\/uploads\/2024\/07\/bnddd1.jpg","contentUrl":"https:\/\/reveil-info.net\/wp-content\/uploads\/2024\/07\/bnddd1.jpg","width":903,"height":125,"caption":"R\u00e9veil Info"},"image":{"@id":"https:\/\/reveil-info.net\/#\/schema\/logo\/image\/"}},{"@type":"Person","@id":"https:\/\/reveil-info.net\/#\/schema\/person\/ca0cc8e70088e0a2b5e92556c1ee60f5","name":"R\u00e9veil info","image":{"@type":"ImageObject","inLanguage":"fr-FR","@id":"https:\/\/secure.gravatar.com\/avatar\/e4ad5bb743c8b6cb174d9df6c7d30a8a16f6889731241345fc6444e6485f02af?s=96&d=mm&r=g","url":"https:\/\/secure.gravatar.com\/avatar\/e4ad5bb743c8b6cb174d9df6c7d30a8a16f6889731241345fc6444e6485f02af?s=96&d=mm&r=g","contentUrl":"https:\/\/secure.gravatar.com\/avatar\/e4ad5bb743c8b6cb174d9df6c7d30a8a16f6889731241345fc6444e6485f02af?s=96&d=mm&r=g","caption":"R\u00e9veil info"},"sameAs":["https:\/\/reveil-info.net"],"url":"https:\/\/reveil-info.net\/?author=1"}]}},"jetpack_featured_media_url":"","featured_image_urls":{"full":"","thumbnail":"","medium":"","medium_large":"","large":"","1536x1536":"","2048x2048":"","chromenews-featured":"","chromenews-large":"","chromenews-medium":""},"author_info":{"display_name":"R\u00e9veil info","author_link":"https:\/\/reveil-info.net\/?author=1"},"category_info":"<a href=\"https:\/\/reveil-info.net\/?cat=2\" rel=\"category\">Actualit\u00e9<\/a> <a href=\"https:\/\/reveil-info.net\/?cat=47\" rel=\"category\">AES<\/a>","tag_info":"AES","comment_count":"0","_links":{"self":[{"href":"https:\/\/reveil-info.net\/index.php?rest_route=\/wp\/v2\/posts\/46855","targetHints":{"allow":["GET"]}}],"collection":[{"href":"https:\/\/reveil-info.net\/index.php?rest_route=\/wp\/v2\/posts"}],"about":[{"href":"https:\/\/reveil-info.net\/index.php?rest_route=\/wp\/v2\/types\/post"}],"author":[{"embeddable":true,"href":"https:\/\/reveil-info.net\/index.php?rest_route=\/wp\/v2\/users\/1"}],"replies":[{"embeddable":true,"href":"https:\/\/reveil-info.net\/index.php?rest_route=%2Fwp%2Fv2%2Fcomments&post=46855"}],"version-history":[{"count":4,"href":"https:\/\/reveil-info.net\/index.php?rest_route=\/wp\/v2\/posts\/46855\/revisions"}],"predecessor-version":[{"id":46861,"href":"https:\/\/reveil-info.net\/index.php?rest_route=\/wp\/v2\/posts\/46855\/revisions\/46861"}],"wp:attachment":[{"href":"https:\/\/reveil-info.net\/index.php?rest_route=%2Fwp%2Fv2%2Fmedia&parent=46855"}],"wp:term":[{"taxonomy":"category","embeddable":true,"href":"https:\/\/reveil-info.net\/index.php?rest_route=%2Fwp%2Fv2%2Fcategories&post=46855"},{"taxonomy":"post_tag","embeddable":true,"href":"https:\/\/reveil-info.net\/index.php?rest_route=%2Fwp%2Fv2%2Ftags&post=46855"}],"curies":[{"name":"wp","href":"https:\/\/api.w.org\/{rel}","templated":true}]}}