{"id":46846,"date":"2026-03-13T10:30:30","date_gmt":"2026-03-13T10:30:30","guid":{"rendered":"https:\/\/reveil-info.net\/?p=46846"},"modified":"2026-03-13T10:32:09","modified_gmt":"2026-03-13T10:32:09","slug":"au-palais-de-justice-un-orpailleur-poignarde-a-mort-son-collegue-bassirou-nom-demprunt-est-nee-le-1er-janvier-1991-il-est-orpailleur-de-profession-pere-de-trois-enfants-vivant-en-union-libre","status":"publish","type":"post","link":"https:\/\/reveil-info.net\/?p=46846","title":{"rendered":"Au Palais de Justice:  un orpailleur poignarde \u00e0 mort son coll\u00e8gue"},"content":{"rendered":"<div class=\"xdj266r x14z9mp xat24cr x1lziwak x1vvkbs x126k92a\">\n<div dir=\"auto\"><b>\u00a0<\/b><strong>Bassirou (nom d&#8217;emprunt) est n\u00e9e le 1er janvier 1991. Il est orpailleur de profession, p\u00e8re de trois enfants vivant en union libre. Il a comparu devant la chambre criminelle du Tribunal de Grande Instance de Bobo-Dioulasso, le 9 mars 2026, pour avoir donn\u00e9 volontairement la mort \u00e0 Sami (nom d&#8217;emprunt), un de ses coll\u00e8gues orpailleur.\u00a0\u00a0<\/strong><\/div>\n<\/div>\n<div class=\"x14z9mp xat24cr x1lziwak x1vvkbs xtlvy1s x126k92a\">\n<div dir=\"auto\"><img loading=\"lazy\" decoding=\"async\" class=\"alignnone wp-image-45814\" src=\"https:\/\/reveil-info.net\/wp-content\/uploads\/2026\/03\/1772632671781.jpg\" alt=\"\" width=\"1099\" height=\"785\" srcset=\"https:\/\/reveil-info.net\/wp-content\/uploads\/2026\/03\/1772632671781.jpg 640w, https:\/\/reveil-info.net\/wp-content\/uploads\/2026\/03\/1772632671781-300x214.jpg 300w\" sizes=\"auto, (max-width: 1099px) 100vw, 1099px\" \/>En d\u00e9cembre 2025\u00a0 un\u00a0 \u00a0meurtre a \u00e9t\u00e9 signal\u00e9 dans le village de Moussobadougou, une localit\u00e9 situ\u00e9e \u00e0 environ 75 kilom\u00e8tres de Bobo-Dioulasso. Pour les constatons d\u2019usage, une \u00e9quipe du Commissariat de police de Toussiana s\u2019est d\u00e9port\u00e9e sur les lieux. Aux premi\u00e8res heures des enqu\u00eates, le mis en cause a \u00e9t\u00e9 interpell\u00e9. Il ressort que les deux Bassirou et Sami travaillaient sur le site d\u2019orpaillage de Moussobadougou. Entre temps, ils ont eu de l\u2019argent d\u2019une valeur de 350 000 F CFA . Bassirou a remis 50 000 F CFA \u00e0 Sami. Un partage que Sami va contester. Il d\u00e9cide donc de r\u00e9clamer le reste de son argent. C\u2019est ainsi que le 28 d\u00e9cembre 2025 aux environs de 19 heures, Sami en compagnie de quelques uns de ses camarades, s\u2019est rendu au domicile de Bassirou. Au moment de r\u00e9clamer son argent, une altercation nait entre les deux . C\u2019est dans cette circonstance que Bassirou a poignard\u00e9 Sami avec un couteau, causant sa mort. Apr\u00e8s son forfait , Bassirou se serait r\u00e9fugi\u00e9 dans un village voisin avant que la Police ne mette la main sur lui.<\/div>\n<\/div>\n<div class=\"x14z9mp xat24cr x1lziwak x1vvkbs xtlvy1s x126k92a\">\n<div dir=\"auto\">\u00c0 la barre<\/div>\n<\/div>\n<div class=\"x14z9mp xat24cr x1lziwak x1vvkbs xtlvy1s x126k92a\">\n<div dir=\"auto\">L\u2019accus\u00e9 reconna\u00eet les faits mais dit avoir donn\u00e9 la mort de fa\u00e7on involontaire. Il a d\u00e9clar\u00e9 devant les juges que \u00ab la victime Sami et moi travaillions ensemble. C\u2019est le d\u00e9funt qui m\u2019a frapp\u00e9 avec un bois en premier suite \u00e0 une bagarre \u00e0 mon domicile. Ce jour-l\u00e0, ils \u00e9taient venus au nombre de six personnes. D\u00e8s qu\u2019il m\u2019a frapp\u00e9 je suis tomb\u00e9. Moi aussi en essayant de me d\u00e9fendre je l\u2019ai poignard\u00e9 avec un couteau \u00e0 deux reprises. Il est tomb\u00e9. C\u2019\u00e9tait en temps de nuit \u00e0 mon domicile \u00bb.<\/div>\n<\/div>\n<div class=\"x14z9mp xat24cr x1lziwak x1vvkbs xtlvy1s x126k92a\">\n<div dir=\"auto\">Le juge a indiqu\u00e9 que plusieurs blessures ont \u00e9t\u00e9 constat\u00e9es sur le corps de la victime. Il demande \u00e0 l\u2019accus\u00e9 s\u2019il a r\u00e9ellement administr\u00e9 deux coups de couteau \u00e0 la victime.<\/div>\n<\/div>\n<div class=\"x14z9mp xat24cr x1lziwak x1vvkbs xtlvy1s x126k92a\">\n<div dir=\"auto\">\u00abOui. Je maintiens ma position. C\u2019est deux fois seulement, je l\u2019ai poignard\u00e9 \u00bb, a-t-il confirm\u00e9.<\/div>\n<\/div>\n<div class=\"x14z9mp xat24cr x1lziwak x1vvkbs xtlvy1s x126k92a\">\n<div dir=\"auto\">Une question lui a \u00e9t\u00e9 pos\u00e9e de savoir s\u2019il allait donner des coups \u00e0 la victime si le m\u00eame sc\u00e9nario se reproduisait.<\/div>\n<\/div>\n<div class=\"x14z9mp xat24cr x1lziwak x1vvkbs xtlvy1s x126k92a\">\n<div dir=\"auto\">L\u2019accus\u00e9 r\u00e9pond par la n\u00e9gative. \u00abJe regrette mon acte et je demande pardon\u00bb, a-t-il ajout\u00e9.<\/div>\n<\/div>\n<div class=\"x14z9mp xat24cr x1lziwak x1vvkbs xtlvy1s x126k92a\">\n<div dir=\"auto\">Un t\u00e9moin \u00e0 la barre<\/div>\n<\/div>\n<div class=\"x14z9mp xat24cr x1lziwak x1vvkbs xtlvy1s x126k92a\">\n<div dir=\"auto\">Selon le t\u00e9moin \u00ab nous travaillons ensemble avec l\u2019accus\u00e9. Nous sommes all\u00e9s r\u00e9clamer l\u2019argent du d\u00e9funt le jour des faits. Apr\u00e8s , il y a eu une bagarre entre le d\u00e9funt et l\u2019accus\u00e9 . Le temps que j\u2019arrive sur les lieux du crime, j\u2019ai trouv\u00e9 Sami dans l\u2019agonie. Il y avait un couteau d\u00e9pos\u00e9 \u00e0 terre. Le couteau appartenait \u00e0 l\u2019accus\u00e9 Bassirou \u00bb.<\/div>\n<\/div>\n<div class=\"x14z9mp xat24cr x1lziwak x1vvkbs xtlvy1s x126k92a\">\n<div dir=\"auto\">R\u00e9clamations et r\u00e9quisitions<\/div>\n<\/div>\n<div class=\"x14z9mp xat24cr x1lziwak x1vvkbs xtlvy1s x126k92a\">\n<div dir=\"auto\">Le repr\u00e9sentant des parents de la victime a r\u00e9v\u00e9l\u00e9 \u00e0 la barre que le d\u00e9funt n\u2019avait ni femme ni enfant. Et qu\u2019il \u00e9tait l\u2019a\u00een\u00e9 de sa famille. Au titre des int\u00e9r\u00eats civils, il n\u2019a rien r\u00e9clam\u00e9.<\/div>\n<\/div>\n<div class=\"x14z9mp xat24cr x1lziwak x1vvkbs xtlvy1s x126k92a\">\n<div dir=\"auto\">Le minist\u00e8re public, apr\u00e8s avoir analys\u00e9 les faits, les a qualifi\u00e9s de meurtre. Il a requis contre Bassirou une peine d\u2019emprisonnement de 30 ans ferme.<\/div>\n<\/div>\n<div class=\"x14z9mp xat24cr x1lziwak x1vvkbs xtlvy1s x126k92a\">\n<div dir=\"auto\">Avocat de la d\u00e9fense<\/div>\n<\/div>\n<div class=\"x14z9mp xat24cr x1lziwak x1vvkbs xtlvy1s x126k92a\">\n<div dir=\"auto\">Ma\u00eetre Ramd\u00e9 est l\u2019avocat de la d\u00e9fense. Pour lui, il y a eu mort d\u2019homme certes, mais il faut s\u2019interroger sur les causes lointaines de ce crime. L\u2019avocat \u00e9voque les excuses et provocations comme circonstances att\u00e9nuantes en faveur de son client. En cons\u00e9quent, il a demand\u00e9 au tribunal une peine moins lourde que celle de l\u2019emprisonnement de 30 ans ferme requise par le procureur.<\/div>\n<\/div>\n<div class=\"x14z9mp xat24cr x1lziwak x1vvkbs xtlvy1s x126k92a\">\n<div dir=\"auto\">Le verdict sera connu le 23 mars 2026.<\/div>\n<div dir=\"auto\"><\/div>\n<\/div>\n<div class=\"x14z9mp xat24cr x1lziwak x1vvkbs xtlvy1s x126k92a\">\n<div dir=\"auto\"><strong>Source : L&rsquo;Express du Faso<\/strong><\/div>\n<\/div>\n<div class=\"x14z9mp xat24cr x1lziwak x1vvkbs xtlvy1s x126k92a\">\n<div dir=\"auto\"><strong><span class=\"html-span xdj266r x14z9mp xat24cr x1lziwak xexx8yu xyri2b x18d9i69 x1c1uobl x1hl2dhg x16tdsg8 x1vvkbs\"><a class=\"x1i10hfl xjbqb8w x1ejq31n x18oe1m7 x1sy0etr xstzfhl x972fbf x10w94by x1qhh985 x14e42zd x9f619 x1ypdohk xt0psk2 x3ct3a4 xdj266r x14z9mp xat24cr x1lziwak xexx8yu xyri2b x18d9i69 x1c1uobl x16tdsg8 x1hl2dhg xggy1nq x1a2a7pz xkrqix3 x1sur9pj x1fey0fg x1s688f\" tabindex=\"0\" role=\"link\" href=\"https:\/\/web.facebook.com\/profile.php?id=61574571219702&amp;__cft__[0]=AZb-sQVuL6XiNfawOa8H2qVEuiYuha9FOP8DsolY-2Nu0RRhqqnNUZCCBCTSyE6fZSMkZh0lCpMsT8asN7G-0SUxJLiGs19YRkOV3OCSJ1t_byF2XFqrZNSE8T4SM3ts17GgdEylxLH06kiw2lg0MuLXiVJv3g7KiD_kZqiuJtb1B3gK2XqajzpsANCzxqOv9eh9c8Mgnu_BGzawjQ3qGJK9&amp;__tn__=-]K-R\"><span class=\"xt0psk2\"><span class=\"xjp7ctv\">Justice Infos Burkina<\/span><\/span><\/a><\/span><\/strong><\/div>\n<\/div>\n","protected":false},"excerpt":{"rendered":"<p>\u00a0Bassirou (nom d&#8217;emprunt) est n\u00e9e le 1er janvier 1991. Il est orpailleur de profession, p\u00e8re<\/p>\n","protected":false},"author":1,"featured_media":0,"comment_status":"open","ping_status":"open","sticky":false,"template":"","format":"standard","meta":{"footnotes":""},"categories":[45],"tags":[],"class_list":["post-46846","post","type-post","status-publish","format-standard","hentry","category-justice"],"yoast_head":"<!-- This site is optimized with the Yoast SEO plugin v27.5 - https:\/\/yoast.com\/product\/yoast-seo-wordpress\/ -->\n<title>Au Palais de Justice: un orpailleur poignarde \u00e0 mort son coll\u00e8gue - R\u00e9veil Info<\/title>\n<meta name=\"robots\" content=\"noindex, follow, max-snippet:-1, max-image-preview:large, max-video-preview:-1\" \/>\n<meta property=\"og:locale\" content=\"fr_FR\" \/>\n<meta property=\"og:type\" content=\"article\" \/>\n<meta property=\"og:title\" content=\"Au Palais de Justice: un orpailleur poignarde \u00e0 mort son coll\u00e8gue - R\u00e9veil Info\" \/>\n<meta property=\"og:description\" content=\"\u00a0Bassirou (nom d&#8217;emprunt) est n\u00e9e le 1er janvier 1991. Il est orpailleur de profession, p\u00e8re\" \/>\n<meta property=\"og:url\" content=\"https:\/\/reveil-info.net\/?p=46846\" \/>\n<meta property=\"og:site_name\" content=\"R\u00e9veil Info\" \/>\n<meta property=\"article:published_time\" content=\"2026-03-13T10:30:30+00:00\" \/>\n<meta property=\"article:modified_time\" content=\"2026-03-13T10:32:09+00:00\" \/>\n<meta property=\"og:image\" content=\"https:\/\/reveil-info.net\/wp-content\/uploads\/2026\/03\/1772632671781.jpg\" \/>\n\t<meta property=\"og:image:width\" content=\"640\" \/>\n\t<meta property=\"og:image:height\" content=\"457\" \/>\n\t<meta property=\"og:image:type\" content=\"image\/jpeg\" \/>\n<meta name=\"author\" content=\"R\u00e9veil info\" \/>\n<meta name=\"twitter:card\" content=\"summary_large_image\" \/>\n<meta name=\"twitter:label1\" content=\"\u00c9crit par\" \/>\n\t<meta name=\"twitter:data1\" content=\"R\u00e9veil info\" \/>\n\t<meta name=\"twitter:label2\" content=\"Dur\u00e9e de lecture estim\u00e9e\" \/>\n\t<meta name=\"twitter:data2\" content=\"4 minutes\" \/>\n<script type=\"application\/ld+json\" class=\"yoast-schema-graph\">{\"@context\":\"https:\\\/\\\/schema.org\",\"@graph\":[{\"@type\":\"Article\",\"@id\":\"https:\\\/\\\/reveil-info.net\\\/?p=46846#article\",\"isPartOf\":{\"@id\":\"https:\\\/\\\/reveil-info.net\\\/?p=46846\"},\"author\":{\"name\":\"R\u00e9veil info\",\"@id\":\"https:\\\/\\\/reveil-info.net\\\/#\\\/schema\\\/person\\\/ca0cc8e70088e0a2b5e92556c1ee60f5\"},\"headline\":\"Au Palais de Justice: un orpailleur poignarde \u00e0 mort son coll\u00e8gue\",\"datePublished\":\"2026-03-13T10:30:30+00:00\",\"dateModified\":\"2026-03-13T10:32:09+00:00\",\"mainEntityOfPage\":{\"@id\":\"https:\\\/\\\/reveil-info.net\\\/?p=46846\"},\"wordCount\":696,\"commentCount\":0,\"publisher\":{\"@id\":\"https:\\\/\\\/reveil-info.net\\\/#organization\"},\"image\":{\"@id\":\"https:\\\/\\\/reveil-info.net\\\/?p=46846#primaryimage\"},\"thumbnailUrl\":\"https:\\\/\\\/reveil-info.net\\\/wp-content\\\/uploads\\\/2026\\\/03\\\/1772632671781.jpg\",\"articleSection\":[\"Justice\"],\"inLanguage\":\"fr-FR\",\"potentialAction\":[{\"@type\":\"CommentAction\",\"name\":\"Comment\",\"target\":[\"https:\\\/\\\/reveil-info.net\\\/?p=46846#respond\"]}]},{\"@type\":\"WebPage\",\"@id\":\"https:\\\/\\\/reveil-info.net\\\/?p=46846\",\"url\":\"https:\\\/\\\/reveil-info.net\\\/?p=46846\",\"name\":\"Au Palais de Justice: un orpailleur poignarde \u00e0 mort son coll\u00e8gue - R\u00e9veil Info\",\"isPartOf\":{\"@id\":\"https:\\\/\\\/reveil-info.net\\\/#website\"},\"primaryImageOfPage\":{\"@id\":\"https:\\\/\\\/reveil-info.net\\\/?p=46846#primaryimage\"},\"image\":{\"@id\":\"https:\\\/\\\/reveil-info.net\\\/?p=46846#primaryimage\"},\"thumbnailUrl\":\"https:\\\/\\\/reveil-info.net\\\/wp-content\\\/uploads\\\/2026\\\/03\\\/1772632671781.jpg\",\"datePublished\":\"2026-03-13T10:30:30+00:00\",\"dateModified\":\"2026-03-13T10:32:09+00:00\",\"breadcrumb\":{\"@id\":\"https:\\\/\\\/reveil-info.net\\\/?p=46846#breadcrumb\"},\"inLanguage\":\"fr-FR\",\"potentialAction\":[{\"@type\":\"ReadAction\",\"target\":[\"https:\\\/\\\/reveil-info.net\\\/?p=46846\"]}]},{\"@type\":\"ImageObject\",\"inLanguage\":\"fr-FR\",\"@id\":\"https:\\\/\\\/reveil-info.net\\\/?p=46846#primaryimage\",\"url\":\"https:\\\/\\\/reveil-info.net\\\/wp-content\\\/uploads\\\/2026\\\/03\\\/1772632671781.jpg\",\"contentUrl\":\"https:\\\/\\\/reveil-info.net\\\/wp-content\\\/uploads\\\/2026\\\/03\\\/1772632671781.jpg\",\"width\":640,\"height\":457},{\"@type\":\"BreadcrumbList\",\"@id\":\"https:\\\/\\\/reveil-info.net\\\/?p=46846#breadcrumb\",\"itemListElement\":[{\"@type\":\"ListItem\",\"position\":1,\"name\":\"Home\",\"item\":\"https:\\\/\\\/reveil-info.net\\\/\"},{\"@type\":\"ListItem\",\"position\":2,\"name\":\"Au Palais de Justice: un orpailleur poignarde \u00e0 mort son coll\u00e8gue\"}]},{\"@type\":\"WebSite\",\"@id\":\"https:\\\/\\\/reveil-info.net\\\/#website\",\"url\":\"https:\\\/\\\/reveil-info.net\\\/\",\"name\":\"R\u00e9veil Info\",\"description\":\"Le devoir d&#039;informer!\",\"publisher\":{\"@id\":\"https:\\\/\\\/reveil-info.net\\\/#organization\"},\"potentialAction\":[{\"@type\":\"SearchAction\",\"target\":{\"@type\":\"EntryPoint\",\"urlTemplate\":\"https:\\\/\\\/reveil-info.net\\\/?s={search_term_string}\"},\"query-input\":{\"@type\":\"PropertyValueSpecification\",\"valueRequired\":true,\"valueName\":\"search_term_string\"}}],\"inLanguage\":\"fr-FR\"},{\"@type\":\"Organization\",\"@id\":\"https:\\\/\\\/reveil-info.net\\\/#organization\",\"name\":\"R\u00e9veil Info\",\"url\":\"https:\\\/\\\/reveil-info.net\\\/\",\"logo\":{\"@type\":\"ImageObject\",\"inLanguage\":\"fr-FR\",\"@id\":\"https:\\\/\\\/reveil-info.net\\\/#\\\/schema\\\/logo\\\/image\\\/\",\"url\":\"https:\\\/\\\/reveil-info.net\\\/wp-content\\\/uploads\\\/2024\\\/07\\\/bnddd1.jpg\",\"contentUrl\":\"https:\\\/\\\/reveil-info.net\\\/wp-content\\\/uploads\\\/2024\\\/07\\\/bnddd1.jpg\",\"width\":903,\"height\":125,\"caption\":\"R\u00e9veil Info\"},\"image\":{\"@id\":\"https:\\\/\\\/reveil-info.net\\\/#\\\/schema\\\/logo\\\/image\\\/\"}},{\"@type\":\"Person\",\"@id\":\"https:\\\/\\\/reveil-info.net\\\/#\\\/schema\\\/person\\\/ca0cc8e70088e0a2b5e92556c1ee60f5\",\"name\":\"R\u00e9veil info\",\"image\":{\"@type\":\"ImageObject\",\"inLanguage\":\"fr-FR\",\"@id\":\"https:\\\/\\\/secure.gravatar.com\\\/avatar\\\/e4ad5bb743c8b6cb174d9df6c7d30a8a16f6889731241345fc6444e6485f02af?s=96&d=mm&r=g\",\"url\":\"https:\\\/\\\/secure.gravatar.com\\\/avatar\\\/e4ad5bb743c8b6cb174d9df6c7d30a8a16f6889731241345fc6444e6485f02af?s=96&d=mm&r=g\",\"contentUrl\":\"https:\\\/\\\/secure.gravatar.com\\\/avatar\\\/e4ad5bb743c8b6cb174d9df6c7d30a8a16f6889731241345fc6444e6485f02af?s=96&d=mm&r=g\",\"caption\":\"R\u00e9veil info\"},\"sameAs\":[\"https:\\\/\\\/reveil-info.net\"],\"url\":\"https:\\\/\\\/reveil-info.net\\\/?author=1\"}]}<\/script>\n<!-- \/ Yoast SEO plugin. -->","yoast_head_json":{"title":"Au Palais de Justice: un orpailleur poignarde \u00e0 mort son coll\u00e8gue - R\u00e9veil Info","robots":{"index":"noindex","follow":"follow","max-snippet":"max-snippet:-1","max-image-preview":"max-image-preview:large","max-video-preview":"max-video-preview:-1"},"og_locale":"fr_FR","og_type":"article","og_title":"Au Palais de Justice: un orpailleur poignarde \u00e0 mort son coll\u00e8gue - R\u00e9veil Info","og_description":"\u00a0Bassirou (nom d&#8217;emprunt) est n\u00e9e le 1er janvier 1991. Il est orpailleur de profession, p\u00e8re","og_url":"https:\/\/reveil-info.net\/?p=46846","og_site_name":"R\u00e9veil Info","article_published_time":"2026-03-13T10:30:30+00:00","article_modified_time":"2026-03-13T10:32:09+00:00","og_image":[{"width":640,"height":457,"url":"https:\/\/reveil-info.net\/wp-content\/uploads\/2026\/03\/1772632671781.jpg","type":"image\/jpeg"}],"author":"R\u00e9veil info","twitter_card":"summary_large_image","twitter_misc":{"\u00c9crit par":"R\u00e9veil info","Dur\u00e9e de lecture estim\u00e9e":"4 minutes"},"schema":{"@context":"https:\/\/schema.org","@graph":[{"@type":"Article","@id":"https:\/\/reveil-info.net\/?p=46846#article","isPartOf":{"@id":"https:\/\/reveil-info.net\/?p=46846"},"author":{"name":"R\u00e9veil info","@id":"https:\/\/reveil-info.net\/#\/schema\/person\/ca0cc8e70088e0a2b5e92556c1ee60f5"},"headline":"Au Palais de Justice: un orpailleur poignarde \u00e0 mort son coll\u00e8gue","datePublished":"2026-03-13T10:30:30+00:00","dateModified":"2026-03-13T10:32:09+00:00","mainEntityOfPage":{"@id":"https:\/\/reveil-info.net\/?p=46846"},"wordCount":696,"commentCount":0,"publisher":{"@id":"https:\/\/reveil-info.net\/#organization"},"image":{"@id":"https:\/\/reveil-info.net\/?p=46846#primaryimage"},"thumbnailUrl":"https:\/\/reveil-info.net\/wp-content\/uploads\/2026\/03\/1772632671781.jpg","articleSection":["Justice"],"inLanguage":"fr-FR","potentialAction":[{"@type":"CommentAction","name":"Comment","target":["https:\/\/reveil-info.net\/?p=46846#respond"]}]},{"@type":"WebPage","@id":"https:\/\/reveil-info.net\/?p=46846","url":"https:\/\/reveil-info.net\/?p=46846","name":"Au Palais de Justice: un orpailleur poignarde \u00e0 mort son coll\u00e8gue - R\u00e9veil Info","isPartOf":{"@id":"https:\/\/reveil-info.net\/#website"},"primaryImageOfPage":{"@id":"https:\/\/reveil-info.net\/?p=46846#primaryimage"},"image":{"@id":"https:\/\/reveil-info.net\/?p=46846#primaryimage"},"thumbnailUrl":"https:\/\/reveil-info.net\/wp-content\/uploads\/2026\/03\/1772632671781.jpg","datePublished":"2026-03-13T10:30:30+00:00","dateModified":"2026-03-13T10:32:09+00:00","breadcrumb":{"@id":"https:\/\/reveil-info.net\/?p=46846#breadcrumb"},"inLanguage":"fr-FR","potentialAction":[{"@type":"ReadAction","target":["https:\/\/reveil-info.net\/?p=46846"]}]},{"@type":"ImageObject","inLanguage":"fr-FR","@id":"https:\/\/reveil-info.net\/?p=46846#primaryimage","url":"https:\/\/reveil-info.net\/wp-content\/uploads\/2026\/03\/1772632671781.jpg","contentUrl":"https:\/\/reveil-info.net\/wp-content\/uploads\/2026\/03\/1772632671781.jpg","width":640,"height":457},{"@type":"BreadcrumbList","@id":"https:\/\/reveil-info.net\/?p=46846#breadcrumb","itemListElement":[{"@type":"ListItem","position":1,"name":"Home","item":"https:\/\/reveil-info.net\/"},{"@type":"ListItem","position":2,"name":"Au Palais de Justice: un orpailleur poignarde \u00e0 mort son coll\u00e8gue"}]},{"@type":"WebSite","@id":"https:\/\/reveil-info.net\/#website","url":"https:\/\/reveil-info.net\/","name":"R\u00e9veil Info","description":"Le devoir d&#039;informer!","publisher":{"@id":"https:\/\/reveil-info.net\/#organization"},"potentialAction":[{"@type":"SearchAction","target":{"@type":"EntryPoint","urlTemplate":"https:\/\/reveil-info.net\/?s={search_term_string}"},"query-input":{"@type":"PropertyValueSpecification","valueRequired":true,"valueName":"search_term_string"}}],"inLanguage":"fr-FR"},{"@type":"Organization","@id":"https:\/\/reveil-info.net\/#organization","name":"R\u00e9veil Info","url":"https:\/\/reveil-info.net\/","logo":{"@type":"ImageObject","inLanguage":"fr-FR","@id":"https:\/\/reveil-info.net\/#\/schema\/logo\/image\/","url":"https:\/\/reveil-info.net\/wp-content\/uploads\/2024\/07\/bnddd1.jpg","contentUrl":"https:\/\/reveil-info.net\/wp-content\/uploads\/2024\/07\/bnddd1.jpg","width":903,"height":125,"caption":"R\u00e9veil Info"},"image":{"@id":"https:\/\/reveil-info.net\/#\/schema\/logo\/image\/"}},{"@type":"Person","@id":"https:\/\/reveil-info.net\/#\/schema\/person\/ca0cc8e70088e0a2b5e92556c1ee60f5","name":"R\u00e9veil info","image":{"@type":"ImageObject","inLanguage":"fr-FR","@id":"https:\/\/secure.gravatar.com\/avatar\/e4ad5bb743c8b6cb174d9df6c7d30a8a16f6889731241345fc6444e6485f02af?s=96&d=mm&r=g","url":"https:\/\/secure.gravatar.com\/avatar\/e4ad5bb743c8b6cb174d9df6c7d30a8a16f6889731241345fc6444e6485f02af?s=96&d=mm&r=g","contentUrl":"https:\/\/secure.gravatar.com\/avatar\/e4ad5bb743c8b6cb174d9df6c7d30a8a16f6889731241345fc6444e6485f02af?s=96&d=mm&r=g","caption":"R\u00e9veil info"},"sameAs":["https:\/\/reveil-info.net"],"url":"https:\/\/reveil-info.net\/?author=1"}]}},"jetpack_featured_media_url":"","featured_image_urls":{"full":"","thumbnail":"","medium":"","medium_large":"","large":"","1536x1536":"","2048x2048":"","chromenews-featured":"","chromenews-large":"","chromenews-medium":""},"author_info":{"display_name":"R\u00e9veil info","author_link":"https:\/\/reveil-info.net\/?author=1"},"category_info":"<a href=\"https:\/\/reveil-info.net\/?cat=45\" rel=\"category\">Justice<\/a>","tag_info":"Justice","comment_count":"0","_links":{"self":[{"href":"https:\/\/reveil-info.net\/index.php?rest_route=\/wp\/v2\/posts\/46846","targetHints":{"allow":["GET"]}}],"collection":[{"href":"https:\/\/reveil-info.net\/index.php?rest_route=\/wp\/v2\/posts"}],"about":[{"href":"https:\/\/reveil-info.net\/index.php?rest_route=\/wp\/v2\/types\/post"}],"author":[{"embeddable":true,"href":"https:\/\/reveil-info.net\/index.php?rest_route=\/wp\/v2\/users\/1"}],"replies":[{"embeddable":true,"href":"https:\/\/reveil-info.net\/index.php?rest_route=%2Fwp%2Fv2%2Fcomments&post=46846"}],"version-history":[{"count":8,"href":"https:\/\/reveil-info.net\/index.php?rest_route=\/wp\/v2\/posts\/46846\/revisions"}],"predecessor-version":[{"id":46854,"href":"https:\/\/reveil-info.net\/index.php?rest_route=\/wp\/v2\/posts\/46846\/revisions\/46854"}],"wp:attachment":[{"href":"https:\/\/reveil-info.net\/index.php?rest_route=%2Fwp%2Fv2%2Fmedia&parent=46846"}],"wp:term":[{"taxonomy":"category","embeddable":true,"href":"https:\/\/reveil-info.net\/index.php?rest_route=%2Fwp%2Fv2%2Fcategories&post=46846"},{"taxonomy":"post_tag","embeddable":true,"href":"https:\/\/reveil-info.net\/index.php?rest_route=%2Fwp%2Fv2%2Ftags&post=46846"}],"curies":[{"name":"wp","href":"https:\/\/api.w.org\/{rel}","templated":true}]}}