{"id":46814,"date":"2026-03-13T08:59:53","date_gmt":"2026-03-13T08:59:53","guid":{"rendered":"https:\/\/reveil-info.net\/?p=46814"},"modified":"2026-03-13T09:01:42","modified_gmt":"2026-03-13T09:01:42","slug":"niger-la-chargee-daffaires-de-lunion-europeenne-convoquee-par-le-ministre-des-affaires-etrangeres","status":"publish","type":"post","link":"https:\/\/reveil-info.net\/?p=46814","title":{"rendered":"Tensions Niger-UE:  La Charg\u00e9e d\u2019Affaires de l\u2019Union Europ\u00e9enne convoqu\u00e9e par le Ministre des Affaires \u00c9trang\u00e8res"},"content":{"rendered":"<p><strong>Le Ministre des Affaires \u00c9trang\u00e8res, de la Coop\u00e9ration et des Nig\u00e9riens \u00e0 l\u2019Ext\u00e9rieur, M. Bakary Yaou Sangar\u00e9, a convoqu\u00e9 ce jeudi 12 mars 2026 Mme Nicoletta Avella, Charg\u00e9e d&rsquo;Affaires par int\u00e9rim de la D\u00e9l\u00e9gation de l&rsquo;Union Europ\u00e9enne (UE) au Niger. Cette convocation fait suite \u00e0 l&rsquo;adoption, par le Parlement europ\u00e9en, d&rsquo;une r\u00e9solution concernant la situation de l&rsquo;ex-pr\u00e9sident Mohamed Bazoum.<\/strong><\/p>\n<p><img loading=\"lazy\" decoding=\"async\" class=\"alignnone size-full wp-image-46828\" src=\"https:\/\/reveil-info.net\/wp-content\/uploads\/2026\/03\/69b36fe2d692d_HDPxqLpaIAAyWpg.jpg\" alt=\"\" width=\"1200\" height=\"802\" srcset=\"https:\/\/reveil-info.net\/wp-content\/uploads\/2026\/03\/69b36fe2d692d_HDPxqLpaIAAyWpg.jpg 1200w, https:\/\/reveil-info.net\/wp-content\/uploads\/2026\/03\/69b36fe2d692d_HDPxqLpaIAAyWpg-300x201.jpg 300w, https:\/\/reveil-info.net\/wp-content\/uploads\/2026\/03\/69b36fe2d692d_HDPxqLpaIAAyWpg-1024x684.jpg 1024w, https:\/\/reveil-info.net\/wp-content\/uploads\/2026\/03\/69b36fe2d692d_HDPxqLpaIAAyWpg-768x513.jpg 768w\" sizes=\"auto, (max-width: 1200px) 100vw, 1200px\" \/><\/p>\n<p>Au cours de cet entretien, le Ministre Sangar\u00e9 a officiellement signifi\u00e9 l&rsquo;indignation et la d\u00e9sapprobation du Gouvernement de Transition face \u00e0 cette prise de position. Une lettre de protestation officielle a \u00e9t\u00e9 remise \u00e0 la diplomate europ\u00e9enne, marquant le m\u00e9contentement de Niamey. Le gouvernement nig\u00e9rien a fermement d\u00e9nonc\u00e9 ce qu&rsquo;il qualifie d&rsquo;\u00ab ing\u00e9rence inacceptable \u00bb dans les affaires int\u00e9rieures de l&rsquo;\u00c9tat. Plusieurs points ont \u00e9t\u00e9 soulign\u00e9s lors de l&rsquo;audience: rejet du paternalisme, refus des injonctions et l&rsquo;ind\u00e9pendance judiciaire.<\/p>\n<div id=\"card_img_jt\" class=\"card-header\">\n<p>Cette rencontre souligne la volont\u00e9 du Niger de faire respecter sa souverainet\u00e9 et de red\u00e9finir ses rapports avec ses partenaires internationaux sur une base d&rsquo;\u00e9galit\u00e9 et de non-ing\u00e9rence.<\/p>\n<p>&nbsp;<\/p>\n<p><strong>Bouba\/Malijet.com<\/strong><\/p>\n<\/div>\n<div id=\"card-body\" class=\"card-body\">\n<p class=\"card-text\">Source : Malijet<\/p>\n<\/div>\n","protected":false},"excerpt":{"rendered":"<p>Le Ministre des Affaires \u00c9trang\u00e8res, de la Coop\u00e9ration et des Nig\u00e9riens \u00e0 l\u2019Ext\u00e9rieur, M. Bakary<\/p>\n","protected":false},"author":1,"featured_media":0,"comment_status":"open","ping_status":"open","sticky":false,"template":"","format":"standard","meta":{"footnotes":""},"categories":[2],"tags":[],"class_list":["post-46814","post","type-post","status-publish","format-standard","hentry","category-actu"],"yoast_head":"<!-- This site is optimized with the Yoast SEO plugin v27.5 - https:\/\/yoast.com\/product\/yoast-seo-wordpress\/ -->\n<title>Tensions Niger-UE: La Charg\u00e9e d\u2019Affaires de l\u2019Union Europ\u00e9enne convoqu\u00e9e par le Ministre des Affaires \u00c9trang\u00e8res - R\u00e9veil Info<\/title>\n<meta name=\"robots\" content=\"noindex, follow, max-snippet:-1, max-image-preview:large, max-video-preview:-1\" \/>\n<meta property=\"og:locale\" content=\"fr_FR\" \/>\n<meta property=\"og:type\" content=\"article\" \/>\n<meta property=\"og:title\" content=\"Tensions Niger-UE: La Charg\u00e9e d\u2019Affaires de l\u2019Union Europ\u00e9enne convoqu\u00e9e par le Ministre des Affaires \u00c9trang\u00e8res - R\u00e9veil Info\" \/>\n<meta property=\"og:description\" content=\"Le Ministre des Affaires \u00c9trang\u00e8res, de la Coop\u00e9ration et des Nig\u00e9riens \u00e0 l\u2019Ext\u00e9rieur, M. Bakary\" \/>\n<meta property=\"og:url\" content=\"https:\/\/reveil-info.net\/?p=46814\" \/>\n<meta property=\"og:site_name\" content=\"R\u00e9veil Info\" \/>\n<meta property=\"article:published_time\" content=\"2026-03-13T08:59:53+00:00\" \/>\n<meta property=\"article:modified_time\" content=\"2026-03-13T09:01:42+00:00\" \/>\n<meta property=\"og:image\" content=\"https:\/\/reveil-info.net\/wp-content\/uploads\/2026\/03\/69b36fe2d692d_HDPxqLpaIAAyWpg.jpg\" \/>\n\t<meta property=\"og:image:width\" content=\"1200\" \/>\n\t<meta property=\"og:image:height\" content=\"802\" \/>\n\t<meta property=\"og:image:type\" content=\"image\/jpeg\" \/>\n<meta name=\"author\" content=\"R\u00e9veil info\" \/>\n<meta name=\"twitter:card\" content=\"summary_large_image\" \/>\n<meta name=\"twitter:label1\" content=\"\u00c9crit par\" \/>\n\t<meta name=\"twitter:data1\" content=\"R\u00e9veil info\" \/>\n\t<meta name=\"twitter:label2\" content=\"Dur\u00e9e de lecture estim\u00e9e\" \/>\n\t<meta name=\"twitter:data2\" content=\"2 minutes\" \/>\n<script type=\"application\/ld+json\" class=\"yoast-schema-graph\">{\"@context\":\"https:\\\/\\\/schema.org\",\"@graph\":[{\"@type\":\"Article\",\"@id\":\"https:\\\/\\\/reveil-info.net\\\/?p=46814#article\",\"isPartOf\":{\"@id\":\"https:\\\/\\\/reveil-info.net\\\/?p=46814\"},\"author\":{\"name\":\"R\u00e9veil info\",\"@id\":\"https:\\\/\\\/reveil-info.net\\\/#\\\/schema\\\/person\\\/ca0cc8e70088e0a2b5e92556c1ee60f5\"},\"headline\":\"Tensions Niger-UE: La Charg\u00e9e d\u2019Affaires de l\u2019Union Europ\u00e9enne convoqu\u00e9e par le Ministre des Affaires \u00c9trang\u00e8res\",\"datePublished\":\"2026-03-13T08:59:53+00:00\",\"dateModified\":\"2026-03-13T09:01:42+00:00\",\"mainEntityOfPage\":{\"@id\":\"https:\\\/\\\/reveil-info.net\\\/?p=46814\"},\"wordCount\":220,\"commentCount\":0,\"publisher\":{\"@id\":\"https:\\\/\\\/reveil-info.net\\\/#organization\"},\"image\":{\"@id\":\"https:\\\/\\\/reveil-info.net\\\/?p=46814#primaryimage\"},\"thumbnailUrl\":\"https:\\\/\\\/reveil-info.net\\\/wp-content\\\/uploads\\\/2026\\\/03\\\/69b36fe2d692d_HDPxqLpaIAAyWpg.jpg\",\"articleSection\":[\"Actualit\u00e9\"],\"inLanguage\":\"fr-FR\",\"potentialAction\":[{\"@type\":\"CommentAction\",\"name\":\"Comment\",\"target\":[\"https:\\\/\\\/reveil-info.net\\\/?p=46814#respond\"]}]},{\"@type\":\"WebPage\",\"@id\":\"https:\\\/\\\/reveil-info.net\\\/?p=46814\",\"url\":\"https:\\\/\\\/reveil-info.net\\\/?p=46814\",\"name\":\"Tensions Niger-UE: La Charg\u00e9e d\u2019Affaires de l\u2019Union Europ\u00e9enne convoqu\u00e9e par le Ministre des Affaires \u00c9trang\u00e8res - R\u00e9veil Info\",\"isPartOf\":{\"@id\":\"https:\\\/\\\/reveil-info.net\\\/#website\"},\"primaryImageOfPage\":{\"@id\":\"https:\\\/\\\/reveil-info.net\\\/?p=46814#primaryimage\"},\"image\":{\"@id\":\"https:\\\/\\\/reveil-info.net\\\/?p=46814#primaryimage\"},\"thumbnailUrl\":\"https:\\\/\\\/reveil-info.net\\\/wp-content\\\/uploads\\\/2026\\\/03\\\/69b36fe2d692d_HDPxqLpaIAAyWpg.jpg\",\"datePublished\":\"2026-03-13T08:59:53+00:00\",\"dateModified\":\"2026-03-13T09:01:42+00:00\",\"breadcrumb\":{\"@id\":\"https:\\\/\\\/reveil-info.net\\\/?p=46814#breadcrumb\"},\"inLanguage\":\"fr-FR\",\"potentialAction\":[{\"@type\":\"ReadAction\",\"target\":[\"https:\\\/\\\/reveil-info.net\\\/?p=46814\"]}]},{\"@type\":\"ImageObject\",\"inLanguage\":\"fr-FR\",\"@id\":\"https:\\\/\\\/reveil-info.net\\\/?p=46814#primaryimage\",\"url\":\"https:\\\/\\\/reveil-info.net\\\/wp-content\\\/uploads\\\/2026\\\/03\\\/69b36fe2d692d_HDPxqLpaIAAyWpg.jpg\",\"contentUrl\":\"https:\\\/\\\/reveil-info.net\\\/wp-content\\\/uploads\\\/2026\\\/03\\\/69b36fe2d692d_HDPxqLpaIAAyWpg.jpg\",\"width\":1200,\"height\":802},{\"@type\":\"BreadcrumbList\",\"@id\":\"https:\\\/\\\/reveil-info.net\\\/?p=46814#breadcrumb\",\"itemListElement\":[{\"@type\":\"ListItem\",\"position\":1,\"name\":\"Home\",\"item\":\"https:\\\/\\\/reveil-info.net\\\/\"},{\"@type\":\"ListItem\",\"position\":2,\"name\":\"Tensions Niger-UE: La Charg\u00e9e d\u2019Affaires de l\u2019Union Europ\u00e9enne convoqu\u00e9e par le Ministre des Affaires \u00c9trang\u00e8res\"}]},{\"@type\":\"WebSite\",\"@id\":\"https:\\\/\\\/reveil-info.net\\\/#website\",\"url\":\"https:\\\/\\\/reveil-info.net\\\/\",\"name\":\"R\u00e9veil Info\",\"description\":\"Le devoir d&#039;informer!\",\"publisher\":{\"@id\":\"https:\\\/\\\/reveil-info.net\\\/#organization\"},\"potentialAction\":[{\"@type\":\"SearchAction\",\"target\":{\"@type\":\"EntryPoint\",\"urlTemplate\":\"https:\\\/\\\/reveil-info.net\\\/?s={search_term_string}\"},\"query-input\":{\"@type\":\"PropertyValueSpecification\",\"valueRequired\":true,\"valueName\":\"search_term_string\"}}],\"inLanguage\":\"fr-FR\"},{\"@type\":\"Organization\",\"@id\":\"https:\\\/\\\/reveil-info.net\\\/#organization\",\"name\":\"R\u00e9veil Info\",\"url\":\"https:\\\/\\\/reveil-info.net\\\/\",\"logo\":{\"@type\":\"ImageObject\",\"inLanguage\":\"fr-FR\",\"@id\":\"https:\\\/\\\/reveil-info.net\\\/#\\\/schema\\\/logo\\\/image\\\/\",\"url\":\"https:\\\/\\\/reveil-info.net\\\/wp-content\\\/uploads\\\/2024\\\/07\\\/bnddd1.jpg\",\"contentUrl\":\"https:\\\/\\\/reveil-info.net\\\/wp-content\\\/uploads\\\/2024\\\/07\\\/bnddd1.jpg\",\"width\":903,\"height\":125,\"caption\":\"R\u00e9veil Info\"},\"image\":{\"@id\":\"https:\\\/\\\/reveil-info.net\\\/#\\\/schema\\\/logo\\\/image\\\/\"}},{\"@type\":\"Person\",\"@id\":\"https:\\\/\\\/reveil-info.net\\\/#\\\/schema\\\/person\\\/ca0cc8e70088e0a2b5e92556c1ee60f5\",\"name\":\"R\u00e9veil info\",\"image\":{\"@type\":\"ImageObject\",\"inLanguage\":\"fr-FR\",\"@id\":\"https:\\\/\\\/secure.gravatar.com\\\/avatar\\\/e4ad5bb743c8b6cb174d9df6c7d30a8a16f6889731241345fc6444e6485f02af?s=96&d=mm&r=g\",\"url\":\"https:\\\/\\\/secure.gravatar.com\\\/avatar\\\/e4ad5bb743c8b6cb174d9df6c7d30a8a16f6889731241345fc6444e6485f02af?s=96&d=mm&r=g\",\"contentUrl\":\"https:\\\/\\\/secure.gravatar.com\\\/avatar\\\/e4ad5bb743c8b6cb174d9df6c7d30a8a16f6889731241345fc6444e6485f02af?s=96&d=mm&r=g\",\"caption\":\"R\u00e9veil info\"},\"sameAs\":[\"https:\\\/\\\/reveil-info.net\"],\"url\":\"https:\\\/\\\/reveil-info.net\\\/?author=1\"}]}<\/script>\n<!-- \/ Yoast SEO plugin. -->","yoast_head_json":{"title":"Tensions Niger-UE: La Charg\u00e9e d\u2019Affaires de l\u2019Union Europ\u00e9enne convoqu\u00e9e par le Ministre des Affaires \u00c9trang\u00e8res - R\u00e9veil Info","robots":{"index":"noindex","follow":"follow","max-snippet":"max-snippet:-1","max-image-preview":"max-image-preview:large","max-video-preview":"max-video-preview:-1"},"og_locale":"fr_FR","og_type":"article","og_title":"Tensions Niger-UE: La Charg\u00e9e d\u2019Affaires de l\u2019Union Europ\u00e9enne convoqu\u00e9e par le Ministre des Affaires \u00c9trang\u00e8res - R\u00e9veil Info","og_description":"Le Ministre des Affaires \u00c9trang\u00e8res, de la Coop\u00e9ration et des Nig\u00e9riens \u00e0 l\u2019Ext\u00e9rieur, M. Bakary","og_url":"https:\/\/reveil-info.net\/?p=46814","og_site_name":"R\u00e9veil Info","article_published_time":"2026-03-13T08:59:53+00:00","article_modified_time":"2026-03-13T09:01:42+00:00","og_image":[{"width":1200,"height":802,"url":"https:\/\/reveil-info.net\/wp-content\/uploads\/2026\/03\/69b36fe2d692d_HDPxqLpaIAAyWpg.jpg","type":"image\/jpeg"}],"author":"R\u00e9veil info","twitter_card":"summary_large_image","twitter_misc":{"\u00c9crit par":"R\u00e9veil info","Dur\u00e9e de lecture estim\u00e9e":"2 minutes"},"schema":{"@context":"https:\/\/schema.org","@graph":[{"@type":"Article","@id":"https:\/\/reveil-info.net\/?p=46814#article","isPartOf":{"@id":"https:\/\/reveil-info.net\/?p=46814"},"author":{"name":"R\u00e9veil info","@id":"https:\/\/reveil-info.net\/#\/schema\/person\/ca0cc8e70088e0a2b5e92556c1ee60f5"},"headline":"Tensions Niger-UE: La Charg\u00e9e d\u2019Affaires de l\u2019Union Europ\u00e9enne convoqu\u00e9e par le Ministre des Affaires \u00c9trang\u00e8res","datePublished":"2026-03-13T08:59:53+00:00","dateModified":"2026-03-13T09:01:42+00:00","mainEntityOfPage":{"@id":"https:\/\/reveil-info.net\/?p=46814"},"wordCount":220,"commentCount":0,"publisher":{"@id":"https:\/\/reveil-info.net\/#organization"},"image":{"@id":"https:\/\/reveil-info.net\/?p=46814#primaryimage"},"thumbnailUrl":"https:\/\/reveil-info.net\/wp-content\/uploads\/2026\/03\/69b36fe2d692d_HDPxqLpaIAAyWpg.jpg","articleSection":["Actualit\u00e9"],"inLanguage":"fr-FR","potentialAction":[{"@type":"CommentAction","name":"Comment","target":["https:\/\/reveil-info.net\/?p=46814#respond"]}]},{"@type":"WebPage","@id":"https:\/\/reveil-info.net\/?p=46814","url":"https:\/\/reveil-info.net\/?p=46814","name":"Tensions Niger-UE: La Charg\u00e9e d\u2019Affaires de l\u2019Union Europ\u00e9enne convoqu\u00e9e par le Ministre des Affaires \u00c9trang\u00e8res - R\u00e9veil Info","isPartOf":{"@id":"https:\/\/reveil-info.net\/#website"},"primaryImageOfPage":{"@id":"https:\/\/reveil-info.net\/?p=46814#primaryimage"},"image":{"@id":"https:\/\/reveil-info.net\/?p=46814#primaryimage"},"thumbnailUrl":"https:\/\/reveil-info.net\/wp-content\/uploads\/2026\/03\/69b36fe2d692d_HDPxqLpaIAAyWpg.jpg","datePublished":"2026-03-13T08:59:53+00:00","dateModified":"2026-03-13T09:01:42+00:00","breadcrumb":{"@id":"https:\/\/reveil-info.net\/?p=46814#breadcrumb"},"inLanguage":"fr-FR","potentialAction":[{"@type":"ReadAction","target":["https:\/\/reveil-info.net\/?p=46814"]}]},{"@type":"ImageObject","inLanguage":"fr-FR","@id":"https:\/\/reveil-info.net\/?p=46814#primaryimage","url":"https:\/\/reveil-info.net\/wp-content\/uploads\/2026\/03\/69b36fe2d692d_HDPxqLpaIAAyWpg.jpg","contentUrl":"https:\/\/reveil-info.net\/wp-content\/uploads\/2026\/03\/69b36fe2d692d_HDPxqLpaIAAyWpg.jpg","width":1200,"height":802},{"@type":"BreadcrumbList","@id":"https:\/\/reveil-info.net\/?p=46814#breadcrumb","itemListElement":[{"@type":"ListItem","position":1,"name":"Home","item":"https:\/\/reveil-info.net\/"},{"@type":"ListItem","position":2,"name":"Tensions Niger-UE: La Charg\u00e9e d\u2019Affaires de l\u2019Union Europ\u00e9enne convoqu\u00e9e par le Ministre des Affaires \u00c9trang\u00e8res"}]},{"@type":"WebSite","@id":"https:\/\/reveil-info.net\/#website","url":"https:\/\/reveil-info.net\/","name":"R\u00e9veil Info","description":"Le devoir d&#039;informer!","publisher":{"@id":"https:\/\/reveil-info.net\/#organization"},"potentialAction":[{"@type":"SearchAction","target":{"@type":"EntryPoint","urlTemplate":"https:\/\/reveil-info.net\/?s={search_term_string}"},"query-input":{"@type":"PropertyValueSpecification","valueRequired":true,"valueName":"search_term_string"}}],"inLanguage":"fr-FR"},{"@type":"Organization","@id":"https:\/\/reveil-info.net\/#organization","name":"R\u00e9veil Info","url":"https:\/\/reveil-info.net\/","logo":{"@type":"ImageObject","inLanguage":"fr-FR","@id":"https:\/\/reveil-info.net\/#\/schema\/logo\/image\/","url":"https:\/\/reveil-info.net\/wp-content\/uploads\/2024\/07\/bnddd1.jpg","contentUrl":"https:\/\/reveil-info.net\/wp-content\/uploads\/2024\/07\/bnddd1.jpg","width":903,"height":125,"caption":"R\u00e9veil Info"},"image":{"@id":"https:\/\/reveil-info.net\/#\/schema\/logo\/image\/"}},{"@type":"Person","@id":"https:\/\/reveil-info.net\/#\/schema\/person\/ca0cc8e70088e0a2b5e92556c1ee60f5","name":"R\u00e9veil info","image":{"@type":"ImageObject","inLanguage":"fr-FR","@id":"https:\/\/secure.gravatar.com\/avatar\/e4ad5bb743c8b6cb174d9df6c7d30a8a16f6889731241345fc6444e6485f02af?s=96&d=mm&r=g","url":"https:\/\/secure.gravatar.com\/avatar\/e4ad5bb743c8b6cb174d9df6c7d30a8a16f6889731241345fc6444e6485f02af?s=96&d=mm&r=g","contentUrl":"https:\/\/secure.gravatar.com\/avatar\/e4ad5bb743c8b6cb174d9df6c7d30a8a16f6889731241345fc6444e6485f02af?s=96&d=mm&r=g","caption":"R\u00e9veil info"},"sameAs":["https:\/\/reveil-info.net"],"url":"https:\/\/reveil-info.net\/?author=1"}]}},"jetpack_featured_media_url":"","featured_image_urls":{"full":"","thumbnail":"","medium":"","medium_large":"","large":"","1536x1536":"","2048x2048":"","chromenews-featured":"","chromenews-large":"","chromenews-medium":""},"author_info":{"display_name":"R\u00e9veil info","author_link":"https:\/\/reveil-info.net\/?author=1"},"category_info":"<a href=\"https:\/\/reveil-info.net\/?cat=2\" rel=\"category\">Actualit\u00e9<\/a>","tag_info":"Actualit\u00e9","comment_count":"0","_links":{"self":[{"href":"https:\/\/reveil-info.net\/index.php?rest_route=\/wp\/v2\/posts\/46814","targetHints":{"allow":["GET"]}}],"collection":[{"href":"https:\/\/reveil-info.net\/index.php?rest_route=\/wp\/v2\/posts"}],"about":[{"href":"https:\/\/reveil-info.net\/index.php?rest_route=\/wp\/v2\/types\/post"}],"author":[{"embeddable":true,"href":"https:\/\/reveil-info.net\/index.php?rest_route=\/wp\/v2\/users\/1"}],"replies":[{"embeddable":true,"href":"https:\/\/reveil-info.net\/index.php?rest_route=%2Fwp%2Fv2%2Fcomments&post=46814"}],"version-history":[{"count":16,"href":"https:\/\/reveil-info.net\/index.php?rest_route=\/wp\/v2\/posts\/46814\/revisions"}],"predecessor-version":[{"id":46831,"href":"https:\/\/reveil-info.net\/index.php?rest_route=\/wp\/v2\/posts\/46814\/revisions\/46831"}],"wp:attachment":[{"href":"https:\/\/reveil-info.net\/index.php?rest_route=%2Fwp%2Fv2%2Fmedia&parent=46814"}],"wp:term":[{"taxonomy":"category","embeddable":true,"href":"https:\/\/reveil-info.net\/index.php?rest_route=%2Fwp%2Fv2%2Fcategories&post=46814"},{"taxonomy":"post_tag","embeddable":true,"href":"https:\/\/reveil-info.net\/index.php?rest_route=%2Fwp%2Fv2%2Ftags&post=46814"}],"curies":[{"name":"wp","href":"https:\/\/api.w.org\/{rel}","templated":true}]}}