{"id":46804,"date":"2026-03-13T08:06:10","date_gmt":"2026-03-13T08:06:10","guid":{"rendered":"https:\/\/reveil-info.net\/?p=46804"},"modified":"2026-03-13T08:06:10","modified_gmt":"2026-03-13T08:06:10","slug":"addis-abeba-un-journaliste-bloque-a-laeroport-a-cause-du-f-cfa","status":"publish","type":"post","link":"https:\/\/reveil-info.net\/?p=46804","title":{"rendered":"Addis-Abeba : un journaliste bloqu\u00e9 \u00e0 l&rsquo;a\u00e9roport \u00e0 cause du F CFA"},"content":{"rendered":"<p>ADDIS-ABEBA : UN JOURNALISTE S\u00c9N\u00c9GALAIS BLOQU\u00c9 \u00c0 L\u2019A\u00c9ROPORT DE BOLE\u2026 LE FRANC CFA POINT\u00c9 DU DOIGT<\/p>\n<p><img loading=\"lazy\" decoding=\"async\" class=\"alignnone size-full wp-image-46807\" src=\"https:\/\/reveil-info.net\/wp-content\/uploads\/2026\/03\/IMG-20260312-WA0074.jpg\" alt=\"\" width=\"720\" height=\"960\" srcset=\"https:\/\/reveil-info.net\/wp-content\/uploads\/2026\/03\/IMG-20260312-WA0074.jpg 720w, https:\/\/reveil-info.net\/wp-content\/uploads\/2026\/03\/IMG-20260312-WA0074-225x300.jpg 225w\" sizes=\"auto, (max-width: 720px) 100vw, 720px\" \/><\/p>\n<p>Addis-Abeba, 12 mars 2026. Une situation aussi inattendue que r\u00e9v\u00e9latrice des limites mon\u00e9taires auxquelles font face de nombreux Africains s\u2019est produite dans la capitale \u00e9thiopienne. Le journaliste s\u00e9n\u00e9galais Massata Faye se retrouve bloqu\u00e9 depuis plusieurs heures \u00e0 l\u2019A\u00e9roport international de Bole, \u00e0 Addis-Abeba, incapable d\u2019acheter son billet de retour vers Dakar.<\/p>\n<p>\u00c0 l\u2019origine de cette m\u00e9saventure : l\u2019impossibilit\u00e9 d\u2019utiliser le Franc CFA, une monnaie pourtant en circulation dans plusieurs pays d\u2019Afrique de l\u2019Ouest.<\/p>\n<p>Dix heures d\u2019attente dans le hall de l\u2019a\u00e9roport<\/p>\n<p>Au moment o\u00f9 ces lignes sont \u00e9crites, il est environ 5 heures du matin \u00e0 Dakar, et le journaliste s\u00e9n\u00e9galais s\u2019appr\u00eate \u00e0 boucler pr\u00e8s de dix heures d\u2019attente dans le hall de l\u2019a\u00e9roport \u00e9thiopien.<\/p>\n<p><img loading=\"lazy\" decoding=\"async\" class=\"alignnone size-full wp-image-46808\" src=\"https:\/\/reveil-info.net\/wp-content\/uploads\/2026\/03\/IMG-20260312-WA0073.jpg\" alt=\"\" width=\"720\" height=\"540\" srcset=\"https:\/\/reveil-info.net\/wp-content\/uploads\/2026\/03\/IMG-20260312-WA0073.jpg 720w, https:\/\/reveil-info.net\/wp-content\/uploads\/2026\/03\/IMG-20260312-WA0073-300x225.jpg 300w\" sizes=\"auto, (max-width: 720px) 100vw, 720px\" \/><\/p>\n<p>Selon les informations recueillies par IKD-POST, l\u2019homme de m\u00e9dia se trouve dans une impasse financi\u00e8re apr\u00e8s avoir \u00e9puis\u00e9 les euros qu\u2019il avait emport\u00e9s lors de son s\u00e9jour en \u00c9thiopie. Or, dans ce pays de la Corne de l\u2019Afrique, la seule monnaie \u00e9trang\u00e8re facilement accept\u00e9e reste g\u00e9n\u00e9ralement l\u2019euro ou le dollar.<\/p>\n<p>Le probl\u00e8me survient lorsqu\u2019il tente d\u2019acheter son billet de retour avec les francs CFA encore en sa possession. Les banques et bureaux de change de l\u2019a\u00e9roport refusent cat\u00e9goriquement cette devise.<\/p>\n<p>Depuis Addis-Abeba, le journaliste a confi\u00e9 \u00e0 notre r\u00e9daction :<\/p>\n<p>\u00ab Je ne peux pas utiliser mes francs CFA \u00e0 tous les niveaux. Bien que j\u2019aie eu des euros avec moi, je les ai utilis\u00e9s et ils sont maintenant \u00e9puis\u00e9s. \u00c0 pr\u00e9sent, je dois acheter mon billet de retour, mais les banques et les bureaux de change refusent cat\u00e9goriquement les francs CFA. Je suis donc bloqu\u00e9 \u00e0 l\u2019a\u00e9roport. \u00bb<\/p>\n<p>Selon nos informations, le confr\u00e8re a \u00e9galement tent\u00e9 \u00e0 plusieurs reprises d\u2019entrer en contact avec certaines autorit\u00e9s s\u00e9n\u00e9galaises afin d\u2019obtenir une assistance ou un soutien, mais ses diff\u00e9rentes d\u00e9marches sont pour l\u2019instant rest\u00e9es sans r\u00e9ponse.<\/p>\n<p>Coinc\u00e9 dans l\u2019immense hall de transit de l\u2019A\u00e9roport international de Bole, le journaliste attend d\u00e9sormais une solution pour pouvoir rejoindre le S\u00e9n\u00e9gal.<\/p>\n<p>Le franc CFA, une monnaie aux fronti\u00e8res limit\u00e9es<br \/>\nCet incident met en lumi\u00e8re une r\u00e9alit\u00e9 souvent ignor\u00e9e : malgr\u00e9 son usage dans plusieurs pays d\u2019Afrique de l\u2019Ouest et d\u2019Afrique centrale, le franc CFA demeure peu convertible en dehors de sa zone mon\u00e9taire.<\/p>\n<p>Cr\u00e9\u00e9e en 1945 et utilis\u00e9e aujourd\u2019hui par quatorze pays africains, cette monnaie reste fortement d\u00e9pendante de circuits financiers sp\u00e9cifiques. Dans de nombreux \u00c9tats africains non membres de la zone CFA, elle n\u2019est ni \u00e9chang\u00e9e ni reconnue par les institutions financi\u00e8res locales.<\/p>\n<p>Cons\u00e9quence : des voyageurs peuvent se retrouver dans des situations d\u00e9licates d\u00e8s lors qu\u2019ils sortent de l\u2019espace o\u00f9 cette monnaie circule.<\/p>\n<p>Un d\u00e9bat relanc\u00e9 sur l\u2019avenir de la monnaie<br \/>\nL\u2019exp\u00e9rience v\u00e9cue par le journaliste s\u00e9n\u00e9galais m\u00e9rite r\u00e9flexion sur un d\u00e9bat d\u00e9j\u00e0 ancien en Afrique de l\u2019Ouest : celui de l\u2019avenir du franc CFA.<\/p>\n<p>Depuis plusieurs ann\u00e9es, \u00e9conomistes, universitaires et acteurs politiques s\u2019interrogent sur la pertinence de cette monnaie commune h\u00e9rit\u00e9e de l\u2019\u00e9poque coloniale. Certains y voient un facteur de stabilit\u00e9 financi\u00e8re, tandis que d\u2019autres d\u00e9noncent un instrument qui limite l\u2019autonomie mon\u00e9taire et la circulation \u00e9conomique internationale.<\/p>\n<p>L\u2019incident d\u2019Addis-Abeba, bien que personnel, pose une question plus large :<br \/>\nla suppression ou la r\u00e9forme du franc CFA est-elle devenue une urgence pour les pays francophones d\u2019Afrique de l\u2019Ouest ?<\/p>\n<p>En attendant une issue<\/p>\n<p>Pour l\u2019heure, la priorit\u00e9 reste la situation du journaliste Massata Faye, toujours bloqu\u00e9 \u00e0 l\u2019a\u00e9roport de Bole au moment de la r\u00e9daction de cet article.<\/p>\n<p>Priv\u00e9 de solution imm\u00e9diate pour convertir sa monnaie ou acheter son billet de retour, il esp\u00e8re d\u00e9sormais une assistance financi\u00e8re ou diplomatique lui permettant de quitter l\u2019\u00c9thiopie et de rejoindre ses proches \u00e0 Dakar.<\/p>\n<p>Une m\u00e9saventure qui, au-del\u00e0 du cas individuel, rappelle que la question mon\u00e9taire reste l\u2019un des grands d\u00e9fis de la souverainet\u00e9 \u00e9conomique africaine.<\/p>\n<p>Par Ibrahima Khalil Dieng<\/p>\n<p>Reveil-info<\/p>\n","protected":false},"excerpt":{"rendered":"<p>ADDIS-ABEBA : UN JOURNALISTE S\u00c9N\u00c9GALAIS BLOQU\u00c9 \u00c0 L\u2019A\u00c9ROPORT DE BOLE\u2026 LE FRANC CFA POINT\u00c9 DU<\/p>\n","protected":false},"author":1,"featured_media":0,"comment_status":"open","ping_status":"open","sticky":false,"template":"","format":"standard","meta":{"footnotes":""},"categories":[8,16],"tags":[],"class_list":["post-46804","post","type-post","status-publish","format-standard","hentry","category-international","category-societe"],"yoast_head":"<!-- This site is optimized with the Yoast SEO plugin v27.5 - https:\/\/yoast.com\/product\/yoast-seo-wordpress\/ -->\n<title>Addis-Abeba : un journaliste bloqu\u00e9 \u00e0 l&#039;a\u00e9roport \u00e0 cause du F CFA - R\u00e9veil Info<\/title>\n<meta name=\"robots\" content=\"noindex, follow, max-snippet:-1, max-image-preview:large, max-video-preview:-1\" \/>\n<meta property=\"og:locale\" content=\"fr_FR\" \/>\n<meta property=\"og:type\" content=\"article\" \/>\n<meta property=\"og:title\" content=\"Addis-Abeba : un journaliste bloqu\u00e9 \u00e0 l&#039;a\u00e9roport \u00e0 cause du F CFA - R\u00e9veil Info\" \/>\n<meta property=\"og:description\" content=\"ADDIS-ABEBA : UN JOURNALISTE S\u00c9N\u00c9GALAIS BLOQU\u00c9 \u00c0 L\u2019A\u00c9ROPORT DE BOLE\u2026 LE FRANC CFA POINT\u00c9 DU\" \/>\n<meta property=\"og:url\" content=\"https:\/\/reveil-info.net\/?p=46804\" \/>\n<meta property=\"og:site_name\" content=\"R\u00e9veil Info\" \/>\n<meta property=\"article:published_time\" content=\"2026-03-13T08:06:10+00:00\" \/>\n<meta property=\"og:image\" content=\"https:\/\/reveil-info.net\/wp-content\/uploads\/2026\/03\/IMG-20260312-WA0074.jpg\" \/>\n\t<meta property=\"og:image:width\" content=\"720\" \/>\n\t<meta property=\"og:image:height\" content=\"960\" \/>\n\t<meta property=\"og:image:type\" content=\"image\/jpeg\" \/>\n<meta name=\"author\" content=\"R\u00e9veil info\" \/>\n<meta name=\"twitter:card\" content=\"summary_large_image\" \/>\n<meta name=\"twitter:label1\" content=\"\u00c9crit par\" \/>\n\t<meta name=\"twitter:data1\" content=\"R\u00e9veil info\" \/>\n\t<meta name=\"twitter:label2\" content=\"Dur\u00e9e de lecture estim\u00e9e\" \/>\n\t<meta name=\"twitter:data2\" content=\"4 minutes\" \/>\n<script type=\"application\/ld+json\" class=\"yoast-schema-graph\">{\"@context\":\"https:\\\/\\\/schema.org\",\"@graph\":[{\"@type\":\"Article\",\"@id\":\"https:\\\/\\\/reveil-info.net\\\/?p=46804#article\",\"isPartOf\":{\"@id\":\"https:\\\/\\\/reveil-info.net\\\/?p=46804\"},\"author\":{\"name\":\"R\u00e9veil info\",\"@id\":\"https:\\\/\\\/reveil-info.net\\\/#\\\/schema\\\/person\\\/ca0cc8e70088e0a2b5e92556c1ee60f5\"},\"headline\":\"Addis-Abeba : un journaliste bloqu\u00e9 \u00e0 l&rsquo;a\u00e9roport \u00e0 cause du F CFA\",\"datePublished\":\"2026-03-13T08:06:10+00:00\",\"mainEntityOfPage\":{\"@id\":\"https:\\\/\\\/reveil-info.net\\\/?p=46804\"},\"wordCount\":758,\"commentCount\":2,\"publisher\":{\"@id\":\"https:\\\/\\\/reveil-info.net\\\/#organization\"},\"image\":{\"@id\":\"https:\\\/\\\/reveil-info.net\\\/?p=46804#primaryimage\"},\"thumbnailUrl\":\"https:\\\/\\\/reveil-info.net\\\/wp-content\\\/uploads\\\/2026\\\/03\\\/IMG-20260312-WA0074.jpg\",\"articleSection\":[\"International\",\"Soci\u00e9t\u00e9\"],\"inLanguage\":\"fr-FR\",\"potentialAction\":[{\"@type\":\"CommentAction\",\"name\":\"Comment\",\"target\":[\"https:\\\/\\\/reveil-info.net\\\/?p=46804#respond\"]}]},{\"@type\":\"WebPage\",\"@id\":\"https:\\\/\\\/reveil-info.net\\\/?p=46804\",\"url\":\"https:\\\/\\\/reveil-info.net\\\/?p=46804\",\"name\":\"Addis-Abeba : un journaliste bloqu\u00e9 \u00e0 l'a\u00e9roport \u00e0 cause du F CFA - R\u00e9veil Info\",\"isPartOf\":{\"@id\":\"https:\\\/\\\/reveil-info.net\\\/#website\"},\"primaryImageOfPage\":{\"@id\":\"https:\\\/\\\/reveil-info.net\\\/?p=46804#primaryimage\"},\"image\":{\"@id\":\"https:\\\/\\\/reveil-info.net\\\/?p=46804#primaryimage\"},\"thumbnailUrl\":\"https:\\\/\\\/reveil-info.net\\\/wp-content\\\/uploads\\\/2026\\\/03\\\/IMG-20260312-WA0074.jpg\",\"datePublished\":\"2026-03-13T08:06:10+00:00\",\"breadcrumb\":{\"@id\":\"https:\\\/\\\/reveil-info.net\\\/?p=46804#breadcrumb\"},\"inLanguage\":\"fr-FR\",\"potentialAction\":[{\"@type\":\"ReadAction\",\"target\":[\"https:\\\/\\\/reveil-info.net\\\/?p=46804\"]}]},{\"@type\":\"ImageObject\",\"inLanguage\":\"fr-FR\",\"@id\":\"https:\\\/\\\/reveil-info.net\\\/?p=46804#primaryimage\",\"url\":\"https:\\\/\\\/reveil-info.net\\\/wp-content\\\/uploads\\\/2026\\\/03\\\/IMG-20260312-WA0074.jpg\",\"contentUrl\":\"https:\\\/\\\/reveil-info.net\\\/wp-content\\\/uploads\\\/2026\\\/03\\\/IMG-20260312-WA0074.jpg\",\"width\":720,\"height\":960},{\"@type\":\"BreadcrumbList\",\"@id\":\"https:\\\/\\\/reveil-info.net\\\/?p=46804#breadcrumb\",\"itemListElement\":[{\"@type\":\"ListItem\",\"position\":1,\"name\":\"Home\",\"item\":\"https:\\\/\\\/reveil-info.net\\\/\"},{\"@type\":\"ListItem\",\"position\":2,\"name\":\"Addis-Abeba : un journaliste bloqu\u00e9 \u00e0 l&rsquo;a\u00e9roport \u00e0 cause du F CFA\"}]},{\"@type\":\"WebSite\",\"@id\":\"https:\\\/\\\/reveil-info.net\\\/#website\",\"url\":\"https:\\\/\\\/reveil-info.net\\\/\",\"name\":\"R\u00e9veil Info\",\"description\":\"Le devoir d&#039;informer!\",\"publisher\":{\"@id\":\"https:\\\/\\\/reveil-info.net\\\/#organization\"},\"potentialAction\":[{\"@type\":\"SearchAction\",\"target\":{\"@type\":\"EntryPoint\",\"urlTemplate\":\"https:\\\/\\\/reveil-info.net\\\/?s={search_term_string}\"},\"query-input\":{\"@type\":\"PropertyValueSpecification\",\"valueRequired\":true,\"valueName\":\"search_term_string\"}}],\"inLanguage\":\"fr-FR\"},{\"@type\":\"Organization\",\"@id\":\"https:\\\/\\\/reveil-info.net\\\/#organization\",\"name\":\"R\u00e9veil Info\",\"url\":\"https:\\\/\\\/reveil-info.net\\\/\",\"logo\":{\"@type\":\"ImageObject\",\"inLanguage\":\"fr-FR\",\"@id\":\"https:\\\/\\\/reveil-info.net\\\/#\\\/schema\\\/logo\\\/image\\\/\",\"url\":\"https:\\\/\\\/reveil-info.net\\\/wp-content\\\/uploads\\\/2024\\\/07\\\/bnddd1.jpg\",\"contentUrl\":\"https:\\\/\\\/reveil-info.net\\\/wp-content\\\/uploads\\\/2024\\\/07\\\/bnddd1.jpg\",\"width\":903,\"height\":125,\"caption\":\"R\u00e9veil Info\"},\"image\":{\"@id\":\"https:\\\/\\\/reveil-info.net\\\/#\\\/schema\\\/logo\\\/image\\\/\"}},{\"@type\":\"Person\",\"@id\":\"https:\\\/\\\/reveil-info.net\\\/#\\\/schema\\\/person\\\/ca0cc8e70088e0a2b5e92556c1ee60f5\",\"name\":\"R\u00e9veil info\",\"image\":{\"@type\":\"ImageObject\",\"inLanguage\":\"fr-FR\",\"@id\":\"https:\\\/\\\/secure.gravatar.com\\\/avatar\\\/e4ad5bb743c8b6cb174d9df6c7d30a8a16f6889731241345fc6444e6485f02af?s=96&d=mm&r=g\",\"url\":\"https:\\\/\\\/secure.gravatar.com\\\/avatar\\\/e4ad5bb743c8b6cb174d9df6c7d30a8a16f6889731241345fc6444e6485f02af?s=96&d=mm&r=g\",\"contentUrl\":\"https:\\\/\\\/secure.gravatar.com\\\/avatar\\\/e4ad5bb743c8b6cb174d9df6c7d30a8a16f6889731241345fc6444e6485f02af?s=96&d=mm&r=g\",\"caption\":\"R\u00e9veil info\"},\"sameAs\":[\"https:\\\/\\\/reveil-info.net\"],\"url\":\"https:\\\/\\\/reveil-info.net\\\/?author=1\"}]}<\/script>\n<!-- \/ Yoast SEO plugin. -->","yoast_head_json":{"title":"Addis-Abeba : un journaliste bloqu\u00e9 \u00e0 l'a\u00e9roport \u00e0 cause du F CFA - R\u00e9veil Info","robots":{"index":"noindex","follow":"follow","max-snippet":"max-snippet:-1","max-image-preview":"max-image-preview:large","max-video-preview":"max-video-preview:-1"},"og_locale":"fr_FR","og_type":"article","og_title":"Addis-Abeba : un journaliste bloqu\u00e9 \u00e0 l'a\u00e9roport \u00e0 cause du F CFA - R\u00e9veil Info","og_description":"ADDIS-ABEBA : UN JOURNALISTE S\u00c9N\u00c9GALAIS BLOQU\u00c9 \u00c0 L\u2019A\u00c9ROPORT DE BOLE\u2026 LE FRANC CFA POINT\u00c9 DU","og_url":"https:\/\/reveil-info.net\/?p=46804","og_site_name":"R\u00e9veil Info","article_published_time":"2026-03-13T08:06:10+00:00","og_image":[{"width":720,"height":960,"url":"https:\/\/reveil-info.net\/wp-content\/uploads\/2026\/03\/IMG-20260312-WA0074.jpg","type":"image\/jpeg"}],"author":"R\u00e9veil info","twitter_card":"summary_large_image","twitter_misc":{"\u00c9crit par":"R\u00e9veil info","Dur\u00e9e de lecture estim\u00e9e":"4 minutes"},"schema":{"@context":"https:\/\/schema.org","@graph":[{"@type":"Article","@id":"https:\/\/reveil-info.net\/?p=46804#article","isPartOf":{"@id":"https:\/\/reveil-info.net\/?p=46804"},"author":{"name":"R\u00e9veil info","@id":"https:\/\/reveil-info.net\/#\/schema\/person\/ca0cc8e70088e0a2b5e92556c1ee60f5"},"headline":"Addis-Abeba : un journaliste bloqu\u00e9 \u00e0 l&rsquo;a\u00e9roport \u00e0 cause du F CFA","datePublished":"2026-03-13T08:06:10+00:00","mainEntityOfPage":{"@id":"https:\/\/reveil-info.net\/?p=46804"},"wordCount":758,"commentCount":2,"publisher":{"@id":"https:\/\/reveil-info.net\/#organization"},"image":{"@id":"https:\/\/reveil-info.net\/?p=46804#primaryimage"},"thumbnailUrl":"https:\/\/reveil-info.net\/wp-content\/uploads\/2026\/03\/IMG-20260312-WA0074.jpg","articleSection":["International","Soci\u00e9t\u00e9"],"inLanguage":"fr-FR","potentialAction":[{"@type":"CommentAction","name":"Comment","target":["https:\/\/reveil-info.net\/?p=46804#respond"]}]},{"@type":"WebPage","@id":"https:\/\/reveil-info.net\/?p=46804","url":"https:\/\/reveil-info.net\/?p=46804","name":"Addis-Abeba : un journaliste bloqu\u00e9 \u00e0 l'a\u00e9roport \u00e0 cause du F CFA - R\u00e9veil Info","isPartOf":{"@id":"https:\/\/reveil-info.net\/#website"},"primaryImageOfPage":{"@id":"https:\/\/reveil-info.net\/?p=46804#primaryimage"},"image":{"@id":"https:\/\/reveil-info.net\/?p=46804#primaryimage"},"thumbnailUrl":"https:\/\/reveil-info.net\/wp-content\/uploads\/2026\/03\/IMG-20260312-WA0074.jpg","datePublished":"2026-03-13T08:06:10+00:00","breadcrumb":{"@id":"https:\/\/reveil-info.net\/?p=46804#breadcrumb"},"inLanguage":"fr-FR","potentialAction":[{"@type":"ReadAction","target":["https:\/\/reveil-info.net\/?p=46804"]}]},{"@type":"ImageObject","inLanguage":"fr-FR","@id":"https:\/\/reveil-info.net\/?p=46804#primaryimage","url":"https:\/\/reveil-info.net\/wp-content\/uploads\/2026\/03\/IMG-20260312-WA0074.jpg","contentUrl":"https:\/\/reveil-info.net\/wp-content\/uploads\/2026\/03\/IMG-20260312-WA0074.jpg","width":720,"height":960},{"@type":"BreadcrumbList","@id":"https:\/\/reveil-info.net\/?p=46804#breadcrumb","itemListElement":[{"@type":"ListItem","position":1,"name":"Home","item":"https:\/\/reveil-info.net\/"},{"@type":"ListItem","position":2,"name":"Addis-Abeba : un journaliste bloqu\u00e9 \u00e0 l&rsquo;a\u00e9roport \u00e0 cause du F CFA"}]},{"@type":"WebSite","@id":"https:\/\/reveil-info.net\/#website","url":"https:\/\/reveil-info.net\/","name":"R\u00e9veil Info","description":"Le devoir d&#039;informer!","publisher":{"@id":"https:\/\/reveil-info.net\/#organization"},"potentialAction":[{"@type":"SearchAction","target":{"@type":"EntryPoint","urlTemplate":"https:\/\/reveil-info.net\/?s={search_term_string}"},"query-input":{"@type":"PropertyValueSpecification","valueRequired":true,"valueName":"search_term_string"}}],"inLanguage":"fr-FR"},{"@type":"Organization","@id":"https:\/\/reveil-info.net\/#organization","name":"R\u00e9veil Info","url":"https:\/\/reveil-info.net\/","logo":{"@type":"ImageObject","inLanguage":"fr-FR","@id":"https:\/\/reveil-info.net\/#\/schema\/logo\/image\/","url":"https:\/\/reveil-info.net\/wp-content\/uploads\/2024\/07\/bnddd1.jpg","contentUrl":"https:\/\/reveil-info.net\/wp-content\/uploads\/2024\/07\/bnddd1.jpg","width":903,"height":125,"caption":"R\u00e9veil Info"},"image":{"@id":"https:\/\/reveil-info.net\/#\/schema\/logo\/image\/"}},{"@type":"Person","@id":"https:\/\/reveil-info.net\/#\/schema\/person\/ca0cc8e70088e0a2b5e92556c1ee60f5","name":"R\u00e9veil info","image":{"@type":"ImageObject","inLanguage":"fr-FR","@id":"https:\/\/secure.gravatar.com\/avatar\/e4ad5bb743c8b6cb174d9df6c7d30a8a16f6889731241345fc6444e6485f02af?s=96&d=mm&r=g","url":"https:\/\/secure.gravatar.com\/avatar\/e4ad5bb743c8b6cb174d9df6c7d30a8a16f6889731241345fc6444e6485f02af?s=96&d=mm&r=g","contentUrl":"https:\/\/secure.gravatar.com\/avatar\/e4ad5bb743c8b6cb174d9df6c7d30a8a16f6889731241345fc6444e6485f02af?s=96&d=mm&r=g","caption":"R\u00e9veil info"},"sameAs":["https:\/\/reveil-info.net"],"url":"https:\/\/reveil-info.net\/?author=1"}]}},"jetpack_featured_media_url":"","featured_image_urls":{"full":"","thumbnail":"","medium":"","medium_large":"","large":"","1536x1536":"","2048x2048":"","chromenews-featured":"","chromenews-large":"","chromenews-medium":""},"author_info":{"display_name":"R\u00e9veil info","author_link":"https:\/\/reveil-info.net\/?author=1"},"category_info":"<a href=\"https:\/\/reveil-info.net\/?cat=8\" rel=\"category\">International<\/a> <a href=\"https:\/\/reveil-info.net\/?cat=16\" rel=\"category\">Soci\u00e9t\u00e9<\/a>","tag_info":"Soci\u00e9t\u00e9","comment_count":"2","_links":{"self":[{"href":"https:\/\/reveil-info.net\/index.php?rest_route=\/wp\/v2\/posts\/46804","targetHints":{"allow":["GET"]}}],"collection":[{"href":"https:\/\/reveil-info.net\/index.php?rest_route=\/wp\/v2\/posts"}],"about":[{"href":"https:\/\/reveil-info.net\/index.php?rest_route=\/wp\/v2\/types\/post"}],"author":[{"embeddable":true,"href":"https:\/\/reveil-info.net\/index.php?rest_route=\/wp\/v2\/users\/1"}],"replies":[{"embeddable":true,"href":"https:\/\/reveil-info.net\/index.php?rest_route=%2Fwp%2Fv2%2Fcomments&post=46804"}],"version-history":[{"count":4,"href":"https:\/\/reveil-info.net\/index.php?rest_route=\/wp\/v2\/posts\/46804\/revisions"}],"predecessor-version":[{"id":46810,"href":"https:\/\/reveil-info.net\/index.php?rest_route=\/wp\/v2\/posts\/46804\/revisions\/46810"}],"wp:attachment":[{"href":"https:\/\/reveil-info.net\/index.php?rest_route=%2Fwp%2Fv2%2Fmedia&parent=46804"}],"wp:term":[{"taxonomy":"category","embeddable":true,"href":"https:\/\/reveil-info.net\/index.php?rest_route=%2Fwp%2Fv2%2Fcategories&post=46804"},{"taxonomy":"post_tag","embeddable":true,"href":"https:\/\/reveil-info.net\/index.php?rest_route=%2Fwp%2Fv2%2Ftags&post=46804"}],"curies":[{"name":"wp","href":"https:\/\/api.w.org\/{rel}","templated":true}]}}