{"id":46774,"date":"2026-03-12T18:14:47","date_gmt":"2026-03-12T18:14:47","guid":{"rendered":"https:\/\/reveil-info.net\/?p=46774"},"modified":"2026-03-13T08:39:35","modified_gmt":"2026-03-13T08:39:35","slug":"blaise-pascal-talla-lhomme-de-media-qui-cotoyait-les-grands-de-ce-monde","status":"publish","type":"post","link":"https:\/\/reveil-info.net\/?p=46774","title":{"rendered":"Blaise Pascal Talla, l&rsquo;homme de m\u00e9dia qui c\u00f4toyait les  grands de ce monde"},"content":{"rendered":"<p>Blaise Pascal Talla, le Camerounais qui c\u00f4toyait les puissants du monde entier<\/p>\n<p><img loading=\"lazy\" decoding=\"async\" class=\"alignnone  wp-image-46777\" src=\"https:\/\/reveil-info.net\/wp-content\/uploads\/2026\/03\/IMG-20260312-WA0047.jpg\" alt=\"\" width=\"920\" height=\"1457\" srcset=\"https:\/\/reveil-info.net\/wp-content\/uploads\/2026\/03\/IMG-20260312-WA0047.jpg 298w, https:\/\/reveil-info.net\/wp-content\/uploads\/2026\/03\/IMG-20260312-WA0047-189x300.jpg 189w\" sizes=\"auto, (max-width: 920px) 100vw, 920px\" \/><\/p>\n<p>S\u2019il y a un Camerounais qui a r\u00e9ussi \u00e0 se faire de l\u2019argent dans le monde des m\u00e9dias , c\u2019est bel et bien Blaise Pascal Talla. Aujourd\u2019hui, ardent d\u00e9fenseur de Paul BIYA. Il a notamment battu campagne pour ce dernier lors des derni\u00e8res \u00e9lections pr\u00e9sidentielles de 2018 en d\u00e9ployant tout son arsenal communicationnel.<\/p>\n<p><img loading=\"lazy\" decoding=\"async\" class=\"alignnone wp-image-46778\" src=\"https:\/\/reveil-info.net\/wp-content\/uploads\/2026\/03\/IMG-20260312-WA0046.jpg\" alt=\"\" width=\"1008\" height=\"752\" srcset=\"https:\/\/reveil-info.net\/wp-content\/uploads\/2026\/03\/IMG-20260312-WA0046.jpg 500w, https:\/\/reveil-info.net\/wp-content\/uploads\/2026\/03\/IMG-20260312-WA0046-300x224.jpg 300w\" sizes=\"auto, (max-width: 1008px) 100vw, 1008px\" \/><\/p>\n<p><img loading=\"lazy\" decoding=\"async\" class=\"alignnone wp-image-46780\" src=\"https:\/\/reveil-info.net\/wp-content\/uploads\/2026\/03\/IMG-20260312-WA0044.jpg\" alt=\"\" width=\"884\" height=\"702\" srcset=\"https:\/\/reveil-info.net\/wp-content\/uploads\/2026\/03\/IMG-20260312-WA0044.jpg 500w, https:\/\/reveil-info.net\/wp-content\/uploads\/2026\/03\/IMG-20260312-WA0044-300x238.jpg 300w\" sizes=\"auto, (max-width: 884px) 100vw, 884px\" \/><\/p>\n<p>C\u2019est l\u2019histoire d\u2019une r\u00e9ussite \u00e0 l\u2019am\u00e9ricaine. L\u2019histoire d\u2019un gar\u00e7on de course qui finira par devenir un chef d\u2019entreprise prosp\u00e8re et influent dans le monde. Blaise Pascal Talla est l\u2019une des figures de la presse franco-africaine des ann\u00e9es 1980. Et pourtant, rien \u00e0 priori ne lui pr\u00e9disposait \u00e0 une brillante carri\u00e8re de dirigeant de m\u00e9dia.<\/p>\n<p>N\u00e9 \u00e0 Bandjoun au Cameroun, Blaise Pascal Talla, commence sa carri\u00e8re comme simple comme vendeur \u00e0 la cri\u00e9e \u00e0 Jeune Afrique de Bechir Ben Yahmed \u00e0 Paris. Il gravit les \u00e9chelons \u00e0 une vitesse ph\u00e9nom\u00e9nale et occupe tr\u00e8s vite des postes de responsabilit\u00e9s. Il gagne la confiance de son employeur et devient le principal collaborateur de celui-ci. Ensemble, ils vont mettre en place le magazine : \u00ab Jeune Afrique Economie \u00bb.<\/p>\n<p><img loading=\"lazy\" decoding=\"async\" class=\"alignnone wp-image-46781\" src=\"https:\/\/reveil-info.net\/wp-content\/uploads\/2026\/03\/1773338548126.jpg\" alt=\"\" width=\"881\" height=\"657\" srcset=\"https:\/\/reveil-info.net\/wp-content\/uploads\/2026\/03\/1773338548126.jpg 500w, https:\/\/reveil-info.net\/wp-content\/uploads\/2026\/03\/1773338548126-300x224.jpg 300w\" sizes=\"auto, (max-width: 881px) 100vw, 881px\" \/><\/p>\n<p><img loading=\"lazy\" decoding=\"async\" class=\"alignnone wp-image-46782\" src=\"https:\/\/reveil-info.net\/wp-content\/uploads\/2026\/03\/IMG-20260312-WA0045.jpg\" alt=\"\" width=\"1208\" height=\"819\" srcset=\"https:\/\/reveil-info.net\/wp-content\/uploads\/2026\/03\/IMG-20260312-WA0045.jpg 500w, https:\/\/reveil-info.net\/wp-content\/uploads\/2026\/03\/IMG-20260312-WA0045-300x203.jpg 300w\" sizes=\"auto, (max-width: 1208px) 100vw, 1208px\" \/><\/p>\n<p>Le projet est innovant, futuriste et ambitieux ; Jeune Afrique Economie, veut \u00eatre la r\u00e9f\u00e9rence en mati\u00e8re d\u2019\u00e9conomie dans toute l\u2019Afrique. Le projet conquiert \u00e0 ses d\u00e9buts, les publications sont appr\u00e9ci\u00e9es et les abonn\u00e9s se font nombreux.<\/p>\n<p>Tr\u00e8s respect\u00e9 en tant que dirigeant de M\u00e9dia, Blaise Pascal Talla a rencontr\u00e9 et c\u00f4toy\u00e9 les grands de ce monde. Il a c\u00f4toy\u00e9 la quasi-totalit\u00e9 des chefs d\u2019Etat africains qui le consid\u00e9raient comme un ami. Il avait aussi de l\u2019influence hors d\u2019Afrique. Les dirigeants europ\u00e9ens lui faisaient assidument la cour ; voyant \u00e0 travers son journal, un moyen d\u2019assoir leur influence sur le continent africain et de gagner plusieurs march\u00e9s juteux. Il \u00e9tait l\u2019interm\u00e9diaire des occidentaux aupr\u00e8s des chefs d\u2019Etat africains.<\/p>\n<p><img loading=\"lazy\" decoding=\"async\" class=\"alignnone wp-image-46784\" src=\"https:\/\/reveil-info.net\/wp-content\/uploads\/2026\/03\/1773338569217.jpg\" alt=\"\" width=\"981\" height=\"718\" srcset=\"https:\/\/reveil-info.net\/wp-content\/uploads\/2026\/03\/1773338569217.jpg 500w, https:\/\/reveil-info.net\/wp-content\/uploads\/2026\/03\/1773338569217-300x220.jpg 300w\" sizes=\"auto, (max-width: 981px) 100vw, 981px\" \/><\/p>\n<p>Son patron Bechir Ben Yahmed lui faisait aveuglement confiance au point o\u00f9 il lui a c\u00e9d\u00e9 \u00ab Jeune Afrique Economie \u00bb sans m\u00eame en parler \u00e0 ses proches. Ce fut l\u2019erreur de sa vie. B\u00e9chir et Blaise Pascal entreront en conflit et Blaise Pascal d\u00e9cidera de voler de ses propres ailes ; emportant avec lui \u00ab Jeune Afrique Economie \u00bb. Il a par la m\u00eame occasion voulu faire main basse sur \u00ab Jeune Afrique \u00bb de Ben Yahmed. Blaise Pascal cr\u00e9e le Groupe International, d\u2019Edition et de Publication de PRESSE (GIDEPPE) \u00e0 travers lequel il publie Jeune Afrique \u00c9conomie, Divas et Journal de l\u2019Afrique en Expansion.<\/p>\n<p>C\u2019est la d\u00e9cr\u00e9pitude. Peu \u00e0 peu, il d\u00e9cide de se mettre au service de l\u2019argent et r\u00e9alise sans aucuns scrupules des publireportages pay\u00e9s tr\u00e8s chers pour redorer sur le plan international l\u2019image de plusieurs dirigeants africains (g\u00e9n\u00e9ralement des dictateurs). Bechir Ben Yahmed regrette encore aujourd\u2019hui d\u2019avoir c\u00e9der \u00ab Jeune Afrique Economie \u00bb \u00e0 Blaise Pascal. Pour lui, c\u2019est la plus grosse erreur de sa vie : \u00ab Oui, j\u2019ai fait l\u2019erreur de vendre Jeune Afrique \u00c9conomie \u00e0 Blaise-Pascal\u00ad Talla \u2013 en le laissant utiliser le nom Jeune Afrique. Cela lui est mont\u00e9 \u00e0 la t\u00eate et, on le sait maintenant, il a voulu s\u2019en servir pour tuer Jeune Afrique.<\/p>\n<p>Depuis plus de vingt ans, il nous intente des proc\u00e8s et a d\u00e9pens\u00e9 une fortune en honoraires d\u2019avocat. Il n\u2019a pas r\u00e9ussi, mais j\u2019ai tout de m\u00eame commis une grave erreur en le choisissant lui et surtout en louant le titre. Ce que je voulais, c\u2019\u00e9tait aider un Subsaharien \u00e0 devenir un bon \u00e9diteur. Encore ma na\u00efvet\u00e9. \u00bb<\/p>\n<p>Au d\u00e9but des ann\u00e9es 2000, Blaise Pascal se r\u00e9fugie au Cameroun o\u00f9 il dit craindre pour sa vie. Il affirme que le pr\u00e9sident \u00e9quatoguin\u00e9en Obiang Nguema aurait lanc\u00e9 des mercenaires \u00e0 ses trousses. En effet, une affaire d\u2019un publireportage de 2 milliards de F CFA oppose les deux hommes et Blaise Pascal a \u00e9t\u00e9 condamn\u00e9 \u00e0 12 ans de prison par contumace en Guin\u00e9e \u00e9quatoriale.<\/p>\n<p>D\u00e9crit comme \u00e9tant un habitu\u00e9 du Palais d&rsquo;Etoudi, Blaise Pascal publie plusieurs \u00e9ditions sp\u00e9ciales sur le Cameroun. Il volera m\u00eame au secours de Paul Biya en 1997, lorsque Titus Edzoa d\u00e9missionne pour \u00eatre candidat \u00e0 l\u2019\u00e9lection pr\u00e9sidentielle contre Biya. Titus est arr\u00eat\u00e9 et incarc\u00e9r\u00e9. Pour prouver que son arrestation n\u2019est pas politique, Blaise Pascal Talla va produire un num\u00e9ro hors-s\u00e9rie sp\u00e9cial pour salir Titus. Cette \u00e9dition comporte des publireportages sur les soci\u00e9t\u00e9s publiques et parapubliques du Cameroun dans lesquels il va relater comment Titus Edzoa a d\u00e9tourn\u00e9 les fonds publics.<\/p>\n<p>Depuis quelques ann\u00e9es, Blaise Pascal Talla s\u2019affiche fi\u00e8rement aux meetings du RDPC et en ao\u00fbt 2018, il publie deux \u00e9ditions sp\u00e9ciales de Jeune Afrique \u00c9conomie sur le Cameroun. La finalit\u00e9 est de redorer l\u2019image de Paul Biya avant l\u2019\u00e9lection pr\u00e9sidentielle d\u2019octobre 2018. Blaise Pascal a exprim\u00e9 clairement son soutien \u00e0 Paul Biya. Le 13 f\u00e9vrier 2019, la justice camerounaise somme l\u2019Etat de lui verser 100 millions de Franc Cfa pour des publireportages impay\u00e9s.<\/p>\n<p>Quoiqu\u2019ayant du plomb dans l\u2019aile, Jeune Afrique Economie existe encore aujourd\u2019hui et Blaise Pascal Talla se bat comme un beau diable pour maintenir le cap. On aura beau ne pas \u00eatre d\u2019accord avec ses choix de vie, mais il convient de saluer le parcours de ce monsieur qui a force de travail, d\u2019abn\u00e9gation, d\u2019audace a su se hisser au sommet du paysage m\u00e9diatique africain dans les ann\u00e9es 80 et 90. Parti de rien, il a c\u00f4toy\u00e9 les grands de ce monde.<\/p>\n<p>Il a attendu le d\u00e9c\u00e8s de Fotso Victor pour \u00e9pouser l\u2019une de ses filles .<\/p>\n<p>La terre est sale ! Si \u00e8 ne mvit ! Ngo Bagde !<\/p>\n<p>Arol Ketch<br \/>\nRat des archives<\/p>\n","protected":false},"excerpt":{"rendered":"<p>Blaise Pascal Talla, le Camerounais qui c\u00f4toyait les puissants du monde entier S\u2019il y a<\/p>\n","protected":false},"author":1,"featured_media":0,"comment_status":"open","ping_status":"open","sticky":false,"template":"","format":"standard","meta":{"footnotes":""},"categories":[44],"tags":[],"class_list":["post-46774","post","type-post","status-publish","format-standard","hentry","category-lu-pour-vous"],"yoast_head":"<!-- This site is optimized with the Yoast SEO plugin v27.5 - https:\/\/yoast.com\/product\/yoast-seo-wordpress\/ -->\n<title>Blaise Pascal Talla, l&#039;homme de m\u00e9dia qui c\u00f4toyait les grands de ce monde - R\u00e9veil Info<\/title>\n<meta name=\"robots\" content=\"noindex, follow, max-snippet:-1, max-image-preview:large, max-video-preview:-1\" \/>\n<meta property=\"og:locale\" content=\"fr_FR\" \/>\n<meta property=\"og:type\" content=\"article\" \/>\n<meta property=\"og:title\" content=\"Blaise Pascal Talla, l&#039;homme de m\u00e9dia qui c\u00f4toyait les grands de ce monde - R\u00e9veil Info\" \/>\n<meta property=\"og:description\" content=\"Blaise Pascal Talla, le Camerounais qui c\u00f4toyait les puissants du monde entier S\u2019il y a\" \/>\n<meta property=\"og:url\" content=\"https:\/\/reveil-info.net\/?p=46774\" \/>\n<meta property=\"og:site_name\" content=\"R\u00e9veil Info\" \/>\n<meta property=\"article:published_time\" content=\"2026-03-12T18:14:47+00:00\" \/>\n<meta property=\"article:modified_time\" content=\"2026-03-13T08:39:35+00:00\" \/>\n<meta property=\"og:image\" content=\"https:\/\/reveil-info.net\/wp-content\/uploads\/2026\/03\/IMG-20260312-WA0047.jpg\" \/>\n\t<meta property=\"og:image:width\" content=\"298\" \/>\n\t<meta property=\"og:image:height\" content=\"472\" \/>\n\t<meta property=\"og:image:type\" content=\"image\/jpeg\" \/>\n<meta name=\"author\" content=\"R\u00e9veil info\" \/>\n<meta name=\"twitter:card\" content=\"summary_large_image\" \/>\n<meta name=\"twitter:label1\" content=\"\u00c9crit par\" \/>\n\t<meta name=\"twitter:data1\" content=\"R\u00e9veil info\" \/>\n\t<meta name=\"twitter:label2\" content=\"Dur\u00e9e de lecture estim\u00e9e\" \/>\n\t<meta name=\"twitter:data2\" content=\"6 minutes\" \/>\n<script type=\"application\/ld+json\" class=\"yoast-schema-graph\">{\"@context\":\"https:\\\/\\\/schema.org\",\"@graph\":[{\"@type\":\"Article\",\"@id\":\"https:\\\/\\\/reveil-info.net\\\/?p=46774#article\",\"isPartOf\":{\"@id\":\"https:\\\/\\\/reveil-info.net\\\/?p=46774\"},\"author\":{\"name\":\"R\u00e9veil info\",\"@id\":\"https:\\\/\\\/reveil-info.net\\\/#\\\/schema\\\/person\\\/ca0cc8e70088e0a2b5e92556c1ee60f5\"},\"headline\":\"Blaise Pascal Talla, l&rsquo;homme de m\u00e9dia qui c\u00f4toyait les grands de ce monde\",\"datePublished\":\"2026-03-12T18:14:47+00:00\",\"dateModified\":\"2026-03-13T08:39:35+00:00\",\"mainEntityOfPage\":{\"@id\":\"https:\\\/\\\/reveil-info.net\\\/?p=46774\"},\"wordCount\":1022,\"commentCount\":0,\"publisher\":{\"@id\":\"https:\\\/\\\/reveil-info.net\\\/#organization\"},\"image\":{\"@id\":\"https:\\\/\\\/reveil-info.net\\\/?p=46774#primaryimage\"},\"thumbnailUrl\":\"https:\\\/\\\/reveil-info.net\\\/wp-content\\\/uploads\\\/2026\\\/03\\\/IMG-20260312-WA0047.jpg\",\"articleSection\":[\"Lu pour vous\"],\"inLanguage\":\"fr-FR\",\"potentialAction\":[{\"@type\":\"CommentAction\",\"name\":\"Comment\",\"target\":[\"https:\\\/\\\/reveil-info.net\\\/?p=46774#respond\"]}]},{\"@type\":\"WebPage\",\"@id\":\"https:\\\/\\\/reveil-info.net\\\/?p=46774\",\"url\":\"https:\\\/\\\/reveil-info.net\\\/?p=46774\",\"name\":\"Blaise Pascal Talla, l'homme de m\u00e9dia qui c\u00f4toyait les grands de ce monde - R\u00e9veil Info\",\"isPartOf\":{\"@id\":\"https:\\\/\\\/reveil-info.net\\\/#website\"},\"primaryImageOfPage\":{\"@id\":\"https:\\\/\\\/reveil-info.net\\\/?p=46774#primaryimage\"},\"image\":{\"@id\":\"https:\\\/\\\/reveil-info.net\\\/?p=46774#primaryimage\"},\"thumbnailUrl\":\"https:\\\/\\\/reveil-info.net\\\/wp-content\\\/uploads\\\/2026\\\/03\\\/IMG-20260312-WA0047.jpg\",\"datePublished\":\"2026-03-12T18:14:47+00:00\",\"dateModified\":\"2026-03-13T08:39:35+00:00\",\"breadcrumb\":{\"@id\":\"https:\\\/\\\/reveil-info.net\\\/?p=46774#breadcrumb\"},\"inLanguage\":\"fr-FR\",\"potentialAction\":[{\"@type\":\"ReadAction\",\"target\":[\"https:\\\/\\\/reveil-info.net\\\/?p=46774\"]}]},{\"@type\":\"ImageObject\",\"inLanguage\":\"fr-FR\",\"@id\":\"https:\\\/\\\/reveil-info.net\\\/?p=46774#primaryimage\",\"url\":\"https:\\\/\\\/reveil-info.net\\\/wp-content\\\/uploads\\\/2026\\\/03\\\/IMG-20260312-WA0047.jpg\",\"contentUrl\":\"https:\\\/\\\/reveil-info.net\\\/wp-content\\\/uploads\\\/2026\\\/03\\\/IMG-20260312-WA0047.jpg\",\"width\":298,\"height\":472},{\"@type\":\"BreadcrumbList\",\"@id\":\"https:\\\/\\\/reveil-info.net\\\/?p=46774#breadcrumb\",\"itemListElement\":[{\"@type\":\"ListItem\",\"position\":1,\"name\":\"Home\",\"item\":\"https:\\\/\\\/reveil-info.net\\\/\"},{\"@type\":\"ListItem\",\"position\":2,\"name\":\"Blaise Pascal Talla, l&rsquo;homme de m\u00e9dia qui c\u00f4toyait les grands de ce monde\"}]},{\"@type\":\"WebSite\",\"@id\":\"https:\\\/\\\/reveil-info.net\\\/#website\",\"url\":\"https:\\\/\\\/reveil-info.net\\\/\",\"name\":\"R\u00e9veil Info\",\"description\":\"Le devoir d&#039;informer!\",\"publisher\":{\"@id\":\"https:\\\/\\\/reveil-info.net\\\/#organization\"},\"potentialAction\":[{\"@type\":\"SearchAction\",\"target\":{\"@type\":\"EntryPoint\",\"urlTemplate\":\"https:\\\/\\\/reveil-info.net\\\/?s={search_term_string}\"},\"query-input\":{\"@type\":\"PropertyValueSpecification\",\"valueRequired\":true,\"valueName\":\"search_term_string\"}}],\"inLanguage\":\"fr-FR\"},{\"@type\":\"Organization\",\"@id\":\"https:\\\/\\\/reveil-info.net\\\/#organization\",\"name\":\"R\u00e9veil Info\",\"url\":\"https:\\\/\\\/reveil-info.net\\\/\",\"logo\":{\"@type\":\"ImageObject\",\"inLanguage\":\"fr-FR\",\"@id\":\"https:\\\/\\\/reveil-info.net\\\/#\\\/schema\\\/logo\\\/image\\\/\",\"url\":\"https:\\\/\\\/reveil-info.net\\\/wp-content\\\/uploads\\\/2024\\\/07\\\/bnddd1.jpg\",\"contentUrl\":\"https:\\\/\\\/reveil-info.net\\\/wp-content\\\/uploads\\\/2024\\\/07\\\/bnddd1.jpg\",\"width\":903,\"height\":125,\"caption\":\"R\u00e9veil Info\"},\"image\":{\"@id\":\"https:\\\/\\\/reveil-info.net\\\/#\\\/schema\\\/logo\\\/image\\\/\"}},{\"@type\":\"Person\",\"@id\":\"https:\\\/\\\/reveil-info.net\\\/#\\\/schema\\\/person\\\/ca0cc8e70088e0a2b5e92556c1ee60f5\",\"name\":\"R\u00e9veil info\",\"image\":{\"@type\":\"ImageObject\",\"inLanguage\":\"fr-FR\",\"@id\":\"https:\\\/\\\/secure.gravatar.com\\\/avatar\\\/e4ad5bb743c8b6cb174d9df6c7d30a8a16f6889731241345fc6444e6485f02af?s=96&d=mm&r=g\",\"url\":\"https:\\\/\\\/secure.gravatar.com\\\/avatar\\\/e4ad5bb743c8b6cb174d9df6c7d30a8a16f6889731241345fc6444e6485f02af?s=96&d=mm&r=g\",\"contentUrl\":\"https:\\\/\\\/secure.gravatar.com\\\/avatar\\\/e4ad5bb743c8b6cb174d9df6c7d30a8a16f6889731241345fc6444e6485f02af?s=96&d=mm&r=g\",\"caption\":\"R\u00e9veil info\"},\"sameAs\":[\"https:\\\/\\\/reveil-info.net\"],\"url\":\"https:\\\/\\\/reveil-info.net\\\/?author=1\"}]}<\/script>\n<!-- \/ Yoast SEO plugin. -->","yoast_head_json":{"title":"Blaise Pascal Talla, l'homme de m\u00e9dia qui c\u00f4toyait les grands de ce monde - R\u00e9veil Info","robots":{"index":"noindex","follow":"follow","max-snippet":"max-snippet:-1","max-image-preview":"max-image-preview:large","max-video-preview":"max-video-preview:-1"},"og_locale":"fr_FR","og_type":"article","og_title":"Blaise Pascal Talla, l'homme de m\u00e9dia qui c\u00f4toyait les grands de ce monde - R\u00e9veil Info","og_description":"Blaise Pascal Talla, le Camerounais qui c\u00f4toyait les puissants du monde entier S\u2019il y a","og_url":"https:\/\/reveil-info.net\/?p=46774","og_site_name":"R\u00e9veil Info","article_published_time":"2026-03-12T18:14:47+00:00","article_modified_time":"2026-03-13T08:39:35+00:00","og_image":[{"width":298,"height":472,"url":"https:\/\/reveil-info.net\/wp-content\/uploads\/2026\/03\/IMG-20260312-WA0047.jpg","type":"image\/jpeg"}],"author":"R\u00e9veil info","twitter_card":"summary_large_image","twitter_misc":{"\u00c9crit par":"R\u00e9veil info","Dur\u00e9e de lecture estim\u00e9e":"6 minutes"},"schema":{"@context":"https:\/\/schema.org","@graph":[{"@type":"Article","@id":"https:\/\/reveil-info.net\/?p=46774#article","isPartOf":{"@id":"https:\/\/reveil-info.net\/?p=46774"},"author":{"name":"R\u00e9veil info","@id":"https:\/\/reveil-info.net\/#\/schema\/person\/ca0cc8e70088e0a2b5e92556c1ee60f5"},"headline":"Blaise Pascal Talla, l&rsquo;homme de m\u00e9dia qui c\u00f4toyait les grands de ce monde","datePublished":"2026-03-12T18:14:47+00:00","dateModified":"2026-03-13T08:39:35+00:00","mainEntityOfPage":{"@id":"https:\/\/reveil-info.net\/?p=46774"},"wordCount":1022,"commentCount":0,"publisher":{"@id":"https:\/\/reveil-info.net\/#organization"},"image":{"@id":"https:\/\/reveil-info.net\/?p=46774#primaryimage"},"thumbnailUrl":"https:\/\/reveil-info.net\/wp-content\/uploads\/2026\/03\/IMG-20260312-WA0047.jpg","articleSection":["Lu pour vous"],"inLanguage":"fr-FR","potentialAction":[{"@type":"CommentAction","name":"Comment","target":["https:\/\/reveil-info.net\/?p=46774#respond"]}]},{"@type":"WebPage","@id":"https:\/\/reveil-info.net\/?p=46774","url":"https:\/\/reveil-info.net\/?p=46774","name":"Blaise Pascal Talla, l'homme de m\u00e9dia qui c\u00f4toyait les grands de ce monde - R\u00e9veil Info","isPartOf":{"@id":"https:\/\/reveil-info.net\/#website"},"primaryImageOfPage":{"@id":"https:\/\/reveil-info.net\/?p=46774#primaryimage"},"image":{"@id":"https:\/\/reveil-info.net\/?p=46774#primaryimage"},"thumbnailUrl":"https:\/\/reveil-info.net\/wp-content\/uploads\/2026\/03\/IMG-20260312-WA0047.jpg","datePublished":"2026-03-12T18:14:47+00:00","dateModified":"2026-03-13T08:39:35+00:00","breadcrumb":{"@id":"https:\/\/reveil-info.net\/?p=46774#breadcrumb"},"inLanguage":"fr-FR","potentialAction":[{"@type":"ReadAction","target":["https:\/\/reveil-info.net\/?p=46774"]}]},{"@type":"ImageObject","inLanguage":"fr-FR","@id":"https:\/\/reveil-info.net\/?p=46774#primaryimage","url":"https:\/\/reveil-info.net\/wp-content\/uploads\/2026\/03\/IMG-20260312-WA0047.jpg","contentUrl":"https:\/\/reveil-info.net\/wp-content\/uploads\/2026\/03\/IMG-20260312-WA0047.jpg","width":298,"height":472},{"@type":"BreadcrumbList","@id":"https:\/\/reveil-info.net\/?p=46774#breadcrumb","itemListElement":[{"@type":"ListItem","position":1,"name":"Home","item":"https:\/\/reveil-info.net\/"},{"@type":"ListItem","position":2,"name":"Blaise Pascal Talla, l&rsquo;homme de m\u00e9dia qui c\u00f4toyait les grands de ce monde"}]},{"@type":"WebSite","@id":"https:\/\/reveil-info.net\/#website","url":"https:\/\/reveil-info.net\/","name":"R\u00e9veil Info","description":"Le devoir d&#039;informer!","publisher":{"@id":"https:\/\/reveil-info.net\/#organization"},"potentialAction":[{"@type":"SearchAction","target":{"@type":"EntryPoint","urlTemplate":"https:\/\/reveil-info.net\/?s={search_term_string}"},"query-input":{"@type":"PropertyValueSpecification","valueRequired":true,"valueName":"search_term_string"}}],"inLanguage":"fr-FR"},{"@type":"Organization","@id":"https:\/\/reveil-info.net\/#organization","name":"R\u00e9veil Info","url":"https:\/\/reveil-info.net\/","logo":{"@type":"ImageObject","inLanguage":"fr-FR","@id":"https:\/\/reveil-info.net\/#\/schema\/logo\/image\/","url":"https:\/\/reveil-info.net\/wp-content\/uploads\/2024\/07\/bnddd1.jpg","contentUrl":"https:\/\/reveil-info.net\/wp-content\/uploads\/2024\/07\/bnddd1.jpg","width":903,"height":125,"caption":"R\u00e9veil Info"},"image":{"@id":"https:\/\/reveil-info.net\/#\/schema\/logo\/image\/"}},{"@type":"Person","@id":"https:\/\/reveil-info.net\/#\/schema\/person\/ca0cc8e70088e0a2b5e92556c1ee60f5","name":"R\u00e9veil info","image":{"@type":"ImageObject","inLanguage":"fr-FR","@id":"https:\/\/secure.gravatar.com\/avatar\/e4ad5bb743c8b6cb174d9df6c7d30a8a16f6889731241345fc6444e6485f02af?s=96&d=mm&r=g","url":"https:\/\/secure.gravatar.com\/avatar\/e4ad5bb743c8b6cb174d9df6c7d30a8a16f6889731241345fc6444e6485f02af?s=96&d=mm&r=g","contentUrl":"https:\/\/secure.gravatar.com\/avatar\/e4ad5bb743c8b6cb174d9df6c7d30a8a16f6889731241345fc6444e6485f02af?s=96&d=mm&r=g","caption":"R\u00e9veil info"},"sameAs":["https:\/\/reveil-info.net"],"url":"https:\/\/reveil-info.net\/?author=1"}]}},"jetpack_featured_media_url":"","featured_image_urls":{"full":"","thumbnail":"","medium":"","medium_large":"","large":"","1536x1536":"","2048x2048":"","chromenews-featured":"","chromenews-large":"","chromenews-medium":""},"author_info":{"display_name":"R\u00e9veil info","author_link":"https:\/\/reveil-info.net\/?author=1"},"category_info":"<a href=\"https:\/\/reveil-info.net\/?cat=44\" rel=\"category\">Lu pour vous<\/a>","tag_info":"Lu pour vous","comment_count":"0","_links":{"self":[{"href":"https:\/\/reveil-info.net\/index.php?rest_route=\/wp\/v2\/posts\/46774","targetHints":{"allow":["GET"]}}],"collection":[{"href":"https:\/\/reveil-info.net\/index.php?rest_route=\/wp\/v2\/posts"}],"about":[{"href":"https:\/\/reveil-info.net\/index.php?rest_route=\/wp\/v2\/types\/post"}],"author":[{"embeddable":true,"href":"https:\/\/reveil-info.net\/index.php?rest_route=\/wp\/v2\/users\/1"}],"replies":[{"embeddable":true,"href":"https:\/\/reveil-info.net\/index.php?rest_route=%2Fwp%2Fv2%2Fcomments&post=46774"}],"version-history":[{"count":7,"href":"https:\/\/reveil-info.net\/index.php?rest_route=\/wp\/v2\/posts\/46774\/revisions"}],"predecessor-version":[{"id":46813,"href":"https:\/\/reveil-info.net\/index.php?rest_route=\/wp\/v2\/posts\/46774\/revisions\/46813"}],"wp:attachment":[{"href":"https:\/\/reveil-info.net\/index.php?rest_route=%2Fwp%2Fv2%2Fmedia&parent=46774"}],"wp:term":[{"taxonomy":"category","embeddable":true,"href":"https:\/\/reveil-info.net\/index.php?rest_route=%2Fwp%2Fv2%2Fcategories&post=46774"},{"taxonomy":"post_tag","embeddable":true,"href":"https:\/\/reveil-info.net\/index.php?rest_route=%2Fwp%2Fv2%2Ftags&post=46774"}],"curies":[{"name":"wp","href":"https:\/\/api.w.org\/{rel}","templated":true}]}}