{"id":46735,"date":"2026-03-12T13:31:28","date_gmt":"2026-03-12T13:31:28","guid":{"rendered":"https:\/\/reveil-info.net\/?p=46735"},"modified":"2026-03-12T13:31:28","modified_gmt":"2026-03-12T13:31:28","slug":"cyclisme-3e-edition-du-grand-prix-iamgold-essakane-le-15-mars-a-ouagadougou","status":"publish","type":"post","link":"https:\/\/reveil-info.net\/?p=46735","title":{"rendered":"Cyclisme : 3e \u00e9dition  du grand prix IAMGOLD Essakane le 15 mars \u00e0 Ouagadougou"},"content":{"rendered":"<p>Cyclisme : La 3e \u00e9dition du grand prix IAMGOLD Essakane pr\u00e9vue le 15 mars \u00e0 Ouagadougou<\/p>\n<p><img loading=\"lazy\" decoding=\"async\" class=\"alignnone size-full wp-image-46738\" src=\"https:\/\/reveil-info.net\/wp-content\/uploads\/2026\/03\/1773322012230.jpg\" alt=\"\" width=\"720\" height=\"540\" srcset=\"https:\/\/reveil-info.net\/wp-content\/uploads\/2026\/03\/1773322012230.jpg 720w, https:\/\/reveil-info.net\/wp-content\/uploads\/2026\/03\/1773322012230-300x225.jpg 300w\" sizes=\"auto, (max-width: 720px) 100vw, 720px\" \/><\/p>\n<p><img loading=\"lazy\" decoding=\"async\" class=\"alignnone size-full wp-image-46739\" src=\"https:\/\/reveil-info.net\/wp-content\/uploads\/2026\/03\/1773322022127.jpg\" alt=\"\" width=\"720\" height=\"540\" srcset=\"https:\/\/reveil-info.net\/wp-content\/uploads\/2026\/03\/1773322022127.jpg 720w, https:\/\/reveil-info.net\/wp-content\/uploads\/2026\/03\/1773322022127-300x225.jpg 300w\" sizes=\"auto, (max-width: 720px) 100vw, 720px\" \/><\/p>\n<p>La conf\u00e9rence de presse de la course cycliste du Grand Prix IAMGOLD Essakane s\u2019est tenue ce jeudi 12 mars 2026 \u00e0 Ouagadougou. \u00c0 cette occasion, les organisateurs ont annonc\u00e9 la tenue de la troisi\u00e8me \u00e9dition de la comp\u00e9tition le dimanche 15 mars 2026.<\/p>\n<p>Au total, pr\u00e8s de 98 coureurs, hommes et dames, sont attendus. La course se d\u00e9roulera enti\u00e8rement sur le boulevard Boulevard Isidore No\u00ebl Thomas Sankara, avec toutefois un d\u00e9part furtif pr\u00e9vu devant le palais du Moogho Naaba Baongo.<\/p>\n<p><img loading=\"lazy\" decoding=\"async\" class=\"alignnone size-full wp-image-46740\" src=\"https:\/\/reveil-info.net\/wp-content\/uploads\/2026\/03\/1773322028721.jpg\" alt=\"\" width=\"720\" height=\"540\" srcset=\"https:\/\/reveil-info.net\/wp-content\/uploads\/2026\/03\/1773322028721.jpg 720w, https:\/\/reveil-info.net\/wp-content\/uploads\/2026\/03\/1773322028721-300x225.jpg 300w\" sizes=\"auto, (max-width: 720px) 100vw, 720px\" \/><\/p>\n<p>Cette \u00e9dition est plac\u00e9e sous le patronage de la ministre des Sports, de la Jeunesse et de l\u2019Emploi, Annick Lydie Djouma Pikbougoum\/Zingu\u00e9 Ouattara, et sous la pr\u00e9sidence du ministre de l\u2019\u00c9nergie, des Mines et des Carri\u00e8res, Yakouba Zabr\u00e9 Gouba. Le parrainage est assur\u00e9 par le pr\u00e9sident du Comit\u00e9 National Olympique et des Sports Burkinab\u00e8, Jean Yam\u00e9ogo.<\/p>\n<p>Le manageur g\u00e9n\u00e9ral du Grand Prix cycliste IAMGOLD Essakane, Gustave Taro, a salu\u00e9 l\u2019accompagnement des autorit\u00e9s et partenaires. Il a \u00e9galement annonc\u00e9 l\u2019institution de prix sp\u00e9ciaux offerts par les membres du gouvernement et le pr\u00e9sident du CNOSB, en plus des r\u00e9compenses officielles pr\u00e9vues par la f\u00e9d\u00e9ration, afin de motiver davantage les comp\u00e9titeurs.<\/p>\n<p>Source :Latribunedufaso<\/p>\n<p>Reveil-info<\/p>\n","protected":false},"excerpt":{"rendered":"<p>Cyclisme : La 3e \u00e9dition du grand prix IAMGOLD Essakane pr\u00e9vue le 15 mars \u00e0<\/p>\n","protected":false},"author":1,"featured_media":0,"comment_status":"open","ping_status":"open","sticky":false,"template":"","format":"standard","meta":{"footnotes":""},"categories":[18],"tags":[],"class_list":["post-46735","post","type-post","status-publish","format-standard","hentry","category-sports-et-culture"],"yoast_head":"<!-- This site is optimized with the Yoast SEO plugin v27.5 - https:\/\/yoast.com\/product\/yoast-seo-wordpress\/ -->\n<title>Cyclisme : 3e \u00e9dition du grand prix IAMGOLD Essakane le 15 mars \u00e0 Ouagadougou - R\u00e9veil Info<\/title>\n<meta name=\"robots\" content=\"noindex, follow, max-snippet:-1, max-image-preview:large, max-video-preview:-1\" \/>\n<meta property=\"og:locale\" content=\"fr_FR\" \/>\n<meta property=\"og:type\" content=\"article\" \/>\n<meta property=\"og:title\" content=\"Cyclisme : 3e \u00e9dition du grand prix IAMGOLD Essakane le 15 mars \u00e0 Ouagadougou - R\u00e9veil Info\" \/>\n<meta property=\"og:description\" content=\"Cyclisme : La 3e \u00e9dition du grand prix IAMGOLD Essakane pr\u00e9vue le 15 mars \u00e0\" \/>\n<meta property=\"og:url\" content=\"https:\/\/reveil-info.net\/?p=46735\" \/>\n<meta property=\"og:site_name\" content=\"R\u00e9veil Info\" \/>\n<meta property=\"article:published_time\" content=\"2026-03-12T13:31:28+00:00\" \/>\n<meta property=\"og:image\" content=\"https:\/\/reveil-info.net\/wp-content\/uploads\/2026\/03\/1773322012230.jpg\" \/>\n\t<meta property=\"og:image:width\" content=\"720\" \/>\n\t<meta property=\"og:image:height\" content=\"540\" \/>\n\t<meta property=\"og:image:type\" content=\"image\/jpeg\" \/>\n<meta name=\"author\" content=\"R\u00e9veil info\" \/>\n<meta name=\"twitter:card\" content=\"summary_large_image\" \/>\n<meta name=\"twitter:label1\" content=\"\u00c9crit par\" \/>\n\t<meta name=\"twitter:data1\" content=\"R\u00e9veil info\" \/>\n\t<meta name=\"twitter:label2\" content=\"Dur\u00e9e de lecture estim\u00e9e\" \/>\n\t<meta name=\"twitter:data2\" content=\"2 minutes\" \/>\n<script type=\"application\/ld+json\" class=\"yoast-schema-graph\">{\"@context\":\"https:\\\/\\\/schema.org\",\"@graph\":[{\"@type\":\"Article\",\"@id\":\"https:\\\/\\\/reveil-info.net\\\/?p=46735#article\",\"isPartOf\":{\"@id\":\"https:\\\/\\\/reveil-info.net\\\/?p=46735\"},\"author\":{\"name\":\"R\u00e9veil info\",\"@id\":\"https:\\\/\\\/reveil-info.net\\\/#\\\/schema\\\/person\\\/ca0cc8e70088e0a2b5e92556c1ee60f5\"},\"headline\":\"Cyclisme : 3e \u00e9dition du grand prix IAMGOLD Essakane le 15 mars \u00e0 Ouagadougou\",\"datePublished\":\"2026-03-12T13:31:28+00:00\",\"mainEntityOfPage\":{\"@id\":\"https:\\\/\\\/reveil-info.net\\\/?p=46735\"},\"wordCount\":239,\"commentCount\":0,\"publisher\":{\"@id\":\"https:\\\/\\\/reveil-info.net\\\/#organization\"},\"image\":{\"@id\":\"https:\\\/\\\/reveil-info.net\\\/?p=46735#primaryimage\"},\"thumbnailUrl\":\"https:\\\/\\\/reveil-info.net\\\/wp-content\\\/uploads\\\/2026\\\/03\\\/1773322012230.jpg\",\"articleSection\":[\"Sports et Culture\"],\"inLanguage\":\"fr-FR\",\"potentialAction\":[{\"@type\":\"CommentAction\",\"name\":\"Comment\",\"target\":[\"https:\\\/\\\/reveil-info.net\\\/?p=46735#respond\"]}]},{\"@type\":\"WebPage\",\"@id\":\"https:\\\/\\\/reveil-info.net\\\/?p=46735\",\"url\":\"https:\\\/\\\/reveil-info.net\\\/?p=46735\",\"name\":\"Cyclisme : 3e \u00e9dition du grand prix IAMGOLD Essakane le 15 mars \u00e0 Ouagadougou - R\u00e9veil Info\",\"isPartOf\":{\"@id\":\"https:\\\/\\\/reveil-info.net\\\/#website\"},\"primaryImageOfPage\":{\"@id\":\"https:\\\/\\\/reveil-info.net\\\/?p=46735#primaryimage\"},\"image\":{\"@id\":\"https:\\\/\\\/reveil-info.net\\\/?p=46735#primaryimage\"},\"thumbnailUrl\":\"https:\\\/\\\/reveil-info.net\\\/wp-content\\\/uploads\\\/2026\\\/03\\\/1773322012230.jpg\",\"datePublished\":\"2026-03-12T13:31:28+00:00\",\"breadcrumb\":{\"@id\":\"https:\\\/\\\/reveil-info.net\\\/?p=46735#breadcrumb\"},\"inLanguage\":\"fr-FR\",\"potentialAction\":[{\"@type\":\"ReadAction\",\"target\":[\"https:\\\/\\\/reveil-info.net\\\/?p=46735\"]}]},{\"@type\":\"ImageObject\",\"inLanguage\":\"fr-FR\",\"@id\":\"https:\\\/\\\/reveil-info.net\\\/?p=46735#primaryimage\",\"url\":\"https:\\\/\\\/reveil-info.net\\\/wp-content\\\/uploads\\\/2026\\\/03\\\/1773322012230.jpg\",\"contentUrl\":\"https:\\\/\\\/reveil-info.net\\\/wp-content\\\/uploads\\\/2026\\\/03\\\/1773322012230.jpg\",\"width\":720,\"height\":540},{\"@type\":\"BreadcrumbList\",\"@id\":\"https:\\\/\\\/reveil-info.net\\\/?p=46735#breadcrumb\",\"itemListElement\":[{\"@type\":\"ListItem\",\"position\":1,\"name\":\"Home\",\"item\":\"https:\\\/\\\/reveil-info.net\\\/\"},{\"@type\":\"ListItem\",\"position\":2,\"name\":\"Cyclisme : 3e \u00e9dition du grand prix IAMGOLD Essakane le 15 mars \u00e0 Ouagadougou\"}]},{\"@type\":\"WebSite\",\"@id\":\"https:\\\/\\\/reveil-info.net\\\/#website\",\"url\":\"https:\\\/\\\/reveil-info.net\\\/\",\"name\":\"R\u00e9veil Info\",\"description\":\"Le devoir d&#039;informer!\",\"publisher\":{\"@id\":\"https:\\\/\\\/reveil-info.net\\\/#organization\"},\"potentialAction\":[{\"@type\":\"SearchAction\",\"target\":{\"@type\":\"EntryPoint\",\"urlTemplate\":\"https:\\\/\\\/reveil-info.net\\\/?s={search_term_string}\"},\"query-input\":{\"@type\":\"PropertyValueSpecification\",\"valueRequired\":true,\"valueName\":\"search_term_string\"}}],\"inLanguage\":\"fr-FR\"},{\"@type\":\"Organization\",\"@id\":\"https:\\\/\\\/reveil-info.net\\\/#organization\",\"name\":\"R\u00e9veil Info\",\"url\":\"https:\\\/\\\/reveil-info.net\\\/\",\"logo\":{\"@type\":\"ImageObject\",\"inLanguage\":\"fr-FR\",\"@id\":\"https:\\\/\\\/reveil-info.net\\\/#\\\/schema\\\/logo\\\/image\\\/\",\"url\":\"https:\\\/\\\/reveil-info.net\\\/wp-content\\\/uploads\\\/2024\\\/07\\\/bnddd1.jpg\",\"contentUrl\":\"https:\\\/\\\/reveil-info.net\\\/wp-content\\\/uploads\\\/2024\\\/07\\\/bnddd1.jpg\",\"width\":903,\"height\":125,\"caption\":\"R\u00e9veil Info\"},\"image\":{\"@id\":\"https:\\\/\\\/reveil-info.net\\\/#\\\/schema\\\/logo\\\/image\\\/\"}},{\"@type\":\"Person\",\"@id\":\"https:\\\/\\\/reveil-info.net\\\/#\\\/schema\\\/person\\\/ca0cc8e70088e0a2b5e92556c1ee60f5\",\"name\":\"R\u00e9veil info\",\"image\":{\"@type\":\"ImageObject\",\"inLanguage\":\"fr-FR\",\"@id\":\"https:\\\/\\\/secure.gravatar.com\\\/avatar\\\/e4ad5bb743c8b6cb174d9df6c7d30a8a16f6889731241345fc6444e6485f02af?s=96&d=mm&r=g\",\"url\":\"https:\\\/\\\/secure.gravatar.com\\\/avatar\\\/e4ad5bb743c8b6cb174d9df6c7d30a8a16f6889731241345fc6444e6485f02af?s=96&d=mm&r=g\",\"contentUrl\":\"https:\\\/\\\/secure.gravatar.com\\\/avatar\\\/e4ad5bb743c8b6cb174d9df6c7d30a8a16f6889731241345fc6444e6485f02af?s=96&d=mm&r=g\",\"caption\":\"R\u00e9veil info\"},\"sameAs\":[\"https:\\\/\\\/reveil-info.net\"],\"url\":\"https:\\\/\\\/reveil-info.net\\\/?author=1\"}]}<\/script>\n<!-- \/ Yoast SEO plugin. -->","yoast_head_json":{"title":"Cyclisme : 3e \u00e9dition du grand prix IAMGOLD Essakane le 15 mars \u00e0 Ouagadougou - R\u00e9veil Info","robots":{"index":"noindex","follow":"follow","max-snippet":"max-snippet:-1","max-image-preview":"max-image-preview:large","max-video-preview":"max-video-preview:-1"},"og_locale":"fr_FR","og_type":"article","og_title":"Cyclisme : 3e \u00e9dition du grand prix IAMGOLD Essakane le 15 mars \u00e0 Ouagadougou - R\u00e9veil Info","og_description":"Cyclisme : La 3e \u00e9dition du grand prix IAMGOLD Essakane pr\u00e9vue le 15 mars \u00e0","og_url":"https:\/\/reveil-info.net\/?p=46735","og_site_name":"R\u00e9veil Info","article_published_time":"2026-03-12T13:31:28+00:00","og_image":[{"width":720,"height":540,"url":"https:\/\/reveil-info.net\/wp-content\/uploads\/2026\/03\/1773322012230.jpg","type":"image\/jpeg"}],"author":"R\u00e9veil info","twitter_card":"summary_large_image","twitter_misc":{"\u00c9crit par":"R\u00e9veil info","Dur\u00e9e de lecture estim\u00e9e":"2 minutes"},"schema":{"@context":"https:\/\/schema.org","@graph":[{"@type":"Article","@id":"https:\/\/reveil-info.net\/?p=46735#article","isPartOf":{"@id":"https:\/\/reveil-info.net\/?p=46735"},"author":{"name":"R\u00e9veil info","@id":"https:\/\/reveil-info.net\/#\/schema\/person\/ca0cc8e70088e0a2b5e92556c1ee60f5"},"headline":"Cyclisme : 3e \u00e9dition du grand prix IAMGOLD Essakane le 15 mars \u00e0 Ouagadougou","datePublished":"2026-03-12T13:31:28+00:00","mainEntityOfPage":{"@id":"https:\/\/reveil-info.net\/?p=46735"},"wordCount":239,"commentCount":0,"publisher":{"@id":"https:\/\/reveil-info.net\/#organization"},"image":{"@id":"https:\/\/reveil-info.net\/?p=46735#primaryimage"},"thumbnailUrl":"https:\/\/reveil-info.net\/wp-content\/uploads\/2026\/03\/1773322012230.jpg","articleSection":["Sports et Culture"],"inLanguage":"fr-FR","potentialAction":[{"@type":"CommentAction","name":"Comment","target":["https:\/\/reveil-info.net\/?p=46735#respond"]}]},{"@type":"WebPage","@id":"https:\/\/reveil-info.net\/?p=46735","url":"https:\/\/reveil-info.net\/?p=46735","name":"Cyclisme : 3e \u00e9dition du grand prix IAMGOLD Essakane le 15 mars \u00e0 Ouagadougou - R\u00e9veil Info","isPartOf":{"@id":"https:\/\/reveil-info.net\/#website"},"primaryImageOfPage":{"@id":"https:\/\/reveil-info.net\/?p=46735#primaryimage"},"image":{"@id":"https:\/\/reveil-info.net\/?p=46735#primaryimage"},"thumbnailUrl":"https:\/\/reveil-info.net\/wp-content\/uploads\/2026\/03\/1773322012230.jpg","datePublished":"2026-03-12T13:31:28+00:00","breadcrumb":{"@id":"https:\/\/reveil-info.net\/?p=46735#breadcrumb"},"inLanguage":"fr-FR","potentialAction":[{"@type":"ReadAction","target":["https:\/\/reveil-info.net\/?p=46735"]}]},{"@type":"ImageObject","inLanguage":"fr-FR","@id":"https:\/\/reveil-info.net\/?p=46735#primaryimage","url":"https:\/\/reveil-info.net\/wp-content\/uploads\/2026\/03\/1773322012230.jpg","contentUrl":"https:\/\/reveil-info.net\/wp-content\/uploads\/2026\/03\/1773322012230.jpg","width":720,"height":540},{"@type":"BreadcrumbList","@id":"https:\/\/reveil-info.net\/?p=46735#breadcrumb","itemListElement":[{"@type":"ListItem","position":1,"name":"Home","item":"https:\/\/reveil-info.net\/"},{"@type":"ListItem","position":2,"name":"Cyclisme : 3e \u00e9dition du grand prix IAMGOLD Essakane le 15 mars \u00e0 Ouagadougou"}]},{"@type":"WebSite","@id":"https:\/\/reveil-info.net\/#website","url":"https:\/\/reveil-info.net\/","name":"R\u00e9veil Info","description":"Le devoir d&#039;informer!","publisher":{"@id":"https:\/\/reveil-info.net\/#organization"},"potentialAction":[{"@type":"SearchAction","target":{"@type":"EntryPoint","urlTemplate":"https:\/\/reveil-info.net\/?s={search_term_string}"},"query-input":{"@type":"PropertyValueSpecification","valueRequired":true,"valueName":"search_term_string"}}],"inLanguage":"fr-FR"},{"@type":"Organization","@id":"https:\/\/reveil-info.net\/#organization","name":"R\u00e9veil Info","url":"https:\/\/reveil-info.net\/","logo":{"@type":"ImageObject","inLanguage":"fr-FR","@id":"https:\/\/reveil-info.net\/#\/schema\/logo\/image\/","url":"https:\/\/reveil-info.net\/wp-content\/uploads\/2024\/07\/bnddd1.jpg","contentUrl":"https:\/\/reveil-info.net\/wp-content\/uploads\/2024\/07\/bnddd1.jpg","width":903,"height":125,"caption":"R\u00e9veil Info"},"image":{"@id":"https:\/\/reveil-info.net\/#\/schema\/logo\/image\/"}},{"@type":"Person","@id":"https:\/\/reveil-info.net\/#\/schema\/person\/ca0cc8e70088e0a2b5e92556c1ee60f5","name":"R\u00e9veil info","image":{"@type":"ImageObject","inLanguage":"fr-FR","@id":"https:\/\/secure.gravatar.com\/avatar\/e4ad5bb743c8b6cb174d9df6c7d30a8a16f6889731241345fc6444e6485f02af?s=96&d=mm&r=g","url":"https:\/\/secure.gravatar.com\/avatar\/e4ad5bb743c8b6cb174d9df6c7d30a8a16f6889731241345fc6444e6485f02af?s=96&d=mm&r=g","contentUrl":"https:\/\/secure.gravatar.com\/avatar\/e4ad5bb743c8b6cb174d9df6c7d30a8a16f6889731241345fc6444e6485f02af?s=96&d=mm&r=g","caption":"R\u00e9veil info"},"sameAs":["https:\/\/reveil-info.net"],"url":"https:\/\/reveil-info.net\/?author=1"}]}},"jetpack_featured_media_url":"","featured_image_urls":{"full":"","thumbnail":"","medium":"","medium_large":"","large":"","1536x1536":"","2048x2048":"","chromenews-featured":"","chromenews-large":"","chromenews-medium":""},"author_info":{"display_name":"R\u00e9veil info","author_link":"https:\/\/reveil-info.net\/?author=1"},"category_info":"<a href=\"https:\/\/reveil-info.net\/?cat=18\" rel=\"category\">Sports et Culture<\/a>","tag_info":"Sports et Culture","comment_count":"0","_links":{"self":[{"href":"https:\/\/reveil-info.net\/index.php?rest_route=\/wp\/v2\/posts\/46735","targetHints":{"allow":["GET"]}}],"collection":[{"href":"https:\/\/reveil-info.net\/index.php?rest_route=\/wp\/v2\/posts"}],"about":[{"href":"https:\/\/reveil-info.net\/index.php?rest_route=\/wp\/v2\/types\/post"}],"author":[{"embeddable":true,"href":"https:\/\/reveil-info.net\/index.php?rest_route=\/wp\/v2\/users\/1"}],"replies":[{"embeddable":true,"href":"https:\/\/reveil-info.net\/index.php?rest_route=%2Fwp%2Fv2%2Fcomments&post=46735"}],"version-history":[{"count":4,"href":"https:\/\/reveil-info.net\/index.php?rest_route=\/wp\/v2\/posts\/46735\/revisions"}],"predecessor-version":[{"id":46742,"href":"https:\/\/reveil-info.net\/index.php?rest_route=\/wp\/v2\/posts\/46735\/revisions\/46742"}],"wp:attachment":[{"href":"https:\/\/reveil-info.net\/index.php?rest_route=%2Fwp%2Fv2%2Fmedia&parent=46735"}],"wp:term":[{"taxonomy":"category","embeddable":true,"href":"https:\/\/reveil-info.net\/index.php?rest_route=%2Fwp%2Fv2%2Fcategories&post=46735"},{"taxonomy":"post_tag","embeddable":true,"href":"https:\/\/reveil-info.net\/index.php?rest_route=%2Fwp%2Fv2%2Ftags&post=46735"}],"curies":[{"name":"wp","href":"https:\/\/api.w.org\/{rel}","templated":true}]}}