{"id":46709,"date":"2026-03-12T12:01:53","date_gmt":"2026-03-12T12:01:53","guid":{"rendered":"https:\/\/reveil-info.net\/?p=46709"},"modified":"2026-03-12T12:01:53","modified_gmt":"2026-03-12T12:01:53","slug":"assassinat-de-viviane-compaore-le-proces-reprend-demain-apres-lexpertise-psychiatrique-du-prevenu","status":"publish","type":"post","link":"https:\/\/reveil-info.net\/?p=46709","title":{"rendered":"Assassinat de Viviane Compaor\u00e9 : le proc\u00e8s reprend demain apr\u00e8s l&rsquo;expertise psychiatrique du pr\u00e9venu"},"content":{"rendered":"<p>\ud835\udc00\ud835\udc2c\ud835\udc2c\ud835\udc1a\ud835\udc2c\ud835\udc2c\ud835\udc22\ud835\udc27\ud835\udc1a\ud835\udc2d \ud835\udc1d\ud835\udc1e \ud835\udc15\ud835\udc22\ud835\udc2f\ud835\udc22\ud835\udc1a\ud835\udc27\ud835\udc1e \ud835\udc18\ud835\udc28\ud835\udc25\ud835\udc1a\ud835\udc27\ud835\udc1d\ud835\udc1e \ud835\udc02\ud835\udc28\ud835\udc26\ud835\udc29\ud835\udc1a\ud835\udc28\ud835\udc2b\u00e9 : \ud835\udc25\ud835\udc1e \ud835\udc29\ud835\udc2b\ud835\udc28\ud835\udc1c\u00e8\ud835\udc2c \ud835\udc2b\ud835\udc1e\ud835\udc29\ud835\udc2b\ud835\udc1e\ud835\udc27\ud835\udc1d \ud835\udc1a\ud835\udc29\ud835\udc2b\u00e8\ud835\udc2c \ud835\udc25&rsquo;\ud835\udc1e\ud835\udc31\ud835\udc29\ud835\udc1e\ud835\udc2b\ud835\udc2d\ud835\udc22\ud835\udc2c\ud835\udc1e \ud835\udc29\ud835\udc2c\ud835\udc32\ud835\udc1c\ud835\udc21\ud835\udc22\ud835\udc1a\ud835\udc2d\ud835\udc2b\ud835\udc22\ud835\udc2a\ud835\udc2e\ud835\udc1e \ud835\udc1d\ud835\udc2e \ud835\udc29\ud835\udc2b\u00e9\ud835\udc2f\ud835\udc1e\ud835\udc27\ud835\udc2e<\/p>\n<p><img loading=\"lazy\" decoding=\"async\" class=\"alignnone size-full wp-image-46711\" src=\"https:\/\/reveil-info.net\/wp-content\/uploads\/2026\/03\/1773316748759.jpg\" alt=\"\" width=\"488\" height=\"495\" srcset=\"https:\/\/reveil-info.net\/wp-content\/uploads\/2026\/03\/1773316748759.jpg 488w, https:\/\/reveil-info.net\/wp-content\/uploads\/2026\/03\/1773316748759-296x300.jpg 296w\" sizes=\"auto, (max-width: 488px) 100vw, 488px\" \/><\/p>\n<p>Le proc\u00e8s en flagrant crime relatif \u00e0 l&rsquo;assassinat de l&rsquo;ex ministre Yolande Viviane Compaor\u00e9 reprend ce vendredi 13 mars 2026 \u00e0 9h00 au Tribunal de grande instance Ouaga II.<\/p>\n<p>L&rsquo;audience avait \u00e9t\u00e9 suspendue \u00e0 la demande de la d\u00e9fense \u00e0 l&rsquo;effet de soumettre le pr\u00e9venu \u00e0 une expertise psychiatrique destin\u00e9e \u00e0 appr\u00e9cier v\u00e9ritablement son \u00e9tat de sant\u00e9 mentale. L&rsquo;accus\u00e9 du nom de Wenpanga Yanick Bougouma, \u00e2g\u00e9 de 26 ans, proche de la famille \u00e9largie de la victime, a \u00e9t\u00e9 interpell\u00e9 le 13 janvier 2026 par la Police Nationale suite \u00e0 des enqu\u00eates.<\/p>\n<p>D\u00e9sormais, muni des conclusions de cette expertise, le Tribunal reprend l&rsquo;audience pour poursuivre les d\u00e9bats contradictoires. Cette nouvelle phase du proc\u00e8s devra permettre d&rsquo;\u00e9clairer la famille de la victime et l&rsquo;opinion nationale sur les circonstances et les raisons du drame survenu le 10 janvier 2026 au quartier Karpala de Ouagadougou et progresser vers la manifestation de la v\u00e9rit\u00e9 dans le strict respect des principes d&rsquo;un proc\u00e8s \u00e9quitable.<\/p>\n<p>\ud835\udc03\ud835\udc02\ud835\udc11\ud835\udc0f-\ud835\udc0c\ud835\udc09<\/p>\n<p>Justice Infos Burkina<br \/>\nReveil-info<\/p>\n","protected":false},"excerpt":{"rendered":"<p>\ud835\udc00\ud835\udc2c\ud835\udc2c\ud835\udc1a\ud835\udc2c\ud835\udc2c\ud835\udc22\ud835\udc27\ud835\udc1a\ud835\udc2d \ud835\udc1d\ud835\udc1e \ud835\udc15\ud835\udc22\ud835\udc2f\ud835\udc22\ud835\udc1a\ud835\udc27\ud835\udc1e \ud835\udc18\ud835\udc28\ud835\udc25\ud835\udc1a\ud835\udc27\ud835\udc1d\ud835\udc1e \ud835\udc02\ud835\udc28\ud835\udc26\ud835\udc29\ud835\udc1a\ud835\udc28\ud835\udc2b\u00e9 : \ud835\udc25\ud835\udc1e \ud835\udc29\ud835\udc2b\ud835\udc28\ud835\udc1c\u00e8\ud835\udc2c \ud835\udc2b\ud835\udc1e\ud835\udc29\ud835\udc2b\ud835\udc1e\ud835\udc27\ud835\udc1d \ud835\udc1a\ud835\udc29\ud835\udc2b\u00e8\ud835\udc2c \ud835\udc25&rsquo;\ud835\udc1e\ud835\udc31\ud835\udc29\ud835\udc1e\ud835\udc2b\ud835\udc2d\ud835\udc22\ud835\udc2c\ud835\udc1e \ud835\udc29\ud835\udc2c\ud835\udc32\ud835\udc1c\ud835\udc21\ud835\udc22\ud835\udc1a\ud835\udc2d\ud835\udc2b\ud835\udc22\ud835\udc2a\ud835\udc2e\ud835\udc1e \ud835\udc1d\ud835\udc2e \ud835\udc29\ud835\udc2b\u00e9\ud835\udc2f\ud835\udc1e\ud835\udc27\ud835\udc2e Le<\/p>\n","protected":false},"author":1,"featured_media":0,"comment_status":"open","ping_status":"open","sticky":false,"template":"","format":"standard","meta":{"footnotes":""},"categories":[2,45],"tags":[],"class_list":["post-46709","post","type-post","status-publish","format-standard","hentry","category-actu","category-justice"],"yoast_head":"<!-- This site is optimized with the Yoast SEO plugin v27.5 - https:\/\/yoast.com\/product\/yoast-seo-wordpress\/ -->\n<title>Assassinat de Viviane Compaor\u00e9 : le proc\u00e8s reprend demain apr\u00e8s l&#039;expertise psychiatrique du pr\u00e9venu - R\u00e9veil Info<\/title>\n<meta name=\"robots\" content=\"noindex, follow, max-snippet:-1, max-image-preview:large, max-video-preview:-1\" \/>\n<meta property=\"og:locale\" content=\"fr_FR\" \/>\n<meta property=\"og:type\" content=\"article\" \/>\n<meta property=\"og:title\" content=\"Assassinat de Viviane Compaor\u00e9 : le proc\u00e8s reprend demain apr\u00e8s l&#039;expertise psychiatrique du pr\u00e9venu - R\u00e9veil Info\" \/>\n<meta property=\"og:description\" content=\"\ud835\udc00\ud835\udc2c\ud835\udc2c\ud835\udc1a\ud835\udc2c\ud835\udc2c\ud835\udc22\ud835\udc27\ud835\udc1a\ud835\udc2d \ud835\udc1d\ud835\udc1e \ud835\udc15\ud835\udc22\ud835\udc2f\ud835\udc22\ud835\udc1a\ud835\udc27\ud835\udc1e \ud835\udc18\ud835\udc28\ud835\udc25\ud835\udc1a\ud835\udc27\ud835\udc1d\ud835\udc1e \ud835\udc02\ud835\udc28\ud835\udc26\ud835\udc29\ud835\udc1a\ud835\udc28\ud835\udc2b\u00e9 : \ud835\udc25\ud835\udc1e \ud835\udc29\ud835\udc2b\ud835\udc28\ud835\udc1c\u00e8\ud835\udc2c \ud835\udc2b\ud835\udc1e\ud835\udc29\ud835\udc2b\ud835\udc1e\ud835\udc27\ud835\udc1d \ud835\udc1a\ud835\udc29\ud835\udc2b\u00e8\ud835\udc2c \ud835\udc25&rsquo;\ud835\udc1e\ud835\udc31\ud835\udc29\ud835\udc1e\ud835\udc2b\ud835\udc2d\ud835\udc22\ud835\udc2c\ud835\udc1e \ud835\udc29\ud835\udc2c\ud835\udc32\ud835\udc1c\ud835\udc21\ud835\udc22\ud835\udc1a\ud835\udc2d\ud835\udc2b\ud835\udc22\ud835\udc2a\ud835\udc2e\ud835\udc1e \ud835\udc1d\ud835\udc2e \ud835\udc29\ud835\udc2b\u00e9\ud835\udc2f\ud835\udc1e\ud835\udc27\ud835\udc2e Le\" \/>\n<meta property=\"og:url\" content=\"https:\/\/reveil-info.net\/?p=46709\" \/>\n<meta property=\"og:site_name\" content=\"R\u00e9veil Info\" \/>\n<meta property=\"article:published_time\" content=\"2026-03-12T12:01:53+00:00\" \/>\n<meta property=\"og:image\" content=\"https:\/\/reveil-info.net\/wp-content\/uploads\/2026\/03\/1773316748759.jpg\" \/>\n\t<meta property=\"og:image:width\" content=\"488\" \/>\n\t<meta property=\"og:image:height\" content=\"495\" \/>\n\t<meta property=\"og:image:type\" content=\"image\/jpeg\" \/>\n<meta name=\"author\" content=\"R\u00e9veil info\" \/>\n<meta name=\"twitter:card\" content=\"summary_large_image\" \/>\n<meta name=\"twitter:label1\" content=\"\u00c9crit par\" \/>\n\t<meta name=\"twitter:data1\" content=\"R\u00e9veil info\" \/>\n\t<meta name=\"twitter:label2\" content=\"Dur\u00e9e de lecture estim\u00e9e\" \/>\n\t<meta name=\"twitter:data2\" content=\"2 minutes\" \/>\n<script type=\"application\/ld+json\" class=\"yoast-schema-graph\">{\"@context\":\"https:\\\/\\\/schema.org\",\"@graph\":[{\"@type\":\"Article\",\"@id\":\"https:\\\/\\\/reveil-info.net\\\/?p=46709#article\",\"isPartOf\":{\"@id\":\"https:\\\/\\\/reveil-info.net\\\/?p=46709\"},\"author\":{\"name\":\"R\u00e9veil info\",\"@id\":\"https:\\\/\\\/reveil-info.net\\\/#\\\/schema\\\/person\\\/ca0cc8e70088e0a2b5e92556c1ee60f5\"},\"headline\":\"Assassinat de Viviane Compaor\u00e9 : le proc\u00e8s reprend demain apr\u00e8s l&rsquo;expertise psychiatrique du pr\u00e9venu\",\"datePublished\":\"2026-03-12T12:01:53+00:00\",\"mainEntityOfPage\":{\"@id\":\"https:\\\/\\\/reveil-info.net\\\/?p=46709\"},\"wordCount\":188,\"commentCount\":0,\"publisher\":{\"@id\":\"https:\\\/\\\/reveil-info.net\\\/#organization\"},\"image\":{\"@id\":\"https:\\\/\\\/reveil-info.net\\\/?p=46709#primaryimage\"},\"thumbnailUrl\":\"https:\\\/\\\/reveil-info.net\\\/wp-content\\\/uploads\\\/2026\\\/03\\\/1773316748759.jpg\",\"articleSection\":[\"Actualit\u00e9\",\"Justice\"],\"inLanguage\":\"fr-FR\",\"potentialAction\":[{\"@type\":\"CommentAction\",\"name\":\"Comment\",\"target\":[\"https:\\\/\\\/reveil-info.net\\\/?p=46709#respond\"]}]},{\"@type\":\"WebPage\",\"@id\":\"https:\\\/\\\/reveil-info.net\\\/?p=46709\",\"url\":\"https:\\\/\\\/reveil-info.net\\\/?p=46709\",\"name\":\"Assassinat de Viviane Compaor\u00e9 : le proc\u00e8s reprend demain apr\u00e8s l'expertise psychiatrique du pr\u00e9venu - R\u00e9veil Info\",\"isPartOf\":{\"@id\":\"https:\\\/\\\/reveil-info.net\\\/#website\"},\"primaryImageOfPage\":{\"@id\":\"https:\\\/\\\/reveil-info.net\\\/?p=46709#primaryimage\"},\"image\":{\"@id\":\"https:\\\/\\\/reveil-info.net\\\/?p=46709#primaryimage\"},\"thumbnailUrl\":\"https:\\\/\\\/reveil-info.net\\\/wp-content\\\/uploads\\\/2026\\\/03\\\/1773316748759.jpg\",\"datePublished\":\"2026-03-12T12:01:53+00:00\",\"breadcrumb\":{\"@id\":\"https:\\\/\\\/reveil-info.net\\\/?p=46709#breadcrumb\"},\"inLanguage\":\"fr-FR\",\"potentialAction\":[{\"@type\":\"ReadAction\",\"target\":[\"https:\\\/\\\/reveil-info.net\\\/?p=46709\"]}]},{\"@type\":\"ImageObject\",\"inLanguage\":\"fr-FR\",\"@id\":\"https:\\\/\\\/reveil-info.net\\\/?p=46709#primaryimage\",\"url\":\"https:\\\/\\\/reveil-info.net\\\/wp-content\\\/uploads\\\/2026\\\/03\\\/1773316748759.jpg\",\"contentUrl\":\"https:\\\/\\\/reveil-info.net\\\/wp-content\\\/uploads\\\/2026\\\/03\\\/1773316748759.jpg\",\"width\":488,\"height\":495},{\"@type\":\"BreadcrumbList\",\"@id\":\"https:\\\/\\\/reveil-info.net\\\/?p=46709#breadcrumb\",\"itemListElement\":[{\"@type\":\"ListItem\",\"position\":1,\"name\":\"Home\",\"item\":\"https:\\\/\\\/reveil-info.net\\\/\"},{\"@type\":\"ListItem\",\"position\":2,\"name\":\"Assassinat de Viviane Compaor\u00e9 : le proc\u00e8s reprend demain apr\u00e8s l&rsquo;expertise psychiatrique du pr\u00e9venu\"}]},{\"@type\":\"WebSite\",\"@id\":\"https:\\\/\\\/reveil-info.net\\\/#website\",\"url\":\"https:\\\/\\\/reveil-info.net\\\/\",\"name\":\"R\u00e9veil Info\",\"description\":\"Le devoir d&#039;informer!\",\"publisher\":{\"@id\":\"https:\\\/\\\/reveil-info.net\\\/#organization\"},\"potentialAction\":[{\"@type\":\"SearchAction\",\"target\":{\"@type\":\"EntryPoint\",\"urlTemplate\":\"https:\\\/\\\/reveil-info.net\\\/?s={search_term_string}\"},\"query-input\":{\"@type\":\"PropertyValueSpecification\",\"valueRequired\":true,\"valueName\":\"search_term_string\"}}],\"inLanguage\":\"fr-FR\"},{\"@type\":\"Organization\",\"@id\":\"https:\\\/\\\/reveil-info.net\\\/#organization\",\"name\":\"R\u00e9veil Info\",\"url\":\"https:\\\/\\\/reveil-info.net\\\/\",\"logo\":{\"@type\":\"ImageObject\",\"inLanguage\":\"fr-FR\",\"@id\":\"https:\\\/\\\/reveil-info.net\\\/#\\\/schema\\\/logo\\\/image\\\/\",\"url\":\"https:\\\/\\\/reveil-info.net\\\/wp-content\\\/uploads\\\/2024\\\/07\\\/bnddd1.jpg\",\"contentUrl\":\"https:\\\/\\\/reveil-info.net\\\/wp-content\\\/uploads\\\/2024\\\/07\\\/bnddd1.jpg\",\"width\":903,\"height\":125,\"caption\":\"R\u00e9veil Info\"},\"image\":{\"@id\":\"https:\\\/\\\/reveil-info.net\\\/#\\\/schema\\\/logo\\\/image\\\/\"}},{\"@type\":\"Person\",\"@id\":\"https:\\\/\\\/reveil-info.net\\\/#\\\/schema\\\/person\\\/ca0cc8e70088e0a2b5e92556c1ee60f5\",\"name\":\"R\u00e9veil info\",\"image\":{\"@type\":\"ImageObject\",\"inLanguage\":\"fr-FR\",\"@id\":\"https:\\\/\\\/secure.gravatar.com\\\/avatar\\\/e4ad5bb743c8b6cb174d9df6c7d30a8a16f6889731241345fc6444e6485f02af?s=96&d=mm&r=g\",\"url\":\"https:\\\/\\\/secure.gravatar.com\\\/avatar\\\/e4ad5bb743c8b6cb174d9df6c7d30a8a16f6889731241345fc6444e6485f02af?s=96&d=mm&r=g\",\"contentUrl\":\"https:\\\/\\\/secure.gravatar.com\\\/avatar\\\/e4ad5bb743c8b6cb174d9df6c7d30a8a16f6889731241345fc6444e6485f02af?s=96&d=mm&r=g\",\"caption\":\"R\u00e9veil info\"},\"sameAs\":[\"https:\\\/\\\/reveil-info.net\"],\"url\":\"https:\\\/\\\/reveil-info.net\\\/?author=1\"}]}<\/script>\n<!-- \/ Yoast SEO plugin. -->","yoast_head_json":{"title":"Assassinat de Viviane Compaor\u00e9 : le proc\u00e8s reprend demain apr\u00e8s l'expertise psychiatrique du pr\u00e9venu - R\u00e9veil Info","robots":{"index":"noindex","follow":"follow","max-snippet":"max-snippet:-1","max-image-preview":"max-image-preview:large","max-video-preview":"max-video-preview:-1"},"og_locale":"fr_FR","og_type":"article","og_title":"Assassinat de Viviane Compaor\u00e9 : le proc\u00e8s reprend demain apr\u00e8s l'expertise psychiatrique du pr\u00e9venu - R\u00e9veil Info","og_description":"\ud835\udc00\ud835\udc2c\ud835\udc2c\ud835\udc1a\ud835\udc2c\ud835\udc2c\ud835\udc22\ud835\udc27\ud835\udc1a\ud835\udc2d \ud835\udc1d\ud835\udc1e \ud835\udc15\ud835\udc22\ud835\udc2f\ud835\udc22\ud835\udc1a\ud835\udc27\ud835\udc1e \ud835\udc18\ud835\udc28\ud835\udc25\ud835\udc1a\ud835\udc27\ud835\udc1d\ud835\udc1e \ud835\udc02\ud835\udc28\ud835\udc26\ud835\udc29\ud835\udc1a\ud835\udc28\ud835\udc2b\u00e9 : \ud835\udc25\ud835\udc1e \ud835\udc29\ud835\udc2b\ud835\udc28\ud835\udc1c\u00e8\ud835\udc2c \ud835\udc2b\ud835\udc1e\ud835\udc29\ud835\udc2b\ud835\udc1e\ud835\udc27\ud835\udc1d \ud835\udc1a\ud835\udc29\ud835\udc2b\u00e8\ud835\udc2c \ud835\udc25&rsquo;\ud835\udc1e\ud835\udc31\ud835\udc29\ud835\udc1e\ud835\udc2b\ud835\udc2d\ud835\udc22\ud835\udc2c\ud835\udc1e \ud835\udc29\ud835\udc2c\ud835\udc32\ud835\udc1c\ud835\udc21\ud835\udc22\ud835\udc1a\ud835\udc2d\ud835\udc2b\ud835\udc22\ud835\udc2a\ud835\udc2e\ud835\udc1e \ud835\udc1d\ud835\udc2e \ud835\udc29\ud835\udc2b\u00e9\ud835\udc2f\ud835\udc1e\ud835\udc27\ud835\udc2e Le","og_url":"https:\/\/reveil-info.net\/?p=46709","og_site_name":"R\u00e9veil Info","article_published_time":"2026-03-12T12:01:53+00:00","og_image":[{"width":488,"height":495,"url":"https:\/\/reveil-info.net\/wp-content\/uploads\/2026\/03\/1773316748759.jpg","type":"image\/jpeg"}],"author":"R\u00e9veil info","twitter_card":"summary_large_image","twitter_misc":{"\u00c9crit par":"R\u00e9veil info","Dur\u00e9e de lecture estim\u00e9e":"2 minutes"},"schema":{"@context":"https:\/\/schema.org","@graph":[{"@type":"Article","@id":"https:\/\/reveil-info.net\/?p=46709#article","isPartOf":{"@id":"https:\/\/reveil-info.net\/?p=46709"},"author":{"name":"R\u00e9veil info","@id":"https:\/\/reveil-info.net\/#\/schema\/person\/ca0cc8e70088e0a2b5e92556c1ee60f5"},"headline":"Assassinat de Viviane Compaor\u00e9 : le proc\u00e8s reprend demain apr\u00e8s l&rsquo;expertise psychiatrique du pr\u00e9venu","datePublished":"2026-03-12T12:01:53+00:00","mainEntityOfPage":{"@id":"https:\/\/reveil-info.net\/?p=46709"},"wordCount":188,"commentCount":0,"publisher":{"@id":"https:\/\/reveil-info.net\/#organization"},"image":{"@id":"https:\/\/reveil-info.net\/?p=46709#primaryimage"},"thumbnailUrl":"https:\/\/reveil-info.net\/wp-content\/uploads\/2026\/03\/1773316748759.jpg","articleSection":["Actualit\u00e9","Justice"],"inLanguage":"fr-FR","potentialAction":[{"@type":"CommentAction","name":"Comment","target":["https:\/\/reveil-info.net\/?p=46709#respond"]}]},{"@type":"WebPage","@id":"https:\/\/reveil-info.net\/?p=46709","url":"https:\/\/reveil-info.net\/?p=46709","name":"Assassinat de Viviane Compaor\u00e9 : le proc\u00e8s reprend demain apr\u00e8s l'expertise psychiatrique du pr\u00e9venu - R\u00e9veil Info","isPartOf":{"@id":"https:\/\/reveil-info.net\/#website"},"primaryImageOfPage":{"@id":"https:\/\/reveil-info.net\/?p=46709#primaryimage"},"image":{"@id":"https:\/\/reveil-info.net\/?p=46709#primaryimage"},"thumbnailUrl":"https:\/\/reveil-info.net\/wp-content\/uploads\/2026\/03\/1773316748759.jpg","datePublished":"2026-03-12T12:01:53+00:00","breadcrumb":{"@id":"https:\/\/reveil-info.net\/?p=46709#breadcrumb"},"inLanguage":"fr-FR","potentialAction":[{"@type":"ReadAction","target":["https:\/\/reveil-info.net\/?p=46709"]}]},{"@type":"ImageObject","inLanguage":"fr-FR","@id":"https:\/\/reveil-info.net\/?p=46709#primaryimage","url":"https:\/\/reveil-info.net\/wp-content\/uploads\/2026\/03\/1773316748759.jpg","contentUrl":"https:\/\/reveil-info.net\/wp-content\/uploads\/2026\/03\/1773316748759.jpg","width":488,"height":495},{"@type":"BreadcrumbList","@id":"https:\/\/reveil-info.net\/?p=46709#breadcrumb","itemListElement":[{"@type":"ListItem","position":1,"name":"Home","item":"https:\/\/reveil-info.net\/"},{"@type":"ListItem","position":2,"name":"Assassinat de Viviane Compaor\u00e9 : le proc\u00e8s reprend demain apr\u00e8s l&rsquo;expertise psychiatrique du pr\u00e9venu"}]},{"@type":"WebSite","@id":"https:\/\/reveil-info.net\/#website","url":"https:\/\/reveil-info.net\/","name":"R\u00e9veil Info","description":"Le devoir d&#039;informer!","publisher":{"@id":"https:\/\/reveil-info.net\/#organization"},"potentialAction":[{"@type":"SearchAction","target":{"@type":"EntryPoint","urlTemplate":"https:\/\/reveil-info.net\/?s={search_term_string}"},"query-input":{"@type":"PropertyValueSpecification","valueRequired":true,"valueName":"search_term_string"}}],"inLanguage":"fr-FR"},{"@type":"Organization","@id":"https:\/\/reveil-info.net\/#organization","name":"R\u00e9veil Info","url":"https:\/\/reveil-info.net\/","logo":{"@type":"ImageObject","inLanguage":"fr-FR","@id":"https:\/\/reveil-info.net\/#\/schema\/logo\/image\/","url":"https:\/\/reveil-info.net\/wp-content\/uploads\/2024\/07\/bnddd1.jpg","contentUrl":"https:\/\/reveil-info.net\/wp-content\/uploads\/2024\/07\/bnddd1.jpg","width":903,"height":125,"caption":"R\u00e9veil Info"},"image":{"@id":"https:\/\/reveil-info.net\/#\/schema\/logo\/image\/"}},{"@type":"Person","@id":"https:\/\/reveil-info.net\/#\/schema\/person\/ca0cc8e70088e0a2b5e92556c1ee60f5","name":"R\u00e9veil info","image":{"@type":"ImageObject","inLanguage":"fr-FR","@id":"https:\/\/secure.gravatar.com\/avatar\/e4ad5bb743c8b6cb174d9df6c7d30a8a16f6889731241345fc6444e6485f02af?s=96&d=mm&r=g","url":"https:\/\/secure.gravatar.com\/avatar\/e4ad5bb743c8b6cb174d9df6c7d30a8a16f6889731241345fc6444e6485f02af?s=96&d=mm&r=g","contentUrl":"https:\/\/secure.gravatar.com\/avatar\/e4ad5bb743c8b6cb174d9df6c7d30a8a16f6889731241345fc6444e6485f02af?s=96&d=mm&r=g","caption":"R\u00e9veil info"},"sameAs":["https:\/\/reveil-info.net"],"url":"https:\/\/reveil-info.net\/?author=1"}]}},"jetpack_featured_media_url":"","featured_image_urls":{"full":"","thumbnail":"","medium":"","medium_large":"","large":"","1536x1536":"","2048x2048":"","chromenews-featured":"","chromenews-large":"","chromenews-medium":""},"author_info":{"display_name":"R\u00e9veil info","author_link":"https:\/\/reveil-info.net\/?author=1"},"category_info":"<a href=\"https:\/\/reveil-info.net\/?cat=2\" rel=\"category\">Actualit\u00e9<\/a> <a href=\"https:\/\/reveil-info.net\/?cat=45\" rel=\"category\">Justice<\/a>","tag_info":"Justice","comment_count":"0","_links":{"self":[{"href":"https:\/\/reveil-info.net\/index.php?rest_route=\/wp\/v2\/posts\/46709","targetHints":{"allow":["GET"]}}],"collection":[{"href":"https:\/\/reveil-info.net\/index.php?rest_route=\/wp\/v2\/posts"}],"about":[{"href":"https:\/\/reveil-info.net\/index.php?rest_route=\/wp\/v2\/types\/post"}],"author":[{"embeddable":true,"href":"https:\/\/reveil-info.net\/index.php?rest_route=\/wp\/v2\/users\/1"}],"replies":[{"embeddable":true,"href":"https:\/\/reveil-info.net\/index.php?rest_route=%2Fwp%2Fv2%2Fcomments&post=46709"}],"version-history":[{"count":3,"href":"https:\/\/reveil-info.net\/index.php?rest_route=\/wp\/v2\/posts\/46709\/revisions"}],"predecessor-version":[{"id":46713,"href":"https:\/\/reveil-info.net\/index.php?rest_route=\/wp\/v2\/posts\/46709\/revisions\/46713"}],"wp:attachment":[{"href":"https:\/\/reveil-info.net\/index.php?rest_route=%2Fwp%2Fv2%2Fmedia&parent=46709"}],"wp:term":[{"taxonomy":"category","embeddable":true,"href":"https:\/\/reveil-info.net\/index.php?rest_route=%2Fwp%2Fv2%2Fcategories&post=46709"},{"taxonomy":"post_tag","embeddable":true,"href":"https:\/\/reveil-info.net\/index.php?rest_route=%2Fwp%2Fv2%2Ftags&post=46709"}],"curies":[{"name":"wp","href":"https:\/\/api.w.org\/{rel}","templated":true}]}}