{"id":46666,"date":"2026-03-11T18:55:19","date_gmt":"2026-03-11T18:55:19","guid":{"rendered":"https:\/\/reveil-info.net\/?p=46666"},"modified":"2026-03-11T18:55:19","modified_gmt":"2026-03-11T18:55:19","slug":"guerre-au-moyen-orient-communique-de-lambassade-du-burkina-faso-a-teheran","status":"publish","type":"post","link":"https:\/\/reveil-info.net\/?p=46666","title":{"rendered":"Guerre au moyen Orient : communiqu\u00e9 de l&rsquo;ambassade du Burkina Faso \u00e0 T\u00e9h\u00e9ran"},"content":{"rendered":"<p>Situation en R\u00e9publique islamique d&rsquo;Iran: COMMUNIQU\u00c9 NUM\u00c9RO 1 de l&rsquo;Ambassade du Burkina Faso \u00e0 T\u00e9h\u00e9ran<\/p>\n<p>A<br \/>\nTout responsable de la communaut\u00e9,<br \/>\nTout membre de la communaut\u00e9<\/p>\n<p>En raison de la d\u00e9gradation continue de la situation s\u00e9curitaire en Iran depuis le 28 f\u00e9vrier 2026, et au regard des risques que pr\u00e9sente une telle situation principalement pour les membres de la communaut\u00e9 burkinab\u00e8 vivant sur le territoire iranien et secondairement pour ceux vivant dans les autres pays de la juridiction, l\u2019Ambassade voudrait attirer votre attention sur les dispositions ci-apr\u00e8s \u00e0 prendre ainsi que certaines attitudes \u00e0 adopter.<\/p>\n<p>Il s\u2019agit de :<br \/>\n&#8211; Respecter strictement les mesures de s\u00e9curit\u00e9 \u00e9dict\u00e9es par les autorit\u00e9s comp\u00e9tentes ;<br \/>\n&#8211; Coop\u00e9rer pleinement avec les autorit\u00e9s comp\u00e9tentes dans l\u2019int\u00e9r\u00eat de la s\u00e9curit\u00e9 publique ;<br \/>\n&#8211; Respecter les consignes s\u00e9curitaires \u00e9dict\u00e9es par les autorit\u00e9s du pays et s\u2019en tenir aux informations \u00e9manant des autorit\u00e9s comp\u00e9tentes et de l\u2019Ambassade ;<br \/>\n&#8211; Limiter les d\u00e9placements au strict n\u00e9cessaire et restreindre les appels et contacts avec les inconnus ;<br \/>\n&#8211; Eviter les lieux d\u2019attroupement ;<br \/>\n&#8211; S\u2019informer sur la situation des autres compatriotes et rester toujours joignable ;<br \/>\n&#8211; Se soutenir mutuellement ;<br \/>\n&#8211; Eviter de r\u00e9pondre aux provocations et aux offres et propositions all\u00e9chantes ;<br \/>\n&#8211; Pr\u00e9parer toujours un kit minimum \u00e0 emporter en cas d\u2019un d\u00e9placement en situation d\u2019urgence ;<\/p>\n<p>Garder le contact avec\/vos proches\/ vos repr\u00e9sentants et avec l\u2019Ambassade pour toute \u00e9ventualit\u00e9 (contacts identifi\u00e9s au pr\u00e9alable) ;<br \/>\n&#8211; S\u2019approvisionner tant que c\u2019est possible (change, produits de premi\u00e8re n\u00e9cessit\u00e9, mat\u00e9riel d\u2019\u00e9clairage, \u00e9nergie\u2026).<br \/>\nDans la limite des restrictions impos\u00e9es \u00e0 l\u2019acc\u00e8s \u00e0 internet, les services de l\u2019Ambassade restent joignables en cas de besoin au num\u00e9ro suivant : +98 901 219 4214\/+98 910 311 9520.<\/p>\n<p>En ces circonstances particuli\u00e8rement difficiles, tout en renouvelant son enti\u00e8re disponibilit\u00e9, l\u2019Ambassade voudrait exprimer le soutien et la compassion du Gouvernement aux membres de la communaut\u00e9 de l\u2019Iran et des autres pays de la juridiction.<img loading=\"lazy\" decoding=\"async\" class=\"alignnone size-full wp-image-46668\" src=\"https:\/\/reveil-info.net\/wp-content\/uploads\/2026\/03\/1773255152098.jpg\" alt=\"\" width=\"720\" height=\"554\" srcset=\"https:\/\/reveil-info.net\/wp-content\/uploads\/2026\/03\/1773255152098.jpg 720w, https:\/\/reveil-info.net\/wp-content\/uploads\/2026\/03\/1773255152098-300x231.jpg 300w\" sizes=\"auto, (max-width: 720px) 100vw, 720px\" \/><\/p>\n<p>Source : AIB<\/p>\n","protected":false},"excerpt":{"rendered":"<p>Situation en R\u00e9publique islamique d&rsquo;Iran: COMMUNIQU\u00c9 NUM\u00c9RO 1 de l&rsquo;Ambassade du Burkina Faso \u00e0 T\u00e9h\u00e9ran<\/p>\n","protected":false},"author":1,"featured_media":0,"comment_status":"open","ping_status":"open","sticky":false,"template":"","format":"standard","meta":{"footnotes":""},"categories":[2],"tags":[],"class_list":["post-46666","post","type-post","status-publish","format-standard","hentry","category-actu"],"yoast_head":"<!-- This site is optimized with the Yoast SEO plugin v27.5 - https:\/\/yoast.com\/product\/yoast-seo-wordpress\/ -->\n<title>Guerre au moyen Orient : communiqu\u00e9 de l&#039;ambassade du Burkina Faso \u00e0 T\u00e9h\u00e9ran - R\u00e9veil Info<\/title>\n<meta name=\"robots\" content=\"noindex, follow, max-snippet:-1, max-image-preview:large, max-video-preview:-1\" \/>\n<meta property=\"og:locale\" content=\"fr_FR\" \/>\n<meta property=\"og:type\" content=\"article\" \/>\n<meta property=\"og:title\" content=\"Guerre au moyen Orient : communiqu\u00e9 de l&#039;ambassade du Burkina Faso \u00e0 T\u00e9h\u00e9ran - R\u00e9veil Info\" \/>\n<meta property=\"og:description\" content=\"Situation en R\u00e9publique islamique d&rsquo;Iran: COMMUNIQU\u00c9 NUM\u00c9RO 1 de l&rsquo;Ambassade du Burkina Faso \u00e0 T\u00e9h\u00e9ran\" \/>\n<meta property=\"og:url\" content=\"https:\/\/reveil-info.net\/?p=46666\" \/>\n<meta property=\"og:site_name\" content=\"R\u00e9veil Info\" \/>\n<meta property=\"article:published_time\" content=\"2026-03-11T18:55:19+00:00\" \/>\n<meta property=\"og:image\" content=\"https:\/\/reveil-info.net\/wp-content\/uploads\/2026\/03\/1773255152098.jpg\" \/>\n\t<meta property=\"og:image:width\" content=\"720\" \/>\n\t<meta property=\"og:image:height\" content=\"554\" \/>\n\t<meta property=\"og:image:type\" content=\"image\/jpeg\" \/>\n<meta name=\"author\" content=\"R\u00e9veil info\" \/>\n<meta name=\"twitter:card\" content=\"summary_large_image\" \/>\n<meta name=\"twitter:label1\" content=\"\u00c9crit par\" \/>\n\t<meta name=\"twitter:data1\" content=\"R\u00e9veil info\" \/>\n\t<meta name=\"twitter:label2\" content=\"Dur\u00e9e de lecture estim\u00e9e\" \/>\n\t<meta name=\"twitter:data2\" content=\"2 minutes\" \/>\n<script type=\"application\/ld+json\" class=\"yoast-schema-graph\">{\"@context\":\"https:\\\/\\\/schema.org\",\"@graph\":[{\"@type\":\"Article\",\"@id\":\"https:\\\/\\\/reveil-info.net\\\/?p=46666#article\",\"isPartOf\":{\"@id\":\"https:\\\/\\\/reveil-info.net\\\/?p=46666\"},\"author\":{\"name\":\"R\u00e9veil info\",\"@id\":\"https:\\\/\\\/reveil-info.net\\\/#\\\/schema\\\/person\\\/ca0cc8e70088e0a2b5e92556c1ee60f5\"},\"headline\":\"Guerre au moyen Orient : communiqu\u00e9 de l&rsquo;ambassade du Burkina Faso \u00e0 T\u00e9h\u00e9ran\",\"datePublished\":\"2026-03-11T18:55:19+00:00\",\"mainEntityOfPage\":{\"@id\":\"https:\\\/\\\/reveil-info.net\\\/?p=46666\"},\"wordCount\":367,\"commentCount\":0,\"publisher\":{\"@id\":\"https:\\\/\\\/reveil-info.net\\\/#organization\"},\"image\":{\"@id\":\"https:\\\/\\\/reveil-info.net\\\/?p=46666#primaryimage\"},\"thumbnailUrl\":\"https:\\\/\\\/reveil-info.net\\\/wp-content\\\/uploads\\\/2026\\\/03\\\/1773255152098.jpg\",\"articleSection\":[\"Actualit\u00e9\"],\"inLanguage\":\"fr-FR\",\"potentialAction\":[{\"@type\":\"CommentAction\",\"name\":\"Comment\",\"target\":[\"https:\\\/\\\/reveil-info.net\\\/?p=46666#respond\"]}]},{\"@type\":\"WebPage\",\"@id\":\"https:\\\/\\\/reveil-info.net\\\/?p=46666\",\"url\":\"https:\\\/\\\/reveil-info.net\\\/?p=46666\",\"name\":\"Guerre au moyen Orient : communiqu\u00e9 de l'ambassade du Burkina Faso \u00e0 T\u00e9h\u00e9ran - R\u00e9veil Info\",\"isPartOf\":{\"@id\":\"https:\\\/\\\/reveil-info.net\\\/#website\"},\"primaryImageOfPage\":{\"@id\":\"https:\\\/\\\/reveil-info.net\\\/?p=46666#primaryimage\"},\"image\":{\"@id\":\"https:\\\/\\\/reveil-info.net\\\/?p=46666#primaryimage\"},\"thumbnailUrl\":\"https:\\\/\\\/reveil-info.net\\\/wp-content\\\/uploads\\\/2026\\\/03\\\/1773255152098.jpg\",\"datePublished\":\"2026-03-11T18:55:19+00:00\",\"breadcrumb\":{\"@id\":\"https:\\\/\\\/reveil-info.net\\\/?p=46666#breadcrumb\"},\"inLanguage\":\"fr-FR\",\"potentialAction\":[{\"@type\":\"ReadAction\",\"target\":[\"https:\\\/\\\/reveil-info.net\\\/?p=46666\"]}]},{\"@type\":\"ImageObject\",\"inLanguage\":\"fr-FR\",\"@id\":\"https:\\\/\\\/reveil-info.net\\\/?p=46666#primaryimage\",\"url\":\"https:\\\/\\\/reveil-info.net\\\/wp-content\\\/uploads\\\/2026\\\/03\\\/1773255152098.jpg\",\"contentUrl\":\"https:\\\/\\\/reveil-info.net\\\/wp-content\\\/uploads\\\/2026\\\/03\\\/1773255152098.jpg\",\"width\":720,\"height\":554},{\"@type\":\"BreadcrumbList\",\"@id\":\"https:\\\/\\\/reveil-info.net\\\/?p=46666#breadcrumb\",\"itemListElement\":[{\"@type\":\"ListItem\",\"position\":1,\"name\":\"Home\",\"item\":\"https:\\\/\\\/reveil-info.net\\\/\"},{\"@type\":\"ListItem\",\"position\":2,\"name\":\"Guerre au moyen Orient : communiqu\u00e9 de l&rsquo;ambassade du Burkina Faso \u00e0 T\u00e9h\u00e9ran\"}]},{\"@type\":\"WebSite\",\"@id\":\"https:\\\/\\\/reveil-info.net\\\/#website\",\"url\":\"https:\\\/\\\/reveil-info.net\\\/\",\"name\":\"R\u00e9veil Info\",\"description\":\"Le devoir d&#039;informer!\",\"publisher\":{\"@id\":\"https:\\\/\\\/reveil-info.net\\\/#organization\"},\"potentialAction\":[{\"@type\":\"SearchAction\",\"target\":{\"@type\":\"EntryPoint\",\"urlTemplate\":\"https:\\\/\\\/reveil-info.net\\\/?s={search_term_string}\"},\"query-input\":{\"@type\":\"PropertyValueSpecification\",\"valueRequired\":true,\"valueName\":\"search_term_string\"}}],\"inLanguage\":\"fr-FR\"},{\"@type\":\"Organization\",\"@id\":\"https:\\\/\\\/reveil-info.net\\\/#organization\",\"name\":\"R\u00e9veil Info\",\"url\":\"https:\\\/\\\/reveil-info.net\\\/\",\"logo\":{\"@type\":\"ImageObject\",\"inLanguage\":\"fr-FR\",\"@id\":\"https:\\\/\\\/reveil-info.net\\\/#\\\/schema\\\/logo\\\/image\\\/\",\"url\":\"https:\\\/\\\/reveil-info.net\\\/wp-content\\\/uploads\\\/2024\\\/07\\\/bnddd1.jpg\",\"contentUrl\":\"https:\\\/\\\/reveil-info.net\\\/wp-content\\\/uploads\\\/2024\\\/07\\\/bnddd1.jpg\",\"width\":903,\"height\":125,\"caption\":\"R\u00e9veil Info\"},\"image\":{\"@id\":\"https:\\\/\\\/reveil-info.net\\\/#\\\/schema\\\/logo\\\/image\\\/\"}},{\"@type\":\"Person\",\"@id\":\"https:\\\/\\\/reveil-info.net\\\/#\\\/schema\\\/person\\\/ca0cc8e70088e0a2b5e92556c1ee60f5\",\"name\":\"R\u00e9veil info\",\"image\":{\"@type\":\"ImageObject\",\"inLanguage\":\"fr-FR\",\"@id\":\"https:\\\/\\\/secure.gravatar.com\\\/avatar\\\/e4ad5bb743c8b6cb174d9df6c7d30a8a16f6889731241345fc6444e6485f02af?s=96&d=mm&r=g\",\"url\":\"https:\\\/\\\/secure.gravatar.com\\\/avatar\\\/e4ad5bb743c8b6cb174d9df6c7d30a8a16f6889731241345fc6444e6485f02af?s=96&d=mm&r=g\",\"contentUrl\":\"https:\\\/\\\/secure.gravatar.com\\\/avatar\\\/e4ad5bb743c8b6cb174d9df6c7d30a8a16f6889731241345fc6444e6485f02af?s=96&d=mm&r=g\",\"caption\":\"R\u00e9veil info\"},\"sameAs\":[\"https:\\\/\\\/reveil-info.net\"],\"url\":\"https:\\\/\\\/reveil-info.net\\\/?author=1\"}]}<\/script>\n<!-- \/ Yoast SEO plugin. -->","yoast_head_json":{"title":"Guerre au moyen Orient : communiqu\u00e9 de l'ambassade du Burkina Faso \u00e0 T\u00e9h\u00e9ran - R\u00e9veil Info","robots":{"index":"noindex","follow":"follow","max-snippet":"max-snippet:-1","max-image-preview":"max-image-preview:large","max-video-preview":"max-video-preview:-1"},"og_locale":"fr_FR","og_type":"article","og_title":"Guerre au moyen Orient : communiqu\u00e9 de l'ambassade du Burkina Faso \u00e0 T\u00e9h\u00e9ran - R\u00e9veil Info","og_description":"Situation en R\u00e9publique islamique d&rsquo;Iran: COMMUNIQU\u00c9 NUM\u00c9RO 1 de l&rsquo;Ambassade du Burkina Faso \u00e0 T\u00e9h\u00e9ran","og_url":"https:\/\/reveil-info.net\/?p=46666","og_site_name":"R\u00e9veil Info","article_published_time":"2026-03-11T18:55:19+00:00","og_image":[{"width":720,"height":554,"url":"https:\/\/reveil-info.net\/wp-content\/uploads\/2026\/03\/1773255152098.jpg","type":"image\/jpeg"}],"author":"R\u00e9veil info","twitter_card":"summary_large_image","twitter_misc":{"\u00c9crit par":"R\u00e9veil info","Dur\u00e9e de lecture estim\u00e9e":"2 minutes"},"schema":{"@context":"https:\/\/schema.org","@graph":[{"@type":"Article","@id":"https:\/\/reveil-info.net\/?p=46666#article","isPartOf":{"@id":"https:\/\/reveil-info.net\/?p=46666"},"author":{"name":"R\u00e9veil info","@id":"https:\/\/reveil-info.net\/#\/schema\/person\/ca0cc8e70088e0a2b5e92556c1ee60f5"},"headline":"Guerre au moyen Orient : communiqu\u00e9 de l&rsquo;ambassade du Burkina Faso \u00e0 T\u00e9h\u00e9ran","datePublished":"2026-03-11T18:55:19+00:00","mainEntityOfPage":{"@id":"https:\/\/reveil-info.net\/?p=46666"},"wordCount":367,"commentCount":0,"publisher":{"@id":"https:\/\/reveil-info.net\/#organization"},"image":{"@id":"https:\/\/reveil-info.net\/?p=46666#primaryimage"},"thumbnailUrl":"https:\/\/reveil-info.net\/wp-content\/uploads\/2026\/03\/1773255152098.jpg","articleSection":["Actualit\u00e9"],"inLanguage":"fr-FR","potentialAction":[{"@type":"CommentAction","name":"Comment","target":["https:\/\/reveil-info.net\/?p=46666#respond"]}]},{"@type":"WebPage","@id":"https:\/\/reveil-info.net\/?p=46666","url":"https:\/\/reveil-info.net\/?p=46666","name":"Guerre au moyen Orient : communiqu\u00e9 de l'ambassade du Burkina Faso \u00e0 T\u00e9h\u00e9ran - R\u00e9veil Info","isPartOf":{"@id":"https:\/\/reveil-info.net\/#website"},"primaryImageOfPage":{"@id":"https:\/\/reveil-info.net\/?p=46666#primaryimage"},"image":{"@id":"https:\/\/reveil-info.net\/?p=46666#primaryimage"},"thumbnailUrl":"https:\/\/reveil-info.net\/wp-content\/uploads\/2026\/03\/1773255152098.jpg","datePublished":"2026-03-11T18:55:19+00:00","breadcrumb":{"@id":"https:\/\/reveil-info.net\/?p=46666#breadcrumb"},"inLanguage":"fr-FR","potentialAction":[{"@type":"ReadAction","target":["https:\/\/reveil-info.net\/?p=46666"]}]},{"@type":"ImageObject","inLanguage":"fr-FR","@id":"https:\/\/reveil-info.net\/?p=46666#primaryimage","url":"https:\/\/reveil-info.net\/wp-content\/uploads\/2026\/03\/1773255152098.jpg","contentUrl":"https:\/\/reveil-info.net\/wp-content\/uploads\/2026\/03\/1773255152098.jpg","width":720,"height":554},{"@type":"BreadcrumbList","@id":"https:\/\/reveil-info.net\/?p=46666#breadcrumb","itemListElement":[{"@type":"ListItem","position":1,"name":"Home","item":"https:\/\/reveil-info.net\/"},{"@type":"ListItem","position":2,"name":"Guerre au moyen Orient : communiqu\u00e9 de l&rsquo;ambassade du Burkina Faso \u00e0 T\u00e9h\u00e9ran"}]},{"@type":"WebSite","@id":"https:\/\/reveil-info.net\/#website","url":"https:\/\/reveil-info.net\/","name":"R\u00e9veil Info","description":"Le devoir d&#039;informer!","publisher":{"@id":"https:\/\/reveil-info.net\/#organization"},"potentialAction":[{"@type":"SearchAction","target":{"@type":"EntryPoint","urlTemplate":"https:\/\/reveil-info.net\/?s={search_term_string}"},"query-input":{"@type":"PropertyValueSpecification","valueRequired":true,"valueName":"search_term_string"}}],"inLanguage":"fr-FR"},{"@type":"Organization","@id":"https:\/\/reveil-info.net\/#organization","name":"R\u00e9veil Info","url":"https:\/\/reveil-info.net\/","logo":{"@type":"ImageObject","inLanguage":"fr-FR","@id":"https:\/\/reveil-info.net\/#\/schema\/logo\/image\/","url":"https:\/\/reveil-info.net\/wp-content\/uploads\/2024\/07\/bnddd1.jpg","contentUrl":"https:\/\/reveil-info.net\/wp-content\/uploads\/2024\/07\/bnddd1.jpg","width":903,"height":125,"caption":"R\u00e9veil Info"},"image":{"@id":"https:\/\/reveil-info.net\/#\/schema\/logo\/image\/"}},{"@type":"Person","@id":"https:\/\/reveil-info.net\/#\/schema\/person\/ca0cc8e70088e0a2b5e92556c1ee60f5","name":"R\u00e9veil info","image":{"@type":"ImageObject","inLanguage":"fr-FR","@id":"https:\/\/secure.gravatar.com\/avatar\/e4ad5bb743c8b6cb174d9df6c7d30a8a16f6889731241345fc6444e6485f02af?s=96&d=mm&r=g","url":"https:\/\/secure.gravatar.com\/avatar\/e4ad5bb743c8b6cb174d9df6c7d30a8a16f6889731241345fc6444e6485f02af?s=96&d=mm&r=g","contentUrl":"https:\/\/secure.gravatar.com\/avatar\/e4ad5bb743c8b6cb174d9df6c7d30a8a16f6889731241345fc6444e6485f02af?s=96&d=mm&r=g","caption":"R\u00e9veil info"},"sameAs":["https:\/\/reveil-info.net"],"url":"https:\/\/reveil-info.net\/?author=1"}]}},"jetpack_featured_media_url":"","featured_image_urls":{"full":"","thumbnail":"","medium":"","medium_large":"","large":"","1536x1536":"","2048x2048":"","chromenews-featured":"","chromenews-large":"","chromenews-medium":""},"author_info":{"display_name":"R\u00e9veil info","author_link":"https:\/\/reveil-info.net\/?author=1"},"category_info":"<a href=\"https:\/\/reveil-info.net\/?cat=2\" rel=\"category\">Actualit\u00e9<\/a>","tag_info":"Actualit\u00e9","comment_count":"0","_links":{"self":[{"href":"https:\/\/reveil-info.net\/index.php?rest_route=\/wp\/v2\/posts\/46666","targetHints":{"allow":["GET"]}}],"collection":[{"href":"https:\/\/reveil-info.net\/index.php?rest_route=\/wp\/v2\/posts"}],"about":[{"href":"https:\/\/reveil-info.net\/index.php?rest_route=\/wp\/v2\/types\/post"}],"author":[{"embeddable":true,"href":"https:\/\/reveil-info.net\/index.php?rest_route=\/wp\/v2\/users\/1"}],"replies":[{"embeddable":true,"href":"https:\/\/reveil-info.net\/index.php?rest_route=%2Fwp%2Fv2%2Fcomments&post=46666"}],"version-history":[{"count":3,"href":"https:\/\/reveil-info.net\/index.php?rest_route=\/wp\/v2\/posts\/46666\/revisions"}],"predecessor-version":[{"id":46670,"href":"https:\/\/reveil-info.net\/index.php?rest_route=\/wp\/v2\/posts\/46666\/revisions\/46670"}],"wp:attachment":[{"href":"https:\/\/reveil-info.net\/index.php?rest_route=%2Fwp%2Fv2%2Fmedia&parent=46666"}],"wp:term":[{"taxonomy":"category","embeddable":true,"href":"https:\/\/reveil-info.net\/index.php?rest_route=%2Fwp%2Fv2%2Fcategories&post=46666"},{"taxonomy":"post_tag","embeddable":true,"href":"https:\/\/reveil-info.net\/index.php?rest_route=%2Fwp%2Fv2%2Ftags&post=46666"}],"curies":[{"name":"wp","href":"https:\/\/api.w.org\/{rel}","templated":true}]}}