{"id":46556,"date":"2026-03-11T09:35:53","date_gmt":"2026-03-11T09:35:53","guid":{"rendered":"https:\/\/reveil-info.net\/?p=46556"},"modified":"2026-03-11T09:35:53","modified_gmt":"2026-03-11T09:35:53","slug":"au-palais-de-justice-banfora-un-etudiant-condamne-a-6-mois-de-prison-ferme-pour-attentat-a-la-pudeur","status":"publish","type":"post","link":"https:\/\/reveil-info.net\/?p=46556","title":{"rendered":"Au palais de justice -Banfora: un \u00e9tudiant condamn\u00e9 \u00e0 6 mois de prison ferme pour attentat \u00e0 la pudeur&#8230;"},"content":{"rendered":"<p>R\u00e9cit d&rsquo;un proc\u00e8s : Un \u00e9tudiant condamn\u00e9 \u00e0 6 mois ferme pour attentat \u00e0 la pudeur sur une fillette de 3 ans<\/p>\n<p><img loading=\"lazy\" decoding=\"async\" class=\"alignnone size-full wp-image-46459\" src=\"https:\/\/reveil-info.net\/wp-content\/uploads\/2026\/03\/FB_IMG_1773090559469.jpg\" alt=\"\" width=\"720\" height=\"482\" srcset=\"https:\/\/reveil-info.net\/wp-content\/uploads\/2026\/03\/FB_IMG_1773090559469.jpg 720w, https:\/\/reveil-info.net\/wp-content\/uploads\/2026\/03\/FB_IMG_1773090559469-300x201.jpg 300w\" sizes=\"auto, (max-width: 720px) 100vw, 720px\" \/><\/p>\n<p>Avec pour nom d\u2019emprunt, BA, le pr\u00e9venu est un \u00e9tudiant en premi\u00e8re ann\u00e9e \u00e2g\u00e9 22 ans accus\u00e9 d\u2019attentat \u00e0 la pudeur sur une fillette de 3ans.<br \/>\nIl a comparu \u00e0 la barre du Tribunal de Grande Instance (TGI) de Banfora ce 3 mars 2026.<\/p>\n<p>Selon le pr\u00e9venu, les faits se sont d\u00e9roul\u00e9s le 18 f\u00e9vrier 2026 aux environs de 14h alors qu\u2019il revenait des cours. \u00ab Les enfants sont venus jouer dans ma cour et peu de temps apr\u00e8s, la petite DN est revenu seul me trouver. J\u2019\u00e9tais en train de regarder une vid\u00e9o alg\u00e8bre elle s\u2019est approch\u00e9 de moi pour regarder aussi ce que je regardais ! Et c\u2019est l\u00e0 que l\u2019irr\u00e9parable s\u2019est produit, je ne sais pas ce qui m\u2019a pris j\u2019ai d\u2019abord fait baisser la culotte de la petite ensuite j\u2019ai baiss\u00e9 la mienne et j\u2019ai enlev\u00e9 mon sexe et caress\u00e9 les cuisses de la petite avec jusqu\u2019\u00e0 atteindre l\u2019orgasme. J\u2019ai \u00e9jacul\u00e9 sur ses cuisses. Apr\u00e8s j\u2019ai laiss\u00e9 la petite partir. Mais ma conscience m\u2019a grond\u00e9 et je suis all\u00e9 dire ce que j\u2019avais fait \u00e0 la maman de la victime \u00e0 laquelle j\u2019ai pr\u00e9sent\u00e9 mes excuses et demander pardon \u00bb, a avou\u00e9 BA \u00e0 la barre.<\/p>\n<p>A la question de savoir si c\u2019est r\u00e9ellement une vid\u00e9o alg\u00e8bre qu\u2019il regardait, l\u2019accus\u00e9 a r\u00e9pondu par l\u2019affirmative. Au procureur de rench\u00e9rir en disant que les gens font alg\u00e8bre \u00e7a leur donne des maux de t\u00eate toi ce sont des d\u00e9sirs sexuels qui te viennent \u00e0 l\u2019esprit ! Le pr\u00e9venu a continu\u00e9 de dire que c\u2019est une vid\u00e9o d\u2019alg\u00e8bre. Quel plaisir recherchez vous avec cette fillette de 3 ans ? Mart\u00e8le le procureur. Le pr\u00e9venu tout honteux n\u2019a pas pu placer un mot.<\/p>\n<p>La m\u00e8re de la victime pr\u00e9sente, a affirm\u00e9 que l\u2019enfant \u00e9tait sorti jouer avec ses camarades. \u00ab Au retour j\u2019ai remarqu\u00e9 que sa culotte \u00e9tait mouill\u00e9e je me suis dit qu\u2019elle avait piss\u00e9 dans sa culotte et je voulais la frapper. Mais, elle a dit de ne pas la frapper car c\u2019est tonton qui a enlev\u00e9 un gros truc et a piss\u00e9 sur elle ! J\u2019\u00e9tais \u00e9tonn\u00e9e et j\u2019ai enlev\u00e9 la culotte. C\u2019est l\u00e0 que j\u2019ai su que ce n\u2019est pas la pisse. Peu de temps apr\u00e8s j\u2019ai vu le jeune venir chez moi qui m\u2019a avou\u00e9 ce qu\u2019il avait fait. Je lui ai dit que j\u2019en parlerai \u00e0 mon mari \u00bb. Le jeune est venu dans notre quartier \u00e7a ne vaut pas 1 mois, a ensuite ajout\u00e9 la maman de victime.<\/p>\n<p>Dans la salle il y\u2019avait un silence pesant, le public \u00e9tait indign\u00e9, le prevenu tout honteux dit qu\u2019il ne sait pas ce qui lui a pris et que c\u2019\u00e9tait sa premi\u00e8re fois de faire cela.<\/p>\n<p>Dans ses r\u00e9quisitions, le procureur a demand\u00e9 qu\u2019il soit reconnu coupable et condamn\u00e9 \u00e0 une peine d\u2019emprisonnement de 1 an et une amende de 250 000 F CFA assortie de sursis.<\/p>\n<p>En pleures, BA demande pardon au tribunal et \u00e0 la famille de la petite. Il reconna\u00eet que ce qu\u2019il a commis est tr\u00e8s grave et que c\u2019\u00e9tait sa premi\u00e8re fois. \u00ab Je demande pardon de me laisser continuer mes \u00e9tudes, ce genre de choses je ne vais plus jamais le reproduire \u00bb, a-t-il implor\u00e9 les juges.<\/p>\n<p>Dans sa d\u00e9cision finale, le tribunal a d\u00e9clar\u00e9 BA coupable et l&rsquo;a condamn\u00e9 \u00e0 une peine d\u2019emprisonnement de 12 mois dont 6 mois ferme et une amende de 500 000 F CFA assortie de sursis.<\/p>\n<p>Wangola M\u00e9dias<\/p>\n<p>Justice Infos Burkina<br \/>\nReveil-info<\/p>\n","protected":false},"excerpt":{"rendered":"<p>R\u00e9cit d&rsquo;un proc\u00e8s : Un \u00e9tudiant condamn\u00e9 \u00e0 6 mois ferme pour attentat \u00e0 la<\/p>\n","protected":false},"author":1,"featured_media":0,"comment_status":"open","ping_status":"open","sticky":false,"template":"","format":"standard","meta":{"footnotes":""},"categories":[7,16],"tags":[],"class_list":["post-46556","post","type-post","status-publish","format-standard","hentry","category-faits","category-societe"],"yoast_head":"<!-- This site is optimized with the Yoast SEO plugin v27.4 - https:\/\/yoast.com\/product\/yoast-seo-wordpress\/ -->\n<title>Au palais de justice -Banfora: un \u00e9tudiant condamn\u00e9 \u00e0 6 mois de prison ferme pour attentat \u00e0 la pudeur... - R\u00e9veil Info<\/title>\n<meta name=\"robots\" content=\"noindex, follow, max-snippet:-1, max-image-preview:large, max-video-preview:-1\" \/>\n<meta property=\"og:locale\" content=\"fr_FR\" \/>\n<meta property=\"og:type\" content=\"article\" \/>\n<meta property=\"og:title\" content=\"Au palais de justice -Banfora: un \u00e9tudiant condamn\u00e9 \u00e0 6 mois de prison ferme pour attentat \u00e0 la pudeur... - R\u00e9veil Info\" \/>\n<meta property=\"og:description\" content=\"R\u00e9cit d&rsquo;un proc\u00e8s : Un \u00e9tudiant condamn\u00e9 \u00e0 6 mois ferme pour attentat \u00e0 la\" \/>\n<meta property=\"og:url\" content=\"https:\/\/reveil-info.net\/?p=46556\" \/>\n<meta property=\"og:site_name\" content=\"R\u00e9veil Info\" \/>\n<meta property=\"article:published_time\" content=\"2026-03-11T09:35:53+00:00\" \/>\n<meta property=\"og:image\" content=\"https:\/\/reveil-info.net\/wp-content\/uploads\/2026\/03\/FB_IMG_1773090559469.jpg\" \/>\n\t<meta property=\"og:image:width\" content=\"720\" \/>\n\t<meta property=\"og:image:height\" content=\"482\" \/>\n\t<meta property=\"og:image:type\" content=\"image\/jpeg\" \/>\n<meta name=\"author\" content=\"R\u00e9veil info\" \/>\n<meta name=\"twitter:card\" content=\"summary_large_image\" \/>\n<meta name=\"twitter:label1\" content=\"\u00c9crit par\" \/>\n\t<meta name=\"twitter:data1\" content=\"R\u00e9veil info\" \/>\n\t<meta name=\"twitter:label2\" content=\"Dur\u00e9e de lecture estim\u00e9e\" \/>\n\t<meta name=\"twitter:data2\" content=\"4 minutes\" \/>\n<script type=\"application\/ld+json\" class=\"yoast-schema-graph\">{\"@context\":\"https:\\\/\\\/schema.org\",\"@graph\":[{\"@type\":\"Article\",\"@id\":\"https:\\\/\\\/reveil-info.net\\\/?p=46556#article\",\"isPartOf\":{\"@id\":\"https:\\\/\\\/reveil-info.net\\\/?p=46556\"},\"author\":{\"name\":\"R\u00e9veil info\",\"@id\":\"https:\\\/\\\/reveil-info.net\\\/#\\\/schema\\\/person\\\/ca0cc8e70088e0a2b5e92556c1ee60f5\"},\"headline\":\"Au palais de justice -Banfora: un \u00e9tudiant condamn\u00e9 \u00e0 6 mois de prison ferme pour attentat \u00e0 la pudeur&#8230;\",\"datePublished\":\"2026-03-11T09:35:53+00:00\",\"mainEntityOfPage\":{\"@id\":\"https:\\\/\\\/reveil-info.net\\\/?p=46556\"},\"wordCount\":668,\"commentCount\":0,\"publisher\":{\"@id\":\"https:\\\/\\\/reveil-info.net\\\/#organization\"},\"image\":{\"@id\":\"https:\\\/\\\/reveil-info.net\\\/?p=46556#primaryimage\"},\"thumbnailUrl\":\"https:\\\/\\\/reveil-info.net\\\/wp-content\\\/uploads\\\/2026\\\/03\\\/FB_IMG_1773090559469.jpg\",\"articleSection\":[\"Faits divers\",\"Soci\u00e9t\u00e9\"],\"inLanguage\":\"fr-FR\",\"potentialAction\":[{\"@type\":\"CommentAction\",\"name\":\"Comment\",\"target\":[\"https:\\\/\\\/reveil-info.net\\\/?p=46556#respond\"]}]},{\"@type\":\"WebPage\",\"@id\":\"https:\\\/\\\/reveil-info.net\\\/?p=46556\",\"url\":\"https:\\\/\\\/reveil-info.net\\\/?p=46556\",\"name\":\"Au palais de justice -Banfora: un \u00e9tudiant condamn\u00e9 \u00e0 6 mois de prison ferme pour attentat \u00e0 la pudeur... - R\u00e9veil Info\",\"isPartOf\":{\"@id\":\"https:\\\/\\\/reveil-info.net\\\/#website\"},\"primaryImageOfPage\":{\"@id\":\"https:\\\/\\\/reveil-info.net\\\/?p=46556#primaryimage\"},\"image\":{\"@id\":\"https:\\\/\\\/reveil-info.net\\\/?p=46556#primaryimage\"},\"thumbnailUrl\":\"https:\\\/\\\/reveil-info.net\\\/wp-content\\\/uploads\\\/2026\\\/03\\\/FB_IMG_1773090559469.jpg\",\"datePublished\":\"2026-03-11T09:35:53+00:00\",\"breadcrumb\":{\"@id\":\"https:\\\/\\\/reveil-info.net\\\/?p=46556#breadcrumb\"},\"inLanguage\":\"fr-FR\",\"potentialAction\":[{\"@type\":\"ReadAction\",\"target\":[\"https:\\\/\\\/reveil-info.net\\\/?p=46556\"]}]},{\"@type\":\"ImageObject\",\"inLanguage\":\"fr-FR\",\"@id\":\"https:\\\/\\\/reveil-info.net\\\/?p=46556#primaryimage\",\"url\":\"https:\\\/\\\/reveil-info.net\\\/wp-content\\\/uploads\\\/2026\\\/03\\\/FB_IMG_1773090559469.jpg\",\"contentUrl\":\"https:\\\/\\\/reveil-info.net\\\/wp-content\\\/uploads\\\/2026\\\/03\\\/FB_IMG_1773090559469.jpg\",\"width\":720,\"height\":482},{\"@type\":\"BreadcrumbList\",\"@id\":\"https:\\\/\\\/reveil-info.net\\\/?p=46556#breadcrumb\",\"itemListElement\":[{\"@type\":\"ListItem\",\"position\":1,\"name\":\"Home\",\"item\":\"https:\\\/\\\/reveil-info.net\\\/\"},{\"@type\":\"ListItem\",\"position\":2,\"name\":\"Au palais de justice -Banfora: un \u00e9tudiant condamn\u00e9 \u00e0 6 mois de prison ferme pour attentat \u00e0 la pudeur&#8230;\"}]},{\"@type\":\"WebSite\",\"@id\":\"https:\\\/\\\/reveil-info.net\\\/#website\",\"url\":\"https:\\\/\\\/reveil-info.net\\\/\",\"name\":\"R\u00e9veil Info\",\"description\":\"Le devoir d&#039;informer!\",\"publisher\":{\"@id\":\"https:\\\/\\\/reveil-info.net\\\/#organization\"},\"potentialAction\":[{\"@type\":\"SearchAction\",\"target\":{\"@type\":\"EntryPoint\",\"urlTemplate\":\"https:\\\/\\\/reveil-info.net\\\/?s={search_term_string}\"},\"query-input\":{\"@type\":\"PropertyValueSpecification\",\"valueRequired\":true,\"valueName\":\"search_term_string\"}}],\"inLanguage\":\"fr-FR\"},{\"@type\":\"Organization\",\"@id\":\"https:\\\/\\\/reveil-info.net\\\/#organization\",\"name\":\"R\u00e9veil Info\",\"url\":\"https:\\\/\\\/reveil-info.net\\\/\",\"logo\":{\"@type\":\"ImageObject\",\"inLanguage\":\"fr-FR\",\"@id\":\"https:\\\/\\\/reveil-info.net\\\/#\\\/schema\\\/logo\\\/image\\\/\",\"url\":\"https:\\\/\\\/reveil-info.net\\\/wp-content\\\/uploads\\\/2024\\\/07\\\/bnddd1.jpg\",\"contentUrl\":\"https:\\\/\\\/reveil-info.net\\\/wp-content\\\/uploads\\\/2024\\\/07\\\/bnddd1.jpg\",\"width\":903,\"height\":125,\"caption\":\"R\u00e9veil Info\"},\"image\":{\"@id\":\"https:\\\/\\\/reveil-info.net\\\/#\\\/schema\\\/logo\\\/image\\\/\"}},{\"@type\":\"Person\",\"@id\":\"https:\\\/\\\/reveil-info.net\\\/#\\\/schema\\\/person\\\/ca0cc8e70088e0a2b5e92556c1ee60f5\",\"name\":\"R\u00e9veil info\",\"image\":{\"@type\":\"ImageObject\",\"inLanguage\":\"fr-FR\",\"@id\":\"https:\\\/\\\/secure.gravatar.com\\\/avatar\\\/e4ad5bb743c8b6cb174d9df6c7d30a8a16f6889731241345fc6444e6485f02af?s=96&d=mm&r=g\",\"url\":\"https:\\\/\\\/secure.gravatar.com\\\/avatar\\\/e4ad5bb743c8b6cb174d9df6c7d30a8a16f6889731241345fc6444e6485f02af?s=96&d=mm&r=g\",\"contentUrl\":\"https:\\\/\\\/secure.gravatar.com\\\/avatar\\\/e4ad5bb743c8b6cb174d9df6c7d30a8a16f6889731241345fc6444e6485f02af?s=96&d=mm&r=g\",\"caption\":\"R\u00e9veil info\"},\"sameAs\":[\"https:\\\/\\\/reveil-info.net\"],\"url\":\"https:\\\/\\\/reveil-info.net\\\/?author=1\"}]}<\/script>\n<!-- \/ Yoast SEO plugin. -->","yoast_head_json":{"title":"Au palais de justice -Banfora: un \u00e9tudiant condamn\u00e9 \u00e0 6 mois de prison ferme pour attentat \u00e0 la pudeur... - R\u00e9veil Info","robots":{"index":"noindex","follow":"follow","max-snippet":"max-snippet:-1","max-image-preview":"max-image-preview:large","max-video-preview":"max-video-preview:-1"},"og_locale":"fr_FR","og_type":"article","og_title":"Au palais de justice -Banfora: un \u00e9tudiant condamn\u00e9 \u00e0 6 mois de prison ferme pour attentat \u00e0 la pudeur... - R\u00e9veil Info","og_description":"R\u00e9cit d&rsquo;un proc\u00e8s : Un \u00e9tudiant condamn\u00e9 \u00e0 6 mois ferme pour attentat \u00e0 la","og_url":"https:\/\/reveil-info.net\/?p=46556","og_site_name":"R\u00e9veil Info","article_published_time":"2026-03-11T09:35:53+00:00","og_image":[{"width":720,"height":482,"url":"https:\/\/reveil-info.net\/wp-content\/uploads\/2026\/03\/FB_IMG_1773090559469.jpg","type":"image\/jpeg"}],"author":"R\u00e9veil info","twitter_card":"summary_large_image","twitter_misc":{"\u00c9crit par":"R\u00e9veil info","Dur\u00e9e de lecture estim\u00e9e":"4 minutes"},"schema":{"@context":"https:\/\/schema.org","@graph":[{"@type":"Article","@id":"https:\/\/reveil-info.net\/?p=46556#article","isPartOf":{"@id":"https:\/\/reveil-info.net\/?p=46556"},"author":{"name":"R\u00e9veil info","@id":"https:\/\/reveil-info.net\/#\/schema\/person\/ca0cc8e70088e0a2b5e92556c1ee60f5"},"headline":"Au palais de justice -Banfora: un \u00e9tudiant condamn\u00e9 \u00e0 6 mois de prison ferme pour attentat \u00e0 la pudeur&#8230;","datePublished":"2026-03-11T09:35:53+00:00","mainEntityOfPage":{"@id":"https:\/\/reveil-info.net\/?p=46556"},"wordCount":668,"commentCount":0,"publisher":{"@id":"https:\/\/reveil-info.net\/#organization"},"image":{"@id":"https:\/\/reveil-info.net\/?p=46556#primaryimage"},"thumbnailUrl":"https:\/\/reveil-info.net\/wp-content\/uploads\/2026\/03\/FB_IMG_1773090559469.jpg","articleSection":["Faits divers","Soci\u00e9t\u00e9"],"inLanguage":"fr-FR","potentialAction":[{"@type":"CommentAction","name":"Comment","target":["https:\/\/reveil-info.net\/?p=46556#respond"]}]},{"@type":"WebPage","@id":"https:\/\/reveil-info.net\/?p=46556","url":"https:\/\/reveil-info.net\/?p=46556","name":"Au palais de justice -Banfora: un \u00e9tudiant condamn\u00e9 \u00e0 6 mois de prison ferme pour attentat \u00e0 la pudeur... - R\u00e9veil Info","isPartOf":{"@id":"https:\/\/reveil-info.net\/#website"},"primaryImageOfPage":{"@id":"https:\/\/reveil-info.net\/?p=46556#primaryimage"},"image":{"@id":"https:\/\/reveil-info.net\/?p=46556#primaryimage"},"thumbnailUrl":"https:\/\/reveil-info.net\/wp-content\/uploads\/2026\/03\/FB_IMG_1773090559469.jpg","datePublished":"2026-03-11T09:35:53+00:00","breadcrumb":{"@id":"https:\/\/reveil-info.net\/?p=46556#breadcrumb"},"inLanguage":"fr-FR","potentialAction":[{"@type":"ReadAction","target":["https:\/\/reveil-info.net\/?p=46556"]}]},{"@type":"ImageObject","inLanguage":"fr-FR","@id":"https:\/\/reveil-info.net\/?p=46556#primaryimage","url":"https:\/\/reveil-info.net\/wp-content\/uploads\/2026\/03\/FB_IMG_1773090559469.jpg","contentUrl":"https:\/\/reveil-info.net\/wp-content\/uploads\/2026\/03\/FB_IMG_1773090559469.jpg","width":720,"height":482},{"@type":"BreadcrumbList","@id":"https:\/\/reveil-info.net\/?p=46556#breadcrumb","itemListElement":[{"@type":"ListItem","position":1,"name":"Home","item":"https:\/\/reveil-info.net\/"},{"@type":"ListItem","position":2,"name":"Au palais de justice -Banfora: un \u00e9tudiant condamn\u00e9 \u00e0 6 mois de prison ferme pour attentat \u00e0 la pudeur&#8230;"}]},{"@type":"WebSite","@id":"https:\/\/reveil-info.net\/#website","url":"https:\/\/reveil-info.net\/","name":"R\u00e9veil Info","description":"Le devoir d&#039;informer!","publisher":{"@id":"https:\/\/reveil-info.net\/#organization"},"potentialAction":[{"@type":"SearchAction","target":{"@type":"EntryPoint","urlTemplate":"https:\/\/reveil-info.net\/?s={search_term_string}"},"query-input":{"@type":"PropertyValueSpecification","valueRequired":true,"valueName":"search_term_string"}}],"inLanguage":"fr-FR"},{"@type":"Organization","@id":"https:\/\/reveil-info.net\/#organization","name":"R\u00e9veil Info","url":"https:\/\/reveil-info.net\/","logo":{"@type":"ImageObject","inLanguage":"fr-FR","@id":"https:\/\/reveil-info.net\/#\/schema\/logo\/image\/","url":"https:\/\/reveil-info.net\/wp-content\/uploads\/2024\/07\/bnddd1.jpg","contentUrl":"https:\/\/reveil-info.net\/wp-content\/uploads\/2024\/07\/bnddd1.jpg","width":903,"height":125,"caption":"R\u00e9veil Info"},"image":{"@id":"https:\/\/reveil-info.net\/#\/schema\/logo\/image\/"}},{"@type":"Person","@id":"https:\/\/reveil-info.net\/#\/schema\/person\/ca0cc8e70088e0a2b5e92556c1ee60f5","name":"R\u00e9veil info","image":{"@type":"ImageObject","inLanguage":"fr-FR","@id":"https:\/\/secure.gravatar.com\/avatar\/e4ad5bb743c8b6cb174d9df6c7d30a8a16f6889731241345fc6444e6485f02af?s=96&d=mm&r=g","url":"https:\/\/secure.gravatar.com\/avatar\/e4ad5bb743c8b6cb174d9df6c7d30a8a16f6889731241345fc6444e6485f02af?s=96&d=mm&r=g","contentUrl":"https:\/\/secure.gravatar.com\/avatar\/e4ad5bb743c8b6cb174d9df6c7d30a8a16f6889731241345fc6444e6485f02af?s=96&d=mm&r=g","caption":"R\u00e9veil info"},"sameAs":["https:\/\/reveil-info.net"],"url":"https:\/\/reveil-info.net\/?author=1"}]}},"jetpack_featured_media_url":"","featured_image_urls":{"full":"","thumbnail":"","medium":"","medium_large":"","large":"","1536x1536":"","2048x2048":"","chromenews-featured":"","chromenews-large":"","chromenews-medium":""},"author_info":{"display_name":"R\u00e9veil info","author_link":"https:\/\/reveil-info.net\/?author=1"},"category_info":"<a href=\"https:\/\/reveil-info.net\/?cat=7\" rel=\"category\">Faits divers<\/a> <a href=\"https:\/\/reveil-info.net\/?cat=16\" rel=\"category\">Soci\u00e9t\u00e9<\/a>","tag_info":"Soci\u00e9t\u00e9","comment_count":"0","_links":{"self":[{"href":"https:\/\/reveil-info.net\/index.php?rest_route=\/wp\/v2\/posts\/46556","targetHints":{"allow":["GET"]}}],"collection":[{"href":"https:\/\/reveil-info.net\/index.php?rest_route=\/wp\/v2\/posts"}],"about":[{"href":"https:\/\/reveil-info.net\/index.php?rest_route=\/wp\/v2\/types\/post"}],"author":[{"embeddable":true,"href":"https:\/\/reveil-info.net\/index.php?rest_route=\/wp\/v2\/users\/1"}],"replies":[{"embeddable":true,"href":"https:\/\/reveil-info.net\/index.php?rest_route=%2Fwp%2Fv2%2Fcomments&post=46556"}],"version-history":[{"count":3,"href":"https:\/\/reveil-info.net\/index.php?rest_route=\/wp\/v2\/posts\/46556\/revisions"}],"predecessor-version":[{"id":46559,"href":"https:\/\/reveil-info.net\/index.php?rest_route=\/wp\/v2\/posts\/46556\/revisions\/46559"}],"wp:attachment":[{"href":"https:\/\/reveil-info.net\/index.php?rest_route=%2Fwp%2Fv2%2Fmedia&parent=46556"}],"wp:term":[{"taxonomy":"category","embeddable":true,"href":"https:\/\/reveil-info.net\/index.php?rest_route=%2Fwp%2Fv2%2Fcategories&post=46556"},{"taxonomy":"post_tag","embeddable":true,"href":"https:\/\/reveil-info.net\/index.php?rest_route=%2Fwp%2Fv2%2Ftags&post=46556"}],"curies":[{"name":"wp","href":"https:\/\/api.w.org\/{rel}","templated":true}]}}