{"id":46542,"date":"2026-03-11T08:50:47","date_gmt":"2026-03-11T08:50:47","guid":{"rendered":"https:\/\/reveil-info.net\/?p=46542"},"modified":"2026-03-11T08:50:47","modified_gmt":"2026-03-11T08:50:47","slug":"lutte-contre-le-terrorisme-le-mali-proroge-le-gel-des-avoirs-diyad-ag-ghaly-damadou-kouffa-et-de-plusieurs-chefs-terroristes","status":"publish","type":"post","link":"https:\/\/reveil-info.net\/?p=46542","title":{"rendered":"Lutte contre le terrorisme : Le Mali proroge le gel des avoirs d\u2019Iyad Ag Ghaly, d&rsquo;Amadou KOUFFA et de plusieurs chefs terroristes"},"content":{"rendered":"<p><strong>Dans une d\u00e9marche de renforcement de la s\u00e9curit\u00e9 nationale et de lutte contre le financement du terrorisme, le Ministre d\u2019\u00c9tat, Ministre de l\u2019\u00c9conomie et des Finances, Alouss\u00e9ni Sanou, a sign\u00e9 l\u2019arr\u00eat\u00e9 N\u00b02026-0346\/MEF-SG dat\u00e9 du 5 mars 2026. Ce texte proroge officiellement le gel des biens et ressources \u00e9conomiques de plusieurs individus figurant sur la liste nationale des sanctions financi\u00e8res cibl\u00e9es.<\/strong><\/p>\n<p><img loading=\"lazy\" decoding=\"async\" class=\"alignnone  wp-image-46546\" src=\"https:\/\/reveil-info.net\/wp-content\/uploads\/2026\/03\/648573694_1355135063319660_9140434458340137031_n-1.jpg\" alt=\"\" width=\"884\" height=\"465\" srcset=\"https:\/\/reveil-info.net\/wp-content\/uploads\/2026\/03\/648573694_1355135063319660_9140434458340137031_n-1.jpg 310w, https:\/\/reveil-info.net\/wp-content\/uploads\/2026\/03\/648573694_1355135063319660_9140434458340137031_n-1-300x158.jpg 300w\" sizes=\"auto, (max-width: 884px) 100vw, 884px\" \/><\/p>\n<p>Cette mesure, qui prend effet \u00e0 compter du 7 mars 2026, s\u2019inscrit dans la dur\u00e9e pour une p\u00e9riode renouvelable de six mois. Elle vise directement les figures de proue de la menace terroriste au Sahel, notamment\u00a0<strong>Iyad Ag GHALY alias Abou Al Fadal ou Fadel alias Sidi Mohamed Arhali, Amadou BARRY alias Amadou KOUFFA alias Amadou DIALLO, Alghabass Ag INTALLA, Bilal Ag ACHERIF, Fahad Ag ALMAHMOUD, Achafagui Ag BOUHADA ,<\/strong>L&rsquo;arr\u00eat\u00e9 s&rsquo;appuie sur un cadre l\u00e9gislatif rigoureux en mati\u00e8re de lutte contre le blanchiment de capitaux et le financement du terrorisme. En bloquant l&rsquo;acc\u00e8s \u00e0 ces fonds, l&rsquo;\u00c9tat malien cherche \u00e0 asphyxier les capacit\u00e9s op\u00e9rationnelles des Groupes Arm\u00e9s Terroristes (GAT) qui d\u00e9stabilisent la r\u00e9gion.<\/p>\n<div id=\"card_img_jt\" class=\"card-header\">Le gel concerne l&rsquo;int\u00e9gralit\u00e9 des biens immobiliers et mobiliers, des fonds bancaires et des actifs financiers. En effet, il s&rsquo;agit de toutes ressources \u00e9conomiques pouvant \u00eatre utilis\u00e9es pour obtenir des fonds, des biens ou des services. Conform\u00e9ment aux proc\u00e9dures de haute administration, cet arr\u00eat\u00e9 sera largement diffus\u00e9 pour garantir son application par toutes les institutions financi\u00e8res op\u00e9rant sur le territoire. Il fera l&rsquo;objet d&rsquo;une publication au Journal officiel de la R\u00e9publique du Mali et sur le portail num\u00e9rique officiel du Minist\u00e8re de l\u2019\u00c9conomie et des Finances. Cette d\u00e9cision r\u00e9affirme la d\u00e9termination des autorit\u00e9s de la Transition \u00e0 utiliser tous les leviers, militaires et financiers, pour restaurer l&rsquo;int\u00e9grit\u00e9 et la souverainet\u00e9 du pays.<strong>Zana\/Malijet.com<\/strong><\/p>\n<p>Source : Malijet<\/p>\n<\/div>\n","protected":false},"excerpt":{"rendered":"<p>Dans une d\u00e9marche de renforcement de la s\u00e9curit\u00e9 nationale et de lutte contre le financement<\/p>\n","protected":false},"author":1,"featured_media":0,"comment_status":"open","ping_status":"open","sticky":false,"template":"","format":"standard","meta":{"footnotes":""},"categories":[2,47],"tags":[],"class_list":["post-46542","post","type-post","status-publish","format-standard","hentry","category-actu","category-aes"],"yoast_head":"<!-- This site is optimized with the Yoast SEO plugin v27.4 - https:\/\/yoast.com\/product\/yoast-seo-wordpress\/ -->\n<title>Lutte contre le terrorisme : Le Mali proroge le gel des avoirs d\u2019Iyad Ag Ghaly, d&#039;Amadou KOUFFA et de plusieurs chefs terroristes - R\u00e9veil Info<\/title>\n<meta name=\"robots\" content=\"noindex, follow, max-snippet:-1, max-image-preview:large, max-video-preview:-1\" \/>\n<meta property=\"og:locale\" content=\"fr_FR\" \/>\n<meta property=\"og:type\" content=\"article\" \/>\n<meta property=\"og:title\" content=\"Lutte contre le terrorisme : Le Mali proroge le gel des avoirs d\u2019Iyad Ag Ghaly, d&#039;Amadou KOUFFA et de plusieurs chefs terroristes - R\u00e9veil Info\" \/>\n<meta property=\"og:description\" content=\"Dans une d\u00e9marche de renforcement de la s\u00e9curit\u00e9 nationale et de lutte contre le financement\" \/>\n<meta property=\"og:url\" content=\"https:\/\/reveil-info.net\/?p=46542\" \/>\n<meta property=\"og:site_name\" content=\"R\u00e9veil Info\" \/>\n<meta property=\"article:published_time\" content=\"2026-03-11T08:50:47+00:00\" \/>\n<meta property=\"og:image\" content=\"https:\/\/reveil-info.net\/wp-content\/uploads\/2026\/03\/648573694_1355135063319660_9140434458340137031_n-1.jpg\" \/>\n\t<meta property=\"og:image:width\" content=\"310\" \/>\n\t<meta property=\"og:image:height\" content=\"163\" \/>\n\t<meta property=\"og:image:type\" content=\"image\/jpeg\" \/>\n<meta name=\"author\" content=\"R\u00e9veil info\" \/>\n<meta name=\"twitter:card\" content=\"summary_large_image\" \/>\n<meta name=\"twitter:label1\" content=\"\u00c9crit par\" \/>\n\t<meta name=\"twitter:data1\" content=\"R\u00e9veil info\" \/>\n\t<meta name=\"twitter:label2\" content=\"Dur\u00e9e de lecture estim\u00e9e\" \/>\n\t<meta name=\"twitter:data2\" content=\"2 minutes\" \/>\n<script type=\"application\/ld+json\" class=\"yoast-schema-graph\">{\"@context\":\"https:\\\/\\\/schema.org\",\"@graph\":[{\"@type\":\"Article\",\"@id\":\"https:\\\/\\\/reveil-info.net\\\/?p=46542#article\",\"isPartOf\":{\"@id\":\"https:\\\/\\\/reveil-info.net\\\/?p=46542\"},\"author\":{\"name\":\"R\u00e9veil info\",\"@id\":\"https:\\\/\\\/reveil-info.net\\\/#\\\/schema\\\/person\\\/ca0cc8e70088e0a2b5e92556c1ee60f5\"},\"headline\":\"Lutte contre le terrorisme : Le Mali proroge le gel des avoirs d\u2019Iyad Ag Ghaly, d&rsquo;Amadou KOUFFA et de plusieurs chefs terroristes\",\"datePublished\":\"2026-03-11T08:50:47+00:00\",\"mainEntityOfPage\":{\"@id\":\"https:\\\/\\\/reveil-info.net\\\/?p=46542\"},\"wordCount\":353,\"commentCount\":0,\"publisher\":{\"@id\":\"https:\\\/\\\/reveil-info.net\\\/#organization\"},\"image\":{\"@id\":\"https:\\\/\\\/reveil-info.net\\\/?p=46542#primaryimage\"},\"thumbnailUrl\":\"https:\\\/\\\/reveil-info.net\\\/wp-content\\\/uploads\\\/2026\\\/03\\\/648573694_1355135063319660_9140434458340137031_n-1.jpg\",\"articleSection\":[\"Actualit\u00e9\",\"AES\"],\"inLanguage\":\"fr-FR\",\"potentialAction\":[{\"@type\":\"CommentAction\",\"name\":\"Comment\",\"target\":[\"https:\\\/\\\/reveil-info.net\\\/?p=46542#respond\"]}]},{\"@type\":\"WebPage\",\"@id\":\"https:\\\/\\\/reveil-info.net\\\/?p=46542\",\"url\":\"https:\\\/\\\/reveil-info.net\\\/?p=46542\",\"name\":\"Lutte contre le terrorisme : Le Mali proroge le gel des avoirs d\u2019Iyad Ag Ghaly, d'Amadou KOUFFA et de plusieurs chefs terroristes - R\u00e9veil Info\",\"isPartOf\":{\"@id\":\"https:\\\/\\\/reveil-info.net\\\/#website\"},\"primaryImageOfPage\":{\"@id\":\"https:\\\/\\\/reveil-info.net\\\/?p=46542#primaryimage\"},\"image\":{\"@id\":\"https:\\\/\\\/reveil-info.net\\\/?p=46542#primaryimage\"},\"thumbnailUrl\":\"https:\\\/\\\/reveil-info.net\\\/wp-content\\\/uploads\\\/2026\\\/03\\\/648573694_1355135063319660_9140434458340137031_n-1.jpg\",\"datePublished\":\"2026-03-11T08:50:47+00:00\",\"breadcrumb\":{\"@id\":\"https:\\\/\\\/reveil-info.net\\\/?p=46542#breadcrumb\"},\"inLanguage\":\"fr-FR\",\"potentialAction\":[{\"@type\":\"ReadAction\",\"target\":[\"https:\\\/\\\/reveil-info.net\\\/?p=46542\"]}]},{\"@type\":\"ImageObject\",\"inLanguage\":\"fr-FR\",\"@id\":\"https:\\\/\\\/reveil-info.net\\\/?p=46542#primaryimage\",\"url\":\"https:\\\/\\\/reveil-info.net\\\/wp-content\\\/uploads\\\/2026\\\/03\\\/648573694_1355135063319660_9140434458340137031_n-1.jpg\",\"contentUrl\":\"https:\\\/\\\/reveil-info.net\\\/wp-content\\\/uploads\\\/2026\\\/03\\\/648573694_1355135063319660_9140434458340137031_n-1.jpg\",\"width\":310,\"height\":163},{\"@type\":\"BreadcrumbList\",\"@id\":\"https:\\\/\\\/reveil-info.net\\\/?p=46542#breadcrumb\",\"itemListElement\":[{\"@type\":\"ListItem\",\"position\":1,\"name\":\"Home\",\"item\":\"https:\\\/\\\/reveil-info.net\\\/\"},{\"@type\":\"ListItem\",\"position\":2,\"name\":\"Lutte contre le terrorisme : Le Mali proroge le gel des avoirs d\u2019Iyad Ag Ghaly, d&rsquo;Amadou KOUFFA et de plusieurs chefs terroristes\"}]},{\"@type\":\"WebSite\",\"@id\":\"https:\\\/\\\/reveil-info.net\\\/#website\",\"url\":\"https:\\\/\\\/reveil-info.net\\\/\",\"name\":\"R\u00e9veil Info\",\"description\":\"Le devoir d&#039;informer!\",\"publisher\":{\"@id\":\"https:\\\/\\\/reveil-info.net\\\/#organization\"},\"potentialAction\":[{\"@type\":\"SearchAction\",\"target\":{\"@type\":\"EntryPoint\",\"urlTemplate\":\"https:\\\/\\\/reveil-info.net\\\/?s={search_term_string}\"},\"query-input\":{\"@type\":\"PropertyValueSpecification\",\"valueRequired\":true,\"valueName\":\"search_term_string\"}}],\"inLanguage\":\"fr-FR\"},{\"@type\":\"Organization\",\"@id\":\"https:\\\/\\\/reveil-info.net\\\/#organization\",\"name\":\"R\u00e9veil Info\",\"url\":\"https:\\\/\\\/reveil-info.net\\\/\",\"logo\":{\"@type\":\"ImageObject\",\"inLanguage\":\"fr-FR\",\"@id\":\"https:\\\/\\\/reveil-info.net\\\/#\\\/schema\\\/logo\\\/image\\\/\",\"url\":\"https:\\\/\\\/reveil-info.net\\\/wp-content\\\/uploads\\\/2024\\\/07\\\/bnddd1.jpg\",\"contentUrl\":\"https:\\\/\\\/reveil-info.net\\\/wp-content\\\/uploads\\\/2024\\\/07\\\/bnddd1.jpg\",\"width\":903,\"height\":125,\"caption\":\"R\u00e9veil Info\"},\"image\":{\"@id\":\"https:\\\/\\\/reveil-info.net\\\/#\\\/schema\\\/logo\\\/image\\\/\"}},{\"@type\":\"Person\",\"@id\":\"https:\\\/\\\/reveil-info.net\\\/#\\\/schema\\\/person\\\/ca0cc8e70088e0a2b5e92556c1ee60f5\",\"name\":\"R\u00e9veil info\",\"image\":{\"@type\":\"ImageObject\",\"inLanguage\":\"fr-FR\",\"@id\":\"https:\\\/\\\/secure.gravatar.com\\\/avatar\\\/e4ad5bb743c8b6cb174d9df6c7d30a8a16f6889731241345fc6444e6485f02af?s=96&d=mm&r=g\",\"url\":\"https:\\\/\\\/secure.gravatar.com\\\/avatar\\\/e4ad5bb743c8b6cb174d9df6c7d30a8a16f6889731241345fc6444e6485f02af?s=96&d=mm&r=g\",\"contentUrl\":\"https:\\\/\\\/secure.gravatar.com\\\/avatar\\\/e4ad5bb743c8b6cb174d9df6c7d30a8a16f6889731241345fc6444e6485f02af?s=96&d=mm&r=g\",\"caption\":\"R\u00e9veil info\"},\"sameAs\":[\"https:\\\/\\\/reveil-info.net\"],\"url\":\"https:\\\/\\\/reveil-info.net\\\/?author=1\"}]}<\/script>\n<!-- \/ Yoast SEO plugin. -->","yoast_head_json":{"title":"Lutte contre le terrorisme : Le Mali proroge le gel des avoirs d\u2019Iyad Ag Ghaly, d'Amadou KOUFFA et de plusieurs chefs terroristes - R\u00e9veil Info","robots":{"index":"noindex","follow":"follow","max-snippet":"max-snippet:-1","max-image-preview":"max-image-preview:large","max-video-preview":"max-video-preview:-1"},"og_locale":"fr_FR","og_type":"article","og_title":"Lutte contre le terrorisme : Le Mali proroge le gel des avoirs d\u2019Iyad Ag Ghaly, d'Amadou KOUFFA et de plusieurs chefs terroristes - R\u00e9veil Info","og_description":"Dans une d\u00e9marche de renforcement de la s\u00e9curit\u00e9 nationale et de lutte contre le financement","og_url":"https:\/\/reveil-info.net\/?p=46542","og_site_name":"R\u00e9veil Info","article_published_time":"2026-03-11T08:50:47+00:00","og_image":[{"width":310,"height":163,"url":"https:\/\/reveil-info.net\/wp-content\/uploads\/2026\/03\/648573694_1355135063319660_9140434458340137031_n-1.jpg","type":"image\/jpeg"}],"author":"R\u00e9veil info","twitter_card":"summary_large_image","twitter_misc":{"\u00c9crit par":"R\u00e9veil info","Dur\u00e9e de lecture estim\u00e9e":"2 minutes"},"schema":{"@context":"https:\/\/schema.org","@graph":[{"@type":"Article","@id":"https:\/\/reveil-info.net\/?p=46542#article","isPartOf":{"@id":"https:\/\/reveil-info.net\/?p=46542"},"author":{"name":"R\u00e9veil info","@id":"https:\/\/reveil-info.net\/#\/schema\/person\/ca0cc8e70088e0a2b5e92556c1ee60f5"},"headline":"Lutte contre le terrorisme : Le Mali proroge le gel des avoirs d\u2019Iyad Ag Ghaly, d&rsquo;Amadou KOUFFA et de plusieurs chefs terroristes","datePublished":"2026-03-11T08:50:47+00:00","mainEntityOfPage":{"@id":"https:\/\/reveil-info.net\/?p=46542"},"wordCount":353,"commentCount":0,"publisher":{"@id":"https:\/\/reveil-info.net\/#organization"},"image":{"@id":"https:\/\/reveil-info.net\/?p=46542#primaryimage"},"thumbnailUrl":"https:\/\/reveil-info.net\/wp-content\/uploads\/2026\/03\/648573694_1355135063319660_9140434458340137031_n-1.jpg","articleSection":["Actualit\u00e9","AES"],"inLanguage":"fr-FR","potentialAction":[{"@type":"CommentAction","name":"Comment","target":["https:\/\/reveil-info.net\/?p=46542#respond"]}]},{"@type":"WebPage","@id":"https:\/\/reveil-info.net\/?p=46542","url":"https:\/\/reveil-info.net\/?p=46542","name":"Lutte contre le terrorisme : Le Mali proroge le gel des avoirs d\u2019Iyad Ag Ghaly, d'Amadou KOUFFA et de plusieurs chefs terroristes - R\u00e9veil Info","isPartOf":{"@id":"https:\/\/reveil-info.net\/#website"},"primaryImageOfPage":{"@id":"https:\/\/reveil-info.net\/?p=46542#primaryimage"},"image":{"@id":"https:\/\/reveil-info.net\/?p=46542#primaryimage"},"thumbnailUrl":"https:\/\/reveil-info.net\/wp-content\/uploads\/2026\/03\/648573694_1355135063319660_9140434458340137031_n-1.jpg","datePublished":"2026-03-11T08:50:47+00:00","breadcrumb":{"@id":"https:\/\/reveil-info.net\/?p=46542#breadcrumb"},"inLanguage":"fr-FR","potentialAction":[{"@type":"ReadAction","target":["https:\/\/reveil-info.net\/?p=46542"]}]},{"@type":"ImageObject","inLanguage":"fr-FR","@id":"https:\/\/reveil-info.net\/?p=46542#primaryimage","url":"https:\/\/reveil-info.net\/wp-content\/uploads\/2026\/03\/648573694_1355135063319660_9140434458340137031_n-1.jpg","contentUrl":"https:\/\/reveil-info.net\/wp-content\/uploads\/2026\/03\/648573694_1355135063319660_9140434458340137031_n-1.jpg","width":310,"height":163},{"@type":"BreadcrumbList","@id":"https:\/\/reveil-info.net\/?p=46542#breadcrumb","itemListElement":[{"@type":"ListItem","position":1,"name":"Home","item":"https:\/\/reveil-info.net\/"},{"@type":"ListItem","position":2,"name":"Lutte contre le terrorisme : Le Mali proroge le gel des avoirs d\u2019Iyad Ag Ghaly, d&rsquo;Amadou KOUFFA et de plusieurs chefs terroristes"}]},{"@type":"WebSite","@id":"https:\/\/reveil-info.net\/#website","url":"https:\/\/reveil-info.net\/","name":"R\u00e9veil Info","description":"Le devoir d&#039;informer!","publisher":{"@id":"https:\/\/reveil-info.net\/#organization"},"potentialAction":[{"@type":"SearchAction","target":{"@type":"EntryPoint","urlTemplate":"https:\/\/reveil-info.net\/?s={search_term_string}"},"query-input":{"@type":"PropertyValueSpecification","valueRequired":true,"valueName":"search_term_string"}}],"inLanguage":"fr-FR"},{"@type":"Organization","@id":"https:\/\/reveil-info.net\/#organization","name":"R\u00e9veil Info","url":"https:\/\/reveil-info.net\/","logo":{"@type":"ImageObject","inLanguage":"fr-FR","@id":"https:\/\/reveil-info.net\/#\/schema\/logo\/image\/","url":"https:\/\/reveil-info.net\/wp-content\/uploads\/2024\/07\/bnddd1.jpg","contentUrl":"https:\/\/reveil-info.net\/wp-content\/uploads\/2024\/07\/bnddd1.jpg","width":903,"height":125,"caption":"R\u00e9veil Info"},"image":{"@id":"https:\/\/reveil-info.net\/#\/schema\/logo\/image\/"}},{"@type":"Person","@id":"https:\/\/reveil-info.net\/#\/schema\/person\/ca0cc8e70088e0a2b5e92556c1ee60f5","name":"R\u00e9veil info","image":{"@type":"ImageObject","inLanguage":"fr-FR","@id":"https:\/\/secure.gravatar.com\/avatar\/e4ad5bb743c8b6cb174d9df6c7d30a8a16f6889731241345fc6444e6485f02af?s=96&d=mm&r=g","url":"https:\/\/secure.gravatar.com\/avatar\/e4ad5bb743c8b6cb174d9df6c7d30a8a16f6889731241345fc6444e6485f02af?s=96&d=mm&r=g","contentUrl":"https:\/\/secure.gravatar.com\/avatar\/e4ad5bb743c8b6cb174d9df6c7d30a8a16f6889731241345fc6444e6485f02af?s=96&d=mm&r=g","caption":"R\u00e9veil info"},"sameAs":["https:\/\/reveil-info.net"],"url":"https:\/\/reveil-info.net\/?author=1"}]}},"jetpack_featured_media_url":"","featured_image_urls":{"full":"","thumbnail":"","medium":"","medium_large":"","large":"","1536x1536":"","2048x2048":"","chromenews-featured":"","chromenews-large":"","chromenews-medium":""},"author_info":{"display_name":"R\u00e9veil info","author_link":"https:\/\/reveil-info.net\/?author=1"},"category_info":"<a href=\"https:\/\/reveil-info.net\/?cat=2\" rel=\"category\">Actualit\u00e9<\/a> <a href=\"https:\/\/reveil-info.net\/?cat=47\" rel=\"category\">AES<\/a>","tag_info":"AES","comment_count":"0","_links":{"self":[{"href":"https:\/\/reveil-info.net\/index.php?rest_route=\/wp\/v2\/posts\/46542","targetHints":{"allow":["GET"]}}],"collection":[{"href":"https:\/\/reveil-info.net\/index.php?rest_route=\/wp\/v2\/posts"}],"about":[{"href":"https:\/\/reveil-info.net\/index.php?rest_route=\/wp\/v2\/types\/post"}],"author":[{"embeddable":true,"href":"https:\/\/reveil-info.net\/index.php?rest_route=\/wp\/v2\/users\/1"}],"replies":[{"embeddable":true,"href":"https:\/\/reveil-info.net\/index.php?rest_route=%2Fwp%2Fv2%2Fcomments&post=46542"}],"version-history":[{"count":4,"href":"https:\/\/reveil-info.net\/index.php?rest_route=\/wp\/v2\/posts\/46542\/revisions"}],"predecessor-version":[{"id":46547,"href":"https:\/\/reveil-info.net\/index.php?rest_route=\/wp\/v2\/posts\/46542\/revisions\/46547"}],"wp:attachment":[{"href":"https:\/\/reveil-info.net\/index.php?rest_route=%2Fwp%2Fv2%2Fmedia&parent=46542"}],"wp:term":[{"taxonomy":"category","embeddable":true,"href":"https:\/\/reveil-info.net\/index.php?rest_route=%2Fwp%2Fv2%2Fcategories&post=46542"},{"taxonomy":"post_tag","embeddable":true,"href":"https:\/\/reveil-info.net\/index.php?rest_route=%2Fwp%2Fv2%2Ftags&post=46542"}],"curies":[{"name":"wp","href":"https:\/\/api.w.org\/{rel}","templated":true}]}}