{"id":46533,"date":"2026-03-11T08:45:18","date_gmt":"2026-03-11T08:45:18","guid":{"rendered":"https:\/\/reveil-info.net\/?p=46533"},"modified":"2026-03-11T08:45:18","modified_gmt":"2026-03-11T08:45:18","slug":"mali-inauguration-du-palais-des-pionniers-par-le-premier-ministre","status":"publish","type":"post","link":"https:\/\/reveil-info.net\/?p=46533","title":{"rendered":"Mali-INAUGURATION DU PALAIS DES PIONNIERS PAR LE PREMIER MINISTRE"},"content":{"rendered":"<div class=\"xdj266r x14z9mp xat24cr x1lziwak x1vvkbs x126k92a\">\n<div dir=\"auto\"><\/div>\n<\/div>\n<div class=\"x14z9mp xat24cr x1lziwak x1vvkbs xtlvy1s x126k92a\">\n<div dir=\"auto\"><strong>\u00ab La jeunesse constitue la plus grande richesse du Mali. C\u2019est par son engagement, sa discipline et son patriotisme que se construira le Mali souverain et prosp\u00e8re auquel nous aspirons \u00bb. Ces propos du Pr\u00e9sident de la Transition, le G\u00e9n\u00e9ral d\u2019Arm\u00e9e Assimi Go\u00efta, prennent tout leur sens avec l&rsquo;inauguration du Palais des Pionniers ce mardi 10 mars 2026.<\/strong><\/div>\n<\/div>\n<div class=\"x14z9mp xat24cr x1lziwak x1vvkbs xtlvy1s x126k92a\">\n<div dir=\"auto\"><strong>La c\u00e9r\u00e9monie s&rsquo;est d\u00e9roul\u00e9e \u00e0 Magnambougou en Commune VI, sous la pr\u00e9sidence du Premier ministre, le G\u00e9n\u00e9ral de Division Abdoulaye Ma\u00efga. \u00c0 ces c\u00f4t\u00e9s le Pr\u00e9sident du Conseil \u00c9conomique, Social, Environnemental et Culturel, Yacouba Katil\u00e9.<\/strong><\/div>\n<div dir=\"auto\"><img loading=\"lazy\" decoding=\"async\" class=\"alignnone  wp-image-46535\" src=\"https:\/\/reveil-info.net\/wp-content\/uploads\/2026\/03\/647154088_1448703067274367_7218844715195514364_n.jpg\" alt=\"\" width=\"918\" height=\"612\" srcset=\"https:\/\/reveil-info.net\/wp-content\/uploads\/2026\/03\/647154088_1448703067274367_7218844715195514364_n.jpg 720w, https:\/\/reveil-info.net\/wp-content\/uploads\/2026\/03\/647154088_1448703067274367_7218844715195514364_n-300x200.jpg 300w\" sizes=\"auto, (max-width: 918px) 100vw, 918px\" \/><\/div>\n<div dir=\"auto\"><img loading=\"lazy\" decoding=\"async\" class=\"alignnone  wp-image-46538\" src=\"https:\/\/reveil-info.net\/wp-content\/uploads\/2026\/03\/648254290_1448703173941023_8825338634393286484_n.jpg\" alt=\"\" width=\"874\" height=\"580\" srcset=\"https:\/\/reveil-info.net\/wp-content\/uploads\/2026\/03\/648254290_1448703173941023_8825338634393286484_n.jpg 720w, https:\/\/reveil-info.net\/wp-content\/uploads\/2026\/03\/648254290_1448703173941023_8825338634393286484_n-300x199.jpg 300w\" sizes=\"auto, (max-width: 874px) 100vw, 874px\" \/><\/div>\n<\/div>\n<div class=\"x14z9mp xat24cr x1lziwak x1vvkbs xtlvy1s x126k92a\">\n<div dir=\"auto\">B\u00e2ti sur une superficie de trois hectares, ce complexe \u00e9ducatif et \u00e9v\u00e9nementiel est une infrastructure de premier plan. Il comprend des salles de conf\u00e9rences, de spectacles, de r\u00e9unions, d\u2019informatique, une r\u00e9sidence et un centre d\u2019accueil. En termes d\u2019installations sportives, on y d\u00e9couvre une salle de gymnastique, des terrains de football, de basketball, de handball et une piscine semi olympique.<\/div>\n<\/div>\n<div class=\"x14z9mp xat24cr x1lziwak x1vvkbs xtlvy1s x126k92a\">\n<div dir=\"auto\">Les espaces portent des noms de personnalit\u00e9s qui se sont d\u00e9marqu\u00e9es par leurs actions civique, sociale et sportive. En outre, le site b\u00e9n\u00e9ficie d&rsquo;une autonomie \u00e9nerg\u00e9tique et hydraulique afin de garantir la continuit\u00e9 des services et des activit\u00e9s.<\/div>\n<div dir=\"auto\"><img loading=\"lazy\" decoding=\"async\" class=\"alignnone  wp-image-46536\" src=\"https:\/\/reveil-info.net\/wp-content\/uploads\/2026\/03\/647860431_1448703297274344_1570737851414553452_n.jpg\" alt=\"\" width=\"948\" height=\"632\" srcset=\"https:\/\/reveil-info.net\/wp-content\/uploads\/2026\/03\/647860431_1448703297274344_1570737851414553452_n.jpg 720w, https:\/\/reveil-info.net\/wp-content\/uploads\/2026\/03\/647860431_1448703297274344_1570737851414553452_n-300x200.jpg 300w\" sizes=\"auto, (max-width: 948px) 100vw, 948px\" \/><\/div>\n<\/div>\n<div class=\"x14z9mp xat24cr x1lziwak x1vvkbs xtlvy1s x126k92a\">\n<div dir=\"auto\">Ce Palais des Pionniers est \u00ab Un temple de l&rsquo;instruction et du civisme \u00bb selon le ministre de la Jeunesse et des sports, charg\u00e9 de l\u2019Instruction civique et de la Construction citoyenne. \u00ab Ce palais se veut un dispositif institutionnel structur\u00e9 et durable pour la professionnalisation des initiatives de la jeunesse \u00bb a-t-il ajout\u00e9. Ce joyau s&rsquo;inscrit dans une d\u00e9marche de construction citoyenne et honore un engagement issu des recommandations des \u00c9tats g\u00e9n\u00e9raux de la jeunesse<\/div>\n<\/div>\n<div class=\"x14z9mp xat24cr x1lziwak x1vvkbs xtlvy1s x126k92a\">\n<div dir=\"auto\">Pour le Premier ministre, ce projet rappelle \u00e9galement l&rsquo;h\u00e9ritage historique du Mali, le mouvement pionnier ayant \u00e9t\u00e9 cr\u00e9\u00e9 par le Pr\u00e9sident Modibo Ke\u00efta. Il a ajout\u00e9 que le gouvernement vient de poser le cadre, il appartient d\u00e9sormais \u00e0 la jeunesse de faire vivre et de faire rayonner ce palais. Ainsi, le Chef du gouvernement a invit\u00e9 la jeunesse \u00e0 s&rsquo;approprier ce lieu embl\u00e9matique en participant activement aux activit\u00e9s et en contribuant \u00e0 son entretien pour en assurer la p\u00e9rennit<\/div>\n<div dir=\"auto\"><\/div>\n<div dir=\"auto\"><strong>Mali+<\/strong><\/div>\n<\/div>\n","protected":false},"excerpt":{"rendered":"<p>\u00ab La jeunesse constitue la plus grande richesse du Mali. C\u2019est par son engagement, sa<\/p>\n","protected":false},"author":1,"featured_media":0,"comment_status":"open","ping_status":"open","sticky":false,"template":"","format":"standard","meta":{"footnotes":""},"categories":[2],"tags":[],"class_list":["post-46533","post","type-post","status-publish","format-standard","hentry","category-actu"],"yoast_head":"<!-- This site is optimized with the Yoast SEO plugin v27.4 - https:\/\/yoast.com\/product\/yoast-seo-wordpress\/ -->\n<title>Mali-INAUGURATION DU PALAIS DES PIONNIERS PAR LE PREMIER MINISTRE - R\u00e9veil Info<\/title>\n<meta name=\"robots\" content=\"noindex, follow, max-snippet:-1, max-image-preview:large, max-video-preview:-1\" \/>\n<meta property=\"og:locale\" content=\"fr_FR\" \/>\n<meta property=\"og:type\" content=\"article\" \/>\n<meta property=\"og:title\" content=\"Mali-INAUGURATION DU PALAIS DES PIONNIERS PAR LE PREMIER MINISTRE - R\u00e9veil Info\" \/>\n<meta property=\"og:description\" content=\"\u00ab La jeunesse constitue la plus grande richesse du Mali. C\u2019est par son engagement, sa\" \/>\n<meta property=\"og:url\" content=\"https:\/\/reveil-info.net\/?p=46533\" \/>\n<meta property=\"og:site_name\" content=\"R\u00e9veil Info\" \/>\n<meta property=\"article:published_time\" content=\"2026-03-11T08:45:18+00:00\" \/>\n<meta property=\"og:image\" content=\"https:\/\/reveil-info.net\/wp-content\/uploads\/2026\/03\/647154088_1448703067274367_7218844715195514364_n.jpg\" \/>\n\t<meta property=\"og:image:width\" content=\"720\" \/>\n\t<meta property=\"og:image:height\" content=\"480\" \/>\n\t<meta property=\"og:image:type\" content=\"image\/jpeg\" \/>\n<meta name=\"author\" content=\"R\u00e9veil info\" \/>\n<meta name=\"twitter:card\" content=\"summary_large_image\" \/>\n<meta name=\"twitter:label1\" content=\"\u00c9crit par\" \/>\n\t<meta name=\"twitter:data1\" content=\"R\u00e9veil info\" \/>\n\t<meta name=\"twitter:label2\" content=\"Dur\u00e9e de lecture estim\u00e9e\" \/>\n\t<meta name=\"twitter:data2\" content=\"3 minutes\" \/>\n<script type=\"application\/ld+json\" class=\"yoast-schema-graph\">{\"@context\":\"https:\\\/\\\/schema.org\",\"@graph\":[{\"@type\":\"Article\",\"@id\":\"https:\\\/\\\/reveil-info.net\\\/?p=46533#article\",\"isPartOf\":{\"@id\":\"https:\\\/\\\/reveil-info.net\\\/?p=46533\"},\"author\":{\"name\":\"R\u00e9veil info\",\"@id\":\"https:\\\/\\\/reveil-info.net\\\/#\\\/schema\\\/person\\\/ca0cc8e70088e0a2b5e92556c1ee60f5\"},\"headline\":\"Mali-INAUGURATION DU PALAIS DES PIONNIERS PAR LE PREMIER MINISTRE\",\"datePublished\":\"2026-03-11T08:45:18+00:00\",\"mainEntityOfPage\":{\"@id\":\"https:\\\/\\\/reveil-info.net\\\/?p=46533\"},\"wordCount\":395,\"commentCount\":0,\"publisher\":{\"@id\":\"https:\\\/\\\/reveil-info.net\\\/#organization\"},\"image\":{\"@id\":\"https:\\\/\\\/reveil-info.net\\\/?p=46533#primaryimage\"},\"thumbnailUrl\":\"https:\\\/\\\/reveil-info.net\\\/wp-content\\\/uploads\\\/2026\\\/03\\\/647154088_1448703067274367_7218844715195514364_n.jpg\",\"articleSection\":[\"Actualit\u00e9\"],\"inLanguage\":\"fr-FR\",\"potentialAction\":[{\"@type\":\"CommentAction\",\"name\":\"Comment\",\"target\":[\"https:\\\/\\\/reveil-info.net\\\/?p=46533#respond\"]}]},{\"@type\":\"WebPage\",\"@id\":\"https:\\\/\\\/reveil-info.net\\\/?p=46533\",\"url\":\"https:\\\/\\\/reveil-info.net\\\/?p=46533\",\"name\":\"Mali-INAUGURATION DU PALAIS DES PIONNIERS PAR LE PREMIER MINISTRE - R\u00e9veil Info\",\"isPartOf\":{\"@id\":\"https:\\\/\\\/reveil-info.net\\\/#website\"},\"primaryImageOfPage\":{\"@id\":\"https:\\\/\\\/reveil-info.net\\\/?p=46533#primaryimage\"},\"image\":{\"@id\":\"https:\\\/\\\/reveil-info.net\\\/?p=46533#primaryimage\"},\"thumbnailUrl\":\"https:\\\/\\\/reveil-info.net\\\/wp-content\\\/uploads\\\/2026\\\/03\\\/647154088_1448703067274367_7218844715195514364_n.jpg\",\"datePublished\":\"2026-03-11T08:45:18+00:00\",\"breadcrumb\":{\"@id\":\"https:\\\/\\\/reveil-info.net\\\/?p=46533#breadcrumb\"},\"inLanguage\":\"fr-FR\",\"potentialAction\":[{\"@type\":\"ReadAction\",\"target\":[\"https:\\\/\\\/reveil-info.net\\\/?p=46533\"]}]},{\"@type\":\"ImageObject\",\"inLanguage\":\"fr-FR\",\"@id\":\"https:\\\/\\\/reveil-info.net\\\/?p=46533#primaryimage\",\"url\":\"https:\\\/\\\/reveil-info.net\\\/wp-content\\\/uploads\\\/2026\\\/03\\\/647154088_1448703067274367_7218844715195514364_n.jpg\",\"contentUrl\":\"https:\\\/\\\/reveil-info.net\\\/wp-content\\\/uploads\\\/2026\\\/03\\\/647154088_1448703067274367_7218844715195514364_n.jpg\",\"width\":720,\"height\":480},{\"@type\":\"BreadcrumbList\",\"@id\":\"https:\\\/\\\/reveil-info.net\\\/?p=46533#breadcrumb\",\"itemListElement\":[{\"@type\":\"ListItem\",\"position\":1,\"name\":\"Home\",\"item\":\"https:\\\/\\\/reveil-info.net\\\/\"},{\"@type\":\"ListItem\",\"position\":2,\"name\":\"Mali-INAUGURATION DU PALAIS DES PIONNIERS PAR LE PREMIER MINISTRE\"}]},{\"@type\":\"WebSite\",\"@id\":\"https:\\\/\\\/reveil-info.net\\\/#website\",\"url\":\"https:\\\/\\\/reveil-info.net\\\/\",\"name\":\"R\u00e9veil Info\",\"description\":\"Le devoir d&#039;informer!\",\"publisher\":{\"@id\":\"https:\\\/\\\/reveil-info.net\\\/#organization\"},\"potentialAction\":[{\"@type\":\"SearchAction\",\"target\":{\"@type\":\"EntryPoint\",\"urlTemplate\":\"https:\\\/\\\/reveil-info.net\\\/?s={search_term_string}\"},\"query-input\":{\"@type\":\"PropertyValueSpecification\",\"valueRequired\":true,\"valueName\":\"search_term_string\"}}],\"inLanguage\":\"fr-FR\"},{\"@type\":\"Organization\",\"@id\":\"https:\\\/\\\/reveil-info.net\\\/#organization\",\"name\":\"R\u00e9veil Info\",\"url\":\"https:\\\/\\\/reveil-info.net\\\/\",\"logo\":{\"@type\":\"ImageObject\",\"inLanguage\":\"fr-FR\",\"@id\":\"https:\\\/\\\/reveil-info.net\\\/#\\\/schema\\\/logo\\\/image\\\/\",\"url\":\"https:\\\/\\\/reveil-info.net\\\/wp-content\\\/uploads\\\/2024\\\/07\\\/bnddd1.jpg\",\"contentUrl\":\"https:\\\/\\\/reveil-info.net\\\/wp-content\\\/uploads\\\/2024\\\/07\\\/bnddd1.jpg\",\"width\":903,\"height\":125,\"caption\":\"R\u00e9veil Info\"},\"image\":{\"@id\":\"https:\\\/\\\/reveil-info.net\\\/#\\\/schema\\\/logo\\\/image\\\/\"}},{\"@type\":\"Person\",\"@id\":\"https:\\\/\\\/reveil-info.net\\\/#\\\/schema\\\/person\\\/ca0cc8e70088e0a2b5e92556c1ee60f5\",\"name\":\"R\u00e9veil info\",\"image\":{\"@type\":\"ImageObject\",\"inLanguage\":\"fr-FR\",\"@id\":\"https:\\\/\\\/secure.gravatar.com\\\/avatar\\\/e4ad5bb743c8b6cb174d9df6c7d30a8a16f6889731241345fc6444e6485f02af?s=96&d=mm&r=g\",\"url\":\"https:\\\/\\\/secure.gravatar.com\\\/avatar\\\/e4ad5bb743c8b6cb174d9df6c7d30a8a16f6889731241345fc6444e6485f02af?s=96&d=mm&r=g\",\"contentUrl\":\"https:\\\/\\\/secure.gravatar.com\\\/avatar\\\/e4ad5bb743c8b6cb174d9df6c7d30a8a16f6889731241345fc6444e6485f02af?s=96&d=mm&r=g\",\"caption\":\"R\u00e9veil info\"},\"sameAs\":[\"https:\\\/\\\/reveil-info.net\"],\"url\":\"https:\\\/\\\/reveil-info.net\\\/?author=1\"}]}<\/script>\n<!-- \/ Yoast SEO plugin. -->","yoast_head_json":{"title":"Mali-INAUGURATION DU PALAIS DES PIONNIERS PAR LE PREMIER MINISTRE - R\u00e9veil Info","robots":{"index":"noindex","follow":"follow","max-snippet":"max-snippet:-1","max-image-preview":"max-image-preview:large","max-video-preview":"max-video-preview:-1"},"og_locale":"fr_FR","og_type":"article","og_title":"Mali-INAUGURATION DU PALAIS DES PIONNIERS PAR LE PREMIER MINISTRE - R\u00e9veil Info","og_description":"\u00ab La jeunesse constitue la plus grande richesse du Mali. C\u2019est par son engagement, sa","og_url":"https:\/\/reveil-info.net\/?p=46533","og_site_name":"R\u00e9veil Info","article_published_time":"2026-03-11T08:45:18+00:00","og_image":[{"width":720,"height":480,"url":"https:\/\/reveil-info.net\/wp-content\/uploads\/2026\/03\/647154088_1448703067274367_7218844715195514364_n.jpg","type":"image\/jpeg"}],"author":"R\u00e9veil info","twitter_card":"summary_large_image","twitter_misc":{"\u00c9crit par":"R\u00e9veil info","Dur\u00e9e de lecture estim\u00e9e":"3 minutes"},"schema":{"@context":"https:\/\/schema.org","@graph":[{"@type":"Article","@id":"https:\/\/reveil-info.net\/?p=46533#article","isPartOf":{"@id":"https:\/\/reveil-info.net\/?p=46533"},"author":{"name":"R\u00e9veil info","@id":"https:\/\/reveil-info.net\/#\/schema\/person\/ca0cc8e70088e0a2b5e92556c1ee60f5"},"headline":"Mali-INAUGURATION DU PALAIS DES PIONNIERS PAR LE PREMIER MINISTRE","datePublished":"2026-03-11T08:45:18+00:00","mainEntityOfPage":{"@id":"https:\/\/reveil-info.net\/?p=46533"},"wordCount":395,"commentCount":0,"publisher":{"@id":"https:\/\/reveil-info.net\/#organization"},"image":{"@id":"https:\/\/reveil-info.net\/?p=46533#primaryimage"},"thumbnailUrl":"https:\/\/reveil-info.net\/wp-content\/uploads\/2026\/03\/647154088_1448703067274367_7218844715195514364_n.jpg","articleSection":["Actualit\u00e9"],"inLanguage":"fr-FR","potentialAction":[{"@type":"CommentAction","name":"Comment","target":["https:\/\/reveil-info.net\/?p=46533#respond"]}]},{"@type":"WebPage","@id":"https:\/\/reveil-info.net\/?p=46533","url":"https:\/\/reveil-info.net\/?p=46533","name":"Mali-INAUGURATION DU PALAIS DES PIONNIERS PAR LE PREMIER MINISTRE - R\u00e9veil Info","isPartOf":{"@id":"https:\/\/reveil-info.net\/#website"},"primaryImageOfPage":{"@id":"https:\/\/reveil-info.net\/?p=46533#primaryimage"},"image":{"@id":"https:\/\/reveil-info.net\/?p=46533#primaryimage"},"thumbnailUrl":"https:\/\/reveil-info.net\/wp-content\/uploads\/2026\/03\/647154088_1448703067274367_7218844715195514364_n.jpg","datePublished":"2026-03-11T08:45:18+00:00","breadcrumb":{"@id":"https:\/\/reveil-info.net\/?p=46533#breadcrumb"},"inLanguage":"fr-FR","potentialAction":[{"@type":"ReadAction","target":["https:\/\/reveil-info.net\/?p=46533"]}]},{"@type":"ImageObject","inLanguage":"fr-FR","@id":"https:\/\/reveil-info.net\/?p=46533#primaryimage","url":"https:\/\/reveil-info.net\/wp-content\/uploads\/2026\/03\/647154088_1448703067274367_7218844715195514364_n.jpg","contentUrl":"https:\/\/reveil-info.net\/wp-content\/uploads\/2026\/03\/647154088_1448703067274367_7218844715195514364_n.jpg","width":720,"height":480},{"@type":"BreadcrumbList","@id":"https:\/\/reveil-info.net\/?p=46533#breadcrumb","itemListElement":[{"@type":"ListItem","position":1,"name":"Home","item":"https:\/\/reveil-info.net\/"},{"@type":"ListItem","position":2,"name":"Mali-INAUGURATION DU PALAIS DES PIONNIERS PAR LE PREMIER MINISTRE"}]},{"@type":"WebSite","@id":"https:\/\/reveil-info.net\/#website","url":"https:\/\/reveil-info.net\/","name":"R\u00e9veil Info","description":"Le devoir d&#039;informer!","publisher":{"@id":"https:\/\/reveil-info.net\/#organization"},"potentialAction":[{"@type":"SearchAction","target":{"@type":"EntryPoint","urlTemplate":"https:\/\/reveil-info.net\/?s={search_term_string}"},"query-input":{"@type":"PropertyValueSpecification","valueRequired":true,"valueName":"search_term_string"}}],"inLanguage":"fr-FR"},{"@type":"Organization","@id":"https:\/\/reveil-info.net\/#organization","name":"R\u00e9veil Info","url":"https:\/\/reveil-info.net\/","logo":{"@type":"ImageObject","inLanguage":"fr-FR","@id":"https:\/\/reveil-info.net\/#\/schema\/logo\/image\/","url":"https:\/\/reveil-info.net\/wp-content\/uploads\/2024\/07\/bnddd1.jpg","contentUrl":"https:\/\/reveil-info.net\/wp-content\/uploads\/2024\/07\/bnddd1.jpg","width":903,"height":125,"caption":"R\u00e9veil Info"},"image":{"@id":"https:\/\/reveil-info.net\/#\/schema\/logo\/image\/"}},{"@type":"Person","@id":"https:\/\/reveil-info.net\/#\/schema\/person\/ca0cc8e70088e0a2b5e92556c1ee60f5","name":"R\u00e9veil info","image":{"@type":"ImageObject","inLanguage":"fr-FR","@id":"https:\/\/secure.gravatar.com\/avatar\/e4ad5bb743c8b6cb174d9df6c7d30a8a16f6889731241345fc6444e6485f02af?s=96&d=mm&r=g","url":"https:\/\/secure.gravatar.com\/avatar\/e4ad5bb743c8b6cb174d9df6c7d30a8a16f6889731241345fc6444e6485f02af?s=96&d=mm&r=g","contentUrl":"https:\/\/secure.gravatar.com\/avatar\/e4ad5bb743c8b6cb174d9df6c7d30a8a16f6889731241345fc6444e6485f02af?s=96&d=mm&r=g","caption":"R\u00e9veil info"},"sameAs":["https:\/\/reveil-info.net"],"url":"https:\/\/reveil-info.net\/?author=1"}]}},"jetpack_featured_media_url":"","featured_image_urls":{"full":"","thumbnail":"","medium":"","medium_large":"","large":"","1536x1536":"","2048x2048":"","chromenews-featured":"","chromenews-large":"","chromenews-medium":""},"author_info":{"display_name":"R\u00e9veil info","author_link":"https:\/\/reveil-info.net\/?author=1"},"category_info":"<a href=\"https:\/\/reveil-info.net\/?cat=2\" rel=\"category\">Actualit\u00e9<\/a>","tag_info":"Actualit\u00e9","comment_count":"0","_links":{"self":[{"href":"https:\/\/reveil-info.net\/index.php?rest_route=\/wp\/v2\/posts\/46533","targetHints":{"allow":["GET"]}}],"collection":[{"href":"https:\/\/reveil-info.net\/index.php?rest_route=\/wp\/v2\/posts"}],"about":[{"href":"https:\/\/reveil-info.net\/index.php?rest_route=\/wp\/v2\/types\/post"}],"author":[{"embeddable":true,"href":"https:\/\/reveil-info.net\/index.php?rest_route=\/wp\/v2\/users\/1"}],"replies":[{"embeddable":true,"href":"https:\/\/reveil-info.net\/index.php?rest_route=%2Fwp%2Fv2%2Fcomments&post=46533"}],"version-history":[{"count":5,"href":"https:\/\/reveil-info.net\/index.php?rest_route=\/wp\/v2\/posts\/46533\/revisions"}],"predecessor-version":[{"id":46541,"href":"https:\/\/reveil-info.net\/index.php?rest_route=\/wp\/v2\/posts\/46533\/revisions\/46541"}],"wp:attachment":[{"href":"https:\/\/reveil-info.net\/index.php?rest_route=%2Fwp%2Fv2%2Fmedia&parent=46533"}],"wp:term":[{"taxonomy":"category","embeddable":true,"href":"https:\/\/reveil-info.net\/index.php?rest_route=%2Fwp%2Fv2%2Fcategories&post=46533"},{"taxonomy":"post_tag","embeddable":true,"href":"https:\/\/reveil-info.net\/index.php?rest_route=%2Fwp%2Fv2%2Ftags&post=46533"}],"curies":[{"name":"wp","href":"https:\/\/api.w.org\/{rel}","templated":true}]}}