{"id":46495,"date":"2026-03-10T13:39:28","date_gmt":"2026-03-10T13:39:28","guid":{"rendered":"https:\/\/reveil-info.net\/?p=46495"},"modified":"2026-04-23T08:15:11","modified_gmt":"2026-04-23T08:15:11","slug":"cooperation-bilaterale-lambassadeur-du-maroc-chez-le-premier-ministre-rimtalba","status":"publish","type":"post","link":"https:\/\/reveil-info.net\/?p=46495","title":{"rendered":"Coop\u00e9ration bilat\u00e9rale : l&rsquo;ambassadeur du Maroc chez le premier ministre Rimtalba"},"content":{"rendered":"<p>Le Premier ministre, Rimtalba Jean Emmanuel Ou\u00e9draogo, a accord\u00e9, ce mardi 10 mars 2026, une audience \u00e0 l\u2019ambassadeur du Royaume du Maroc au Burkina Faso, Youssef Slaoui. Le Chef du Gouvernement et le diplomate marocain ont \u00e9chang\u00e9 sur les axes prioritaires de la coop\u00e9ration bilat\u00e9rale entre les deux pays.<\/p>\n<p><img loading=\"lazy\" decoding=\"async\" class=\"alignnone size-full wp-image-46497\" src=\"https:\/\/reveil-info.net\/wp-content\/uploads\/2026\/03\/IMG-20260310-WA0016.jpg\" alt=\"\" width=\"2560\" height=\"1704\" srcset=\"https:\/\/reveil-info.net\/wp-content\/uploads\/2026\/03\/IMG-20260310-WA0016.jpg 2560w, https:\/\/reveil-info.net\/wp-content\/uploads\/2026\/03\/IMG-20260310-WA0016-300x200.jpg 300w, https:\/\/reveil-info.net\/wp-content\/uploads\/2026\/03\/IMG-20260310-WA0016-1024x682.jpg 1024w, https:\/\/reveil-info.net\/wp-content\/uploads\/2026\/03\/IMG-20260310-WA0016-768x511.jpg 768w, https:\/\/reveil-info.net\/wp-content\/uploads\/2026\/03\/IMG-20260310-WA0016-1536x1022.jpg 1536w, https:\/\/reveil-info.net\/wp-content\/uploads\/2026\/03\/IMG-20260310-WA0016-2048x1363.jpg 2048w\" sizes=\"auto, (max-width: 2560px) 100vw, 2560px\" \/><br \/>\n\u200e<br \/>\n\u200eLe Burkina Faso et le Maroc partagent une vision commune fond\u00e9e sur une coop\u00e9ration Sud-Sud mutuellement b\u00e9n\u00e9fique, agissante et solidaire.<br \/>\n\u200e<br \/>\n\u200eCette coop\u00e9ration bilat\u00e9rale a connu un agenda particuli\u00e8rement riche en 2025, marqu\u00e9 notamment par la tenue, le 8 d\u00e9cembre 2025, de la 5e Commission mixte entre le Burkina Faso et le Maroc. Cette session a co\u00efncid\u00e9 avec la c\u00e9l\u00e9bration du 60e anniversaire du r\u00e9tablissement des relations diplomatiques entre les deux Nations.<\/p>\n<p><img loading=\"lazy\" decoding=\"async\" class=\"alignnone size-full wp-image-46499\" src=\"https:\/\/reveil-info.net\/wp-content\/uploads\/2026\/03\/IMG-20260310-WA0015.jpg\" alt=\"\" width=\"2560\" height=\"1807\" srcset=\"https:\/\/reveil-info.net\/wp-content\/uploads\/2026\/03\/IMG-20260310-WA0015.jpg 2560w, https:\/\/reveil-info.net\/wp-content\/uploads\/2026\/03\/IMG-20260310-WA0015-300x212.jpg 300w, https:\/\/reveil-info.net\/wp-content\/uploads\/2026\/03\/IMG-20260310-WA0015-1024x723.jpg 1024w, https:\/\/reveil-info.net\/wp-content\/uploads\/2026\/03\/IMG-20260310-WA0015-768x542.jpg 768w, https:\/\/reveil-info.net\/wp-content\/uploads\/2026\/03\/IMG-20260310-WA0015-1536x1084.jpg 1536w, https:\/\/reveil-info.net\/wp-content\/uploads\/2026\/03\/IMG-20260310-WA0015-2048x1446.jpg 2048w\" sizes=\"auto, (max-width: 2560px) 100vw, 2560px\" \/><br \/>\n\u200e<br \/>\n\u200e\u00ab Cette Commission mixte a \u00e9t\u00e9 l\u2019occasion de c\u00e9l\u00e9brer l\u2019amiti\u00e9 et la fraternit\u00e9 entre nos deux pays. Nous avons sign\u00e9 14 accords portant sur des secteurs prioritaires, notamment l\u2019agriculture, la formation professionnelle, le commerce et la s\u00e9curit\u00e9. Nous veillerons \u00e0 la mise en \u0153uvre de l\u2019ensemble de ces accords \u00e0 travers des projets concrets b\u00e9n\u00e9fiques pour les populations \u00bb, a soulign\u00e9 le diplomate marocain Youssef Slaoui, \u00e0 l\u2019issue de l\u2019audience.<\/p>\n<p><img loading=\"lazy\" decoding=\"async\" class=\"alignnone size-full wp-image-46500\" src=\"https:\/\/reveil-info.net\/wp-content\/uploads\/2026\/03\/IMG-20260310-WA0017.jpg\" alt=\"\" width=\"2039\" height=\"2514\" srcset=\"https:\/\/reveil-info.net\/wp-content\/uploads\/2026\/03\/IMG-20260310-WA0017.jpg 2039w, https:\/\/reveil-info.net\/wp-content\/uploads\/2026\/03\/IMG-20260310-WA0017-243x300.jpg 243w, https:\/\/reveil-info.net\/wp-content\/uploads\/2026\/03\/IMG-20260310-WA0017-831x1024.jpg 831w, https:\/\/reveil-info.net\/wp-content\/uploads\/2026\/03\/IMG-20260310-WA0017-768x947.jpg 768w, https:\/\/reveil-info.net\/wp-content\/uploads\/2026\/03\/IMG-20260310-WA0017-1246x1536.jpg 1246w, https:\/\/reveil-info.net\/wp-content\/uploads\/2026\/03\/IMG-20260310-WA0017-1661x2048.jpg 1661w, https:\/\/reveil-info.net\/wp-content\/uploads\/2026\/03\/IMG-20260310-WA0017-1024x1263.jpg 1024w\" sizes=\"auto, (max-width: 2039px) 100vw, 2039px\" \/><br \/>\n\u200e<br \/>\n\u200eDans la dynamique du renforcement de cette coop\u00e9ration, le diplomate marocain a \u00e9galement annonc\u00e9 la mise en \u0153uvre d\u2019une feuille de route ambitieuse pour l\u2019ann\u00e9e 2026.<br \/>\n\u200e<br \/>\n\u200e\u00ab J\u2019exprime, encore une fois, notre disponibilit\u00e9 \u00e0 accompagner tous les efforts d\u00e9ploy\u00e9s dans le pays. Nous voulons aller de l\u2019avant avec notre coop\u00e9ration et notre partenariat strat\u00e9gique, sous le leadership de Sa Majest\u00e9 le Roi du Maroc et du Pr\u00e9sident du Faso, le Capitaine Ibrahim Traor\u00e9 \u00bb, a indiqu\u00e9 l\u2019ambassadeur marocain.<br \/>\n\u200e<br \/>\n\u200eCette audience illustre la volont\u00e9 de Ouagadougou et de Rabat de b\u00e2tir un partenariat pragmatique, respectueux et tourn\u00e9 vers l\u2019avenir, porteur de progr\u00e8s et de prosp\u00e9rit\u00e9 pour les peuples burkinab\u00e8 et marocain.<br \/>\n\u200e<br \/>\n\u200e\ud835\udc03\ud835\udc02\ud835\udc11\ud835\udc0f\/\ud835\udc0f\ud835\udc2b\ud835\udc22\ud835\udc26\ud835\udc1a\ud835\udc2d\ud835\udc2e\ud835\udc2b\ud835\udc1e<\/p>\n<p>Reveil-info<\/p>\n","protected":false},"excerpt":{"rendered":"<p>Le Premier ministre, Rimtalba Jean Emmanuel Ou\u00e9draogo, a accord\u00e9, ce mardi 10 mars 2026, une<\/p>\n","protected":false},"author":1,"featured_media":0,"comment_status":"open","ping_status":"open","sticky":false,"template":"","format":"standard","meta":{"footnotes":""},"categories":[2],"tags":[],"class_list":["post-46495","post","type-post","status-publish","format-standard","hentry","category-actu"],"yoast_head":"<!-- This site is optimized with the Yoast SEO plugin v27.4 - https:\/\/yoast.com\/product\/yoast-seo-wordpress\/ -->\n<title>Coop\u00e9ration bilat\u00e9rale : l&#039;ambassadeur du Maroc chez le premier ministre Rimtalba - R\u00e9veil Info<\/title>\n<meta name=\"robots\" content=\"noindex, follow, max-snippet:-1, max-image-preview:large, max-video-preview:-1\" \/>\n<meta property=\"og:locale\" content=\"fr_FR\" \/>\n<meta property=\"og:type\" content=\"article\" \/>\n<meta property=\"og:title\" content=\"Coop\u00e9ration bilat\u00e9rale : l&#039;ambassadeur du Maroc chez le premier ministre Rimtalba - R\u00e9veil Info\" \/>\n<meta property=\"og:description\" content=\"Le Premier ministre, Rimtalba Jean Emmanuel Ou\u00e9draogo, a accord\u00e9, ce mardi 10 mars 2026, une\" \/>\n<meta property=\"og:url\" content=\"https:\/\/reveil-info.net\/?p=46495\" \/>\n<meta property=\"og:site_name\" content=\"R\u00e9veil Info\" \/>\n<meta property=\"article:published_time\" content=\"2026-03-10T13:39:28+00:00\" \/>\n<meta property=\"article:modified_time\" content=\"2026-04-23T08:15:11+00:00\" \/>\n<meta property=\"og:image\" content=\"https:\/\/reveil-info.net\/wp-content\/uploads\/2026\/03\/IMG-20260310-WA0016.jpg\" \/>\n\t<meta property=\"og:image:width\" content=\"2560\" \/>\n\t<meta property=\"og:image:height\" content=\"1704\" \/>\n\t<meta property=\"og:image:type\" content=\"image\/jpeg\" \/>\n<meta name=\"author\" content=\"R\u00e9veil info\" \/>\n<meta name=\"twitter:card\" content=\"summary_large_image\" \/>\n<meta name=\"twitter:label1\" content=\"\u00c9crit par\" \/>\n\t<meta name=\"twitter:data1\" content=\"R\u00e9veil info\" \/>\n\t<meta name=\"twitter:label2\" content=\"Dur\u00e9e de lecture estim\u00e9e\" \/>\n\t<meta name=\"twitter:data2\" content=\"3 minutes\" \/>\n<script type=\"application\/ld+json\" class=\"yoast-schema-graph\">{\"@context\":\"https:\\\/\\\/schema.org\",\"@graph\":[{\"@type\":\"Article\",\"@id\":\"https:\\\/\\\/reveil-info.net\\\/?p=46495#article\",\"isPartOf\":{\"@id\":\"https:\\\/\\\/reveil-info.net\\\/?p=46495\"},\"author\":{\"name\":\"R\u00e9veil info\",\"@id\":\"https:\\\/\\\/reveil-info.net\\\/#\\\/schema\\\/person\\\/ca0cc8e70088e0a2b5e92556c1ee60f5\"},\"headline\":\"Coop\u00e9ration bilat\u00e9rale : l&rsquo;ambassadeur du Maroc chez le premier ministre Rimtalba\",\"datePublished\":\"2026-03-10T13:39:28+00:00\",\"dateModified\":\"2026-04-23T08:15:11+00:00\",\"mainEntityOfPage\":{\"@id\":\"https:\\\/\\\/reveil-info.net\\\/?p=46495\"},\"wordCount\":341,\"commentCount\":0,\"publisher\":{\"@id\":\"https:\\\/\\\/reveil-info.net\\\/#organization\"},\"image\":{\"@id\":\"https:\\\/\\\/reveil-info.net\\\/?p=46495#primaryimage\"},\"thumbnailUrl\":\"https:\\\/\\\/reveil-info.net\\\/wp-content\\\/uploads\\\/2026\\\/03\\\/IMG-20260310-WA0016.jpg\",\"articleSection\":[\"Actualit\u00e9\"],\"inLanguage\":\"fr-FR\",\"potentialAction\":[{\"@type\":\"CommentAction\",\"name\":\"Comment\",\"target\":[\"https:\\\/\\\/reveil-info.net\\\/?p=46495#respond\"]}]},{\"@type\":\"WebPage\",\"@id\":\"https:\\\/\\\/reveil-info.net\\\/?p=46495\",\"url\":\"https:\\\/\\\/reveil-info.net\\\/?p=46495\",\"name\":\"Coop\u00e9ration bilat\u00e9rale : l'ambassadeur du Maroc chez le premier ministre Rimtalba - R\u00e9veil Info\",\"isPartOf\":{\"@id\":\"https:\\\/\\\/reveil-info.net\\\/#website\"},\"primaryImageOfPage\":{\"@id\":\"https:\\\/\\\/reveil-info.net\\\/?p=46495#primaryimage\"},\"image\":{\"@id\":\"https:\\\/\\\/reveil-info.net\\\/?p=46495#primaryimage\"},\"thumbnailUrl\":\"https:\\\/\\\/reveil-info.net\\\/wp-content\\\/uploads\\\/2026\\\/03\\\/IMG-20260310-WA0016.jpg\",\"datePublished\":\"2026-03-10T13:39:28+00:00\",\"dateModified\":\"2026-04-23T08:15:11+00:00\",\"breadcrumb\":{\"@id\":\"https:\\\/\\\/reveil-info.net\\\/?p=46495#breadcrumb\"},\"inLanguage\":\"fr-FR\",\"potentialAction\":[{\"@type\":\"ReadAction\",\"target\":[\"https:\\\/\\\/reveil-info.net\\\/?p=46495\"]}]},{\"@type\":\"ImageObject\",\"inLanguage\":\"fr-FR\",\"@id\":\"https:\\\/\\\/reveil-info.net\\\/?p=46495#primaryimage\",\"url\":\"https:\\\/\\\/reveil-info.net\\\/wp-content\\\/uploads\\\/2026\\\/03\\\/IMG-20260310-WA0016.jpg\",\"contentUrl\":\"https:\\\/\\\/reveil-info.net\\\/wp-content\\\/uploads\\\/2026\\\/03\\\/IMG-20260310-WA0016.jpg\",\"width\":2560,\"height\":1704},{\"@type\":\"BreadcrumbList\",\"@id\":\"https:\\\/\\\/reveil-info.net\\\/?p=46495#breadcrumb\",\"itemListElement\":[{\"@type\":\"ListItem\",\"position\":1,\"name\":\"Home\",\"item\":\"https:\\\/\\\/reveil-info.net\\\/\"},{\"@type\":\"ListItem\",\"position\":2,\"name\":\"Coop\u00e9ration bilat\u00e9rale : l&rsquo;ambassadeur du Maroc chez le premier ministre Rimtalba\"}]},{\"@type\":\"WebSite\",\"@id\":\"https:\\\/\\\/reveil-info.net\\\/#website\",\"url\":\"https:\\\/\\\/reveil-info.net\\\/\",\"name\":\"R\u00e9veil Info\",\"description\":\"Le devoir d&#039;informer!\",\"publisher\":{\"@id\":\"https:\\\/\\\/reveil-info.net\\\/#organization\"},\"potentialAction\":[{\"@type\":\"SearchAction\",\"target\":{\"@type\":\"EntryPoint\",\"urlTemplate\":\"https:\\\/\\\/reveil-info.net\\\/?s={search_term_string}\"},\"query-input\":{\"@type\":\"PropertyValueSpecification\",\"valueRequired\":true,\"valueName\":\"search_term_string\"}}],\"inLanguage\":\"fr-FR\"},{\"@type\":\"Organization\",\"@id\":\"https:\\\/\\\/reveil-info.net\\\/#organization\",\"name\":\"R\u00e9veil Info\",\"url\":\"https:\\\/\\\/reveil-info.net\\\/\",\"logo\":{\"@type\":\"ImageObject\",\"inLanguage\":\"fr-FR\",\"@id\":\"https:\\\/\\\/reveil-info.net\\\/#\\\/schema\\\/logo\\\/image\\\/\",\"url\":\"https:\\\/\\\/reveil-info.net\\\/wp-content\\\/uploads\\\/2024\\\/07\\\/bnddd1.jpg\",\"contentUrl\":\"https:\\\/\\\/reveil-info.net\\\/wp-content\\\/uploads\\\/2024\\\/07\\\/bnddd1.jpg\",\"width\":903,\"height\":125,\"caption\":\"R\u00e9veil Info\"},\"image\":{\"@id\":\"https:\\\/\\\/reveil-info.net\\\/#\\\/schema\\\/logo\\\/image\\\/\"}},{\"@type\":\"Person\",\"@id\":\"https:\\\/\\\/reveil-info.net\\\/#\\\/schema\\\/person\\\/ca0cc8e70088e0a2b5e92556c1ee60f5\",\"name\":\"R\u00e9veil info\",\"image\":{\"@type\":\"ImageObject\",\"inLanguage\":\"fr-FR\",\"@id\":\"https:\\\/\\\/secure.gravatar.com\\\/avatar\\\/e4ad5bb743c8b6cb174d9df6c7d30a8a16f6889731241345fc6444e6485f02af?s=96&d=mm&r=g\",\"url\":\"https:\\\/\\\/secure.gravatar.com\\\/avatar\\\/e4ad5bb743c8b6cb174d9df6c7d30a8a16f6889731241345fc6444e6485f02af?s=96&d=mm&r=g\",\"contentUrl\":\"https:\\\/\\\/secure.gravatar.com\\\/avatar\\\/e4ad5bb743c8b6cb174d9df6c7d30a8a16f6889731241345fc6444e6485f02af?s=96&d=mm&r=g\",\"caption\":\"R\u00e9veil info\"},\"sameAs\":[\"https:\\\/\\\/reveil-info.net\"],\"url\":\"https:\\\/\\\/reveil-info.net\\\/?author=1\"}]}<\/script>\n<!-- \/ Yoast SEO plugin. -->","yoast_head_json":{"title":"Coop\u00e9ration bilat\u00e9rale : l'ambassadeur du Maroc chez le premier ministre Rimtalba - R\u00e9veil Info","robots":{"index":"noindex","follow":"follow","max-snippet":"max-snippet:-1","max-image-preview":"max-image-preview:large","max-video-preview":"max-video-preview:-1"},"og_locale":"fr_FR","og_type":"article","og_title":"Coop\u00e9ration bilat\u00e9rale : l'ambassadeur du Maroc chez le premier ministre Rimtalba - R\u00e9veil Info","og_description":"Le Premier ministre, Rimtalba Jean Emmanuel Ou\u00e9draogo, a accord\u00e9, ce mardi 10 mars 2026, une","og_url":"https:\/\/reveil-info.net\/?p=46495","og_site_name":"R\u00e9veil Info","article_published_time":"2026-03-10T13:39:28+00:00","article_modified_time":"2026-04-23T08:15:11+00:00","og_image":[{"width":2560,"height":1704,"url":"https:\/\/reveil-info.net\/wp-content\/uploads\/2026\/03\/IMG-20260310-WA0016.jpg","type":"image\/jpeg"}],"author":"R\u00e9veil info","twitter_card":"summary_large_image","twitter_misc":{"\u00c9crit par":"R\u00e9veil info","Dur\u00e9e de lecture estim\u00e9e":"3 minutes"},"schema":{"@context":"https:\/\/schema.org","@graph":[{"@type":"Article","@id":"https:\/\/reveil-info.net\/?p=46495#article","isPartOf":{"@id":"https:\/\/reveil-info.net\/?p=46495"},"author":{"name":"R\u00e9veil info","@id":"https:\/\/reveil-info.net\/#\/schema\/person\/ca0cc8e70088e0a2b5e92556c1ee60f5"},"headline":"Coop\u00e9ration bilat\u00e9rale : l&rsquo;ambassadeur du Maroc chez le premier ministre Rimtalba","datePublished":"2026-03-10T13:39:28+00:00","dateModified":"2026-04-23T08:15:11+00:00","mainEntityOfPage":{"@id":"https:\/\/reveil-info.net\/?p=46495"},"wordCount":341,"commentCount":0,"publisher":{"@id":"https:\/\/reveil-info.net\/#organization"},"image":{"@id":"https:\/\/reveil-info.net\/?p=46495#primaryimage"},"thumbnailUrl":"https:\/\/reveil-info.net\/wp-content\/uploads\/2026\/03\/IMG-20260310-WA0016.jpg","articleSection":["Actualit\u00e9"],"inLanguage":"fr-FR","potentialAction":[{"@type":"CommentAction","name":"Comment","target":["https:\/\/reveil-info.net\/?p=46495#respond"]}]},{"@type":"WebPage","@id":"https:\/\/reveil-info.net\/?p=46495","url":"https:\/\/reveil-info.net\/?p=46495","name":"Coop\u00e9ration bilat\u00e9rale : l'ambassadeur du Maroc chez le premier ministre Rimtalba - R\u00e9veil Info","isPartOf":{"@id":"https:\/\/reveil-info.net\/#website"},"primaryImageOfPage":{"@id":"https:\/\/reveil-info.net\/?p=46495#primaryimage"},"image":{"@id":"https:\/\/reveil-info.net\/?p=46495#primaryimage"},"thumbnailUrl":"https:\/\/reveil-info.net\/wp-content\/uploads\/2026\/03\/IMG-20260310-WA0016.jpg","datePublished":"2026-03-10T13:39:28+00:00","dateModified":"2026-04-23T08:15:11+00:00","breadcrumb":{"@id":"https:\/\/reveil-info.net\/?p=46495#breadcrumb"},"inLanguage":"fr-FR","potentialAction":[{"@type":"ReadAction","target":["https:\/\/reveil-info.net\/?p=46495"]}]},{"@type":"ImageObject","inLanguage":"fr-FR","@id":"https:\/\/reveil-info.net\/?p=46495#primaryimage","url":"https:\/\/reveil-info.net\/wp-content\/uploads\/2026\/03\/IMG-20260310-WA0016.jpg","contentUrl":"https:\/\/reveil-info.net\/wp-content\/uploads\/2026\/03\/IMG-20260310-WA0016.jpg","width":2560,"height":1704},{"@type":"BreadcrumbList","@id":"https:\/\/reveil-info.net\/?p=46495#breadcrumb","itemListElement":[{"@type":"ListItem","position":1,"name":"Home","item":"https:\/\/reveil-info.net\/"},{"@type":"ListItem","position":2,"name":"Coop\u00e9ration bilat\u00e9rale : l&rsquo;ambassadeur du Maroc chez le premier ministre Rimtalba"}]},{"@type":"WebSite","@id":"https:\/\/reveil-info.net\/#website","url":"https:\/\/reveil-info.net\/","name":"R\u00e9veil Info","description":"Le devoir d&#039;informer!","publisher":{"@id":"https:\/\/reveil-info.net\/#organization"},"potentialAction":[{"@type":"SearchAction","target":{"@type":"EntryPoint","urlTemplate":"https:\/\/reveil-info.net\/?s={search_term_string}"},"query-input":{"@type":"PropertyValueSpecification","valueRequired":true,"valueName":"search_term_string"}}],"inLanguage":"fr-FR"},{"@type":"Organization","@id":"https:\/\/reveil-info.net\/#organization","name":"R\u00e9veil Info","url":"https:\/\/reveil-info.net\/","logo":{"@type":"ImageObject","inLanguage":"fr-FR","@id":"https:\/\/reveil-info.net\/#\/schema\/logo\/image\/","url":"https:\/\/reveil-info.net\/wp-content\/uploads\/2024\/07\/bnddd1.jpg","contentUrl":"https:\/\/reveil-info.net\/wp-content\/uploads\/2024\/07\/bnddd1.jpg","width":903,"height":125,"caption":"R\u00e9veil Info"},"image":{"@id":"https:\/\/reveil-info.net\/#\/schema\/logo\/image\/"}},{"@type":"Person","@id":"https:\/\/reveil-info.net\/#\/schema\/person\/ca0cc8e70088e0a2b5e92556c1ee60f5","name":"R\u00e9veil info","image":{"@type":"ImageObject","inLanguage":"fr-FR","@id":"https:\/\/secure.gravatar.com\/avatar\/e4ad5bb743c8b6cb174d9df6c7d30a8a16f6889731241345fc6444e6485f02af?s=96&d=mm&r=g","url":"https:\/\/secure.gravatar.com\/avatar\/e4ad5bb743c8b6cb174d9df6c7d30a8a16f6889731241345fc6444e6485f02af?s=96&d=mm&r=g","contentUrl":"https:\/\/secure.gravatar.com\/avatar\/e4ad5bb743c8b6cb174d9df6c7d30a8a16f6889731241345fc6444e6485f02af?s=96&d=mm&r=g","caption":"R\u00e9veil info"},"sameAs":["https:\/\/reveil-info.net"],"url":"https:\/\/reveil-info.net\/?author=1"}]}},"jetpack_featured_media_url":"","featured_image_urls":{"full":"","thumbnail":"","medium":"","medium_large":"","large":"","1536x1536":"","2048x2048":"","chromenews-featured":"","chromenews-large":"","chromenews-medium":""},"author_info":{"display_name":"R\u00e9veil info","author_link":"https:\/\/reveil-info.net\/?author=1"},"category_info":"<a href=\"https:\/\/reveil-info.net\/?cat=2\" rel=\"category\">Actualit\u00e9<\/a>","tag_info":"Actualit\u00e9","comment_count":"0","_links":{"self":[{"href":"https:\/\/reveil-info.net\/index.php?rest_route=\/wp\/v2\/posts\/46495","targetHints":{"allow":["GET"]}}],"collection":[{"href":"https:\/\/reveil-info.net\/index.php?rest_route=\/wp\/v2\/posts"}],"about":[{"href":"https:\/\/reveil-info.net\/index.php?rest_route=\/wp\/v2\/types\/post"}],"author":[{"embeddable":true,"href":"https:\/\/reveil-info.net\/index.php?rest_route=\/wp\/v2\/users\/1"}],"replies":[{"embeddable":true,"href":"https:\/\/reveil-info.net\/index.php?rest_route=%2Fwp%2Fv2%2Fcomments&post=46495"}],"version-history":[{"count":5,"href":"https:\/\/reveil-info.net\/index.php?rest_route=\/wp\/v2\/posts\/46495\/revisions"}],"predecessor-version":[{"id":47678,"href":"https:\/\/reveil-info.net\/index.php?rest_route=\/wp\/v2\/posts\/46495\/revisions\/47678"}],"wp:attachment":[{"href":"https:\/\/reveil-info.net\/index.php?rest_route=%2Fwp%2Fv2%2Fmedia&parent=46495"}],"wp:term":[{"taxonomy":"category","embeddable":true,"href":"https:\/\/reveil-info.net\/index.php?rest_route=%2Fwp%2Fv2%2Fcategories&post=46495"},{"taxonomy":"post_tag","embeddable":true,"href":"https:\/\/reveil-info.net\/index.php?rest_route=%2Fwp%2Fv2%2Ftags&post=46495"}],"curies":[{"name":"wp","href":"https:\/\/api.w.org\/{rel}","templated":true}]}}