{"id":4643,"date":"2024-08-02T18:45:55","date_gmt":"2024-08-02T18:45:55","guid":{"rendered":"https:\/\/reveil-info.net\/?p=4643"},"modified":"2024-08-02T18:45:55","modified_gmt":"2024-08-02T18:45:55","slug":"lutte-contre-le-terrorisme-une-centaine-detudiants-et-deleves-prets-pour-aller-au-combat","status":"publish","type":"post","link":"https:\/\/reveil-info.net\/?p=4643","title":{"rendered":"Lutte contre le terrorisme : une centaine d&rsquo;\u00e9tudiants et d&rsquo;\u00e9l\u00e8ves pr\u00eats pour aller au combat"},"content":{"rendered":"<p>L\u2019association Jeunes \u00c9l\u00e8ves et \u00c9tudiants Unis (JEEU) a annonc\u00e9 le 30 juillet 2024, avoir en son sein une centaine de membres, sur un objectif final de 1000, pr\u00eats \u00e0 s\u2019engager sur le front de la lutte contre le terrorisme.<\/p>\n<p>\u00ab Cette ann\u00e9e, nous avons d\u00e9cid\u00e9 de contribuer \u00e0 travers des ressources humaines. Nous avons dans notre structure pr\u00e8s de 100 \u00e9l\u00e8ves et \u00e9tudiants qui sont pr\u00eats \u00e0 aller au front pour d\u00e9fendre notre patrie.<\/p>\n<p>Mais nous avons l\u2019objectif d\u2019atteindre la part de 1000 afin de montrer \u00e0 toute l\u2019Afrique et au monde entier qu\u2019au Burkina Faso, les \u00e9l\u00e8ves et les \u00e9tudiants sont plus que jamais debout afin de combattre les Forces du mal \u00bb, a d\u00e9clar\u00e9 Cheick Amed Tidjane Compaor\u00e9.<\/p>\n<p>Le pr\u00e9sident de l\u2019Association Jeunes \u00c9l\u00e8ves et \u00c9tudiants Unis (JEEU) s\u2019exprimait le 30 juillet 2024 \u00e0 Ouagadougou, lors d\u2019une conf\u00e9rence publique organis\u00e9e par sa structure sur le th\u00e8me : \u00ab Apport de la communaut\u00e9 scolaire et estudiantine \u00e0 l\u2019\u00e9veil de la conscience patriotique \u00bb.<\/p>\n<p>\u00ab Il faut que demain, l\u2019on dise que les \u00e9tudiants et les \u00e9l\u00e8ves du Burkina Faso ont \u00e9t\u00e9 un maillon fort de la restauration de la paix nationale \u00bb, a ajout\u00e9 Cheick Amed Tidjane Compaor\u00e9.<\/p>\n<p>M. Compaor\u00e9 a rappel\u00e9 que l\u2019an dernier, son association a contribu\u00e9 \u00e0 hauteur de 2 millions 25 mille FCFA et avec 20 tonnes de vivres \u00e0 l\u2019effort de paix.<\/p>\n<p>Selon lui, la pr\u00e9sente conf\u00e9rence publique vise \u00e0 faire comprendre \u00e0 la communaut\u00e9 scolaire et estudiantine, qu\u2019elle \u00ab a un r\u00f4le fondamental \u00e0 jouer dans la lutte contre le terrorisme \u00bb et qu\u2019\u00ab il faut que chaque \u00e9l\u00e8ve, chaque \u00e9tudiant puisse comprendre qu\u2019il a sa part \u00e0 jouer dans la restauration de la s\u00e9curit\u00e9 au Burkina Faso \u00bb.<\/p>\n<p>Le repr\u00e9sentant du ministre en charge de la Fonction publique, Ousmane David Zann\u00e9, a salu\u00e9 l\u2019initiative de l\u2019association avant d\u2019inviter la jeunesse burkinab\u00e8 \u00e0 contribuer \u00e0 la lutte contre le terrorisme, tout en restant int\u00e8gre aux valeurs du Burkina Faso.<\/p>\n<p><img loading=\"lazy\" decoding=\"async\" class=\"alignnone size-medium wp-image-4649\" src=\"https:\/\/reveil-info.net\/wp-content\/uploads\/2024\/08\/FB_IMG_17226240645928977-300x143.jpg\" alt=\"\" width=\"300\" height=\"143\" srcset=\"https:\/\/reveil-info.net\/wp-content\/uploads\/2024\/08\/FB_IMG_17226240645928977-300x143.jpg 300w, https:\/\/reveil-info.net\/wp-content\/uploads\/2024\/08\/FB_IMG_17226240645928977.jpg 720w\" sizes=\"auto, (max-width: 300px) 100vw, 300px\" \/><\/p>\n<p>Pour le parrain de la conf\u00e9rence, Salif Niki\u00e8ma, \u00ab cette belle initiative est une occasion pour lui d\u2019apporter sa pierre \u00e0 la lutte contre le terrorisme en aidant les jeunes \u00e0 \u00e9lever le flambeau patriotique \u00bb.<\/p>\n<p>\u00c0 l&rsquo;en croire, les \u00e9l\u00e8ves et \u00e9tudiants se doivent d\u2019\u00eatre de tr\u00e8s bons patriotes dans cette lutte pour la souverainet\u00e9 engag\u00e9e par les autorit\u00e9s du pays.<\/p>\n<p>M. Niki\u00e8ma a par ailleurs invit\u00e9 les Burkinab\u00e8 \u00e0 soutenir les jeunes afin d\u2019\u00e9viter qu\u2019ils ne deviennent les pions des forces du mal.<\/p>\n<p>En rappel, l\u2019association Jeunes \u00c9l\u00e8ves et \u00c9tudiants Unis a \u00e9t\u00e9 cr\u00e9\u00e9e en 2021 par plusieurs leaders de lyc\u00e9es et d\u2019universit\u00e9s, avec en ligne de mire la promotion du leadership chez ses membres.<\/p>\n<p>Agence d\u2019information du Burkina<\/p>\n","protected":false},"excerpt":{"rendered":"<p>L\u2019association Jeunes \u00c9l\u00e8ves et \u00c9tudiants Unis (JEEU) a annonc\u00e9 le 30 juillet 2024, avoir en<\/p>\n","protected":false},"author":1,"featured_media":4647,"comment_status":"open","ping_status":"open","sticky":false,"template":"","format":"standard","meta":{"footnotes":""},"categories":[2],"tags":[],"class_list":["post-4643","post","type-post","status-publish","format-standard","has-post-thumbnail","hentry","category-actu"],"yoast_head":"<!-- This site is optimized with the Yoast SEO plugin v27.5 - https:\/\/yoast.com\/product\/yoast-seo-wordpress\/ -->\n<title>Lutte contre le terrorisme : une centaine d&#039;\u00e9tudiants et d&#039;\u00e9l\u00e8ves pr\u00eats pour aller au combat - R\u00e9veil Info<\/title>\n<meta name=\"robots\" content=\"noindex, follow, max-snippet:-1, max-image-preview:large, max-video-preview:-1\" \/>\n<meta property=\"og:locale\" content=\"fr_FR\" \/>\n<meta property=\"og:type\" content=\"article\" \/>\n<meta property=\"og:title\" content=\"Lutte contre le terrorisme : une centaine d&#039;\u00e9tudiants et d&#039;\u00e9l\u00e8ves pr\u00eats pour aller au combat - R\u00e9veil Info\" \/>\n<meta property=\"og:description\" content=\"L\u2019association Jeunes \u00c9l\u00e8ves et \u00c9tudiants Unis (JEEU) a annonc\u00e9 le 30 juillet 2024, avoir en\" \/>\n<meta property=\"og:url\" content=\"https:\/\/reveil-info.net\/?p=4643\" \/>\n<meta property=\"og:site_name\" content=\"R\u00e9veil Info\" \/>\n<meta property=\"article:published_time\" content=\"2024-08-02T18:45:55+00:00\" \/>\n<meta property=\"og:image\" content=\"https:\/\/reveil-info.net\/wp-content\/uploads\/2024\/08\/FB_IMG_17226240599163030.jpg\" \/>\n\t<meta property=\"og:image:width\" content=\"720\" \/>\n\t<meta property=\"og:image:height\" content=\"540\" \/>\n\t<meta property=\"og:image:type\" content=\"image\/jpeg\" \/>\n<meta name=\"author\" content=\"R\u00e9veil info\" \/>\n<meta name=\"twitter:card\" content=\"summary_large_image\" \/>\n<meta name=\"twitter:label1\" content=\"\u00c9crit par\" \/>\n\t<meta name=\"twitter:data1\" content=\"R\u00e9veil info\" \/>\n\t<meta name=\"twitter:label2\" content=\"Dur\u00e9e de lecture estim\u00e9e\" \/>\n\t<meta name=\"twitter:data2\" content=\"3 minutes\" \/>\n<script type=\"application\/ld+json\" class=\"yoast-schema-graph\">{\"@context\":\"https:\\\/\\\/schema.org\",\"@graph\":[{\"@type\":\"Article\",\"@id\":\"https:\\\/\\\/reveil-info.net\\\/?p=4643#article\",\"isPartOf\":{\"@id\":\"https:\\\/\\\/reveil-info.net\\\/?p=4643\"},\"author\":{\"name\":\"R\u00e9veil info\",\"@id\":\"https:\\\/\\\/reveil-info.net\\\/#\\\/schema\\\/person\\\/ca0cc8e70088e0a2b5e92556c1ee60f5\"},\"headline\":\"Lutte contre le terrorisme : une centaine d&rsquo;\u00e9tudiants et d&rsquo;\u00e9l\u00e8ves pr\u00eats pour aller au combat\",\"datePublished\":\"2024-08-02T18:45:55+00:00\",\"mainEntityOfPage\":{\"@id\":\"https:\\\/\\\/reveil-info.net\\\/?p=4643\"},\"wordCount\":484,\"commentCount\":0,\"publisher\":{\"@id\":\"https:\\\/\\\/reveil-info.net\\\/#organization\"},\"image\":{\"@id\":\"https:\\\/\\\/reveil-info.net\\\/?p=4643#primaryimage\"},\"thumbnailUrl\":\"https:\\\/\\\/reveil-info.net\\\/wp-content\\\/uploads\\\/2024\\\/08\\\/FB_IMG_17226240599163030.jpg\",\"articleSection\":[\"Actualit\u00e9\"],\"inLanguage\":\"fr-FR\",\"potentialAction\":[{\"@type\":\"CommentAction\",\"name\":\"Comment\",\"target\":[\"https:\\\/\\\/reveil-info.net\\\/?p=4643#respond\"]}]},{\"@type\":\"WebPage\",\"@id\":\"https:\\\/\\\/reveil-info.net\\\/?p=4643\",\"url\":\"https:\\\/\\\/reveil-info.net\\\/?p=4643\",\"name\":\"Lutte contre le terrorisme : une centaine d'\u00e9tudiants et d'\u00e9l\u00e8ves pr\u00eats pour aller au combat - R\u00e9veil Info\",\"isPartOf\":{\"@id\":\"https:\\\/\\\/reveil-info.net\\\/#website\"},\"primaryImageOfPage\":{\"@id\":\"https:\\\/\\\/reveil-info.net\\\/?p=4643#primaryimage\"},\"image\":{\"@id\":\"https:\\\/\\\/reveil-info.net\\\/?p=4643#primaryimage\"},\"thumbnailUrl\":\"https:\\\/\\\/reveil-info.net\\\/wp-content\\\/uploads\\\/2024\\\/08\\\/FB_IMG_17226240599163030.jpg\",\"datePublished\":\"2024-08-02T18:45:55+00:00\",\"breadcrumb\":{\"@id\":\"https:\\\/\\\/reveil-info.net\\\/?p=4643#breadcrumb\"},\"inLanguage\":\"fr-FR\",\"potentialAction\":[{\"@type\":\"ReadAction\",\"target\":[\"https:\\\/\\\/reveil-info.net\\\/?p=4643\"]}]},{\"@type\":\"ImageObject\",\"inLanguage\":\"fr-FR\",\"@id\":\"https:\\\/\\\/reveil-info.net\\\/?p=4643#primaryimage\",\"url\":\"https:\\\/\\\/reveil-info.net\\\/wp-content\\\/uploads\\\/2024\\\/08\\\/FB_IMG_17226240599163030.jpg\",\"contentUrl\":\"https:\\\/\\\/reveil-info.net\\\/wp-content\\\/uploads\\\/2024\\\/08\\\/FB_IMG_17226240599163030.jpg\",\"width\":720,\"height\":540},{\"@type\":\"BreadcrumbList\",\"@id\":\"https:\\\/\\\/reveil-info.net\\\/?p=4643#breadcrumb\",\"itemListElement\":[{\"@type\":\"ListItem\",\"position\":1,\"name\":\"Home\",\"item\":\"https:\\\/\\\/reveil-info.net\\\/\"},{\"@type\":\"ListItem\",\"position\":2,\"name\":\"Lutte contre le terrorisme : une centaine d&#8217;\u00e9tudiants et d&#8217;\u00e9l\u00e8ves pr\u00eats pour aller au combat\"}]},{\"@type\":\"WebSite\",\"@id\":\"https:\\\/\\\/reveil-info.net\\\/#website\",\"url\":\"https:\\\/\\\/reveil-info.net\\\/\",\"name\":\"R\u00e9veil Info\",\"description\":\"Le devoir d&#039;informer!\",\"publisher\":{\"@id\":\"https:\\\/\\\/reveil-info.net\\\/#organization\"},\"potentialAction\":[{\"@type\":\"SearchAction\",\"target\":{\"@type\":\"EntryPoint\",\"urlTemplate\":\"https:\\\/\\\/reveil-info.net\\\/?s={search_term_string}\"},\"query-input\":{\"@type\":\"PropertyValueSpecification\",\"valueRequired\":true,\"valueName\":\"search_term_string\"}}],\"inLanguage\":\"fr-FR\"},{\"@type\":\"Organization\",\"@id\":\"https:\\\/\\\/reveil-info.net\\\/#organization\",\"name\":\"R\u00e9veil Info\",\"url\":\"https:\\\/\\\/reveil-info.net\\\/\",\"logo\":{\"@type\":\"ImageObject\",\"inLanguage\":\"fr-FR\",\"@id\":\"https:\\\/\\\/reveil-info.net\\\/#\\\/schema\\\/logo\\\/image\\\/\",\"url\":\"https:\\\/\\\/reveil-info.net\\\/wp-content\\\/uploads\\\/2024\\\/07\\\/bnddd1.jpg\",\"contentUrl\":\"https:\\\/\\\/reveil-info.net\\\/wp-content\\\/uploads\\\/2024\\\/07\\\/bnddd1.jpg\",\"width\":903,\"height\":125,\"caption\":\"R\u00e9veil Info\"},\"image\":{\"@id\":\"https:\\\/\\\/reveil-info.net\\\/#\\\/schema\\\/logo\\\/image\\\/\"}},{\"@type\":\"Person\",\"@id\":\"https:\\\/\\\/reveil-info.net\\\/#\\\/schema\\\/person\\\/ca0cc8e70088e0a2b5e92556c1ee60f5\",\"name\":\"R\u00e9veil info\",\"image\":{\"@type\":\"ImageObject\",\"inLanguage\":\"fr-FR\",\"@id\":\"https:\\\/\\\/secure.gravatar.com\\\/avatar\\\/e4ad5bb743c8b6cb174d9df6c7d30a8a16f6889731241345fc6444e6485f02af?s=96&d=mm&r=g\",\"url\":\"https:\\\/\\\/secure.gravatar.com\\\/avatar\\\/e4ad5bb743c8b6cb174d9df6c7d30a8a16f6889731241345fc6444e6485f02af?s=96&d=mm&r=g\",\"contentUrl\":\"https:\\\/\\\/secure.gravatar.com\\\/avatar\\\/e4ad5bb743c8b6cb174d9df6c7d30a8a16f6889731241345fc6444e6485f02af?s=96&d=mm&r=g\",\"caption\":\"R\u00e9veil info\"},\"sameAs\":[\"https:\\\/\\\/reveil-info.net\"],\"url\":\"https:\\\/\\\/reveil-info.net\\\/?author=1\"}]}<\/script>\n<!-- \/ Yoast SEO plugin. -->","yoast_head_json":{"title":"Lutte contre le terrorisme : une centaine d'\u00e9tudiants et d'\u00e9l\u00e8ves pr\u00eats pour aller au combat - R\u00e9veil Info","robots":{"index":"noindex","follow":"follow","max-snippet":"max-snippet:-1","max-image-preview":"max-image-preview:large","max-video-preview":"max-video-preview:-1"},"og_locale":"fr_FR","og_type":"article","og_title":"Lutte contre le terrorisme : une centaine d'\u00e9tudiants et d'\u00e9l\u00e8ves pr\u00eats pour aller au combat - R\u00e9veil Info","og_description":"L\u2019association Jeunes \u00c9l\u00e8ves et \u00c9tudiants Unis (JEEU) a annonc\u00e9 le 30 juillet 2024, avoir en","og_url":"https:\/\/reveil-info.net\/?p=4643","og_site_name":"R\u00e9veil Info","article_published_time":"2024-08-02T18:45:55+00:00","og_image":[{"width":720,"height":540,"url":"https:\/\/reveil-info.net\/wp-content\/uploads\/2024\/08\/FB_IMG_17226240599163030.jpg","type":"image\/jpeg"}],"author":"R\u00e9veil info","twitter_card":"summary_large_image","twitter_misc":{"\u00c9crit par":"R\u00e9veil info","Dur\u00e9e de lecture estim\u00e9e":"3 minutes"},"schema":{"@context":"https:\/\/schema.org","@graph":[{"@type":"Article","@id":"https:\/\/reveil-info.net\/?p=4643#article","isPartOf":{"@id":"https:\/\/reveil-info.net\/?p=4643"},"author":{"name":"R\u00e9veil info","@id":"https:\/\/reveil-info.net\/#\/schema\/person\/ca0cc8e70088e0a2b5e92556c1ee60f5"},"headline":"Lutte contre le terrorisme : une centaine d&rsquo;\u00e9tudiants et d&rsquo;\u00e9l\u00e8ves pr\u00eats pour aller au combat","datePublished":"2024-08-02T18:45:55+00:00","mainEntityOfPage":{"@id":"https:\/\/reveil-info.net\/?p=4643"},"wordCount":484,"commentCount":0,"publisher":{"@id":"https:\/\/reveil-info.net\/#organization"},"image":{"@id":"https:\/\/reveil-info.net\/?p=4643#primaryimage"},"thumbnailUrl":"https:\/\/reveil-info.net\/wp-content\/uploads\/2024\/08\/FB_IMG_17226240599163030.jpg","articleSection":["Actualit\u00e9"],"inLanguage":"fr-FR","potentialAction":[{"@type":"CommentAction","name":"Comment","target":["https:\/\/reveil-info.net\/?p=4643#respond"]}]},{"@type":"WebPage","@id":"https:\/\/reveil-info.net\/?p=4643","url":"https:\/\/reveil-info.net\/?p=4643","name":"Lutte contre le terrorisme : une centaine d'\u00e9tudiants et d'\u00e9l\u00e8ves pr\u00eats pour aller au combat - R\u00e9veil Info","isPartOf":{"@id":"https:\/\/reveil-info.net\/#website"},"primaryImageOfPage":{"@id":"https:\/\/reveil-info.net\/?p=4643#primaryimage"},"image":{"@id":"https:\/\/reveil-info.net\/?p=4643#primaryimage"},"thumbnailUrl":"https:\/\/reveil-info.net\/wp-content\/uploads\/2024\/08\/FB_IMG_17226240599163030.jpg","datePublished":"2024-08-02T18:45:55+00:00","breadcrumb":{"@id":"https:\/\/reveil-info.net\/?p=4643#breadcrumb"},"inLanguage":"fr-FR","potentialAction":[{"@type":"ReadAction","target":["https:\/\/reveil-info.net\/?p=4643"]}]},{"@type":"ImageObject","inLanguage":"fr-FR","@id":"https:\/\/reveil-info.net\/?p=4643#primaryimage","url":"https:\/\/reveil-info.net\/wp-content\/uploads\/2024\/08\/FB_IMG_17226240599163030.jpg","contentUrl":"https:\/\/reveil-info.net\/wp-content\/uploads\/2024\/08\/FB_IMG_17226240599163030.jpg","width":720,"height":540},{"@type":"BreadcrumbList","@id":"https:\/\/reveil-info.net\/?p=4643#breadcrumb","itemListElement":[{"@type":"ListItem","position":1,"name":"Home","item":"https:\/\/reveil-info.net\/"},{"@type":"ListItem","position":2,"name":"Lutte contre le terrorisme : une centaine d&#8217;\u00e9tudiants et d&#8217;\u00e9l\u00e8ves pr\u00eats pour aller au combat"}]},{"@type":"WebSite","@id":"https:\/\/reveil-info.net\/#website","url":"https:\/\/reveil-info.net\/","name":"R\u00e9veil Info","description":"Le devoir d&#039;informer!","publisher":{"@id":"https:\/\/reveil-info.net\/#organization"},"potentialAction":[{"@type":"SearchAction","target":{"@type":"EntryPoint","urlTemplate":"https:\/\/reveil-info.net\/?s={search_term_string}"},"query-input":{"@type":"PropertyValueSpecification","valueRequired":true,"valueName":"search_term_string"}}],"inLanguage":"fr-FR"},{"@type":"Organization","@id":"https:\/\/reveil-info.net\/#organization","name":"R\u00e9veil Info","url":"https:\/\/reveil-info.net\/","logo":{"@type":"ImageObject","inLanguage":"fr-FR","@id":"https:\/\/reveil-info.net\/#\/schema\/logo\/image\/","url":"https:\/\/reveil-info.net\/wp-content\/uploads\/2024\/07\/bnddd1.jpg","contentUrl":"https:\/\/reveil-info.net\/wp-content\/uploads\/2024\/07\/bnddd1.jpg","width":903,"height":125,"caption":"R\u00e9veil Info"},"image":{"@id":"https:\/\/reveil-info.net\/#\/schema\/logo\/image\/"}},{"@type":"Person","@id":"https:\/\/reveil-info.net\/#\/schema\/person\/ca0cc8e70088e0a2b5e92556c1ee60f5","name":"R\u00e9veil info","image":{"@type":"ImageObject","inLanguage":"fr-FR","@id":"https:\/\/secure.gravatar.com\/avatar\/e4ad5bb743c8b6cb174d9df6c7d30a8a16f6889731241345fc6444e6485f02af?s=96&d=mm&r=g","url":"https:\/\/secure.gravatar.com\/avatar\/e4ad5bb743c8b6cb174d9df6c7d30a8a16f6889731241345fc6444e6485f02af?s=96&d=mm&r=g","contentUrl":"https:\/\/secure.gravatar.com\/avatar\/e4ad5bb743c8b6cb174d9df6c7d30a8a16f6889731241345fc6444e6485f02af?s=96&d=mm&r=g","caption":"R\u00e9veil info"},"sameAs":["https:\/\/reveil-info.net"],"url":"https:\/\/reveil-info.net\/?author=1"}]}},"jetpack_featured_media_url":"https:\/\/reveil-info.net\/wp-content\/uploads\/2024\/08\/FB_IMG_17226240599163030.jpg","featured_image_urls":{"full":["https:\/\/reveil-info.net\/wp-content\/uploads\/2024\/08\/FB_IMG_17226240599163030.jpg",720,540,false],"thumbnail":["https:\/\/reveil-info.net\/wp-content\/uploads\/2024\/08\/FB_IMG_17226240599163030-150x150.jpg",150,150,true],"medium":["https:\/\/reveil-info.net\/wp-content\/uploads\/2024\/08\/FB_IMG_17226240599163030-300x225.jpg",300,225,true],"medium_large":["https:\/\/reveil-info.net\/wp-content\/uploads\/2024\/08\/FB_IMG_17226240599163030.jpg",640,480,false],"large":["https:\/\/reveil-info.net\/wp-content\/uploads\/2024\/08\/FB_IMG_17226240599163030.jpg",640,480,false],"1536x1536":["https:\/\/reveil-info.net\/wp-content\/uploads\/2024\/08\/FB_IMG_17226240599163030.jpg",720,540,false],"2048x2048":["https:\/\/reveil-info.net\/wp-content\/uploads\/2024\/08\/FB_IMG_17226240599163030.jpg",720,540,false],"chromenews-featured":["https:\/\/reveil-info.net\/wp-content\/uploads\/2024\/08\/FB_IMG_17226240599163030.jpg",720,540,false],"chromenews-large":["https:\/\/reveil-info.net\/wp-content\/uploads\/2024\/08\/FB_IMG_17226240599163030.jpg",720,540,false],"chromenews-medium":["https:\/\/reveil-info.net\/wp-content\/uploads\/2024\/08\/FB_IMG_17226240599163030-590x410.jpg",590,410,true]},"author_info":{"display_name":"R\u00e9veil info","author_link":"https:\/\/reveil-info.net\/?author=1"},"category_info":"<a href=\"https:\/\/reveil-info.net\/?cat=2\" rel=\"category\">Actualit\u00e9<\/a>","tag_info":"Actualit\u00e9","comment_count":"0","_links":{"self":[{"href":"https:\/\/reveil-info.net\/index.php?rest_route=\/wp\/v2\/posts\/4643","targetHints":{"allow":["GET"]}}],"collection":[{"href":"https:\/\/reveil-info.net\/index.php?rest_route=\/wp\/v2\/posts"}],"about":[{"href":"https:\/\/reveil-info.net\/index.php?rest_route=\/wp\/v2\/types\/post"}],"author":[{"embeddable":true,"href":"https:\/\/reveil-info.net\/index.php?rest_route=\/wp\/v2\/users\/1"}],"replies":[{"embeddable":true,"href":"https:\/\/reveil-info.net\/index.php?rest_route=%2Fwp%2Fv2%2Fcomments&post=4643"}],"version-history":[{"count":5,"href":"https:\/\/reveil-info.net\/index.php?rest_route=\/wp\/v2\/posts\/4643\/revisions"}],"predecessor-version":[{"id":4650,"href":"https:\/\/reveil-info.net\/index.php?rest_route=\/wp\/v2\/posts\/4643\/revisions\/4650"}],"wp:featuredmedia":[{"embeddable":true,"href":"https:\/\/reveil-info.net\/index.php?rest_route=\/wp\/v2\/media\/4647"}],"wp:attachment":[{"href":"https:\/\/reveil-info.net\/index.php?rest_route=%2Fwp%2Fv2%2Fmedia&parent=4643"}],"wp:term":[{"taxonomy":"category","embeddable":true,"href":"https:\/\/reveil-info.net\/index.php?rest_route=%2Fwp%2Fv2%2Fcategories&post=4643"},{"taxonomy":"post_tag","embeddable":true,"href":"https:\/\/reveil-info.net\/index.php?rest_route=%2Fwp%2Fv2%2Ftags&post=4643"}],"curies":[{"name":"wp","href":"https:\/\/api.w.org\/{rel}","templated":true}]}}