{"id":45270,"date":"2026-02-27T10:32:16","date_gmt":"2026-02-27T10:32:16","guid":{"rendered":"https:\/\/reveil-info.net\/?p=45270"},"modified":"2026-02-27T10:32:16","modified_gmt":"2026-02-27T10:32:16","slug":"bon-a-savoir-le-conge-de-maladie","status":"publish","type":"post","link":"https:\/\/reveil-info.net\/?p=45270","title":{"rendered":"Bon \u00e0 savoir : le cong\u00e9 de maladie"},"content":{"rendered":"<p>Bon \u00e0 savoir : Du cong\u00e9 de maladie<\/p>\n<p><img loading=\"lazy\" decoding=\"async\" class=\"alignnone size-full wp-image-45273\" src=\"https:\/\/reveil-info.net\/wp-content\/uploads\/2026\/02\/1772188160126.jpg\" alt=\"\" width=\"561\" height=\"650\" srcset=\"https:\/\/reveil-info.net\/wp-content\/uploads\/2026\/02\/1772188160126.jpg 561w, https:\/\/reveil-info.net\/wp-content\/uploads\/2026\/02\/1772188160126-259x300.jpg 259w\" sizes=\"auto, (max-width: 561px) 100vw, 561px\" \/><\/p>\n<p>Tout fonctionnaire malade et dans l\u2019impossibilit\u00e9 d\u2019exercer son emploi doit, sauf cas de force majeure, faire constater imm\u00e9diatement son \u00e9tat par une autorit\u00e9 m\u00e9dicale agr\u00e9\u00e9e et avertir son service, avec \u00e0 l\u2019appui, un certificat m\u00e9dical \u00e9tabli en bonne et due forme. L\u2019autorit\u00e9 m\u00e9dicale doit en particulier prescrire un repos couvrant le d\u00e9but et la fin probable de l\u2019incapacit\u00e9 de travail.<\/p>\n<p>Sous r\u00e9serve du respect des dispositions ci-dessus, le fonctionnaire est mis en cong\u00e9 de maladie de courte dur\u00e9e avec maintien de l\u2019int\u00e9gralit\u00e9 de son traitement dans les conditions suivantes :<\/p>\n<p>&#8211; par le chef de circonscription administrative ou le sup\u00e9rieur hi\u00e9rarchique imm\u00e9diat dont il d\u00e9pend quand l\u2019interruption de travail est de dix jours au maximum ;<\/p>\n<p>&#8211; par le ministre ou le pr\u00e9sident d&rsquo;institution dont il d\u00e9pend quand l\u2019interruption de travail exc\u00e8de dix jours sans toutefois atteindre trois mois.<\/p>\n<p>Le cong\u00e9 de maladie dit cong\u00e9 de longue dur\u00e9e est accord\u00e9 par le ministre en charge de la fonction publique, apr\u00e8s avis du conseil national de sant\u00e9, pour une ou plusieurs p\u00e9riodes cons\u00e9cutives de trois mois au minimum et de six mois au maximum, \u00e0 concurrence d\u2019un total de cinq ans.<\/p>\n<p>Le renouvellement \u00e9ventuel des tranches d\u2019un cong\u00e9 de maladie de longue dur\u00e9e est prononc\u00e9 par d\u00e9cision du ministre en charge de la fonction publique, apr\u00e8s avis du conseil national de sant\u00e9.<\/p>\n<p>Le fonctionnaire mis en cong\u00e9 de maladie de longue dur\u00e9e conserve pendant les deux premi\u00e8res ann\u00e9es de maladie, l\u2019int\u00e9gralit\u00e9 de son traitement \u00e0 l\u2019exception des primes et indemnit\u00e9s qui lui \u00e9taient vers\u00e9es.<\/p>\n<p>Pendant les trois ann\u00e9es suivantes, il per\u00e7oit la moiti\u00e9 de son traitement et conserve la totalit\u00e9 des suppl\u00e9ments pour charge de famille.<\/p>\n<p>Dans ce cas, le fonctionnaire b\u00e9n\u00e9ficie de ses avancements d\u2019\u00e9chelons et de classe sur la base d\u2019une note de huit sur dix par ann\u00e9e consid\u00e9r\u00e9e.<\/p>\n<p>Source : Source : loi n\u00b0081-2015\/CNT du 24 novembre 2015 portant statut g\u00e9n\u00e9ral de la fonction publique d\u2019Etat.<\/p>\n<p>&nbsp;<\/p>\n<p>DCRP\/MSP<\/p>\n<p><img loading=\"lazy\" decoding=\"async\" class=\"alignnone size-full wp-image-44435\" src=\"https:\/\/reveil-info.net\/wp-content\/uploads\/2026\/02\/IMG-20260128-WA0041.jpg\" alt=\"\" width=\"2560\" height=\"1378\" \/><\/p>\n","protected":false},"excerpt":{"rendered":"<p>Bon \u00e0 savoir : Du cong\u00e9 de maladie Tout fonctionnaire malade et dans l\u2019impossibilit\u00e9 d\u2019exercer<\/p>\n","protected":false},"author":1,"featured_media":0,"comment_status":"open","ping_status":"open","sticky":false,"template":"","format":"standard","meta":{"footnotes":""},"categories":[16],"tags":[],"class_list":["post-45270","post","type-post","status-publish","format-standard","hentry","category-societe"],"yoast_head":"<!-- This site is optimized with the Yoast SEO plugin v27.5 - https:\/\/yoast.com\/product\/yoast-seo-wordpress\/ -->\n<title>Bon \u00e0 savoir : le cong\u00e9 de maladie - R\u00e9veil Info<\/title>\n<meta name=\"robots\" content=\"noindex, follow, max-snippet:-1, max-image-preview:large, max-video-preview:-1\" \/>\n<meta property=\"og:locale\" content=\"fr_FR\" \/>\n<meta property=\"og:type\" content=\"article\" \/>\n<meta property=\"og:title\" content=\"Bon \u00e0 savoir : le cong\u00e9 de maladie - R\u00e9veil Info\" \/>\n<meta property=\"og:description\" content=\"Bon \u00e0 savoir : Du cong\u00e9 de maladie Tout fonctionnaire malade et dans l\u2019impossibilit\u00e9 d\u2019exercer\" \/>\n<meta property=\"og:url\" content=\"https:\/\/reveil-info.net\/?p=45270\" \/>\n<meta property=\"og:site_name\" content=\"R\u00e9veil Info\" \/>\n<meta property=\"article:published_time\" content=\"2026-02-27T10:32:16+00:00\" \/>\n<meta property=\"og:image\" content=\"https:\/\/reveil-info.net\/wp-content\/uploads\/2026\/02\/1772188160126.jpg\" \/>\n\t<meta property=\"og:image:width\" content=\"561\" \/>\n\t<meta property=\"og:image:height\" content=\"650\" \/>\n\t<meta property=\"og:image:type\" content=\"image\/jpeg\" \/>\n<meta name=\"author\" content=\"R\u00e9veil info\" \/>\n<meta name=\"twitter:card\" content=\"summary_large_image\" \/>\n<meta name=\"twitter:label1\" content=\"\u00c9crit par\" \/>\n\t<meta name=\"twitter:data1\" content=\"R\u00e9veil info\" \/>\n\t<meta name=\"twitter:label2\" content=\"Dur\u00e9e de lecture estim\u00e9e\" \/>\n\t<meta name=\"twitter:data2\" content=\"3 minutes\" \/>\n<script type=\"application\/ld+json\" class=\"yoast-schema-graph\">{\"@context\":\"https:\\\/\\\/schema.org\",\"@graph\":[{\"@type\":\"Article\",\"@id\":\"https:\\\/\\\/reveil-info.net\\\/?p=45270#article\",\"isPartOf\":{\"@id\":\"https:\\\/\\\/reveil-info.net\\\/?p=45270\"},\"author\":{\"name\":\"R\u00e9veil info\",\"@id\":\"https:\\\/\\\/reveil-info.net\\\/#\\\/schema\\\/person\\\/ca0cc8e70088e0a2b5e92556c1ee60f5\"},\"headline\":\"Bon \u00e0 savoir : le cong\u00e9 de maladie\",\"datePublished\":\"2026-02-27T10:32:16+00:00\",\"mainEntityOfPage\":{\"@id\":\"https:\\\/\\\/reveil-info.net\\\/?p=45270\"},\"wordCount\":381,\"commentCount\":0,\"publisher\":{\"@id\":\"https:\\\/\\\/reveil-info.net\\\/#organization\"},\"image\":{\"@id\":\"https:\\\/\\\/reveil-info.net\\\/?p=45270#primaryimage\"},\"thumbnailUrl\":\"https:\\\/\\\/reveil-info.net\\\/wp-content\\\/uploads\\\/2026\\\/02\\\/1772188160126.jpg\",\"articleSection\":[\"Soci\u00e9t\u00e9\"],\"inLanguage\":\"fr-FR\",\"potentialAction\":[{\"@type\":\"CommentAction\",\"name\":\"Comment\",\"target\":[\"https:\\\/\\\/reveil-info.net\\\/?p=45270#respond\"]}]},{\"@type\":\"WebPage\",\"@id\":\"https:\\\/\\\/reveil-info.net\\\/?p=45270\",\"url\":\"https:\\\/\\\/reveil-info.net\\\/?p=45270\",\"name\":\"Bon \u00e0 savoir : le cong\u00e9 de maladie - R\u00e9veil Info\",\"isPartOf\":{\"@id\":\"https:\\\/\\\/reveil-info.net\\\/#website\"},\"primaryImageOfPage\":{\"@id\":\"https:\\\/\\\/reveil-info.net\\\/?p=45270#primaryimage\"},\"image\":{\"@id\":\"https:\\\/\\\/reveil-info.net\\\/?p=45270#primaryimage\"},\"thumbnailUrl\":\"https:\\\/\\\/reveil-info.net\\\/wp-content\\\/uploads\\\/2026\\\/02\\\/1772188160126.jpg\",\"datePublished\":\"2026-02-27T10:32:16+00:00\",\"breadcrumb\":{\"@id\":\"https:\\\/\\\/reveil-info.net\\\/?p=45270#breadcrumb\"},\"inLanguage\":\"fr-FR\",\"potentialAction\":[{\"@type\":\"ReadAction\",\"target\":[\"https:\\\/\\\/reveil-info.net\\\/?p=45270\"]}]},{\"@type\":\"ImageObject\",\"inLanguage\":\"fr-FR\",\"@id\":\"https:\\\/\\\/reveil-info.net\\\/?p=45270#primaryimage\",\"url\":\"https:\\\/\\\/reveil-info.net\\\/wp-content\\\/uploads\\\/2026\\\/02\\\/1772188160126.jpg\",\"contentUrl\":\"https:\\\/\\\/reveil-info.net\\\/wp-content\\\/uploads\\\/2026\\\/02\\\/1772188160126.jpg\",\"width\":561,\"height\":650},{\"@type\":\"BreadcrumbList\",\"@id\":\"https:\\\/\\\/reveil-info.net\\\/?p=45270#breadcrumb\",\"itemListElement\":[{\"@type\":\"ListItem\",\"position\":1,\"name\":\"Home\",\"item\":\"https:\\\/\\\/reveil-info.net\\\/\"},{\"@type\":\"ListItem\",\"position\":2,\"name\":\"Bon \u00e0 savoir : le cong\u00e9 de maladie\"}]},{\"@type\":\"WebSite\",\"@id\":\"https:\\\/\\\/reveil-info.net\\\/#website\",\"url\":\"https:\\\/\\\/reveil-info.net\\\/\",\"name\":\"R\u00e9veil Info\",\"description\":\"Le devoir d&#039;informer!\",\"publisher\":{\"@id\":\"https:\\\/\\\/reveil-info.net\\\/#organization\"},\"potentialAction\":[{\"@type\":\"SearchAction\",\"target\":{\"@type\":\"EntryPoint\",\"urlTemplate\":\"https:\\\/\\\/reveil-info.net\\\/?s={search_term_string}\"},\"query-input\":{\"@type\":\"PropertyValueSpecification\",\"valueRequired\":true,\"valueName\":\"search_term_string\"}}],\"inLanguage\":\"fr-FR\"},{\"@type\":\"Organization\",\"@id\":\"https:\\\/\\\/reveil-info.net\\\/#organization\",\"name\":\"R\u00e9veil Info\",\"url\":\"https:\\\/\\\/reveil-info.net\\\/\",\"logo\":{\"@type\":\"ImageObject\",\"inLanguage\":\"fr-FR\",\"@id\":\"https:\\\/\\\/reveil-info.net\\\/#\\\/schema\\\/logo\\\/image\\\/\",\"url\":\"https:\\\/\\\/reveil-info.net\\\/wp-content\\\/uploads\\\/2024\\\/07\\\/bnddd1.jpg\",\"contentUrl\":\"https:\\\/\\\/reveil-info.net\\\/wp-content\\\/uploads\\\/2024\\\/07\\\/bnddd1.jpg\",\"width\":903,\"height\":125,\"caption\":\"R\u00e9veil Info\"},\"image\":{\"@id\":\"https:\\\/\\\/reveil-info.net\\\/#\\\/schema\\\/logo\\\/image\\\/\"}},{\"@type\":\"Person\",\"@id\":\"https:\\\/\\\/reveil-info.net\\\/#\\\/schema\\\/person\\\/ca0cc8e70088e0a2b5e92556c1ee60f5\",\"name\":\"R\u00e9veil info\",\"image\":{\"@type\":\"ImageObject\",\"inLanguage\":\"fr-FR\",\"@id\":\"https:\\\/\\\/secure.gravatar.com\\\/avatar\\\/e4ad5bb743c8b6cb174d9df6c7d30a8a16f6889731241345fc6444e6485f02af?s=96&d=mm&r=g\",\"url\":\"https:\\\/\\\/secure.gravatar.com\\\/avatar\\\/e4ad5bb743c8b6cb174d9df6c7d30a8a16f6889731241345fc6444e6485f02af?s=96&d=mm&r=g\",\"contentUrl\":\"https:\\\/\\\/secure.gravatar.com\\\/avatar\\\/e4ad5bb743c8b6cb174d9df6c7d30a8a16f6889731241345fc6444e6485f02af?s=96&d=mm&r=g\",\"caption\":\"R\u00e9veil info\"},\"sameAs\":[\"https:\\\/\\\/reveil-info.net\"],\"url\":\"https:\\\/\\\/reveil-info.net\\\/?author=1\"}]}<\/script>\n<!-- \/ Yoast SEO plugin. -->","yoast_head_json":{"title":"Bon \u00e0 savoir : le cong\u00e9 de maladie - R\u00e9veil Info","robots":{"index":"noindex","follow":"follow","max-snippet":"max-snippet:-1","max-image-preview":"max-image-preview:large","max-video-preview":"max-video-preview:-1"},"og_locale":"fr_FR","og_type":"article","og_title":"Bon \u00e0 savoir : le cong\u00e9 de maladie - R\u00e9veil Info","og_description":"Bon \u00e0 savoir : Du cong\u00e9 de maladie Tout fonctionnaire malade et dans l\u2019impossibilit\u00e9 d\u2019exercer","og_url":"https:\/\/reveil-info.net\/?p=45270","og_site_name":"R\u00e9veil Info","article_published_time":"2026-02-27T10:32:16+00:00","og_image":[{"width":561,"height":650,"url":"https:\/\/reveil-info.net\/wp-content\/uploads\/2026\/02\/1772188160126.jpg","type":"image\/jpeg"}],"author":"R\u00e9veil info","twitter_card":"summary_large_image","twitter_misc":{"\u00c9crit par":"R\u00e9veil info","Dur\u00e9e de lecture estim\u00e9e":"3 minutes"},"schema":{"@context":"https:\/\/schema.org","@graph":[{"@type":"Article","@id":"https:\/\/reveil-info.net\/?p=45270#article","isPartOf":{"@id":"https:\/\/reveil-info.net\/?p=45270"},"author":{"name":"R\u00e9veil info","@id":"https:\/\/reveil-info.net\/#\/schema\/person\/ca0cc8e70088e0a2b5e92556c1ee60f5"},"headline":"Bon \u00e0 savoir : le cong\u00e9 de maladie","datePublished":"2026-02-27T10:32:16+00:00","mainEntityOfPage":{"@id":"https:\/\/reveil-info.net\/?p=45270"},"wordCount":381,"commentCount":0,"publisher":{"@id":"https:\/\/reveil-info.net\/#organization"},"image":{"@id":"https:\/\/reveil-info.net\/?p=45270#primaryimage"},"thumbnailUrl":"https:\/\/reveil-info.net\/wp-content\/uploads\/2026\/02\/1772188160126.jpg","articleSection":["Soci\u00e9t\u00e9"],"inLanguage":"fr-FR","potentialAction":[{"@type":"CommentAction","name":"Comment","target":["https:\/\/reveil-info.net\/?p=45270#respond"]}]},{"@type":"WebPage","@id":"https:\/\/reveil-info.net\/?p=45270","url":"https:\/\/reveil-info.net\/?p=45270","name":"Bon \u00e0 savoir : le cong\u00e9 de maladie - R\u00e9veil Info","isPartOf":{"@id":"https:\/\/reveil-info.net\/#website"},"primaryImageOfPage":{"@id":"https:\/\/reveil-info.net\/?p=45270#primaryimage"},"image":{"@id":"https:\/\/reveil-info.net\/?p=45270#primaryimage"},"thumbnailUrl":"https:\/\/reveil-info.net\/wp-content\/uploads\/2026\/02\/1772188160126.jpg","datePublished":"2026-02-27T10:32:16+00:00","breadcrumb":{"@id":"https:\/\/reveil-info.net\/?p=45270#breadcrumb"},"inLanguage":"fr-FR","potentialAction":[{"@type":"ReadAction","target":["https:\/\/reveil-info.net\/?p=45270"]}]},{"@type":"ImageObject","inLanguage":"fr-FR","@id":"https:\/\/reveil-info.net\/?p=45270#primaryimage","url":"https:\/\/reveil-info.net\/wp-content\/uploads\/2026\/02\/1772188160126.jpg","contentUrl":"https:\/\/reveil-info.net\/wp-content\/uploads\/2026\/02\/1772188160126.jpg","width":561,"height":650},{"@type":"BreadcrumbList","@id":"https:\/\/reveil-info.net\/?p=45270#breadcrumb","itemListElement":[{"@type":"ListItem","position":1,"name":"Home","item":"https:\/\/reveil-info.net\/"},{"@type":"ListItem","position":2,"name":"Bon \u00e0 savoir : le cong\u00e9 de maladie"}]},{"@type":"WebSite","@id":"https:\/\/reveil-info.net\/#website","url":"https:\/\/reveil-info.net\/","name":"R\u00e9veil Info","description":"Le devoir d&#039;informer!","publisher":{"@id":"https:\/\/reveil-info.net\/#organization"},"potentialAction":[{"@type":"SearchAction","target":{"@type":"EntryPoint","urlTemplate":"https:\/\/reveil-info.net\/?s={search_term_string}"},"query-input":{"@type":"PropertyValueSpecification","valueRequired":true,"valueName":"search_term_string"}}],"inLanguage":"fr-FR"},{"@type":"Organization","@id":"https:\/\/reveil-info.net\/#organization","name":"R\u00e9veil Info","url":"https:\/\/reveil-info.net\/","logo":{"@type":"ImageObject","inLanguage":"fr-FR","@id":"https:\/\/reveil-info.net\/#\/schema\/logo\/image\/","url":"https:\/\/reveil-info.net\/wp-content\/uploads\/2024\/07\/bnddd1.jpg","contentUrl":"https:\/\/reveil-info.net\/wp-content\/uploads\/2024\/07\/bnddd1.jpg","width":903,"height":125,"caption":"R\u00e9veil Info"},"image":{"@id":"https:\/\/reveil-info.net\/#\/schema\/logo\/image\/"}},{"@type":"Person","@id":"https:\/\/reveil-info.net\/#\/schema\/person\/ca0cc8e70088e0a2b5e92556c1ee60f5","name":"R\u00e9veil info","image":{"@type":"ImageObject","inLanguage":"fr-FR","@id":"https:\/\/secure.gravatar.com\/avatar\/e4ad5bb743c8b6cb174d9df6c7d30a8a16f6889731241345fc6444e6485f02af?s=96&d=mm&r=g","url":"https:\/\/secure.gravatar.com\/avatar\/e4ad5bb743c8b6cb174d9df6c7d30a8a16f6889731241345fc6444e6485f02af?s=96&d=mm&r=g","contentUrl":"https:\/\/secure.gravatar.com\/avatar\/e4ad5bb743c8b6cb174d9df6c7d30a8a16f6889731241345fc6444e6485f02af?s=96&d=mm&r=g","caption":"R\u00e9veil info"},"sameAs":["https:\/\/reveil-info.net"],"url":"https:\/\/reveil-info.net\/?author=1"}]}},"jetpack_featured_media_url":"","featured_image_urls":{"full":"","thumbnail":"","medium":"","medium_large":"","large":"","1536x1536":"","2048x2048":"","chromenews-featured":"","chromenews-large":"","chromenews-medium":""},"author_info":{"display_name":"R\u00e9veil info","author_link":"https:\/\/reveil-info.net\/?author=1"},"category_info":"<a href=\"https:\/\/reveil-info.net\/?cat=16\" rel=\"category\">Soci\u00e9t\u00e9<\/a>","tag_info":"Soci\u00e9t\u00e9","comment_count":"0","_links":{"self":[{"href":"https:\/\/reveil-info.net\/index.php?rest_route=\/wp\/v2\/posts\/45270","targetHints":{"allow":["GET"]}}],"collection":[{"href":"https:\/\/reveil-info.net\/index.php?rest_route=\/wp\/v2\/posts"}],"about":[{"href":"https:\/\/reveil-info.net\/index.php?rest_route=\/wp\/v2\/types\/post"}],"author":[{"embeddable":true,"href":"https:\/\/reveil-info.net\/index.php?rest_route=\/wp\/v2\/users\/1"}],"replies":[{"embeddable":true,"href":"https:\/\/reveil-info.net\/index.php?rest_route=%2Fwp%2Fv2%2Fcomments&post=45270"}],"version-history":[{"count":3,"href":"https:\/\/reveil-info.net\/index.php?rest_route=\/wp\/v2\/posts\/45270\/revisions"}],"predecessor-version":[{"id":45274,"href":"https:\/\/reveil-info.net\/index.php?rest_route=\/wp\/v2\/posts\/45270\/revisions\/45274"}],"wp:attachment":[{"href":"https:\/\/reveil-info.net\/index.php?rest_route=%2Fwp%2Fv2%2Fmedia&parent=45270"}],"wp:term":[{"taxonomy":"category","embeddable":true,"href":"https:\/\/reveil-info.net\/index.php?rest_route=%2Fwp%2Fv2%2Fcategories&post=45270"},{"taxonomy":"post_tag","embeddable":true,"href":"https:\/\/reveil-info.net\/index.php?rest_route=%2Fwp%2Fv2%2Ftags&post=45270"}],"curies":[{"name":"wp","href":"https:\/\/api.w.org\/{rel}","templated":true}]}}