{"id":45206,"date":"2026-02-26T16:52:45","date_gmt":"2026-02-26T16:52:45","guid":{"rendered":"https:\/\/reveil-info.net\/?p=45206"},"modified":"2026-02-26T16:52:45","modified_gmt":"2026-02-26T16:52:45","slug":"gendarmerie-nationale-du-burkina-faso-a-la-decouverte-du-nouveau-chef-detat-major","status":"publish","type":"post","link":"https:\/\/reveil-info.net\/?p=45206","title":{"rendered":"Gendarmerie nationale du Burkina Faso : A la d\u00e9couverte du nouveau Chef D&rsquo;\u00e9tat-major&#8230;"},"content":{"rendered":"<p>YAGUIBOU Issa, Chef d\u2019Etat-Major de la Gendarmerie Nationale<\/p>\n<p><img loading=\"lazy\" decoding=\"async\" class=\"alignnone size-full wp-image-45209\" src=\"https:\/\/reveil-info.net\/wp-content\/uploads\/2026\/02\/IMG-20260226-WA0041.jpg\" alt=\"\" width=\"1150\" height=\"1280\" srcset=\"https:\/\/reveil-info.net\/wp-content\/uploads\/2026\/02\/IMG-20260226-WA0041.jpg 1150w, https:\/\/reveil-info.net\/wp-content\/uploads\/2026\/02\/IMG-20260226-WA0041-270x300.jpg 270w, https:\/\/reveil-info.net\/wp-content\/uploads\/2026\/02\/IMG-20260226-WA0041-920x1024.jpg 920w, https:\/\/reveil-info.net\/wp-content\/uploads\/2026\/02\/IMG-20260226-WA0041-768x855.jpg 768w, https:\/\/reveil-info.net\/wp-content\/uploads\/2026\/02\/IMG-20260226-WA0041-1024x1140.jpg 1024w\" sizes=\"auto, (max-width: 1150px) 100vw, 1150px\" \/><br \/>\nLe Colonel YAGUIBOU Issa est n\u00e9 le 31 mai 1980 \u00e0 P\u00f4 dans la province du Nahouri. Il fit ses \u00e9tudes primaires \u00e0 l\u2019\u00e9cole primaire priv\u00e9 Atta Oudi\u00e9 \u00e0 P\u00f4 o\u00f9, il obtint le certificat d\u2019\u00e9tudes primaires (CEP) et l\u2019entr\u00e9e en 6\u00e8me en 1992.<br \/>\nIl est ensuite admis \u00e0 l\u2019Acad\u00e9mie Militaire Georges Namoano bas\u00e9e \u00e0 P\u00f4 pour sa formation d\u2019officier en qualit\u00e9 d\u2019\u00e9l\u00e8ve-officier des Forces Arm\u00e9es Nationale du Burkina Faso. Ladite formation s\u2019est d\u00e9roul\u00e9e en deux phases\u00a0: une phase universitaire de deux (02) ann\u00e9es d\u2019\u00e9tudes \u00e0 la facult\u00e9 de droit \u00e0 l\u2019Universit\u00e9 de Ouagadougou et une \u00e9tape purement militaire \u00e9galement de deux (02) ans. Il est titulaire de plusieurs qualifications professionnelles et universitaires.<br \/>\nLe Colonel YAGUIBOU Issa dispose d\u2019une riche et solide exp\u00e9rience professionnelle dans la chaine du commandement de la Gendarmerie Nationale, attest\u00e9e par plusieurs \u00e9tats de service au sein de cette institution. Depuis le 25 juillet 2024 il occupait le poste de Chef d\u2019Etat-Major Adjoint de la Gendarmerie cumulativement avec la fonction de Commandant de la Troisi\u00e8me L\u00e9gion de Gendarmerie. Au titre des fonctions op\u00e9rationnelles connexes, l\u2019officier sup\u00e9rieur assure depuis 2024 les responsabilit\u00e9s de Chef CO du minist\u00e8re de la S\u00e9curit\u00e9 et de Chef de la coordination pour la s\u00e9curisation de l&rsquo;a\u00e9roport international de Ouagadougou ainsi que la base a\u00e9rienne depuis f\u00e9vrier 2026.<br \/>\nDans ce cadre, il a coordonn\u00e9 la planification de plusieurs exercices de simulations pour la pr\u00e9paration et l\u2019aguerrissement des personnels FDS face aux situations r\u00e9elles ; il a \u00e9galement conduit des d\u2019op\u00e9rations d\u2019envergure pour la s\u00e9curisation de la ville de Ouagadougou, telles que les patrouilles et bouclages de zones criminog\u00e8nes, l\u2019op\u00e9ration \u00ab\u00a0Lad\u00e9li\u00a0\u00bb qui a permis d\u2019assainir les march\u00e9s et lutter contre la contrebande des produits illicites. Par ailleurs, en ce qui concerne les op\u00e9rations int\u00e9rieures de lutte contre le terrorisme, le Colonel YAGUIBOU Issa a effectu\u00e9 des visites terrain pour encourager les unit\u00e9s combattantes d\u00e9ploy\u00e9es sur le th\u00e9\u00e2tre d\u2019op\u00e9ration \u00e0 Markoye, Arbinda, Ouo, Lioronioro, Gorgadji, Mani, Mangodara, N&rsquo;dorola, Gomboro, Samorogouan, Barani, Toeni et l\u2019ESRI 3.<\/p>\n<p>Le Colonel YAGUIBOU Issa a \u00e9t\u00e9 promu \u00e0 son grade actuel le 1er janvier 2025 et totalise 27 ans de service effectif dans les Forces Arm\u00e9es Nationales. Il a \u00e9t\u00e9 d\u00e9cor\u00e9 des m\u00e9dailles plusieurs m\u00e9dailles, il est mari\u00e9 et p\u00e8re de trois (03) enfants.<\/p>\n<p>Source : Gendarmerie nationale<\/p>\n<p>Reveil-info<\/p>\n","protected":false},"excerpt":{"rendered":"<p>YAGUIBOU Issa, Chef d\u2019Etat-Major de la Gendarmerie Nationale Le Colonel YAGUIBOU Issa est n\u00e9 le<\/p>\n","protected":false},"author":1,"featured_media":0,"comment_status":"open","ping_status":"open","sticky":false,"template":"","format":"standard","meta":{"footnotes":""},"categories":[2],"tags":[],"class_list":["post-45206","post","type-post","status-publish","format-standard","hentry","category-actu"],"yoast_head":"<!-- This site is optimized with the Yoast SEO plugin v27.5 - https:\/\/yoast.com\/product\/yoast-seo-wordpress\/ -->\n<title>Gendarmerie nationale du Burkina Faso : A la d\u00e9couverte du nouveau Chef D&#039;\u00e9tat-major... - R\u00e9veil Info<\/title>\n<meta name=\"robots\" content=\"noindex, follow, max-snippet:-1, max-image-preview:large, max-video-preview:-1\" \/>\n<meta property=\"og:locale\" content=\"fr_FR\" \/>\n<meta property=\"og:type\" content=\"article\" \/>\n<meta property=\"og:title\" content=\"Gendarmerie nationale du Burkina Faso : A la d\u00e9couverte du nouveau Chef D&#039;\u00e9tat-major... - R\u00e9veil Info\" \/>\n<meta property=\"og:description\" content=\"YAGUIBOU Issa, Chef d\u2019Etat-Major de la Gendarmerie Nationale Le Colonel YAGUIBOU Issa est n\u00e9 le\" \/>\n<meta property=\"og:url\" content=\"https:\/\/reveil-info.net\/?p=45206\" \/>\n<meta property=\"og:site_name\" content=\"R\u00e9veil Info\" \/>\n<meta property=\"article:published_time\" content=\"2026-02-26T16:52:45+00:00\" \/>\n<meta property=\"og:image\" content=\"https:\/\/reveil-info.net\/wp-content\/uploads\/2026\/02\/IMG-20260226-WA0041.jpg\" \/>\n\t<meta property=\"og:image:width\" content=\"1150\" \/>\n\t<meta property=\"og:image:height\" content=\"1280\" \/>\n\t<meta property=\"og:image:type\" content=\"image\/jpeg\" \/>\n<meta name=\"author\" content=\"R\u00e9veil info\" \/>\n<meta name=\"twitter:card\" content=\"summary_large_image\" \/>\n<meta name=\"twitter:label1\" content=\"\u00c9crit par\" \/>\n\t<meta name=\"twitter:data1\" content=\"R\u00e9veil info\" \/>\n\t<meta name=\"twitter:label2\" content=\"Dur\u00e9e de lecture estim\u00e9e\" \/>\n\t<meta name=\"twitter:data2\" content=\"3 minutes\" \/>\n<script type=\"application\/ld+json\" class=\"yoast-schema-graph\">{\"@context\":\"https:\\\/\\\/schema.org\",\"@graph\":[{\"@type\":\"Article\",\"@id\":\"https:\\\/\\\/reveil-info.net\\\/?p=45206#article\",\"isPartOf\":{\"@id\":\"https:\\\/\\\/reveil-info.net\\\/?p=45206\"},\"author\":{\"name\":\"R\u00e9veil info\",\"@id\":\"https:\\\/\\\/reveil-info.net\\\/#\\\/schema\\\/person\\\/ca0cc8e70088e0a2b5e92556c1ee60f5\"},\"headline\":\"Gendarmerie nationale du Burkina Faso : A la d\u00e9couverte du nouveau Chef D&rsquo;\u00e9tat-major&#8230;\",\"datePublished\":\"2026-02-26T16:52:45+00:00\",\"mainEntityOfPage\":{\"@id\":\"https:\\\/\\\/reveil-info.net\\\/?p=45206\"},\"wordCount\":440,\"commentCount\":0,\"publisher\":{\"@id\":\"https:\\\/\\\/reveil-info.net\\\/#organization\"},\"image\":{\"@id\":\"https:\\\/\\\/reveil-info.net\\\/?p=45206#primaryimage\"},\"thumbnailUrl\":\"https:\\\/\\\/reveil-info.net\\\/wp-content\\\/uploads\\\/2026\\\/02\\\/IMG-20260226-WA0041.jpg\",\"articleSection\":[\"Actualit\u00e9\"],\"inLanguage\":\"fr-FR\",\"potentialAction\":[{\"@type\":\"CommentAction\",\"name\":\"Comment\",\"target\":[\"https:\\\/\\\/reveil-info.net\\\/?p=45206#respond\"]}]},{\"@type\":\"WebPage\",\"@id\":\"https:\\\/\\\/reveil-info.net\\\/?p=45206\",\"url\":\"https:\\\/\\\/reveil-info.net\\\/?p=45206\",\"name\":\"Gendarmerie nationale du Burkina Faso : A la d\u00e9couverte du nouveau Chef D'\u00e9tat-major... - R\u00e9veil Info\",\"isPartOf\":{\"@id\":\"https:\\\/\\\/reveil-info.net\\\/#website\"},\"primaryImageOfPage\":{\"@id\":\"https:\\\/\\\/reveil-info.net\\\/?p=45206#primaryimage\"},\"image\":{\"@id\":\"https:\\\/\\\/reveil-info.net\\\/?p=45206#primaryimage\"},\"thumbnailUrl\":\"https:\\\/\\\/reveil-info.net\\\/wp-content\\\/uploads\\\/2026\\\/02\\\/IMG-20260226-WA0041.jpg\",\"datePublished\":\"2026-02-26T16:52:45+00:00\",\"breadcrumb\":{\"@id\":\"https:\\\/\\\/reveil-info.net\\\/?p=45206#breadcrumb\"},\"inLanguage\":\"fr-FR\",\"potentialAction\":[{\"@type\":\"ReadAction\",\"target\":[\"https:\\\/\\\/reveil-info.net\\\/?p=45206\"]}]},{\"@type\":\"ImageObject\",\"inLanguage\":\"fr-FR\",\"@id\":\"https:\\\/\\\/reveil-info.net\\\/?p=45206#primaryimage\",\"url\":\"https:\\\/\\\/reveil-info.net\\\/wp-content\\\/uploads\\\/2026\\\/02\\\/IMG-20260226-WA0041.jpg\",\"contentUrl\":\"https:\\\/\\\/reveil-info.net\\\/wp-content\\\/uploads\\\/2026\\\/02\\\/IMG-20260226-WA0041.jpg\",\"width\":1150,\"height\":1280},{\"@type\":\"BreadcrumbList\",\"@id\":\"https:\\\/\\\/reveil-info.net\\\/?p=45206#breadcrumb\",\"itemListElement\":[{\"@type\":\"ListItem\",\"position\":1,\"name\":\"Home\",\"item\":\"https:\\\/\\\/reveil-info.net\\\/\"},{\"@type\":\"ListItem\",\"position\":2,\"name\":\"Gendarmerie nationale du Burkina Faso : A la d\u00e9couverte du nouveau Chef D&rsquo;\u00e9tat-major&#8230;\"}]},{\"@type\":\"WebSite\",\"@id\":\"https:\\\/\\\/reveil-info.net\\\/#website\",\"url\":\"https:\\\/\\\/reveil-info.net\\\/\",\"name\":\"R\u00e9veil Info\",\"description\":\"Le devoir d&#039;informer!\",\"publisher\":{\"@id\":\"https:\\\/\\\/reveil-info.net\\\/#organization\"},\"potentialAction\":[{\"@type\":\"SearchAction\",\"target\":{\"@type\":\"EntryPoint\",\"urlTemplate\":\"https:\\\/\\\/reveil-info.net\\\/?s={search_term_string}\"},\"query-input\":{\"@type\":\"PropertyValueSpecification\",\"valueRequired\":true,\"valueName\":\"search_term_string\"}}],\"inLanguage\":\"fr-FR\"},{\"@type\":\"Organization\",\"@id\":\"https:\\\/\\\/reveil-info.net\\\/#organization\",\"name\":\"R\u00e9veil Info\",\"url\":\"https:\\\/\\\/reveil-info.net\\\/\",\"logo\":{\"@type\":\"ImageObject\",\"inLanguage\":\"fr-FR\",\"@id\":\"https:\\\/\\\/reveil-info.net\\\/#\\\/schema\\\/logo\\\/image\\\/\",\"url\":\"https:\\\/\\\/reveil-info.net\\\/wp-content\\\/uploads\\\/2024\\\/07\\\/bnddd1.jpg\",\"contentUrl\":\"https:\\\/\\\/reveil-info.net\\\/wp-content\\\/uploads\\\/2024\\\/07\\\/bnddd1.jpg\",\"width\":903,\"height\":125,\"caption\":\"R\u00e9veil Info\"},\"image\":{\"@id\":\"https:\\\/\\\/reveil-info.net\\\/#\\\/schema\\\/logo\\\/image\\\/\"}},{\"@type\":\"Person\",\"@id\":\"https:\\\/\\\/reveil-info.net\\\/#\\\/schema\\\/person\\\/ca0cc8e70088e0a2b5e92556c1ee60f5\",\"name\":\"R\u00e9veil info\",\"image\":{\"@type\":\"ImageObject\",\"inLanguage\":\"fr-FR\",\"@id\":\"https:\\\/\\\/secure.gravatar.com\\\/avatar\\\/e4ad5bb743c8b6cb174d9df6c7d30a8a16f6889731241345fc6444e6485f02af?s=96&d=mm&r=g\",\"url\":\"https:\\\/\\\/secure.gravatar.com\\\/avatar\\\/e4ad5bb743c8b6cb174d9df6c7d30a8a16f6889731241345fc6444e6485f02af?s=96&d=mm&r=g\",\"contentUrl\":\"https:\\\/\\\/secure.gravatar.com\\\/avatar\\\/e4ad5bb743c8b6cb174d9df6c7d30a8a16f6889731241345fc6444e6485f02af?s=96&d=mm&r=g\",\"caption\":\"R\u00e9veil info\"},\"sameAs\":[\"https:\\\/\\\/reveil-info.net\"],\"url\":\"https:\\\/\\\/reveil-info.net\\\/?author=1\"}]}<\/script>\n<!-- \/ Yoast SEO plugin. -->","yoast_head_json":{"title":"Gendarmerie nationale du Burkina Faso : A la d\u00e9couverte du nouveau Chef D'\u00e9tat-major... - R\u00e9veil Info","robots":{"index":"noindex","follow":"follow","max-snippet":"max-snippet:-1","max-image-preview":"max-image-preview:large","max-video-preview":"max-video-preview:-1"},"og_locale":"fr_FR","og_type":"article","og_title":"Gendarmerie nationale du Burkina Faso : A la d\u00e9couverte du nouveau Chef D'\u00e9tat-major... - R\u00e9veil Info","og_description":"YAGUIBOU Issa, Chef d\u2019Etat-Major de la Gendarmerie Nationale Le Colonel YAGUIBOU Issa est n\u00e9 le","og_url":"https:\/\/reveil-info.net\/?p=45206","og_site_name":"R\u00e9veil Info","article_published_time":"2026-02-26T16:52:45+00:00","og_image":[{"width":1150,"height":1280,"url":"https:\/\/reveil-info.net\/wp-content\/uploads\/2026\/02\/IMG-20260226-WA0041.jpg","type":"image\/jpeg"}],"author":"R\u00e9veil info","twitter_card":"summary_large_image","twitter_misc":{"\u00c9crit par":"R\u00e9veil info","Dur\u00e9e de lecture estim\u00e9e":"3 minutes"},"schema":{"@context":"https:\/\/schema.org","@graph":[{"@type":"Article","@id":"https:\/\/reveil-info.net\/?p=45206#article","isPartOf":{"@id":"https:\/\/reveil-info.net\/?p=45206"},"author":{"name":"R\u00e9veil info","@id":"https:\/\/reveil-info.net\/#\/schema\/person\/ca0cc8e70088e0a2b5e92556c1ee60f5"},"headline":"Gendarmerie nationale du Burkina Faso : A la d\u00e9couverte du nouveau Chef D&rsquo;\u00e9tat-major&#8230;","datePublished":"2026-02-26T16:52:45+00:00","mainEntityOfPage":{"@id":"https:\/\/reveil-info.net\/?p=45206"},"wordCount":440,"commentCount":0,"publisher":{"@id":"https:\/\/reveil-info.net\/#organization"},"image":{"@id":"https:\/\/reveil-info.net\/?p=45206#primaryimage"},"thumbnailUrl":"https:\/\/reveil-info.net\/wp-content\/uploads\/2026\/02\/IMG-20260226-WA0041.jpg","articleSection":["Actualit\u00e9"],"inLanguage":"fr-FR","potentialAction":[{"@type":"CommentAction","name":"Comment","target":["https:\/\/reveil-info.net\/?p=45206#respond"]}]},{"@type":"WebPage","@id":"https:\/\/reveil-info.net\/?p=45206","url":"https:\/\/reveil-info.net\/?p=45206","name":"Gendarmerie nationale du Burkina Faso : A la d\u00e9couverte du nouveau Chef D'\u00e9tat-major... - R\u00e9veil Info","isPartOf":{"@id":"https:\/\/reveil-info.net\/#website"},"primaryImageOfPage":{"@id":"https:\/\/reveil-info.net\/?p=45206#primaryimage"},"image":{"@id":"https:\/\/reveil-info.net\/?p=45206#primaryimage"},"thumbnailUrl":"https:\/\/reveil-info.net\/wp-content\/uploads\/2026\/02\/IMG-20260226-WA0041.jpg","datePublished":"2026-02-26T16:52:45+00:00","breadcrumb":{"@id":"https:\/\/reveil-info.net\/?p=45206#breadcrumb"},"inLanguage":"fr-FR","potentialAction":[{"@type":"ReadAction","target":["https:\/\/reveil-info.net\/?p=45206"]}]},{"@type":"ImageObject","inLanguage":"fr-FR","@id":"https:\/\/reveil-info.net\/?p=45206#primaryimage","url":"https:\/\/reveil-info.net\/wp-content\/uploads\/2026\/02\/IMG-20260226-WA0041.jpg","contentUrl":"https:\/\/reveil-info.net\/wp-content\/uploads\/2026\/02\/IMG-20260226-WA0041.jpg","width":1150,"height":1280},{"@type":"BreadcrumbList","@id":"https:\/\/reveil-info.net\/?p=45206#breadcrumb","itemListElement":[{"@type":"ListItem","position":1,"name":"Home","item":"https:\/\/reveil-info.net\/"},{"@type":"ListItem","position":2,"name":"Gendarmerie nationale du Burkina Faso : A la d\u00e9couverte du nouveau Chef D&rsquo;\u00e9tat-major&#8230;"}]},{"@type":"WebSite","@id":"https:\/\/reveil-info.net\/#website","url":"https:\/\/reveil-info.net\/","name":"R\u00e9veil Info","description":"Le devoir d&#039;informer!","publisher":{"@id":"https:\/\/reveil-info.net\/#organization"},"potentialAction":[{"@type":"SearchAction","target":{"@type":"EntryPoint","urlTemplate":"https:\/\/reveil-info.net\/?s={search_term_string}"},"query-input":{"@type":"PropertyValueSpecification","valueRequired":true,"valueName":"search_term_string"}}],"inLanguage":"fr-FR"},{"@type":"Organization","@id":"https:\/\/reveil-info.net\/#organization","name":"R\u00e9veil Info","url":"https:\/\/reveil-info.net\/","logo":{"@type":"ImageObject","inLanguage":"fr-FR","@id":"https:\/\/reveil-info.net\/#\/schema\/logo\/image\/","url":"https:\/\/reveil-info.net\/wp-content\/uploads\/2024\/07\/bnddd1.jpg","contentUrl":"https:\/\/reveil-info.net\/wp-content\/uploads\/2024\/07\/bnddd1.jpg","width":903,"height":125,"caption":"R\u00e9veil Info"},"image":{"@id":"https:\/\/reveil-info.net\/#\/schema\/logo\/image\/"}},{"@type":"Person","@id":"https:\/\/reveil-info.net\/#\/schema\/person\/ca0cc8e70088e0a2b5e92556c1ee60f5","name":"R\u00e9veil info","image":{"@type":"ImageObject","inLanguage":"fr-FR","@id":"https:\/\/secure.gravatar.com\/avatar\/e4ad5bb743c8b6cb174d9df6c7d30a8a16f6889731241345fc6444e6485f02af?s=96&d=mm&r=g","url":"https:\/\/secure.gravatar.com\/avatar\/e4ad5bb743c8b6cb174d9df6c7d30a8a16f6889731241345fc6444e6485f02af?s=96&d=mm&r=g","contentUrl":"https:\/\/secure.gravatar.com\/avatar\/e4ad5bb743c8b6cb174d9df6c7d30a8a16f6889731241345fc6444e6485f02af?s=96&d=mm&r=g","caption":"R\u00e9veil info"},"sameAs":["https:\/\/reveil-info.net"],"url":"https:\/\/reveil-info.net\/?author=1"}]}},"jetpack_featured_media_url":"","featured_image_urls":{"full":"","thumbnail":"","medium":"","medium_large":"","large":"","1536x1536":"","2048x2048":"","chromenews-featured":"","chromenews-large":"","chromenews-medium":""},"author_info":{"display_name":"R\u00e9veil info","author_link":"https:\/\/reveil-info.net\/?author=1"},"category_info":"<a href=\"https:\/\/reveil-info.net\/?cat=2\" rel=\"category\">Actualit\u00e9<\/a>","tag_info":"Actualit\u00e9","comment_count":"0","_links":{"self":[{"href":"https:\/\/reveil-info.net\/index.php?rest_route=\/wp\/v2\/posts\/45206","targetHints":{"allow":["GET"]}}],"collection":[{"href":"https:\/\/reveil-info.net\/index.php?rest_route=\/wp\/v2\/posts"}],"about":[{"href":"https:\/\/reveil-info.net\/index.php?rest_route=\/wp\/v2\/types\/post"}],"author":[{"embeddable":true,"href":"https:\/\/reveil-info.net\/index.php?rest_route=\/wp\/v2\/users\/1"}],"replies":[{"embeddable":true,"href":"https:\/\/reveil-info.net\/index.php?rest_route=%2Fwp%2Fv2%2Fcomments&post=45206"}],"version-history":[{"count":4,"href":"https:\/\/reveil-info.net\/index.php?rest_route=\/wp\/v2\/posts\/45206\/revisions"}],"predecessor-version":[{"id":45211,"href":"https:\/\/reveil-info.net\/index.php?rest_route=\/wp\/v2\/posts\/45206\/revisions\/45211"}],"wp:attachment":[{"href":"https:\/\/reveil-info.net\/index.php?rest_route=%2Fwp%2Fv2%2Fmedia&parent=45206"}],"wp:term":[{"taxonomy":"category","embeddable":true,"href":"https:\/\/reveil-info.net\/index.php?rest_route=%2Fwp%2Fv2%2Fcategories&post=45206"},{"taxonomy":"post_tag","embeddable":true,"href":"https:\/\/reveil-info.net\/index.php?rest_route=%2Fwp%2Fv2%2Ftags&post=45206"}],"curies":[{"name":"wp","href":"https:\/\/api.w.org\/{rel}","templated":true}]}}